{"id":383934,"date":"2026-02-22T00:00:33","date_gmt":"2026-02-22T03:00:33","guid":{"rendered":"https:\/\/www.notibras.com\/site\/?p=383934"},"modified":"2026-02-22T01:20:12","modified_gmt":"2026-02-22T04:20:12","slug":"conto-prometido-em-saudades-do-alentejo","status":"publish","type":"post","link":"https:\/\/www.notibras.com\/site\/conto-prometido-em-saudades-do-alentejo\/","title":{"rendered":"Conto prometido em Saudades do Alentejo"},"content":{"rendered":"<p>Foi em 1975, em \u00c9vora, em plena revolu\u00e7\u00e3o portuguesa.<\/p>\n<p>Eu terminara minhas aulas na escola do cara\u00e7a (cara\u00e7a \u00e9 o equivalente do caraca brasileiro, equivalente a voc\u00eas sabem a qu\u00ea; era assim que os estudantes designavam, em total desrespeito, a Escola Superior de Estudos Sociais e Econ\u00f3micos Bento de Jesus Cara\u00e7a) e estava voltando para Lisboa. Mas antes entrei num bar na pra\u00e7a do Giraldo e tomei tr\u00eas imperiais (chopes) bem gelados, que fazia um calor de untar o bestunto. Resultado, fiquei meio altinho e, pior, de bexiga cheia.<\/p>\n<p>Com a calibragem et\u00edlica, flutuei, a uns 10 cm do solo, at\u00e9 a esta\u00e7\u00e3o de comboios (trens) e comprei a passagem. Estava quieto, sentado no banco de um vag\u00e3o, quando ela sentou-se bem diante de mim, cruzou as pernas e dirigiu-me um sorriso sedutor. N\u00e3o lembro seu nome, minha mem\u00f3ria virou uma lama.<\/p>\n<p>Ela aparentava uns 25 anos. Era uma camponesa alentejana t\u00edpica, mais forte do que gorda, mais feia que bonita. Mas suas coxas, que ela cruzava e descruzava sem parar! Eram muuito mais gostosas que pernis de porco preto, variedade su\u00edna local famosa pelo sabor de sua carne. A cada cruzada de perna, suas cuecas, a calcinha lusitana, ficavam \u00e0 mostra, num exibicionismo ostensivo. Eu, 29 anos, um casamento em frangalhos, solteiro por op\u00e7\u00e3o em Portugal, a quem qualquer prazer divertia, aceitei o convite da dona das coxonas e sorri de volta.<\/p>\n<p>&#8211; \u00c9s professor, pois n\u00e3o? \u2013 indagou-me.<\/p>\n<p>&#8211; Sou sim \u2013 e acrescentei, sonso. \u2013 Como sabes?<\/p>\n<p>Claro que ela sabia, muita gente sabia. Novidade em \u00c9vora, o brazuca do Cara\u00e7a, que gostava de can\u00e7\u00f5es alentejanas e punha seus alunos a ento\u00e1-las, estava se tornando uma atra\u00e7\u00e3o menor. N\u00e3o uma celebridade como Giraldo sem pavor, que em 1165 tomou \u00c9vora dos mouros, e muit\u00edssimo menos que J\u00falio C\u00e9sar (ou Ot\u00e1vio, o primeiro imperador romano), que deu o nome de Liberalitas Julia ao n\u00facleo; mas estava chegando l\u00e1, impelido pelo canto alentejano e porradas de imperiais.<\/p>\n<p>&#8211; Tenho o dom da profecia \u2013 disse ela. Abriu um sorriso, que tornou quase bonito seu rosto, e prosseguiu com a exibi\u00e7\u00e3o.<\/p>\n<p>Profetisa? A coisa ficava mais divertida a cada momento, e a conversa, mais excitante a cada insinua\u00e7\u00e3o, a cada frase.<\/p>\n<p>L\u00e1 pelas tantas, n\u00e3o sei por qu\u00ea, passamos a falar franc\u00eas. Isso evidentemente a excitou, pois as pernas se entreabriram mais e mais, o exibicionismo entrou na avenida, saudou o p\u00fablico e pediu passagem. Meu voyeur interior uivava feito um lobo. Ela observou, satisfeita, que eu tamb\u00e9m estava excitado. S\u00f3 que metade era por seu corp\u00edcio, a outra metade, por uma vontade arretada de urinar.<\/p>\n<p>O comboio chegou e ela levou-me at\u00e9 sua casa, que ficava bem perto da esta\u00e7\u00e3o. Eu n\u00e3o dava a m\u00ednima para a possibilidade de ser roubado, isso era raro na Lisboa daquela \u00e9poca, nem de enfrentar as guampas de um corno ciumento. E, confesso, nem para a perspectiva de tra\u00e7ar a profetisa. S\u00f3 pedia aos deuses que me fizessem aguentar at\u00e9 achar um banheiro.<\/p>\n<p>Entramos num quarto simples, com uma cama, uma pia e pouco mais. Ela arranjou um pretexto, em franc\u00eas, \u201cIl fait chaud ici&#8230;\u201d (est\u00e1 quente aqui) e tirou a blusa, revelando peitos enormes, contidos a custo pelo suti\u00e3. Eu a interrompi, s\u00e9rio, em brasileiro casti\u00e7o:<\/p>\n<p>&#8211; Olha, voc\u00ea quer transar, tamb\u00e9m quero, mas antes preciso dar uma mijada. Urgente!<\/p>\n<p>&#8211; Mija na pia \u2013 e, com voz rouca e sedutora, mas com um toque autorit\u00e1rio:<\/p>\n<p>\u2013 E depois lava-o bem. Vai-me ser \u00fatil.<\/p>\n<p>Hora de citar o derradeiro verso do soneto Del\u00edrio, de Olavo Bilac:<\/p>\n<p>\u201cMoralistas, perdoai! Obedeci&#8230;\u201d<\/p>\n<p>Foi uma transa gostosinha, nenhuma maravilha, o epis\u00f3dio da pia me deixara meio sem gra\u00e7a. Sabia que mais tarde meu desempenho seria meticulosamente analisado, posi\u00e7\u00e3o a posi\u00e7\u00e3o, pelas jovens de \u00c9vora, entre as quais estariam minhas alunas, mas isso n\u00e3o me causava medo. Eu era um digno sucessor de Giraldo sem pavor, n\u00e3o me assustava \u00e0 toa.<\/p>\n<p>Uma hora depois de deixar os pernis da profetisa, ap\u00f3s uma viagem de metro (metr\u00f4), cheguei a Amadora, munic\u00edpio colado a Lisboa, no apartamento onde morava com dois amigos: Telmo (codinome) e Baiana (apelido), ambos exilados pol\u00edticos. Contei o epis\u00f3dio, omitindo qualquer refer\u00eancia a minha urinada-gua\u00e7u.<\/p>\n<p>Com o humor \u00e1cido que era sua marca registrada, foi Baiana quem titulou o caso. Pensei em utilizar sua alitera\u00e7\u00e3o neste texto, mas refuguei, sou um contista de costumes irreproch\u00e1veis. Mais ainda, suas palavras soariam atualmente como um preconceito antifeminista inadmiss\u00edvel em nossos arraiais da esquerda, algo digno de bolsom\u00ednions:<\/p>\n<p>&#8211; O professor e a professuta \u2013 resumiu a rainha do coletivo de Amadora.<\/p>\n","protected":false},"excerpt":{"rendered":"<p>Foi em 1975, em \u00c9vora, em plena revolu\u00e7\u00e3o portuguesa. Eu terminara minhas aulas na escola do cara\u00e7a (cara\u00e7a \u00e9 o equivalente do caraca brasileiro, equivalente a voc\u00eas sabem a qu\u00ea; era assim que os estudantes designavam, em total desrespeito, a Escola Superior de Estudos Sociais e Econ\u00f3micos Bento de Jesus Cara\u00e7a) e estava voltando para [&hellip;]<\/p>\n","protected":false},"author":21,"featured_media":383935,"comment_status":"closed","ping_status":"closed","sticky":false,"template":"","format":"standard","meta":{"_acf_changed":false,"footnotes":""},"categories":[234],"tags":[],"class_list":["post-383934","post","type-post","status-publish","format-standard","has-post-thumbnail","hentry","category-cafe-literario"],"acf":[],"yoast_head":"<!-- This site is optimized with the Yoast SEO plugin v27.2 - https:\/\/yoast.com\/product\/yoast-seo-wordpress\/ -->\n<title>Conto prometido em Saudades do Alentejo - Notibras<\/title>\n<meta name=\"robots\" content=\"index, follow, max-snippet:-1, max-image-preview:large, max-video-preview:-1\" \/>\n<link rel=\"canonical\" href=\"https:\/\/www.notibras.com\/site\/conto-prometido-em-saudades-do-alentejo\/\" \/>\n<meta property=\"og:locale\" content=\"pt_BR\" \/>\n<meta property=\"og:type\" content=\"article\" \/>\n<meta property=\"og:title\" content=\"Conto prometido em Saudades do Alentejo - Notibras\" \/>\n<meta property=\"og:description\" content=\"Foi em 1975, em \u00c9vora, em plena revolu\u00e7\u00e3o portuguesa. Eu terminara minhas aulas na escola do cara\u00e7a (cara\u00e7a \u00e9 o equivalente do caraca brasileiro, equivalente a voc\u00eas sabem a qu\u00ea; era assim que os estudantes designavam, em total desrespeito, a Escola Superior de Estudos Sociais e Econ\u00f3micos Bento de Jesus Cara\u00e7a) e estava voltando para [&hellip;]\" \/>\n<meta property=\"og:url\" content=\"https:\/\/www.notibras.com\/site\/conto-prometido-em-saudades-do-alentejo\/\" \/>\n<meta property=\"og:site_name\" content=\"Notibras\" \/>\n<meta property=\"article:publisher\" content=\"https:\/\/www.facebook.com\/notibras\/\" \/>\n<meta property=\"article:published_time\" content=\"2026-02-22T03:00:33+00:00\" \/>\n<meta property=\"article:modified_time\" content=\"2026-02-22T04:20:12+00:00\" \/>\n<meta property=\"og:image\" content=\"https:\/\/www.notibras.com\/site\/wp-content\/uploads\/2026\/02\/WhatsApp-Image-2026-02-20-at-01.12.43.jpeg\" \/>\n\t<meta property=\"og:image:width\" content=\"1024\" \/>\n\t<meta property=\"og:image:height\" content=\"1024\" \/>\n\t<meta property=\"og:image:type\" content=\"image\/jpeg\" \/>\n<meta name=\"author\" content=\"Eduardo Mart\u00ednez\" \/>\n<meta name=\"twitter:card\" content=\"summary_large_image\" \/>\n<meta name=\"twitter:creator\" content=\"@Notibras\" \/>\n<meta name=\"twitter:site\" content=\"@Notibras\" \/>\n<meta name=\"twitter:label1\" content=\"Escrito por\" \/>\n\t<meta name=\"twitter:data1\" content=\"Eduardo Mart\u00ednez\" \/>\n\t<meta name=\"twitter:label2\" content=\"Est. tempo de leitura\" \/>\n\t<meta name=\"twitter:data2\" content=\"5 minutos\" \/>\n<script type=\"application\/ld+json\" class=\"yoast-schema-graph\">{\"@context\":\"https:\/\/schema.org\",\"@graph\":[{\"@type\":\"Article\",\"@id\":\"https:\/\/www.notibras.com\/site\/conto-prometido-em-saudades-do-alentejo\/#article\",\"isPartOf\":{\"@id\":\"https:\/\/www.notibras.com\/site\/conto-prometido-em-saudades-do-alentejo\/\"},\"author\":{\"name\":\"Eduardo Mart\u00ednez\",\"@id\":\"https:\/\/www.notibras.com\/site\/#\/schema\/person\/5b7fabf2aedc3ada2105f03b22b4d3dd\"},\"headline\":\"Conto prometido em Saudades do Alentejo\",\"datePublished\":\"2026-02-22T03:00:33+00:00\",\"dateModified\":\"2026-02-22T04:20:12+00:00\",\"mainEntityOfPage\":{\"@id\":\"https:\/\/www.notibras.com\/site\/conto-prometido-em-saudades-do-alentejo\/\"},\"wordCount\":815,\"publisher\":{\"@id\":\"https:\/\/www.notibras.com\/site\/#organization\"},\"image\":{\"@id\":\"https:\/\/www.notibras.com\/site\/conto-prometido-em-saudades-do-alentejo\/#primaryimage\"},\"thumbnailUrl\":\"https:\/\/www.notibras.com\/site\/wp-content\/uploads\/2026\/02\/WhatsApp-Image-2026-02-20-at-01.12.43.jpeg\",\"articleSection\":[\"Caf\u00e9 Liter\u00e1rio\"],\"inLanguage\":\"pt-BR\"},{\"@type\":\"WebPage\",\"@id\":\"https:\/\/www.notibras.com\/site\/conto-prometido-em-saudades-do-alentejo\/\",\"url\":\"https:\/\/www.notibras.com\/site\/conto-prometido-em-saudades-do-alentejo\/\",\"name\":\"Conto prometido em Saudades do Alentejo - Notibras\",\"isPartOf\":{\"@id\":\"https:\/\/www.notibras.com\/site\/#website\"},\"primaryImageOfPage\":{\"@id\":\"https:\/\/www.notibras.com\/site\/conto-prometido-em-saudades-do-alentejo\/#primaryimage\"},\"image\":{\"@id\":\"https:\/\/www.notibras.com\/site\/conto-prometido-em-saudades-do-alentejo\/#primaryimage\"},\"thumbnailUrl\":\"https:\/\/www.notibras.com\/site\/wp-content\/uploads\/2026\/02\/WhatsApp-Image-2026-02-20-at-01.12.43.jpeg\",\"datePublished\":\"2026-02-22T03:00:33+00:00\",\"dateModified\":\"2026-02-22T04:20:12+00:00\",\"breadcrumb\":{\"@id\":\"https:\/\/www.notibras.com\/site\/conto-prometido-em-saudades-do-alentejo\/#breadcrumb\"},\"inLanguage\":\"pt-BR\",\"potentialAction\":[{\"@type\":\"ReadAction\",\"target\":[\"https:\/\/www.notibras.com\/site\/conto-prometido-em-saudades-do-alentejo\/\"]}]},{\"@type\":\"ImageObject\",\"inLanguage\":\"pt-BR\",\"@id\":\"https:\/\/www.notibras.com\/site\/conto-prometido-em-saudades-do-alentejo\/#primaryimage\",\"url\":\"https:\/\/www.notibras.com\/site\/wp-content\/uploads\/2026\/02\/WhatsApp-Image-2026-02-20-at-01.12.43.jpeg\",\"contentUrl\":\"https:\/\/www.notibras.com\/site\/wp-content\/uploads\/2026\/02\/WhatsApp-Image-2026-02-20-at-01.12.43.jpeg\",\"width\":1024,\"height\":1024},{\"@type\":\"BreadcrumbList\",\"@id\":\"https:\/\/www.notibras.com\/site\/conto-prometido-em-saudades-do-alentejo\/#breadcrumb\",\"itemListElement\":[{\"@type\":\"ListItem\",\"position\":1,\"name\":\"In\u00edcio\",\"item\":\"https:\/\/www.notibras.com\/site\/\"},{\"@type\":\"ListItem\",\"position\":2,\"name\":\"Conto prometido em Saudades do Alentejo\"}]},{\"@type\":\"WebSite\",\"@id\":\"https:\/\/www.notibras.com\/site\/#website\",\"url\":\"https:\/\/www.notibras.com\/site\/\",\"name\":\"Notibras\",\"description\":\"Not\u00edcias de Bras\u00edlia, do Brasil e do Mundo\",\"publisher\":{\"@id\":\"https:\/\/www.notibras.com\/site\/#organization\"},\"potentialAction\":[{\"@type\":\"SearchAction\",\"target\":{\"@type\":\"EntryPoint\",\"urlTemplate\":\"https:\/\/www.notibras.com\/site\/?s={search_term_string}\"},\"query-input\":{\"@type\":\"PropertyValueSpecification\",\"valueRequired\":true,\"valueName\":\"search_term_string\"}}],\"inLanguage\":\"pt-BR\"},{\"@type\":\"Organization\",\"@id\":\"https:\/\/www.notibras.com\/site\/#organization\",\"name\":\"Grupo Notibras de Comunica\u00e7\u00e3o\",\"url\":\"https:\/\/www.notibras.com\/site\/\",\"logo\":{\"@type\":\"ImageObject\",\"inLanguage\":\"pt-BR\",\"@id\":\"https:\/\/www.notibras.com\/site\/#\/schema\/logo\/image\/\",\"url\":\"https:\/\/www.notibras.com\/site\/wp-content\/uploads\/2023\/01\/notibras23.png\",\"contentUrl\":\"https:\/\/www.notibras.com\/site\/wp-content\/uploads\/2023\/01\/notibras23.png\",\"width\":350,\"height\":87,\"caption\":\"Grupo Notibras de Comunica\u00e7\u00e3o\"},\"image\":{\"@id\":\"https:\/\/www.notibras.com\/site\/#\/schema\/logo\/image\/\"},\"sameAs\":[\"https:\/\/www.facebook.com\/notibras\/\",\"https:\/\/x.com\/Notibras\",\"https:\/\/www.instagram.com\/notibras\/\"]},{\"@type\":\"Person\",\"@id\":\"https:\/\/www.notibras.com\/site\/#\/schema\/person\/5b7fabf2aedc3ada2105f03b22b4d3dd\",\"name\":\"Eduardo Mart\u00ednez\",\"image\":{\"@type\":\"ImageObject\",\"inLanguage\":\"pt-BR\",\"@id\":\"https:\/\/secure.gravatar.com\/avatar\/7902f906289926289cbcda644b5197c796b893c6ffd7b9a536a42d290f7704a0?s=96&d=mm&r=g\",\"url\":\"https:\/\/secure.gravatar.com\/avatar\/7902f906289926289cbcda644b5197c796b893c6ffd7b9a536a42d290f7704a0?s=96&d=mm&r=g\",\"contentUrl\":\"https:\/\/secure.gravatar.com\/avatar\/7902f906289926289cbcda644b5197c796b893c6ffd7b9a536a42d290f7704a0?s=96&d=mm&r=g\",\"caption\":\"Eduardo Mart\u00ednez\"}}]}<\/script>\n<!-- \/ Yoast SEO plugin. -->","yoast_head_json":{"title":"Conto prometido em Saudades do Alentejo - Notibras","robots":{"index":"index","follow":"follow","max-snippet":"max-snippet:-1","max-image-preview":"max-image-preview:large","max-video-preview":"max-video-preview:-1"},"canonical":"https:\/\/www.notibras.com\/site\/conto-prometido-em-saudades-do-alentejo\/","og_locale":"pt_BR","og_type":"article","og_title":"Conto prometido em Saudades do Alentejo - Notibras","og_description":"Foi em 1975, em \u00c9vora, em plena revolu\u00e7\u00e3o portuguesa. Eu terminara minhas aulas na escola do cara\u00e7a (cara\u00e7a \u00e9 o equivalente do caraca brasileiro, equivalente a voc\u00eas sabem a qu\u00ea; era assim que os estudantes designavam, em total desrespeito, a Escola Superior de Estudos Sociais e Econ\u00f3micos Bento de Jesus Cara\u00e7a) e estava voltando para [&hellip;]","og_url":"https:\/\/www.notibras.com\/site\/conto-prometido-em-saudades-do-alentejo\/","og_site_name":"Notibras","article_publisher":"https:\/\/www.facebook.com\/notibras\/","article_published_time":"2026-02-22T03:00:33+00:00","article_modified_time":"2026-02-22T04:20:12+00:00","og_image":[{"width":1024,"height":1024,"url":"https:\/\/www.notibras.com\/site\/wp-content\/uploads\/2026\/02\/WhatsApp-Image-2026-02-20-at-01.12.43.jpeg","type":"image\/jpeg"}],"author":"Eduardo Mart\u00ednez","twitter_card":"summary_large_image","twitter_creator":"@Notibras","twitter_site":"@Notibras","twitter_misc":{"Escrito por":"Eduardo Mart\u00ednez","Est. tempo de leitura":"5 minutos"},"schema":{"@context":"https:\/\/schema.org","@graph":[{"@type":"Article","@id":"https:\/\/www.notibras.com\/site\/conto-prometido-em-saudades-do-alentejo\/#article","isPartOf":{"@id":"https:\/\/www.notibras.com\/site\/conto-prometido-em-saudades-do-alentejo\/"},"author":{"name":"Eduardo Mart\u00ednez","@id":"https:\/\/www.notibras.com\/site\/#\/schema\/person\/5b7fabf2aedc3ada2105f03b22b4d3dd"},"headline":"Conto prometido em Saudades do Alentejo","datePublished":"2026-02-22T03:00:33+00:00","dateModified":"2026-02-22T04:20:12+00:00","mainEntityOfPage":{"@id":"https:\/\/www.notibras.com\/site\/conto-prometido-em-saudades-do-alentejo\/"},"wordCount":815,"publisher":{"@id":"https:\/\/www.notibras.com\/site\/#organization"},"image":{"@id":"https:\/\/www.notibras.com\/site\/conto-prometido-em-saudades-do-alentejo\/#primaryimage"},"thumbnailUrl":"https:\/\/www.notibras.com\/site\/wp-content\/uploads\/2026\/02\/WhatsApp-Image-2026-02-20-at-01.12.43.jpeg","articleSection":["Caf\u00e9 Liter\u00e1rio"],"inLanguage":"pt-BR"},{"@type":"WebPage","@id":"https:\/\/www.notibras.com\/site\/conto-prometido-em-saudades-do-alentejo\/","url":"https:\/\/www.notibras.com\/site\/conto-prometido-em-saudades-do-alentejo\/","name":"Conto prometido em Saudades do Alentejo - Notibras","isPartOf":{"@id":"https:\/\/www.notibras.com\/site\/#website"},"primaryImageOfPage":{"@id":"https:\/\/www.notibras.com\/site\/conto-prometido-em-saudades-do-alentejo\/#primaryimage"},"image":{"@id":"https:\/\/www.notibras.com\/site\/conto-prometido-em-saudades-do-alentejo\/#primaryimage"},"thumbnailUrl":"https:\/\/www.notibras.com\/site\/wp-content\/uploads\/2026\/02\/WhatsApp-Image-2026-02-20-at-01.12.43.jpeg","datePublished":"2026-02-22T03:00:33+00:00","dateModified":"2026-02-22T04:20:12+00:00","breadcrumb":{"@id":"https:\/\/www.notibras.com\/site\/conto-prometido-em-saudades-do-alentejo\/#breadcrumb"},"inLanguage":"pt-BR","potentialAction":[{"@type":"ReadAction","target":["https:\/\/www.notibras.com\/site\/conto-prometido-em-saudades-do-alentejo\/"]}]},{"@type":"ImageObject","inLanguage":"pt-BR","@id":"https:\/\/www.notibras.com\/site\/conto-prometido-em-saudades-do-alentejo\/#primaryimage","url":"https:\/\/www.notibras.com\/site\/wp-content\/uploads\/2026\/02\/WhatsApp-Image-2026-02-20-at-01.12.43.jpeg","contentUrl":"https:\/\/www.notibras.com\/site\/wp-content\/uploads\/2026\/02\/WhatsApp-Image-2026-02-20-at-01.12.43.jpeg","width":1024,"height":1024},{"@type":"BreadcrumbList","@id":"https:\/\/www.notibras.com\/site\/conto-prometido-em-saudades-do-alentejo\/#breadcrumb","itemListElement":[{"@type":"ListItem","position":1,"name":"In\u00edcio","item":"https:\/\/www.notibras.com\/site\/"},{"@type":"ListItem","position":2,"name":"Conto prometido em Saudades do Alentejo"}]},{"@type":"WebSite","@id":"https:\/\/www.notibras.com\/site\/#website","url":"https:\/\/www.notibras.com\/site\/","name":"Notibras","description":"Not\u00edcias de Bras\u00edlia, do Brasil e do Mundo","publisher":{"@id":"https:\/\/www.notibras.com\/site\/#organization"},"potentialAction":[{"@type":"SearchAction","target":{"@type":"EntryPoint","urlTemplate":"https:\/\/www.notibras.com\/site\/?s={search_term_string}"},"query-input":{"@type":"PropertyValueSpecification","valueRequired":true,"valueName":"search_term_string"}}],"inLanguage":"pt-BR"},{"@type":"Organization","@id":"https:\/\/www.notibras.com\/site\/#organization","name":"Grupo Notibras de Comunica\u00e7\u00e3o","url":"https:\/\/www.notibras.com\/site\/","logo":{"@type":"ImageObject","inLanguage":"pt-BR","@id":"https:\/\/www.notibras.com\/site\/#\/schema\/logo\/image\/","url":"https:\/\/www.notibras.com\/site\/wp-content\/uploads\/2023\/01\/notibras23.png","contentUrl":"https:\/\/www.notibras.com\/site\/wp-content\/uploads\/2023\/01\/notibras23.png","width":350,"height":87,"caption":"Grupo Notibras de Comunica\u00e7\u00e3o"},"image":{"@id":"https:\/\/www.notibras.com\/site\/#\/schema\/logo\/image\/"},"sameAs":["https:\/\/www.facebook.com\/notibras\/","https:\/\/x.com\/Notibras","https:\/\/www.instagram.com\/notibras\/"]},{"@type":"Person","@id":"https:\/\/www.notibras.com\/site\/#\/schema\/person\/5b7fabf2aedc3ada2105f03b22b4d3dd","name":"Eduardo Mart\u00ednez","image":{"@type":"ImageObject","inLanguage":"pt-BR","@id":"https:\/\/secure.gravatar.com\/avatar\/7902f906289926289cbcda644b5197c796b893c6ffd7b9a536a42d290f7704a0?s=96&d=mm&r=g","url":"https:\/\/secure.gravatar.com\/avatar\/7902f906289926289cbcda644b5197c796b893c6ffd7b9a536a42d290f7704a0?s=96&d=mm&r=g","contentUrl":"https:\/\/secure.gravatar.com\/avatar\/7902f906289926289cbcda644b5197c796b893c6ffd7b9a536a42d290f7704a0?s=96&d=mm&r=g","caption":"Eduardo Mart\u00ednez"}}]}},"amp_enabled":true,"_links":{"self":[{"href":"https:\/\/www.notibras.com\/site\/wp-json\/wp\/v2\/posts\/383934","targetHints":{"allow":["GET"]}}],"collection":[{"href":"https:\/\/www.notibras.com\/site\/wp-json\/wp\/v2\/posts"}],"about":[{"href":"https:\/\/www.notibras.com\/site\/wp-json\/wp\/v2\/types\/post"}],"author":[{"embeddable":true,"href":"https:\/\/www.notibras.com\/site\/wp-json\/wp\/v2\/users\/21"}],"replies":[{"embeddable":true,"href":"https:\/\/www.notibras.com\/site\/wp-json\/wp\/v2\/comments?post=383934"}],"version-history":[{"count":4,"href":"https:\/\/www.notibras.com\/site\/wp-json\/wp\/v2\/posts\/383934\/revisions"}],"predecessor-version":[{"id":384167,"href":"https:\/\/www.notibras.com\/site\/wp-json\/wp\/v2\/posts\/383934\/revisions\/384167"}],"wp:featuredmedia":[{"embeddable":true,"href":"https:\/\/www.notibras.com\/site\/wp-json\/wp\/v2\/media\/383935"}],"wp:attachment":[{"href":"https:\/\/www.notibras.com\/site\/wp-json\/wp\/v2\/media?parent=383934"}],"wp:term":[{"taxonomy":"category","embeddable":true,"href":"https:\/\/www.notibras.com\/site\/wp-json\/wp\/v2\/categories?post=383934"},{"taxonomy":"post_tag","embeddable":true,"href":"https:\/\/www.notibras.com\/site\/wp-json\/wp\/v2\/tags?post=383934"}],"curies":[{"name":"wp","href":"https:\/\/api.w.org\/{rel}","templated":true}]}}