{"id":383957,"date":"2026-02-23T00:45:26","date_gmt":"2026-02-23T03:45:26","guid":{"rendered":"https:\/\/www.notibras.com\/site\/?p=383957"},"modified":"2026-02-20T02:30:20","modified_gmt":"2026-02-20T05:30:20","slug":"eu-sou-o-indivizivel","status":"publish","type":"post","link":"https:\/\/www.notibras.com\/site\/eu-sou-o-indivizivel\/","title":{"rendered":"Eu sou o indiviz\u00edvel"},"content":{"rendered":"<p>Sou a sombra que dan\u00e7a entre os v\u00e9us rasgados da lua, quando o tempo suspende sua respira\u00e7\u00e3o e apenas o eco do que nunca ousou ser nomeado permanece. Sou o sopro que atravessa as cortinas ao amanhecer, a palavra interrompida nos l\u00e1bios que se calam para n\u00e3o ferir o sil\u00eancio. Sou o perfume secreto do jardim que floresce na noite, invis\u00edvel ao olhar, e a p\u00e9tala que desfalece ao primeiro raio de sol. Habito o intervalo entre o desejo e a eternidade, a vertigem do gesto que hesita, o sabor paradoxal do fruto que pende do galho da impossibilidade. N\u00e3o me busque nos l\u00e1bios, mas na pausa que os sucede. N\u00e3o me persiga na posse, mas na saudade que antecede e dilacera depois. Sou o que se revela por tr\u00e1s da porta selada, o rel\u00e2mpago que rasga o horizonte por um instante e mergulha tudo em trevas mais densas. Sou o amor sem p\u00e1tria, sem calend\u00e1rio, a mar\u00e9 que se ergue contra os muros da raz\u00e3o. E sou, sobretudo, a cicatriz luminosa na alma que ousou contemplar, ainda que por um segundo, o sol do inalcan\u00e7\u00e1vel.<\/p>\n<p><strong>Soneto<\/strong><\/p>\n<p>Sou o perfume da flor que nasce oculta,<br \/>\nque se abre ao vento em segredo profundo,<br \/>\nsou a palavra que o sil\u00eancio oculta,<br \/>\na sombra que perturba o claro mundo.<\/p>\n<p>Sou o pulsar que ecoa no templo antigo,<br \/>\nquando o desejo invade o pensamento,<br \/>\nsou o fruto que amadurece lento<br \/>\nno \u00c9den velado, sem abrigo.<\/p>\n<p>Sou o suspiro que se perde em brasa,<br \/>\no caminho esquecido pela estrada,<br \/>\no fogo que se apaga em l\u00e1grimas.<\/p>\n<p>Sou o que a lei condena em sua asa,<br \/>\no que a alma sonhou na madrugada:<br \/>\no amor indiz\u00edvel que n\u00e3o se apaga.<\/p>\n<p><strong>D\u00e9cimos do Indiz\u00edvel<\/strong><\/p>\n<p>Sou a raiz que rompe a muralha,<br \/>\no desejo que nasce da vertigem,<br \/>\na seiva que escorre na batalha<br \/>\nentre virtude e sua origem.<\/p>\n<p>Sou o jardim que o inverno n\u00e3o consome,<br \/>\nflor que floresce na agonia,<br \/>\nfruto que jamais se curva ao nome,<br \/>\nculpa doce, crep\u00fasculo que seria<br \/>\nluz se o dia n\u00e3o ousasse sua forma.<\/p>\n<p>Sou o rastro que o tempo n\u00e3o apaga,<br \/>\na mem\u00f3ria que se expande nos sonhos,<br \/>\na linha que o vento sempre rasga,<br \/>\no eco que retorna aos medonhos.<\/p>\n<p>Sou o v\u00e9u que cobre a verdade,<br \/>\na chave sem porta, o reflexo sem nome,<br \/>\no sonho invicto que planta saudade<br \/>\nna encosta onde o cora\u00e7\u00e3o se consome.<\/p>\n<p><strong>Versos Ocultos<\/strong><\/p>\n<p>Sou a sombra que floresce em teu jardim<br \/>\nquando a lua repousa na colina,<br \/>\na sede que se anuncia no sil\u00eancio<br \/>\ne a palavra que fere tua retina.<\/p>\n<p>Sou o fogo que arde sob a neve,<br \/>\na raz\u00e3o que domina tua escolha,<br \/>\no espinho que repousa em tua cama<br \/>\ne ilumina o sonho que se recolha.<\/p>\n<p>Sou o que n\u00e3o se revela ao dia,<br \/>\no amor que se alimenta nas sombras,<br \/>\na melodia que s\u00f3 o cora\u00e7\u00e3o sabia<br \/>\ne que a noite eterniza em suas ondas.<\/p>\n<p>Sou o nome que o vento n\u00e3o pronuncia,<br \/>\na fronteira que ningu\u00e9m atravessou,<br \/>\na mar\u00e9 que recua e continua,<br \/>\na promessa que a aurora dissolveu.<\/p>\n<p>Sou o jardim fechado, a armadilha,<br \/>\no fruto que jamais se entregou,<br \/>\na verdade escondida na vig\u00edlia,<br \/>\no fogo secreto que ningu\u00e9m acendeu.<\/p>\n","protected":false},"excerpt":{"rendered":"<p>Sou a sombra que dan\u00e7a entre os v\u00e9us rasgados da lua, quando o tempo suspende sua respira\u00e7\u00e3o e apenas o eco do que nunca ousou ser nomeado permanece. Sou o sopro que atravessa as cortinas ao amanhecer, a palavra interrompida nos l\u00e1bios que se calam para n\u00e3o ferir o sil\u00eancio. Sou o perfume secreto do [&hellip;]<\/p>\n","protected":false},"author":21,"featured_media":383958,"comment_status":"closed","ping_status":"closed","sticky":false,"template":"","format":"standard","meta":{"_acf_changed":false,"footnotes":""},"categories":[234],"tags":[],"class_list":["post-383957","post","type-post","status-publish","format-standard","has-post-thumbnail","hentry","category-cafe-literario"],"acf":[],"yoast_head":"<!-- This site is optimized with the Yoast SEO plugin v27.2 - https:\/\/yoast.com\/product\/yoast-seo-wordpress\/ -->\n<title>Eu sou o indiviz\u00edvel - Notibras<\/title>\n<meta name=\"robots\" content=\"index, follow, max-snippet:-1, max-image-preview:large, max-video-preview:-1\" \/>\n<link rel=\"canonical\" href=\"https:\/\/www.notibras.com\/site\/eu-sou-o-indivizivel\/\" \/>\n<meta property=\"og:locale\" content=\"pt_BR\" \/>\n<meta property=\"og:type\" content=\"article\" \/>\n<meta property=\"og:title\" content=\"Eu sou o indiviz\u00edvel - Notibras\" \/>\n<meta property=\"og:description\" content=\"Sou a sombra que dan\u00e7a entre os v\u00e9us rasgados da lua, quando o tempo suspende sua respira\u00e7\u00e3o e apenas o eco do que nunca ousou ser nomeado permanece. Sou o sopro que atravessa as cortinas ao amanhecer, a palavra interrompida nos l\u00e1bios que se calam para n\u00e3o ferir o sil\u00eancio. Sou o perfume secreto do [&hellip;]\" \/>\n<meta property=\"og:url\" content=\"https:\/\/www.notibras.com\/site\/eu-sou-o-indivizivel\/\" \/>\n<meta property=\"og:site_name\" content=\"Notibras\" \/>\n<meta property=\"article:publisher\" content=\"https:\/\/www.facebook.com\/notibras\/\" \/>\n<meta property=\"article:published_time\" content=\"2026-02-23T03:45:26+00:00\" \/>\n<meta property=\"og:image\" content=\"https:\/\/www.notibras.com\/site\/wp-content\/uploads\/2026\/02\/WhatsApp-Image-2026-02-20-at-02.27.18.jpeg\" \/>\n\t<meta property=\"og:image:width\" content=\"1024\" \/>\n\t<meta property=\"og:image:height\" content=\"1024\" \/>\n\t<meta property=\"og:image:type\" content=\"image\/jpeg\" \/>\n<meta name=\"author\" content=\"Eduardo Mart\u00ednez\" \/>\n<meta name=\"twitter:card\" content=\"summary_large_image\" \/>\n<meta name=\"twitter:creator\" content=\"@Notibras\" \/>\n<meta name=\"twitter:site\" content=\"@Notibras\" \/>\n<meta name=\"twitter:label1\" content=\"Escrito por\" \/>\n\t<meta name=\"twitter:data1\" content=\"Eduardo Mart\u00ednez\" \/>\n\t<meta name=\"twitter:label2\" content=\"Est. tempo de leitura\" \/>\n\t<meta name=\"twitter:data2\" content=\"4 minutos\" \/>\n<script type=\"application\/ld+json\" class=\"yoast-schema-graph\">{\"@context\":\"https:\/\/schema.org\",\"@graph\":[{\"@type\":\"Article\",\"@id\":\"https:\/\/www.notibras.com\/site\/eu-sou-o-indivizivel\/#article\",\"isPartOf\":{\"@id\":\"https:\/\/www.notibras.com\/site\/eu-sou-o-indivizivel\/\"},\"author\":{\"name\":\"Eduardo Mart\u00ednez\",\"@id\":\"https:\/\/www.notibras.com\/site\/#\/schema\/person\/5b7fabf2aedc3ada2105f03b22b4d3dd\"},\"headline\":\"Eu sou o indiviz\u00edvel\",\"datePublished\":\"2026-02-23T03:45:26+00:00\",\"mainEntityOfPage\":{\"@id\":\"https:\/\/www.notibras.com\/site\/eu-sou-o-indivizivel\/\"},\"wordCount\":580,\"publisher\":{\"@id\":\"https:\/\/www.notibras.com\/site\/#organization\"},\"image\":{\"@id\":\"https:\/\/www.notibras.com\/site\/eu-sou-o-indivizivel\/#primaryimage\"},\"thumbnailUrl\":\"https:\/\/www.notibras.com\/site\/wp-content\/uploads\/2026\/02\/WhatsApp-Image-2026-02-20-at-02.27.18.jpeg\",\"articleSection\":[\"Caf\u00e9 Liter\u00e1rio\"],\"inLanguage\":\"pt-BR\"},{\"@type\":\"WebPage\",\"@id\":\"https:\/\/www.notibras.com\/site\/eu-sou-o-indivizivel\/\",\"url\":\"https:\/\/www.notibras.com\/site\/eu-sou-o-indivizivel\/\",\"name\":\"Eu sou o indiviz\u00edvel - Notibras\",\"isPartOf\":{\"@id\":\"https:\/\/www.notibras.com\/site\/#website\"},\"primaryImageOfPage\":{\"@id\":\"https:\/\/www.notibras.com\/site\/eu-sou-o-indivizivel\/#primaryimage\"},\"image\":{\"@id\":\"https:\/\/www.notibras.com\/site\/eu-sou-o-indivizivel\/#primaryimage\"},\"thumbnailUrl\":\"https:\/\/www.notibras.com\/site\/wp-content\/uploads\/2026\/02\/WhatsApp-Image-2026-02-20-at-02.27.18.jpeg\",\"datePublished\":\"2026-02-23T03:45:26+00:00\",\"breadcrumb\":{\"@id\":\"https:\/\/www.notibras.com\/site\/eu-sou-o-indivizivel\/#breadcrumb\"},\"inLanguage\":\"pt-BR\",\"potentialAction\":[{\"@type\":\"ReadAction\",\"target\":[\"https:\/\/www.notibras.com\/site\/eu-sou-o-indivizivel\/\"]}]},{\"@type\":\"ImageObject\",\"inLanguage\":\"pt-BR\",\"@id\":\"https:\/\/www.notibras.com\/site\/eu-sou-o-indivizivel\/#primaryimage\",\"url\":\"https:\/\/www.notibras.com\/site\/wp-content\/uploads\/2026\/02\/WhatsApp-Image-2026-02-20-at-02.27.18.jpeg\",\"contentUrl\":\"https:\/\/www.notibras.com\/site\/wp-content\/uploads\/2026\/02\/WhatsApp-Image-2026-02-20-at-02.27.18.jpeg\",\"width\":1024,\"height\":1024},{\"@type\":\"BreadcrumbList\",\"@id\":\"https:\/\/www.notibras.com\/site\/eu-sou-o-indivizivel\/#breadcrumb\",\"itemListElement\":[{\"@type\":\"ListItem\",\"position\":1,\"name\":\"In\u00edcio\",\"item\":\"https:\/\/www.notibras.com\/site\/\"},{\"@type\":\"ListItem\",\"position\":2,\"name\":\"Eu sou o indiviz\u00edvel\"}]},{\"@type\":\"WebSite\",\"@id\":\"https:\/\/www.notibras.com\/site\/#website\",\"url\":\"https:\/\/www.notibras.com\/site\/\",\"name\":\"Notibras\",\"description\":\"Not\u00edcias de Bras\u00edlia, do Brasil e do Mundo\",\"publisher\":{\"@id\":\"https:\/\/www.notibras.com\/site\/#organization\"},\"potentialAction\":[{\"@type\":\"SearchAction\",\"target\":{\"@type\":\"EntryPoint\",\"urlTemplate\":\"https:\/\/www.notibras.com\/site\/?s={search_term_string}\"},\"query-input\":{\"@type\":\"PropertyValueSpecification\",\"valueRequired\":true,\"valueName\":\"search_term_string\"}}],\"inLanguage\":\"pt-BR\"},{\"@type\":\"Organization\",\"@id\":\"https:\/\/www.notibras.com\/site\/#organization\",\"name\":\"Grupo Notibras de Comunica\u00e7\u00e3o\",\"url\":\"https:\/\/www.notibras.com\/site\/\",\"logo\":{\"@type\":\"ImageObject\",\"inLanguage\":\"pt-BR\",\"@id\":\"https:\/\/www.notibras.com\/site\/#\/schema\/logo\/image\/\",\"url\":\"https:\/\/www.notibras.com\/site\/wp-content\/uploads\/2023\/01\/notibras23.png\",\"contentUrl\":\"https:\/\/www.notibras.com\/site\/wp-content\/uploads\/2023\/01\/notibras23.png\",\"width\":350,\"height\":87,\"caption\":\"Grupo Notibras de Comunica\u00e7\u00e3o\"},\"image\":{\"@id\":\"https:\/\/www.notibras.com\/site\/#\/schema\/logo\/image\/\"},\"sameAs\":[\"https:\/\/www.facebook.com\/notibras\/\",\"https:\/\/x.com\/Notibras\",\"https:\/\/www.instagram.com\/notibras\/\"]},{\"@type\":\"Person\",\"@id\":\"https:\/\/www.notibras.com\/site\/#\/schema\/person\/5b7fabf2aedc3ada2105f03b22b4d3dd\",\"name\":\"Eduardo Mart\u00ednez\",\"image\":{\"@type\":\"ImageObject\",\"inLanguage\":\"pt-BR\",\"@id\":\"https:\/\/secure.gravatar.com\/avatar\/7902f906289926289cbcda644b5197c796b893c6ffd7b9a536a42d290f7704a0?s=96&d=mm&r=g\",\"url\":\"https:\/\/secure.gravatar.com\/avatar\/7902f906289926289cbcda644b5197c796b893c6ffd7b9a536a42d290f7704a0?s=96&d=mm&r=g\",\"contentUrl\":\"https:\/\/secure.gravatar.com\/avatar\/7902f906289926289cbcda644b5197c796b893c6ffd7b9a536a42d290f7704a0?s=96&d=mm&r=g\",\"caption\":\"Eduardo Mart\u00ednez\"}}]}<\/script>\n<!-- \/ Yoast SEO plugin. -->","yoast_head_json":{"title":"Eu sou o indiviz\u00edvel - Notibras","robots":{"index":"index","follow":"follow","max-snippet":"max-snippet:-1","max-image-preview":"max-image-preview:large","max-video-preview":"max-video-preview:-1"},"canonical":"https:\/\/www.notibras.com\/site\/eu-sou-o-indivizivel\/","og_locale":"pt_BR","og_type":"article","og_title":"Eu sou o indiviz\u00edvel - Notibras","og_description":"Sou a sombra que dan\u00e7a entre os v\u00e9us rasgados da lua, quando o tempo suspende sua respira\u00e7\u00e3o e apenas o eco do que nunca ousou ser nomeado permanece. Sou o sopro que atravessa as cortinas ao amanhecer, a palavra interrompida nos l\u00e1bios que se calam para n\u00e3o ferir o sil\u00eancio. Sou o perfume secreto do [&hellip;]","og_url":"https:\/\/www.notibras.com\/site\/eu-sou-o-indivizivel\/","og_site_name":"Notibras","article_publisher":"https:\/\/www.facebook.com\/notibras\/","article_published_time":"2026-02-23T03:45:26+00:00","og_image":[{"width":1024,"height":1024,"url":"https:\/\/www.notibras.com\/site\/wp-content\/uploads\/2026\/02\/WhatsApp-Image-2026-02-20-at-02.27.18.jpeg","type":"image\/jpeg"}],"author":"Eduardo Mart\u00ednez","twitter_card":"summary_large_image","twitter_creator":"@Notibras","twitter_site":"@Notibras","twitter_misc":{"Escrito por":"Eduardo Mart\u00ednez","Est. tempo de leitura":"4 minutos"},"schema":{"@context":"https:\/\/schema.org","@graph":[{"@type":"Article","@id":"https:\/\/www.notibras.com\/site\/eu-sou-o-indivizivel\/#article","isPartOf":{"@id":"https:\/\/www.notibras.com\/site\/eu-sou-o-indivizivel\/"},"author":{"name":"Eduardo Mart\u00ednez","@id":"https:\/\/www.notibras.com\/site\/#\/schema\/person\/5b7fabf2aedc3ada2105f03b22b4d3dd"},"headline":"Eu sou o indiviz\u00edvel","datePublished":"2026-02-23T03:45:26+00:00","mainEntityOfPage":{"@id":"https:\/\/www.notibras.com\/site\/eu-sou-o-indivizivel\/"},"wordCount":580,"publisher":{"@id":"https:\/\/www.notibras.com\/site\/#organization"},"image":{"@id":"https:\/\/www.notibras.com\/site\/eu-sou-o-indivizivel\/#primaryimage"},"thumbnailUrl":"https:\/\/www.notibras.com\/site\/wp-content\/uploads\/2026\/02\/WhatsApp-Image-2026-02-20-at-02.27.18.jpeg","articleSection":["Caf\u00e9 Liter\u00e1rio"],"inLanguage":"pt-BR"},{"@type":"WebPage","@id":"https:\/\/www.notibras.com\/site\/eu-sou-o-indivizivel\/","url":"https:\/\/www.notibras.com\/site\/eu-sou-o-indivizivel\/","name":"Eu sou o indiviz\u00edvel - Notibras","isPartOf":{"@id":"https:\/\/www.notibras.com\/site\/#website"},"primaryImageOfPage":{"@id":"https:\/\/www.notibras.com\/site\/eu-sou-o-indivizivel\/#primaryimage"},"image":{"@id":"https:\/\/www.notibras.com\/site\/eu-sou-o-indivizivel\/#primaryimage"},"thumbnailUrl":"https:\/\/www.notibras.com\/site\/wp-content\/uploads\/2026\/02\/WhatsApp-Image-2026-02-20-at-02.27.18.jpeg","datePublished":"2026-02-23T03:45:26+00:00","breadcrumb":{"@id":"https:\/\/www.notibras.com\/site\/eu-sou-o-indivizivel\/#breadcrumb"},"inLanguage":"pt-BR","potentialAction":[{"@type":"ReadAction","target":["https:\/\/www.notibras.com\/site\/eu-sou-o-indivizivel\/"]}]},{"@type":"ImageObject","inLanguage":"pt-BR","@id":"https:\/\/www.notibras.com\/site\/eu-sou-o-indivizivel\/#primaryimage","url":"https:\/\/www.notibras.com\/site\/wp-content\/uploads\/2026\/02\/WhatsApp-Image-2026-02-20-at-02.27.18.jpeg","contentUrl":"https:\/\/www.notibras.com\/site\/wp-content\/uploads\/2026\/02\/WhatsApp-Image-2026-02-20-at-02.27.18.jpeg","width":1024,"height":1024},{"@type":"BreadcrumbList","@id":"https:\/\/www.notibras.com\/site\/eu-sou-o-indivizivel\/#breadcrumb","itemListElement":[{"@type":"ListItem","position":1,"name":"In\u00edcio","item":"https:\/\/www.notibras.com\/site\/"},{"@type":"ListItem","position":2,"name":"Eu sou o indiviz\u00edvel"}]},{"@type":"WebSite","@id":"https:\/\/www.notibras.com\/site\/#website","url":"https:\/\/www.notibras.com\/site\/","name":"Notibras","description":"Not\u00edcias de Bras\u00edlia, do Brasil e do Mundo","publisher":{"@id":"https:\/\/www.notibras.com\/site\/#organization"},"potentialAction":[{"@type":"SearchAction","target":{"@type":"EntryPoint","urlTemplate":"https:\/\/www.notibras.com\/site\/?s={search_term_string}"},"query-input":{"@type":"PropertyValueSpecification","valueRequired":true,"valueName":"search_term_string"}}],"inLanguage":"pt-BR"},{"@type":"Organization","@id":"https:\/\/www.notibras.com\/site\/#organization","name":"Grupo Notibras de Comunica\u00e7\u00e3o","url":"https:\/\/www.notibras.com\/site\/","logo":{"@type":"ImageObject","inLanguage":"pt-BR","@id":"https:\/\/www.notibras.com\/site\/#\/schema\/logo\/image\/","url":"https:\/\/www.notibras.com\/site\/wp-content\/uploads\/2023\/01\/notibras23.png","contentUrl":"https:\/\/www.notibras.com\/site\/wp-content\/uploads\/2023\/01\/notibras23.png","width":350,"height":87,"caption":"Grupo Notibras de Comunica\u00e7\u00e3o"},"image":{"@id":"https:\/\/www.notibras.com\/site\/#\/schema\/logo\/image\/"},"sameAs":["https:\/\/www.facebook.com\/notibras\/","https:\/\/x.com\/Notibras","https:\/\/www.instagram.com\/notibras\/"]},{"@type":"Person","@id":"https:\/\/www.notibras.com\/site\/#\/schema\/person\/5b7fabf2aedc3ada2105f03b22b4d3dd","name":"Eduardo Mart\u00ednez","image":{"@type":"ImageObject","inLanguage":"pt-BR","@id":"https:\/\/secure.gravatar.com\/avatar\/7902f906289926289cbcda644b5197c796b893c6ffd7b9a536a42d290f7704a0?s=96&d=mm&r=g","url":"https:\/\/secure.gravatar.com\/avatar\/7902f906289926289cbcda644b5197c796b893c6ffd7b9a536a42d290f7704a0?s=96&d=mm&r=g","contentUrl":"https:\/\/secure.gravatar.com\/avatar\/7902f906289926289cbcda644b5197c796b893c6ffd7b9a536a42d290f7704a0?s=96&d=mm&r=g","caption":"Eduardo Mart\u00ednez"}}]}},"amp_enabled":true,"_links":{"self":[{"href":"https:\/\/www.notibras.com\/site\/wp-json\/wp\/v2\/posts\/383957","targetHints":{"allow":["GET"]}}],"collection":[{"href":"https:\/\/www.notibras.com\/site\/wp-json\/wp\/v2\/posts"}],"about":[{"href":"https:\/\/www.notibras.com\/site\/wp-json\/wp\/v2\/types\/post"}],"author":[{"embeddable":true,"href":"https:\/\/www.notibras.com\/site\/wp-json\/wp\/v2\/users\/21"}],"replies":[{"embeddable":true,"href":"https:\/\/www.notibras.com\/site\/wp-json\/wp\/v2\/comments?post=383957"}],"version-history":[{"count":2,"href":"https:\/\/www.notibras.com\/site\/wp-json\/wp\/v2\/posts\/383957\/revisions"}],"predecessor-version":[{"id":383960,"href":"https:\/\/www.notibras.com\/site\/wp-json\/wp\/v2\/posts\/383957\/revisions\/383960"}],"wp:featuredmedia":[{"embeddable":true,"href":"https:\/\/www.notibras.com\/site\/wp-json\/wp\/v2\/media\/383958"}],"wp:attachment":[{"href":"https:\/\/www.notibras.com\/site\/wp-json\/wp\/v2\/media?parent=383957"}],"wp:term":[{"taxonomy":"category","embeddable":true,"href":"https:\/\/www.notibras.com\/site\/wp-json\/wp\/v2\/categories?post=383957"},{"taxonomy":"post_tag","embeddable":true,"href":"https:\/\/www.notibras.com\/site\/wp-json\/wp\/v2\/tags?post=383957"}],"curies":[{"name":"wp","href":"https:\/\/api.w.org\/{rel}","templated":true}]}}