{"id":383961,"date":"2026-02-21T01:00:41","date_gmt":"2026-02-21T04:00:41","guid":{"rendered":"https:\/\/www.notibras.com\/site\/?p=383961"},"modified":"2026-02-20T02:46:37","modified_gmt":"2026-02-20T05:46:37","slug":"uma-reflexao-sobre-a-formacao-do-masculino","status":"publish","type":"post","link":"https:\/\/www.notibras.com\/site\/uma-reflexao-sobre-a-formacao-do-masculino\/","title":{"rendered":"Uma reflex\u00e3o sobre a forma\u00e7\u00e3o do masculino"},"content":{"rendered":"<p>Hoje escrevo aos homens. Esta \u00e9 uma reflex\u00e3o fundamentada em anos de observa\u00e7\u00e3o, leituras e an\u00e1lises comportamentais. O ponto de partida foi um encontro, h\u00e1 alguns anos, com um homem que se tornou o catalisador dos meus estudos.<\/p>\n<p>Conhecemo-nos no ambiente de trabalho. A princ\u00edpio, uma amizade cordial, embora certas nuances j\u00e1 denunciassem que algo fugia \u00e0 normalidade. Em pouco tempo, surgiram as piadas depreciativas \u2014 aquelas \u201cbrincadeiras\u201d que carregam a fun\u00e7\u00e3o velada de diminuir a mulher, especificamente a mim. Vieram tamb\u00e9m as autoafirma\u00e7\u00f5es constantes: a gabolice sobre o pr\u00f3prio corpo, o invent\u00e1rio de conquistas amorosas e a narrativa de que todas eram inevitavelmente seduzidas por ele.<\/p>\n<p>Eu o observava e via, por tr\u00e1s da carapa\u00e7a, uma fragilidade latente. Entendi que as interrup\u00e7\u00f5es constantes eram, na verdade, uma incapacidade de sustentar um di\u00e1logo em n\u00edvel intelectual equivalente. H\u00e1, contudo, um fator agravante: a cren\u00e7a at\u00e1vica na superioridade masculina.<\/p>\n<p>O homem educado sob o dogma de que \u00e9 superior pelo simples fato de ser homem, ao confrontar-se com uma mulher que ele reconhece como igual ou superior, n\u00e3o sabe lidar com a pr\u00f3pria vulnerabilidade. Certa vez, exausta das tentativas de deprecia\u00e7\u00e3o, revidei. Atingi seu ego e o vi adoecer por dias. O diagn\u00f3stico foi perturbador: como algu\u00e9m com um ego t\u00e3o inflado pode ser, simultaneamente, t\u00e3o inseguro?<\/p>\n<p>Percebi que essa patologia n\u00e3o \u00e9 direcionada apenas \u00e0s mulheres. Em discuss\u00f5es entre homens, o que se v\u00ea frequentemente s\u00e3o comportamentos que remetem a crian\u00e7as de oito anos \u2014 uma aus\u00eancia de argumentos e uma incapacidade absoluta para o debate maduro. E isso nos leva \u00e0 pergunta inevit\u00e1vel: onde estamos errando na forma\u00e7\u00e3o de nossos meninos?<\/p>\n<p>Ao nascer, homens e mulheres habitam o mesmo patamar de potencial intelectual e emocional. Durante os primeiros anos, o desenvolvimento \u00e9 parit\u00e1rio. Contudo, por volta dos sete ou oito anos, as trajet\u00f3rias divergem drasticamente. \u00c9 quando o menino come\u00e7a a internalizar a ideia de superioridade, manifestando os primeiros sinais de avers\u00e3o ou desejo de submiss\u00e3o ao feminino. Enquanto as meninas s\u00e3o levadas a uma introspec\u00e7\u00e3o precoce e ao senso de coletividade, os meninos s\u00e3o empurrados para uma repress\u00e3o emocional que, muitas vezes, atrofia sua maturidade.<\/p>\n<p>\u00c9 melanc\u00f3lico observar homens potencialmente geniais aprisionados em uma estrutura onde s\u00f3 lhes restam o grito, o murro ou o bate-boca est\u00e9ril. A cren\u00e7a na diferen\u00e7a intr\u00ednseca entre os g\u00eaneros est\u00e1 condicionando o homem a uma incapacidade intelectual e emocional assustadora.<\/p>\n<p>Basta observar a din\u00e2mica das redes sociais. Diante de coment\u00e1rios racistas ou infantis, a resposta imediata de outros \u00e9 o eco da mesma ignor\u00e2ncia. \u00c9 um ciclo de racioc\u00ednio restrito, uma \u201cmente de ervilha\u201d que se multiplica.<\/p>\n<p>Precisamos compreender que essa suposta superioridade \u00e9, na verdade, uma cela. Enquanto n\u00e3o repensarmos a base dessa educa\u00e7\u00e3o, continuaremos a produzir homens emocionalmente analfabetos, incapazes de sustentar o peso da pr\u00f3pria humanidade.<\/p>\n<p><strong>&#8230;&#8230;&#8230;&#8230;&#8230;&#8230;&#8230;&#8230;&#8230;&#8230;..<\/strong><\/p>\n<p><strong>&#8220;Apaixonada pela vida em todas as suas formas! M\u00e3e, av\u00f3, artes\u00e3 do croch\u00ea e escritora por voca\u00e7\u00e3o. Encontro inspira\u00e7\u00e3o na natureza e tranquilidade nas trilhas da montanha. Palavras e linhas s\u00e3o minhas ferramentas para criar e compartilhar amor.&#8221;<\/strong><br \/>\n<strong>Autora de tr\u00eas livros publicados, colunista e integrante de uma comunidade liter\u00e1ria.<\/strong><br \/>\n<strong>Atualmente reside em Cachoeiro de Itapemirim-ES.<\/strong><\/p>\n","protected":false},"excerpt":{"rendered":"<p>Hoje escrevo aos homens. Esta \u00e9 uma reflex\u00e3o fundamentada em anos de observa\u00e7\u00e3o, leituras e an\u00e1lises comportamentais. O ponto de partida foi um encontro, h\u00e1 alguns anos, com um homem que se tornou o catalisador dos meus estudos. Conhecemo-nos no ambiente de trabalho. A princ\u00edpio, uma amizade cordial, embora certas nuances j\u00e1 denunciassem que algo [&hellip;]<\/p>\n","protected":false},"author":21,"featured_media":383962,"comment_status":"closed","ping_status":"closed","sticky":false,"template":"","format":"standard","meta":{"_acf_changed":false,"footnotes":""},"categories":[234],"tags":[],"class_list":["post-383961","post","type-post","status-publish","format-standard","has-post-thumbnail","hentry","category-cafe-literario"],"acf":[],"yoast_head":"<!-- This site is optimized with the Yoast SEO plugin v27.2 - https:\/\/yoast.com\/product\/yoast-seo-wordpress\/ -->\n<title>Uma reflex\u00e3o sobre a forma\u00e7\u00e3o do masculino - Notibras<\/title>\n<meta name=\"robots\" content=\"index, follow, max-snippet:-1, max-image-preview:large, max-video-preview:-1\" \/>\n<link rel=\"canonical\" href=\"https:\/\/www.notibras.com\/site\/uma-reflexao-sobre-a-formacao-do-masculino\/\" \/>\n<meta property=\"og:locale\" content=\"pt_BR\" \/>\n<meta property=\"og:type\" content=\"article\" \/>\n<meta property=\"og:title\" content=\"Uma reflex\u00e3o sobre a forma\u00e7\u00e3o do masculino - Notibras\" \/>\n<meta property=\"og:description\" content=\"Hoje escrevo aos homens. Esta \u00e9 uma reflex\u00e3o fundamentada em anos de observa\u00e7\u00e3o, leituras e an\u00e1lises comportamentais. O ponto de partida foi um encontro, h\u00e1 alguns anos, com um homem que se tornou o catalisador dos meus estudos. Conhecemo-nos no ambiente de trabalho. A princ\u00edpio, uma amizade cordial, embora certas nuances j\u00e1 denunciassem que algo [&hellip;]\" \/>\n<meta property=\"og:url\" content=\"https:\/\/www.notibras.com\/site\/uma-reflexao-sobre-a-formacao-do-masculino\/\" \/>\n<meta property=\"og:site_name\" content=\"Notibras\" \/>\n<meta property=\"article:publisher\" content=\"https:\/\/www.facebook.com\/notibras\/\" \/>\n<meta property=\"article:published_time\" content=\"2026-02-21T04:00:41+00:00\" \/>\n<meta property=\"og:image\" content=\"https:\/\/www.notibras.com\/site\/wp-content\/uploads\/2026\/02\/WhatsApp-Image-2026-02-20-at-02.40.00.jpeg\" \/>\n\t<meta property=\"og:image:width\" content=\"1024\" \/>\n\t<meta property=\"og:image:height\" content=\"1024\" \/>\n\t<meta property=\"og:image:type\" content=\"image\/jpeg\" \/>\n<meta name=\"author\" content=\"Eduardo Mart\u00ednez\" \/>\n<meta name=\"twitter:card\" content=\"summary_large_image\" \/>\n<meta name=\"twitter:creator\" content=\"@Notibras\" \/>\n<meta name=\"twitter:site\" content=\"@Notibras\" \/>\n<meta name=\"twitter:label1\" content=\"Escrito por\" \/>\n\t<meta name=\"twitter:data1\" content=\"Eduardo Mart\u00ednez\" \/>\n\t<meta name=\"twitter:label2\" content=\"Est. tempo de leitura\" \/>\n\t<meta name=\"twitter:data2\" content=\"4 minutos\" \/>\n<script type=\"application\/ld+json\" class=\"yoast-schema-graph\">{\"@context\":\"https:\/\/schema.org\",\"@graph\":[{\"@type\":\"Article\",\"@id\":\"https:\/\/www.notibras.com\/site\/uma-reflexao-sobre-a-formacao-do-masculino\/#article\",\"isPartOf\":{\"@id\":\"https:\/\/www.notibras.com\/site\/uma-reflexao-sobre-a-formacao-do-masculino\/\"},\"author\":{\"name\":\"Eduardo Mart\u00ednez\",\"@id\":\"https:\/\/www.notibras.com\/site\/#\/schema\/person\/5b7fabf2aedc3ada2105f03b22b4d3dd\"},\"headline\":\"Uma reflex\u00e3o sobre a forma\u00e7\u00e3o do masculino\",\"datePublished\":\"2026-02-21T04:00:41+00:00\",\"mainEntityOfPage\":{\"@id\":\"https:\/\/www.notibras.com\/site\/uma-reflexao-sobre-a-formacao-do-masculino\/\"},\"wordCount\":577,\"publisher\":{\"@id\":\"https:\/\/www.notibras.com\/site\/#organization\"},\"image\":{\"@id\":\"https:\/\/www.notibras.com\/site\/uma-reflexao-sobre-a-formacao-do-masculino\/#primaryimage\"},\"thumbnailUrl\":\"https:\/\/www.notibras.com\/site\/wp-content\/uploads\/2026\/02\/WhatsApp-Image-2026-02-20-at-02.40.00.jpeg\",\"articleSection\":[\"Caf\u00e9 Liter\u00e1rio\"],\"inLanguage\":\"pt-BR\"},{\"@type\":\"WebPage\",\"@id\":\"https:\/\/www.notibras.com\/site\/uma-reflexao-sobre-a-formacao-do-masculino\/\",\"url\":\"https:\/\/www.notibras.com\/site\/uma-reflexao-sobre-a-formacao-do-masculino\/\",\"name\":\"Uma reflex\u00e3o sobre a forma\u00e7\u00e3o do masculino - Notibras\",\"isPartOf\":{\"@id\":\"https:\/\/www.notibras.com\/site\/#website\"},\"primaryImageOfPage\":{\"@id\":\"https:\/\/www.notibras.com\/site\/uma-reflexao-sobre-a-formacao-do-masculino\/#primaryimage\"},\"image\":{\"@id\":\"https:\/\/www.notibras.com\/site\/uma-reflexao-sobre-a-formacao-do-masculino\/#primaryimage\"},\"thumbnailUrl\":\"https:\/\/www.notibras.com\/site\/wp-content\/uploads\/2026\/02\/WhatsApp-Image-2026-02-20-at-02.40.00.jpeg\",\"datePublished\":\"2026-02-21T04:00:41+00:00\",\"breadcrumb\":{\"@id\":\"https:\/\/www.notibras.com\/site\/uma-reflexao-sobre-a-formacao-do-masculino\/#breadcrumb\"},\"inLanguage\":\"pt-BR\",\"potentialAction\":[{\"@type\":\"ReadAction\",\"target\":[\"https:\/\/www.notibras.com\/site\/uma-reflexao-sobre-a-formacao-do-masculino\/\"]}]},{\"@type\":\"ImageObject\",\"inLanguage\":\"pt-BR\",\"@id\":\"https:\/\/www.notibras.com\/site\/uma-reflexao-sobre-a-formacao-do-masculino\/#primaryimage\",\"url\":\"https:\/\/www.notibras.com\/site\/wp-content\/uploads\/2026\/02\/WhatsApp-Image-2026-02-20-at-02.40.00.jpeg\",\"contentUrl\":\"https:\/\/www.notibras.com\/site\/wp-content\/uploads\/2026\/02\/WhatsApp-Image-2026-02-20-at-02.40.00.jpeg\",\"width\":1024,\"height\":1024},{\"@type\":\"BreadcrumbList\",\"@id\":\"https:\/\/www.notibras.com\/site\/uma-reflexao-sobre-a-formacao-do-masculino\/#breadcrumb\",\"itemListElement\":[{\"@type\":\"ListItem\",\"position\":1,\"name\":\"In\u00edcio\",\"item\":\"https:\/\/www.notibras.com\/site\/\"},{\"@type\":\"ListItem\",\"position\":2,\"name\":\"Uma reflex\u00e3o sobre a forma\u00e7\u00e3o do masculino\"}]},{\"@type\":\"WebSite\",\"@id\":\"https:\/\/www.notibras.com\/site\/#website\",\"url\":\"https:\/\/www.notibras.com\/site\/\",\"name\":\"Notibras\",\"description\":\"Not\u00edcias de Bras\u00edlia, do Brasil e do Mundo\",\"publisher\":{\"@id\":\"https:\/\/www.notibras.com\/site\/#organization\"},\"potentialAction\":[{\"@type\":\"SearchAction\",\"target\":{\"@type\":\"EntryPoint\",\"urlTemplate\":\"https:\/\/www.notibras.com\/site\/?s={search_term_string}\"},\"query-input\":{\"@type\":\"PropertyValueSpecification\",\"valueRequired\":true,\"valueName\":\"search_term_string\"}}],\"inLanguage\":\"pt-BR\"},{\"@type\":\"Organization\",\"@id\":\"https:\/\/www.notibras.com\/site\/#organization\",\"name\":\"Grupo Notibras de Comunica\u00e7\u00e3o\",\"url\":\"https:\/\/www.notibras.com\/site\/\",\"logo\":{\"@type\":\"ImageObject\",\"inLanguage\":\"pt-BR\",\"@id\":\"https:\/\/www.notibras.com\/site\/#\/schema\/logo\/image\/\",\"url\":\"https:\/\/www.notibras.com\/site\/wp-content\/uploads\/2023\/01\/notibras23.png\",\"contentUrl\":\"https:\/\/www.notibras.com\/site\/wp-content\/uploads\/2023\/01\/notibras23.png\",\"width\":350,\"height\":87,\"caption\":\"Grupo Notibras de Comunica\u00e7\u00e3o\"},\"image\":{\"@id\":\"https:\/\/www.notibras.com\/site\/#\/schema\/logo\/image\/\"},\"sameAs\":[\"https:\/\/www.facebook.com\/notibras\/\",\"https:\/\/x.com\/Notibras\",\"https:\/\/www.instagram.com\/notibras\/\"]},{\"@type\":\"Person\",\"@id\":\"https:\/\/www.notibras.com\/site\/#\/schema\/person\/5b7fabf2aedc3ada2105f03b22b4d3dd\",\"name\":\"Eduardo Mart\u00ednez\",\"image\":{\"@type\":\"ImageObject\",\"inLanguage\":\"pt-BR\",\"@id\":\"https:\/\/secure.gravatar.com\/avatar\/7902f906289926289cbcda644b5197c796b893c6ffd7b9a536a42d290f7704a0?s=96&d=mm&r=g\",\"url\":\"https:\/\/secure.gravatar.com\/avatar\/7902f906289926289cbcda644b5197c796b893c6ffd7b9a536a42d290f7704a0?s=96&d=mm&r=g\",\"contentUrl\":\"https:\/\/secure.gravatar.com\/avatar\/7902f906289926289cbcda644b5197c796b893c6ffd7b9a536a42d290f7704a0?s=96&d=mm&r=g\",\"caption\":\"Eduardo Mart\u00ednez\"}}]}<\/script>\n<!-- \/ Yoast SEO plugin. -->","yoast_head_json":{"title":"Uma reflex\u00e3o sobre a forma\u00e7\u00e3o do masculino - Notibras","robots":{"index":"index","follow":"follow","max-snippet":"max-snippet:-1","max-image-preview":"max-image-preview:large","max-video-preview":"max-video-preview:-1"},"canonical":"https:\/\/www.notibras.com\/site\/uma-reflexao-sobre-a-formacao-do-masculino\/","og_locale":"pt_BR","og_type":"article","og_title":"Uma reflex\u00e3o sobre a forma\u00e7\u00e3o do masculino - Notibras","og_description":"Hoje escrevo aos homens. Esta \u00e9 uma reflex\u00e3o fundamentada em anos de observa\u00e7\u00e3o, leituras e an\u00e1lises comportamentais. O ponto de partida foi um encontro, h\u00e1 alguns anos, com um homem que se tornou o catalisador dos meus estudos. Conhecemo-nos no ambiente de trabalho. A princ\u00edpio, uma amizade cordial, embora certas nuances j\u00e1 denunciassem que algo [&hellip;]","og_url":"https:\/\/www.notibras.com\/site\/uma-reflexao-sobre-a-formacao-do-masculino\/","og_site_name":"Notibras","article_publisher":"https:\/\/www.facebook.com\/notibras\/","article_published_time":"2026-02-21T04:00:41+00:00","og_image":[{"width":1024,"height":1024,"url":"https:\/\/www.notibras.com\/site\/wp-content\/uploads\/2026\/02\/WhatsApp-Image-2026-02-20-at-02.40.00.jpeg","type":"image\/jpeg"}],"author":"Eduardo Mart\u00ednez","twitter_card":"summary_large_image","twitter_creator":"@Notibras","twitter_site":"@Notibras","twitter_misc":{"Escrito por":"Eduardo Mart\u00ednez","Est. tempo de leitura":"4 minutos"},"schema":{"@context":"https:\/\/schema.org","@graph":[{"@type":"Article","@id":"https:\/\/www.notibras.com\/site\/uma-reflexao-sobre-a-formacao-do-masculino\/#article","isPartOf":{"@id":"https:\/\/www.notibras.com\/site\/uma-reflexao-sobre-a-formacao-do-masculino\/"},"author":{"name":"Eduardo Mart\u00ednez","@id":"https:\/\/www.notibras.com\/site\/#\/schema\/person\/5b7fabf2aedc3ada2105f03b22b4d3dd"},"headline":"Uma reflex\u00e3o sobre a forma\u00e7\u00e3o do masculino","datePublished":"2026-02-21T04:00:41+00:00","mainEntityOfPage":{"@id":"https:\/\/www.notibras.com\/site\/uma-reflexao-sobre-a-formacao-do-masculino\/"},"wordCount":577,"publisher":{"@id":"https:\/\/www.notibras.com\/site\/#organization"},"image":{"@id":"https:\/\/www.notibras.com\/site\/uma-reflexao-sobre-a-formacao-do-masculino\/#primaryimage"},"thumbnailUrl":"https:\/\/www.notibras.com\/site\/wp-content\/uploads\/2026\/02\/WhatsApp-Image-2026-02-20-at-02.40.00.jpeg","articleSection":["Caf\u00e9 Liter\u00e1rio"],"inLanguage":"pt-BR"},{"@type":"WebPage","@id":"https:\/\/www.notibras.com\/site\/uma-reflexao-sobre-a-formacao-do-masculino\/","url":"https:\/\/www.notibras.com\/site\/uma-reflexao-sobre-a-formacao-do-masculino\/","name":"Uma reflex\u00e3o sobre a forma\u00e7\u00e3o do masculino - Notibras","isPartOf":{"@id":"https:\/\/www.notibras.com\/site\/#website"},"primaryImageOfPage":{"@id":"https:\/\/www.notibras.com\/site\/uma-reflexao-sobre-a-formacao-do-masculino\/#primaryimage"},"image":{"@id":"https:\/\/www.notibras.com\/site\/uma-reflexao-sobre-a-formacao-do-masculino\/#primaryimage"},"thumbnailUrl":"https:\/\/www.notibras.com\/site\/wp-content\/uploads\/2026\/02\/WhatsApp-Image-2026-02-20-at-02.40.00.jpeg","datePublished":"2026-02-21T04:00:41+00:00","breadcrumb":{"@id":"https:\/\/www.notibras.com\/site\/uma-reflexao-sobre-a-formacao-do-masculino\/#breadcrumb"},"inLanguage":"pt-BR","potentialAction":[{"@type":"ReadAction","target":["https:\/\/www.notibras.com\/site\/uma-reflexao-sobre-a-formacao-do-masculino\/"]}]},{"@type":"ImageObject","inLanguage":"pt-BR","@id":"https:\/\/www.notibras.com\/site\/uma-reflexao-sobre-a-formacao-do-masculino\/#primaryimage","url":"https:\/\/www.notibras.com\/site\/wp-content\/uploads\/2026\/02\/WhatsApp-Image-2026-02-20-at-02.40.00.jpeg","contentUrl":"https:\/\/www.notibras.com\/site\/wp-content\/uploads\/2026\/02\/WhatsApp-Image-2026-02-20-at-02.40.00.jpeg","width":1024,"height":1024},{"@type":"BreadcrumbList","@id":"https:\/\/www.notibras.com\/site\/uma-reflexao-sobre-a-formacao-do-masculino\/#breadcrumb","itemListElement":[{"@type":"ListItem","position":1,"name":"In\u00edcio","item":"https:\/\/www.notibras.com\/site\/"},{"@type":"ListItem","position":2,"name":"Uma reflex\u00e3o sobre a forma\u00e7\u00e3o do masculino"}]},{"@type":"WebSite","@id":"https:\/\/www.notibras.com\/site\/#website","url":"https:\/\/www.notibras.com\/site\/","name":"Notibras","description":"Not\u00edcias de Bras\u00edlia, do Brasil e do Mundo","publisher":{"@id":"https:\/\/www.notibras.com\/site\/#organization"},"potentialAction":[{"@type":"SearchAction","target":{"@type":"EntryPoint","urlTemplate":"https:\/\/www.notibras.com\/site\/?s={search_term_string}"},"query-input":{"@type":"PropertyValueSpecification","valueRequired":true,"valueName":"search_term_string"}}],"inLanguage":"pt-BR"},{"@type":"Organization","@id":"https:\/\/www.notibras.com\/site\/#organization","name":"Grupo Notibras de Comunica\u00e7\u00e3o","url":"https:\/\/www.notibras.com\/site\/","logo":{"@type":"ImageObject","inLanguage":"pt-BR","@id":"https:\/\/www.notibras.com\/site\/#\/schema\/logo\/image\/","url":"https:\/\/www.notibras.com\/site\/wp-content\/uploads\/2023\/01\/notibras23.png","contentUrl":"https:\/\/www.notibras.com\/site\/wp-content\/uploads\/2023\/01\/notibras23.png","width":350,"height":87,"caption":"Grupo Notibras de Comunica\u00e7\u00e3o"},"image":{"@id":"https:\/\/www.notibras.com\/site\/#\/schema\/logo\/image\/"},"sameAs":["https:\/\/www.facebook.com\/notibras\/","https:\/\/x.com\/Notibras","https:\/\/www.instagram.com\/notibras\/"]},{"@type":"Person","@id":"https:\/\/www.notibras.com\/site\/#\/schema\/person\/5b7fabf2aedc3ada2105f03b22b4d3dd","name":"Eduardo Mart\u00ednez","image":{"@type":"ImageObject","inLanguage":"pt-BR","@id":"https:\/\/secure.gravatar.com\/avatar\/7902f906289926289cbcda644b5197c796b893c6ffd7b9a536a42d290f7704a0?s=96&d=mm&r=g","url":"https:\/\/secure.gravatar.com\/avatar\/7902f906289926289cbcda644b5197c796b893c6ffd7b9a536a42d290f7704a0?s=96&d=mm&r=g","contentUrl":"https:\/\/secure.gravatar.com\/avatar\/7902f906289926289cbcda644b5197c796b893c6ffd7b9a536a42d290f7704a0?s=96&d=mm&r=g","caption":"Eduardo Mart\u00ednez"}}]}},"amp_enabled":true,"_links":{"self":[{"href":"https:\/\/www.notibras.com\/site\/wp-json\/wp\/v2\/posts\/383961","targetHints":{"allow":["GET"]}}],"collection":[{"href":"https:\/\/www.notibras.com\/site\/wp-json\/wp\/v2\/posts"}],"about":[{"href":"https:\/\/www.notibras.com\/site\/wp-json\/wp\/v2\/types\/post"}],"author":[{"embeddable":true,"href":"https:\/\/www.notibras.com\/site\/wp-json\/wp\/v2\/users\/21"}],"replies":[{"embeddable":true,"href":"https:\/\/www.notibras.com\/site\/wp-json\/wp\/v2\/comments?post=383961"}],"version-history":[{"count":2,"href":"https:\/\/www.notibras.com\/site\/wp-json\/wp\/v2\/posts\/383961\/revisions"}],"predecessor-version":[{"id":383964,"href":"https:\/\/www.notibras.com\/site\/wp-json\/wp\/v2\/posts\/383961\/revisions\/383964"}],"wp:featuredmedia":[{"embeddable":true,"href":"https:\/\/www.notibras.com\/site\/wp-json\/wp\/v2\/media\/383962"}],"wp:attachment":[{"href":"https:\/\/www.notibras.com\/site\/wp-json\/wp\/v2\/media?parent=383961"}],"wp:term":[{"taxonomy":"category","embeddable":true,"href":"https:\/\/www.notibras.com\/site\/wp-json\/wp\/v2\/categories?post=383961"},{"taxonomy":"post_tag","embeddable":true,"href":"https:\/\/www.notibras.com\/site\/wp-json\/wp\/v2\/tags?post=383961"}],"curies":[{"name":"wp","href":"https:\/\/api.w.org\/{rel}","templated":true}]}}