{"id":383965,"date":"2026-02-20T05:11:36","date_gmt":"2026-02-20T08:11:36","guid":{"rendered":"https:\/\/www.notibras.com\/site\/?p=383965"},"modified":"2026-02-20T05:14:34","modified_gmt":"2026-02-20T08:14:34","slug":"ph-vai-depor-de-novo-pode-ser-novo-feixe-de-lenha-ou-agua-no-fogo","status":"publish","type":"post","link":"https:\/\/www.notibras.com\/site\/ph-vai-depor-de-novo-pode-ser-novo-feixe-de-lenha-ou-agua-no-fogo\/","title":{"rendered":"PH vai depor de novo; pode ser novo feixe de lenha ou \u00e1gua no fogo"},"content":{"rendered":"<p>Vem a\u00ed um depoimento que cria vibra\u00e7\u00f5es e supostas inquieta\u00e7\u00f5es antes mesmo de acontecer. \u00c9 que Paulo Henrique Costa, ex-presidente do BRB, est\u00e1 decidido a sentar-se de novo t\u00eate-\u00e0-t\u00eate com os investigadores do Caso Master. N\u00e3o cabe especular o que ser\u00e1 dito aos homens da Pol\u00edcia Federal. Mas em Bras\u00edlia, onde at\u00e9 o sil\u00eancio costuma ter assessoria, o ato de querer falar n\u00e3o \u00e9, por si s\u00f3, simplesmente desejar acrescentar ou recuar do que j\u00e1 foi dito. O gesto \u00e9 visto quase sempre como uma mensagem enviada sem envelope, lida antes mesmo de ser escrita.<\/p>\n<p>A volta de PH \u00e0 Pol\u00edcia Federal para \u201cesclarecer pontos\u201d do caso que envolve o BRB e o Banco Master tem a eleg\u00e2ncia t\u00edpica das frases cuidadosamente neutras. Esclarecer pontos \u00e9 uma express\u00e3o curiosa, uma vez que pode significar tudo, inclusive nada. Mas, politicamente, significa muito.<\/p>\n<p>Isso porque, no Distrito Federal, depoimentos n\u00e3o caminham sozinhos. Eles arrastam expectativas, rearranjam cautelas e fazem com que aliados passem a falar baixo. N\u00e3o que se trate de discri\u00e7\u00e3o, mas de c\u00e1lculo ac\u00fastico. Nunca se sabe de que lado vir\u00e1 o eco.<\/p>\n<p>A liturgia do retorno \u00e9 um direito; \u00e0s vezes, por\u00e9m, \u00e9 estrat\u00e9gia. No mundo jur\u00eddico, chama-se a isso complemento de informa\u00e7\u00f5es. J\u00e1 no campo pol\u00edtico, \u00e9 sin\u00f4nimo de movimento. E movimentos, em Bras\u00edlia, raramente s\u00e3o inocentes. S\u00e3o como pe\u00e7as de xadrez que fingem n\u00e3o saber que est\u00e3o num tabuleiro.<\/p>\n<p>N\u00e3o se trata aqui de antecipar conte\u00fado, porque os autos seguem silenciosos, como conv\u00e9m \u00e0s investiga\u00e7\u00f5es que ainda respiram. Mas o gesto, por si s\u00f3, j\u00e1 produz efeito. Reacende conversas interrompidas, revive prud\u00eancias esquecidas e faz surgir aquela velha pergunta. Como me confidencia um interlocutor do entorno de Paulo Henrique, ele vai apenas explicar\u2026 ou vai contar?<\/p>\n<p>Pergunta injusta, claro. Por\u00e9m irresist\u00edvel, principalmente quando circula em corredores acarpetados, onde tamb\u00e9m pode ser visto o fantasma da palavra \u201ccolabora\u00e7\u00e3o\u201d. Vale registrar, dentro desse contexto, que toda vez que algu\u00e9m deseja falar novamente com investigadores, surge nos bastidores um termo que ningu\u00e9m pronuncia em voz alta, mas todos soletram mentalmente. \u00c9 a tal da dela\u00e7\u00e3o premiada.<\/p>\n<p>&#8216;Colabora\u00e7\u00e3o&#8217;, pode-se dizer, \u00e9 algo que se assemelha a nuvem de ver\u00e3o, que pode chover ou pode apenas amea\u00e7ar. E, como toda nuvem pol\u00edtica, sua for\u00e7a est\u00e1 menos na \u00e1gua que carrega e mais na sombra que projeta.<\/p>\n<p>Particularmente, com base no que ouvi de interlocutores comuns, PH n\u00e3o est\u00e1 propenso a uma dela\u00e7\u00e3o. Mas n\u00e3o se pode esquivar do fato de que a legisla\u00e7\u00e3o \u00e9 clara, os requisitos s\u00e3o objetivos, os ritos s\u00e3o formais. Diferentemente da pol\u00edtica, onde a prefer\u00eancia \u00e9 trabalhar com pressentimentos.<\/p>\n<p>Por isso, antes mesmo de existir qualquer acordo, j\u00e1 existe narrativa. Antes da prova, j\u00e1 existe vers\u00e3o. Antes do fato, j\u00e1 existe an\u00e1lise \u201cem off\u201d. Esse \u00e9 um talento natural de Bras\u00edlia, onde costumam antecipar consequ\u00eancias de coisas que talvez nunca aconte\u00e7am.<\/p>\n<p>O certo \u00e9 que o epis\u00f3dio BRB-Master deixou de ser apenas um assunto financeiro faz tempo. Bancos p\u00fablicos, por defini\u00e7\u00e3o, guardam dinheiro e simbolismos. Quando entram em investiga\u00e7\u00e3o, o cofre que se abre n\u00e3o \u00e9 s\u00f3 cont\u00e1bil, mas institucional. Da\u00ed o cuidado com toda a coreografia que passou a cercar o tema. \u00c9 verdade que ningu\u00e9m quer ser protagonista de uma hist\u00f3ria cujo final ainda n\u00e3o foi escrito, embora todos queiram garantir que, quando for chegado o momento do epilogo, n\u00e3o estejam na p\u00e1gina errada.<\/p>\n<p>Enquanto isso, a pol\u00edtica local observa com sua conhecida serenidade ansiosa. Reina uma calma aparente que soa como quem espera o elevador chegar sabendo que algu\u00e9m importante est\u00e1 l\u00e1 dentro. Nessas ocasi\u00f5es, chega-se a sentir o peso das palavras que ainda n\u00e3o foram ditas. Ou talvez, no fim, o novo depoimento diga pouco.<\/p>\n<p>Paulo Henrique pode, quem sabe, apenas esclarecer rotinas, detalhar procedimentos, confirmar vers\u00f5es j\u00e1 conhecidas. Um depoimento com um desfecho mais t\u00e9cnico e, portanto, bem menos interessante para quem vive da tens\u00e3o de narrativas.<\/p>\n<p>Mas \u00e9 for\u00e7oso admitir que h\u00e1 sempre a possibilidade contr\u00e1ria, ainda que remota. E \u00e9 ela que move o burburinho. \u00c9 a velha Bras\u00edlia &#8211; n\u00e3o a amarela, mas a empoeirada -, onde o que realmente importa nunca \u00e9 o que j\u00e1 foi dito, e sim o que ainda pode ser dito.<\/p>\n<p>E poucas coisas produzem mais inquieta\u00e7\u00e3o no poder do que algu\u00e9m disposto a falar \u2014 mesmo que, no final, n\u00e3o diga nada de novo. Ainda assim, todos escutam, seja por precau\u00e7\u00e3o ou para guardar na mem\u00f3ria. Porque, reitere-se, em Bras\u00edlia, as duas coisas costumam ser a mesma. Por fim, um detalhe que n\u00e3o pode passar despercebido: somente Paulo Henrique Costa e seu advogado Cleber Lopes t\u00eam em mente o que ser\u00e1 dito; portanto, algu\u00e9m pode especular em lenha ou \u00e1gua na fogueira. Como n\u00e3o sou de apostar, prefiro manter minhas moedas na algibeira.<\/p>\n<p>&#8230;&#8230;&#8230;&#8230;&#8230;.<\/p>\n<p><strong>Jos\u00e9 Seabra \u00e9 CEO fundador de Notibras<\/strong><\/p>\n","protected":false},"excerpt":{"rendered":"<p>Vem a\u00ed um depoimento que cria vibra\u00e7\u00f5es e supostas inquieta\u00e7\u00f5es antes mesmo de acontecer. \u00c9 que Paulo Henrique Costa, ex-presidente do BRB, est\u00e1 decidido a sentar-se de novo t\u00eate-\u00e0-t\u00eate com os investigadores do Caso Master. N\u00e3o cabe especular o que ser\u00e1 dito aos homens da Pol\u00edcia Federal. Mas em Bras\u00edlia, onde at\u00e9 o sil\u00eancio costuma [&hellip;]<\/p>\n","protected":false},"author":2,"featured_media":243806,"comment_status":"closed","ping_status":"closed","sticky":false,"template":"","format":"standard","meta":{"_acf_changed":false,"footnotes":""},"categories":[161],"tags":[95],"class_list":["post-383965","post","type-post","status-publish","format-standard","has-post-thumbnail","hentry","category-quadradinho-em-foco","tag-capa"],"acf":[],"yoast_head":"<!-- This site is optimized with the Yoast SEO plugin v27.2 - https:\/\/yoast.com\/product\/yoast-seo-wordpress\/ -->\n<title>PH vai depor de novo; pode ser novo feixe de lenha ou \u00e1gua no fogo - Notibras<\/title>\n<meta name=\"robots\" content=\"index, follow, max-snippet:-1, max-image-preview:large, max-video-preview:-1\" \/>\n<link rel=\"canonical\" href=\"https:\/\/www.notibras.com\/site\/ph-vai-depor-de-novo-pode-ser-novo-feixe-de-lenha-ou-agua-no-fogo\/\" \/>\n<meta property=\"og:locale\" content=\"pt_BR\" \/>\n<meta property=\"og:type\" content=\"article\" \/>\n<meta property=\"og:title\" content=\"PH vai depor de novo; pode ser novo feixe de lenha ou \u00e1gua no fogo - Notibras\" \/>\n<meta property=\"og:description\" content=\"Vem a\u00ed um depoimento que cria vibra\u00e7\u00f5es e supostas inquieta\u00e7\u00f5es antes mesmo de acontecer. \u00c9 que Paulo Henrique Costa, ex-presidente do BRB, est\u00e1 decidido a sentar-se de novo t\u00eate-\u00e0-t\u00eate com os investigadores do Caso Master. N\u00e3o cabe especular o que ser\u00e1 dito aos homens da Pol\u00edcia Federal. Mas em Bras\u00edlia, onde at\u00e9 o sil\u00eancio costuma [&hellip;]\" \/>\n<meta property=\"og:url\" content=\"https:\/\/www.notibras.com\/site\/ph-vai-depor-de-novo-pode-ser-novo-feixe-de-lenha-ou-agua-no-fogo\/\" \/>\n<meta property=\"og:site_name\" content=\"Notibras\" \/>\n<meta property=\"article:publisher\" content=\"https:\/\/www.facebook.com\/notibras\/\" \/>\n<meta property=\"article:published_time\" content=\"2026-02-20T08:11:36+00:00\" \/>\n<meta property=\"article:modified_time\" content=\"2026-02-20T08:14:34+00:00\" \/>\n<meta property=\"og:image\" content=\"https:\/\/www.notibras.com\/site\/wp-content\/uploads\/2020\/10\/Paulo-Henrique-Costa-Pres-BRB-CAPA-scaled.jpg\" \/>\n\t<meta property=\"og:image:width\" content=\"2560\" \/>\n\t<meta property=\"og:image:height\" content=\"1708\" \/>\n\t<meta property=\"og:image:type\" content=\"image\/jpeg\" \/>\n<meta name=\"author\" content=\"Reda\u00e7\u00e3o\" \/>\n<meta name=\"twitter:card\" content=\"summary_large_image\" \/>\n<meta name=\"twitter:creator\" content=\"@Notibras\" \/>\n<meta name=\"twitter:site\" content=\"@Notibras\" \/>\n<meta name=\"twitter:label1\" content=\"Escrito por\" \/>\n\t<meta name=\"twitter:data1\" content=\"Reda\u00e7\u00e3o\" \/>\n\t<meta name=\"twitter:label2\" content=\"Est. tempo de leitura\" \/>\n\t<meta name=\"twitter:data2\" content=\"5 minutos\" \/>\n<script type=\"application\/ld+json\" class=\"yoast-schema-graph\">{\"@context\":\"https:\/\/schema.org\",\"@graph\":[{\"@type\":\"Article\",\"@id\":\"https:\/\/www.notibras.com\/site\/ph-vai-depor-de-novo-pode-ser-novo-feixe-de-lenha-ou-agua-no-fogo\/#article\",\"isPartOf\":{\"@id\":\"https:\/\/www.notibras.com\/site\/ph-vai-depor-de-novo-pode-ser-novo-feixe-de-lenha-ou-agua-no-fogo\/\"},\"author\":{\"name\":\"Reda\u00e7\u00e3o\",\"@id\":\"https:\/\/www.notibras.com\/site\/#\/schema\/person\/36ab0979449956132d3e5b517ea76ac8\"},\"headline\":\"PH vai depor de novo; pode ser novo feixe de lenha ou \u00e1gua no fogo\",\"datePublished\":\"2026-02-20T08:11:36+00:00\",\"dateModified\":\"2026-02-20T08:14:34+00:00\",\"mainEntityOfPage\":{\"@id\":\"https:\/\/www.notibras.com\/site\/ph-vai-depor-de-novo-pode-ser-novo-feixe-de-lenha-ou-agua-no-fogo\/\"},\"wordCount\":882,\"publisher\":{\"@id\":\"https:\/\/www.notibras.com\/site\/#organization\"},\"image\":{\"@id\":\"https:\/\/www.notibras.com\/site\/ph-vai-depor-de-novo-pode-ser-novo-feixe-de-lenha-ou-agua-no-fogo\/#primaryimage\"},\"thumbnailUrl\":\"https:\/\/www.notibras.com\/site\/wp-content\/uploads\/2020\/10\/Paulo-Henrique-Costa-Pres-BRB-CAPA-scaled.jpg\",\"keywords\":[\"capa\"],\"articleSection\":[\"Quadradinho em Foco\"],\"inLanguage\":\"pt-BR\"},{\"@type\":\"WebPage\",\"@id\":\"https:\/\/www.notibras.com\/site\/ph-vai-depor-de-novo-pode-ser-novo-feixe-de-lenha-ou-agua-no-fogo\/\",\"url\":\"https:\/\/www.notibras.com\/site\/ph-vai-depor-de-novo-pode-ser-novo-feixe-de-lenha-ou-agua-no-fogo\/\",\"name\":\"PH vai depor de novo; pode ser novo feixe de lenha ou \u00e1gua no fogo - Notibras\",\"isPartOf\":{\"@id\":\"https:\/\/www.notibras.com\/site\/#website\"},\"primaryImageOfPage\":{\"@id\":\"https:\/\/www.notibras.com\/site\/ph-vai-depor-de-novo-pode-ser-novo-feixe-de-lenha-ou-agua-no-fogo\/#primaryimage\"},\"image\":{\"@id\":\"https:\/\/www.notibras.com\/site\/ph-vai-depor-de-novo-pode-ser-novo-feixe-de-lenha-ou-agua-no-fogo\/#primaryimage\"},\"thumbnailUrl\":\"https:\/\/www.notibras.com\/site\/wp-content\/uploads\/2020\/10\/Paulo-Henrique-Costa-Pres-BRB-CAPA-scaled.jpg\",\"datePublished\":\"2026-02-20T08:11:36+00:00\",\"dateModified\":\"2026-02-20T08:14:34+00:00\",\"breadcrumb\":{\"@id\":\"https:\/\/www.notibras.com\/site\/ph-vai-depor-de-novo-pode-ser-novo-feixe-de-lenha-ou-agua-no-fogo\/#breadcrumb\"},\"inLanguage\":\"pt-BR\",\"potentialAction\":[{\"@type\":\"ReadAction\",\"target\":[\"https:\/\/www.notibras.com\/site\/ph-vai-depor-de-novo-pode-ser-novo-feixe-de-lenha-ou-agua-no-fogo\/\"]}]},{\"@type\":\"ImageObject\",\"inLanguage\":\"pt-BR\",\"@id\":\"https:\/\/www.notibras.com\/site\/ph-vai-depor-de-novo-pode-ser-novo-feixe-de-lenha-ou-agua-no-fogo\/#primaryimage\",\"url\":\"https:\/\/www.notibras.com\/site\/wp-content\/uploads\/2020\/10\/Paulo-Henrique-Costa-Pres-BRB-CAPA-scaled.jpg\",\"contentUrl\":\"https:\/\/www.notibras.com\/site\/wp-content\/uploads\/2020\/10\/Paulo-Henrique-Costa-Pres-BRB-CAPA-scaled.jpg\",\"width\":2560,\"height\":1708},{\"@type\":\"BreadcrumbList\",\"@id\":\"https:\/\/www.notibras.com\/site\/ph-vai-depor-de-novo-pode-ser-novo-feixe-de-lenha-ou-agua-no-fogo\/#breadcrumb\",\"itemListElement\":[{\"@type\":\"ListItem\",\"position\":1,\"name\":\"In\u00edcio\",\"item\":\"https:\/\/www.notibras.com\/site\/\"},{\"@type\":\"ListItem\",\"position\":2,\"name\":\"PH vai depor de novo; pode ser novo feixe de lenha ou \u00e1gua no fogo\"}]},{\"@type\":\"WebSite\",\"@id\":\"https:\/\/www.notibras.com\/site\/#website\",\"url\":\"https:\/\/www.notibras.com\/site\/\",\"name\":\"Notibras\",\"description\":\"Not\u00edcias de Bras\u00edlia, do Brasil e do Mundo\",\"publisher\":{\"@id\":\"https:\/\/www.notibras.com\/site\/#organization\"},\"potentialAction\":[{\"@type\":\"SearchAction\",\"target\":{\"@type\":\"EntryPoint\",\"urlTemplate\":\"https:\/\/www.notibras.com\/site\/?s={search_term_string}\"},\"query-input\":{\"@type\":\"PropertyValueSpecification\",\"valueRequired\":true,\"valueName\":\"search_term_string\"}}],\"inLanguage\":\"pt-BR\"},{\"@type\":\"Organization\",\"@id\":\"https:\/\/www.notibras.com\/site\/#organization\",\"name\":\"Grupo Notibras de Comunica\u00e7\u00e3o\",\"url\":\"https:\/\/www.notibras.com\/site\/\",\"logo\":{\"@type\":\"ImageObject\",\"inLanguage\":\"pt-BR\",\"@id\":\"https:\/\/www.notibras.com\/site\/#\/schema\/logo\/image\/\",\"url\":\"https:\/\/www.notibras.com\/site\/wp-content\/uploads\/2023\/01\/notibras23.png\",\"contentUrl\":\"https:\/\/www.notibras.com\/site\/wp-content\/uploads\/2023\/01\/notibras23.png\",\"width\":350,\"height\":87,\"caption\":\"Grupo Notibras de Comunica\u00e7\u00e3o\"},\"image\":{\"@id\":\"https:\/\/www.notibras.com\/site\/#\/schema\/logo\/image\/\"},\"sameAs\":[\"https:\/\/www.facebook.com\/notibras\/\",\"https:\/\/x.com\/Notibras\",\"https:\/\/www.instagram.com\/notibras\/\"]},{\"@type\":\"Person\",\"@id\":\"https:\/\/www.notibras.com\/site\/#\/schema\/person\/36ab0979449956132d3e5b517ea76ac8\",\"name\":\"Reda\u00e7\u00e3o\",\"image\":{\"@type\":\"ImageObject\",\"inLanguage\":\"pt-BR\",\"@id\":\"https:\/\/secure.gravatar.com\/avatar\/e0a867bdedb85fd243eadf09663511f96fc81e0720a4a42581f334ad4303aa6b?s=96&d=mm&r=g\",\"url\":\"https:\/\/secure.gravatar.com\/avatar\/e0a867bdedb85fd243eadf09663511f96fc81e0720a4a42581f334ad4303aa6b?s=96&d=mm&r=g\",\"contentUrl\":\"https:\/\/secure.gravatar.com\/avatar\/e0a867bdedb85fd243eadf09663511f96fc81e0720a4a42581f334ad4303aa6b?s=96&d=mm&r=g\",\"caption\":\"Reda\u00e7\u00e3o\"}}]}<\/script>\n<!-- \/ Yoast SEO plugin. -->","yoast_head_json":{"title":"PH vai depor de novo; pode ser novo feixe de lenha ou \u00e1gua no fogo - Notibras","robots":{"index":"index","follow":"follow","max-snippet":"max-snippet:-1","max-image-preview":"max-image-preview:large","max-video-preview":"max-video-preview:-1"},"canonical":"https:\/\/www.notibras.com\/site\/ph-vai-depor-de-novo-pode-ser-novo-feixe-de-lenha-ou-agua-no-fogo\/","og_locale":"pt_BR","og_type":"article","og_title":"PH vai depor de novo; pode ser novo feixe de lenha ou \u00e1gua no fogo - Notibras","og_description":"Vem a\u00ed um depoimento que cria vibra\u00e7\u00f5es e supostas inquieta\u00e7\u00f5es antes mesmo de acontecer. \u00c9 que Paulo Henrique Costa, ex-presidente do BRB, est\u00e1 decidido a sentar-se de novo t\u00eate-\u00e0-t\u00eate com os investigadores do Caso Master. N\u00e3o cabe especular o que ser\u00e1 dito aos homens da Pol\u00edcia Federal. Mas em Bras\u00edlia, onde at\u00e9 o sil\u00eancio costuma [&hellip;]","og_url":"https:\/\/www.notibras.com\/site\/ph-vai-depor-de-novo-pode-ser-novo-feixe-de-lenha-ou-agua-no-fogo\/","og_site_name":"Notibras","article_publisher":"https:\/\/www.facebook.com\/notibras\/","article_published_time":"2026-02-20T08:11:36+00:00","article_modified_time":"2026-02-20T08:14:34+00:00","og_image":[{"width":2560,"height":1708,"url":"https:\/\/www.notibras.com\/site\/wp-content\/uploads\/2020\/10\/Paulo-Henrique-Costa-Pres-BRB-CAPA-scaled.jpg","type":"image\/jpeg"}],"author":"Reda\u00e7\u00e3o","twitter_card":"summary_large_image","twitter_creator":"@Notibras","twitter_site":"@Notibras","twitter_misc":{"Escrito por":"Reda\u00e7\u00e3o","Est. tempo de leitura":"5 minutos"},"schema":{"@context":"https:\/\/schema.org","@graph":[{"@type":"Article","@id":"https:\/\/www.notibras.com\/site\/ph-vai-depor-de-novo-pode-ser-novo-feixe-de-lenha-ou-agua-no-fogo\/#article","isPartOf":{"@id":"https:\/\/www.notibras.com\/site\/ph-vai-depor-de-novo-pode-ser-novo-feixe-de-lenha-ou-agua-no-fogo\/"},"author":{"name":"Reda\u00e7\u00e3o","@id":"https:\/\/www.notibras.com\/site\/#\/schema\/person\/36ab0979449956132d3e5b517ea76ac8"},"headline":"PH vai depor de novo; pode ser novo feixe de lenha ou \u00e1gua no fogo","datePublished":"2026-02-20T08:11:36+00:00","dateModified":"2026-02-20T08:14:34+00:00","mainEntityOfPage":{"@id":"https:\/\/www.notibras.com\/site\/ph-vai-depor-de-novo-pode-ser-novo-feixe-de-lenha-ou-agua-no-fogo\/"},"wordCount":882,"publisher":{"@id":"https:\/\/www.notibras.com\/site\/#organization"},"image":{"@id":"https:\/\/www.notibras.com\/site\/ph-vai-depor-de-novo-pode-ser-novo-feixe-de-lenha-ou-agua-no-fogo\/#primaryimage"},"thumbnailUrl":"https:\/\/www.notibras.com\/site\/wp-content\/uploads\/2020\/10\/Paulo-Henrique-Costa-Pres-BRB-CAPA-scaled.jpg","keywords":["capa"],"articleSection":["Quadradinho em Foco"],"inLanguage":"pt-BR"},{"@type":"WebPage","@id":"https:\/\/www.notibras.com\/site\/ph-vai-depor-de-novo-pode-ser-novo-feixe-de-lenha-ou-agua-no-fogo\/","url":"https:\/\/www.notibras.com\/site\/ph-vai-depor-de-novo-pode-ser-novo-feixe-de-lenha-ou-agua-no-fogo\/","name":"PH vai depor de novo; pode ser novo feixe de lenha ou \u00e1gua no fogo - Notibras","isPartOf":{"@id":"https:\/\/www.notibras.com\/site\/#website"},"primaryImageOfPage":{"@id":"https:\/\/www.notibras.com\/site\/ph-vai-depor-de-novo-pode-ser-novo-feixe-de-lenha-ou-agua-no-fogo\/#primaryimage"},"image":{"@id":"https:\/\/www.notibras.com\/site\/ph-vai-depor-de-novo-pode-ser-novo-feixe-de-lenha-ou-agua-no-fogo\/#primaryimage"},"thumbnailUrl":"https:\/\/www.notibras.com\/site\/wp-content\/uploads\/2020\/10\/Paulo-Henrique-Costa-Pres-BRB-CAPA-scaled.jpg","datePublished":"2026-02-20T08:11:36+00:00","dateModified":"2026-02-20T08:14:34+00:00","breadcrumb":{"@id":"https:\/\/www.notibras.com\/site\/ph-vai-depor-de-novo-pode-ser-novo-feixe-de-lenha-ou-agua-no-fogo\/#breadcrumb"},"inLanguage":"pt-BR","potentialAction":[{"@type":"ReadAction","target":["https:\/\/www.notibras.com\/site\/ph-vai-depor-de-novo-pode-ser-novo-feixe-de-lenha-ou-agua-no-fogo\/"]}]},{"@type":"ImageObject","inLanguage":"pt-BR","@id":"https:\/\/www.notibras.com\/site\/ph-vai-depor-de-novo-pode-ser-novo-feixe-de-lenha-ou-agua-no-fogo\/#primaryimage","url":"https:\/\/www.notibras.com\/site\/wp-content\/uploads\/2020\/10\/Paulo-Henrique-Costa-Pres-BRB-CAPA-scaled.jpg","contentUrl":"https:\/\/www.notibras.com\/site\/wp-content\/uploads\/2020\/10\/Paulo-Henrique-Costa-Pres-BRB-CAPA-scaled.jpg","width":2560,"height":1708},{"@type":"BreadcrumbList","@id":"https:\/\/www.notibras.com\/site\/ph-vai-depor-de-novo-pode-ser-novo-feixe-de-lenha-ou-agua-no-fogo\/#breadcrumb","itemListElement":[{"@type":"ListItem","position":1,"name":"In\u00edcio","item":"https:\/\/www.notibras.com\/site\/"},{"@type":"ListItem","position":2,"name":"PH vai depor de novo; pode ser novo feixe de lenha ou \u00e1gua no fogo"}]},{"@type":"WebSite","@id":"https:\/\/www.notibras.com\/site\/#website","url":"https:\/\/www.notibras.com\/site\/","name":"Notibras","description":"Not\u00edcias de Bras\u00edlia, do Brasil e do Mundo","publisher":{"@id":"https:\/\/www.notibras.com\/site\/#organization"},"potentialAction":[{"@type":"SearchAction","target":{"@type":"EntryPoint","urlTemplate":"https:\/\/www.notibras.com\/site\/?s={search_term_string}"},"query-input":{"@type":"PropertyValueSpecification","valueRequired":true,"valueName":"search_term_string"}}],"inLanguage":"pt-BR"},{"@type":"Organization","@id":"https:\/\/www.notibras.com\/site\/#organization","name":"Grupo Notibras de Comunica\u00e7\u00e3o","url":"https:\/\/www.notibras.com\/site\/","logo":{"@type":"ImageObject","inLanguage":"pt-BR","@id":"https:\/\/www.notibras.com\/site\/#\/schema\/logo\/image\/","url":"https:\/\/www.notibras.com\/site\/wp-content\/uploads\/2023\/01\/notibras23.png","contentUrl":"https:\/\/www.notibras.com\/site\/wp-content\/uploads\/2023\/01\/notibras23.png","width":350,"height":87,"caption":"Grupo Notibras de Comunica\u00e7\u00e3o"},"image":{"@id":"https:\/\/www.notibras.com\/site\/#\/schema\/logo\/image\/"},"sameAs":["https:\/\/www.facebook.com\/notibras\/","https:\/\/x.com\/Notibras","https:\/\/www.instagram.com\/notibras\/"]},{"@type":"Person","@id":"https:\/\/www.notibras.com\/site\/#\/schema\/person\/36ab0979449956132d3e5b517ea76ac8","name":"Reda\u00e7\u00e3o","image":{"@type":"ImageObject","inLanguage":"pt-BR","@id":"https:\/\/secure.gravatar.com\/avatar\/e0a867bdedb85fd243eadf09663511f96fc81e0720a4a42581f334ad4303aa6b?s=96&d=mm&r=g","url":"https:\/\/secure.gravatar.com\/avatar\/e0a867bdedb85fd243eadf09663511f96fc81e0720a4a42581f334ad4303aa6b?s=96&d=mm&r=g","contentUrl":"https:\/\/secure.gravatar.com\/avatar\/e0a867bdedb85fd243eadf09663511f96fc81e0720a4a42581f334ad4303aa6b?s=96&d=mm&r=g","caption":"Reda\u00e7\u00e3o"}}]}},"amp_enabled":true,"_links":{"self":[{"href":"https:\/\/www.notibras.com\/site\/wp-json\/wp\/v2\/posts\/383965","targetHints":{"allow":["GET"]}}],"collection":[{"href":"https:\/\/www.notibras.com\/site\/wp-json\/wp\/v2\/posts"}],"about":[{"href":"https:\/\/www.notibras.com\/site\/wp-json\/wp\/v2\/types\/post"}],"author":[{"embeddable":true,"href":"https:\/\/www.notibras.com\/site\/wp-json\/wp\/v2\/users\/2"}],"replies":[{"embeddable":true,"href":"https:\/\/www.notibras.com\/site\/wp-json\/wp\/v2\/comments?post=383965"}],"version-history":[{"count":4,"href":"https:\/\/www.notibras.com\/site\/wp-json\/wp\/v2\/posts\/383965\/revisions"}],"predecessor-version":[{"id":383971,"href":"https:\/\/www.notibras.com\/site\/wp-json\/wp\/v2\/posts\/383965\/revisions\/383971"}],"wp:featuredmedia":[{"embeddable":true,"href":"https:\/\/www.notibras.com\/site\/wp-json\/wp\/v2\/media\/243806"}],"wp:attachment":[{"href":"https:\/\/www.notibras.com\/site\/wp-json\/wp\/v2\/media?parent=383965"}],"wp:term":[{"taxonomy":"category","embeddable":true,"href":"https:\/\/www.notibras.com\/site\/wp-json\/wp\/v2\/categories?post=383965"},{"taxonomy":"post_tag","embeddable":true,"href":"https:\/\/www.notibras.com\/site\/wp-json\/wp\/v2\/tags?post=383965"}],"curies":[{"name":"wp","href":"https:\/\/api.w.org\/{rel}","templated":true}]}}