{"id":383977,"date":"2026-02-20T07:10:27","date_gmt":"2026-02-20T10:10:27","guid":{"rendered":"https:\/\/www.notibras.com\/site\/?p=383977"},"modified":"2026-02-20T07:11:45","modified_gmt":"2026-02-20T10:11:45","slug":"chas-milagrosos-garantiram-meio-pau-a-aristarco-ate-92-anos","status":"publish","type":"post","link":"https:\/\/www.notibras.com\/site\/chas-milagrosos-garantiram-meio-pau-a-aristarco-ate-92-anos\/","title":{"rendered":"Ch\u00e1s milagrosos garantiram meio pau a Aristarco at\u00e9 92 anos"},"content":{"rendered":"<p>Sempre atento \u00e0s crendices populares e aos ensinamentos dos mais velhos, voltei ao t\u00fanel do tempo e cheguei \u00e0s beberagens de minha av\u00f3 Anast\u00e1cia Pederneira. \u00cdndia uruguaia, ela era craque na prepara\u00e7\u00e3o caseira de ervas supostamente terap\u00eauticas. O supostamente \u00e9 por minha conta, pois, enquanto viveu, se limitou ao cozimento medicinal de ervas. Geralmente desagrad\u00e1veis no gosto, as bebidas produzidas por ela eram santos rem\u00e9dios para todo tipo de doen\u00e7a, inclusive para unha encravada, remela no olho, virilha assada, al\u00e9m de espinhela e pinto ca\u00eddos.<\/p>\n<p>Do tipo cobaia amiga do in\u00edcio do s\u00e9culo 20, meu av\u00f4 Aristarco Pederneira viveu at\u00e9 92 anos e, at\u00e9 onde eu sei, morreu com o vigor a meio pau. Tudo porque um dos principais experimentos de vov\u00f3 ainda n\u00e3o havia sido testado pelos laborat\u00f3rios farmac\u00eauticos. Embora haja controv\u00e9rsias, foi dela a primeira experi\u00eancia medicamentosa que resultou no atual\u00edssimo e inquestion\u00e1vel Viagra. Me lembro como se fosse hoje, vov\u00f3 Anast\u00e1cia testando folhas variadas e cozidas em banho maria na velha e boa panela de argila.<\/p>\n<p>Foram ervas de todos os paus. Devido \u00e0 pressa como a mestra das ra\u00edzes manuseava e batia a imensa quantidade de especiarias, n\u00e3o me preocupei com as anota\u00e7\u00f5es. Entretanto, est\u00e3o guardadas na mem\u00f3ria todas as formas utilizadas por vov\u00f3 at\u00e9 que a f\u00f3rmula do ch\u00e1 finalmente estivesse conclu\u00edda. Na pr\u00f3pria relva, ela dispunha de grossos talos de Tiririca do Brejo, os quais, quando misturados com talos de Pata de Vaca, Cana do Brejo, Beringela, Pau-Tenente e Pau-Ferro, geravam o chamado Ch\u00e1 de Pic\u00e3o ou Ch\u00e1 de Pau-Barbado.<\/p>\n<p>S\u00e3o ch\u00e1s que ainda hoje fazem parte da dieta medicamentosa de homens, mulheres, crian\u00e7as e, principalmente, idosos. Famosa como reguladora da diabetes e do colesterol, a tal po\u00e7\u00e3o nunca foi m\u00e1gica. Todavia, por conta de sua for\u00e7a de dentro da fora e dos compostos retirados da diversidade filamentosa da clorofila das plantas, recebeu de vov\u00f3 Anast\u00e1cia um nome imbrochavelmente singular. Como a beberagem era uma mistura de todas as filas, nada mais natural que o Ch\u00e1 de Pic\u00e3o ou de Pau-Barbado fossem batizados de ch\u00e1 de todas as filas.<\/p>\n<p>N\u00e3o tenho informa\u00e7\u00f5es mais precisas, mas tudo me leva a crer que o Tadalafila de nossos dias tem tudo a ver com as milagrosas infus\u00f5es de vov\u00f3. Como n\u00e3o tenho certeza de nada, at\u00e9 hoje mantenho as m\u00e1ximas que ela levou para o t\u00famulo, mas deixou escrito na mesinha de cabeceira para que copiasse. Entre as mais eloquentes, destaco aquela que credita o cultivo de ervas boas ao simbolismo do amor-pr\u00f3prio e a que afirma que cuidar de uma planta \u00e9 cuidar do pr\u00f3prio cora\u00e7\u00e3o. Nenhuma delas, por\u00e9m, \u00e9 t\u00e3o profunda como a que diz que o sil\u00eancio das plantas fala alto para a alma.<\/p>\n<p>Senti isso logo ap\u00f3s o fim da folia dedicada a Momo. Cansado da guerra f\u00edsica, emocional e sem sexual dos quatro dias de samba, suor e cerveja, acordei nas cinzas do benjoim, do alecrim, da alfazema, da guin\u00e9 e da arruda defumada. Como n\u00e3o tinha anota\u00e7\u00f5es, meu ch\u00e1 acabou virando um fuzu\u00ea. O pau barbado e o pic\u00e3o viraram hist\u00f3ria. Mesmo desfilando como mestre-sala no bloco do eu sozinho, fazendo o percurso do sof\u00e1 para a cama, meu pacot\u00e3o de ch\u00e1 virou uma charada. Foi a\u00ed que resolvi beber alguma coisa para me acalmar. Desisti ao ler o que estava escrito na caixa: Mate. Diante de tanto pau, meu medo foi morrer sem ver a Shakira e ter de enfrentar sob sete palmos os demonizados ch\u00e1s de Pau Roxo e de Pic\u00e3o-Preto. Meu Deus! Se ainda puder, prefiro o de Mil Homens.<\/p>\n<p>&#8230;&#8230;&#8230;&#8230;..<\/p>\n<p><strong>Wenceslau Ara\u00fajo \u00e9 Editor-Chefe de Notibras<\/strong><\/p>\n","protected":false},"excerpt":{"rendered":"<p>Sempre atento \u00e0s crendices populares e aos ensinamentos dos mais velhos, voltei ao t\u00fanel do tempo e cheguei \u00e0s beberagens de minha av\u00f3 Anast\u00e1cia Pederneira. \u00cdndia uruguaia, ela era craque na prepara\u00e7\u00e3o caseira de ervas supostamente terap\u00eauticas. O supostamente \u00e9 por minha conta, pois, enquanto viveu, se limitou ao cozimento medicinal de ervas. Geralmente desagrad\u00e1veis [&hellip;]<\/p>\n","protected":false},"author":2,"featured_media":383978,"comment_status":"closed","ping_status":"closed","sticky":false,"template":"","format":"standard","meta":{"_acf_changed":false,"footnotes":""},"categories":[16],"tags":[],"class_list":["post-383977","post","type-post","status-publish","format-standard","has-post-thumbnail","hentry","category-brasil"],"acf":[],"yoast_head":"<!-- This site is optimized with the Yoast SEO plugin v27.2 - https:\/\/yoast.com\/product\/yoast-seo-wordpress\/ -->\n<title>Ch\u00e1s milagrosos garantiram meio pau a Aristarco at\u00e9 92 anos - Notibras<\/title>\n<meta name=\"robots\" content=\"index, follow, max-snippet:-1, max-image-preview:large, max-video-preview:-1\" \/>\n<link rel=\"canonical\" href=\"https:\/\/www.notibras.com\/site\/chas-milagrosos-garantiram-meio-pau-a-aristarco-ate-92-anos\/\" \/>\n<meta property=\"og:locale\" content=\"pt_BR\" \/>\n<meta property=\"og:type\" content=\"article\" \/>\n<meta property=\"og:title\" content=\"Ch\u00e1s milagrosos garantiram meio pau a Aristarco at\u00e9 92 anos - Notibras\" \/>\n<meta property=\"og:description\" content=\"Sempre atento \u00e0s crendices populares e aos ensinamentos dos mais velhos, voltei ao t\u00fanel do tempo e cheguei \u00e0s beberagens de minha av\u00f3 Anast\u00e1cia Pederneira. \u00cdndia uruguaia, ela era craque na prepara\u00e7\u00e3o caseira de ervas supostamente terap\u00eauticas. O supostamente \u00e9 por minha conta, pois, enquanto viveu, se limitou ao cozimento medicinal de ervas. Geralmente desagrad\u00e1veis [&hellip;]\" \/>\n<meta property=\"og:url\" content=\"https:\/\/www.notibras.com\/site\/chas-milagrosos-garantiram-meio-pau-a-aristarco-ate-92-anos\/\" \/>\n<meta property=\"og:site_name\" content=\"Notibras\" \/>\n<meta property=\"article:publisher\" content=\"https:\/\/www.facebook.com\/notibras\/\" \/>\n<meta property=\"article:published_time\" content=\"2026-02-20T10:10:27+00:00\" \/>\n<meta property=\"article:modified_time\" content=\"2026-02-20T10:11:45+00:00\" \/>\n<meta property=\"og:image\" content=\"https:\/\/www.notibras.com\/site\/wp-content\/uploads\/2026\/02\/d334c279-242e-4cac-b577-b5a8547a0f15-683x1024.png\" \/>\n\t<meta property=\"og:image:width\" content=\"683\" \/>\n\t<meta property=\"og:image:height\" content=\"1024\" \/>\n\t<meta property=\"og:image:type\" content=\"image\/png\" \/>\n<meta name=\"author\" content=\"Reda\u00e7\u00e3o\" \/>\n<meta name=\"twitter:card\" content=\"summary_large_image\" \/>\n<meta name=\"twitter:creator\" content=\"@Notibras\" \/>\n<meta name=\"twitter:site\" content=\"@Notibras\" \/>\n<meta name=\"twitter:label1\" content=\"Escrito por\" \/>\n\t<meta name=\"twitter:data1\" content=\"Reda\u00e7\u00e3o\" \/>\n\t<meta name=\"twitter:label2\" content=\"Est. tempo de leitura\" \/>\n\t<meta name=\"twitter:data2\" content=\"4 minutos\" \/>\n<script type=\"application\/ld+json\" class=\"yoast-schema-graph\">{\"@context\":\"https:\/\/schema.org\",\"@graph\":[{\"@type\":\"Article\",\"@id\":\"https:\/\/www.notibras.com\/site\/chas-milagrosos-garantiram-meio-pau-a-aristarco-ate-92-anos\/#article\",\"isPartOf\":{\"@id\":\"https:\/\/www.notibras.com\/site\/chas-milagrosos-garantiram-meio-pau-a-aristarco-ate-92-anos\/\"},\"author\":{\"name\":\"Reda\u00e7\u00e3o\",\"@id\":\"https:\/\/www.notibras.com\/site\/#\/schema\/person\/36ab0979449956132d3e5b517ea76ac8\"},\"headline\":\"Ch\u00e1s milagrosos garantiram meio pau a Aristarco at\u00e9 92 anos\",\"datePublished\":\"2026-02-20T10:10:27+00:00\",\"dateModified\":\"2026-02-20T10:11:45+00:00\",\"mainEntityOfPage\":{\"@id\":\"https:\/\/www.notibras.com\/site\/chas-milagrosos-garantiram-meio-pau-a-aristarco-ate-92-anos\/\"},\"wordCount\":659,\"publisher\":{\"@id\":\"https:\/\/www.notibras.com\/site\/#organization\"},\"image\":{\"@id\":\"https:\/\/www.notibras.com\/site\/chas-milagrosos-garantiram-meio-pau-a-aristarco-ate-92-anos\/#primaryimage\"},\"thumbnailUrl\":\"https:\/\/www.notibras.com\/site\/wp-content\/uploads\/2026\/02\/d334c279-242e-4cac-b577-b5a8547a0f15.png\",\"articleSection\":[\"Brasil\"],\"inLanguage\":\"pt-BR\"},{\"@type\":\"WebPage\",\"@id\":\"https:\/\/www.notibras.com\/site\/chas-milagrosos-garantiram-meio-pau-a-aristarco-ate-92-anos\/\",\"url\":\"https:\/\/www.notibras.com\/site\/chas-milagrosos-garantiram-meio-pau-a-aristarco-ate-92-anos\/\",\"name\":\"Ch\u00e1s milagrosos garantiram meio pau a Aristarco at\u00e9 92 anos - Notibras\",\"isPartOf\":{\"@id\":\"https:\/\/www.notibras.com\/site\/#website\"},\"primaryImageOfPage\":{\"@id\":\"https:\/\/www.notibras.com\/site\/chas-milagrosos-garantiram-meio-pau-a-aristarco-ate-92-anos\/#primaryimage\"},\"image\":{\"@id\":\"https:\/\/www.notibras.com\/site\/chas-milagrosos-garantiram-meio-pau-a-aristarco-ate-92-anos\/#primaryimage\"},\"thumbnailUrl\":\"https:\/\/www.notibras.com\/site\/wp-content\/uploads\/2026\/02\/d334c279-242e-4cac-b577-b5a8547a0f15.png\",\"datePublished\":\"2026-02-20T10:10:27+00:00\",\"dateModified\":\"2026-02-20T10:11:45+00:00\",\"breadcrumb\":{\"@id\":\"https:\/\/www.notibras.com\/site\/chas-milagrosos-garantiram-meio-pau-a-aristarco-ate-92-anos\/#breadcrumb\"},\"inLanguage\":\"pt-BR\",\"potentialAction\":[{\"@type\":\"ReadAction\",\"target\":[\"https:\/\/www.notibras.com\/site\/chas-milagrosos-garantiram-meio-pau-a-aristarco-ate-92-anos\/\"]}]},{\"@type\":\"ImageObject\",\"inLanguage\":\"pt-BR\",\"@id\":\"https:\/\/www.notibras.com\/site\/chas-milagrosos-garantiram-meio-pau-a-aristarco-ate-92-anos\/#primaryimage\",\"url\":\"https:\/\/www.notibras.com\/site\/wp-content\/uploads\/2026\/02\/d334c279-242e-4cac-b577-b5a8547a0f15.png\",\"contentUrl\":\"https:\/\/www.notibras.com\/site\/wp-content\/uploads\/2026\/02\/d334c279-242e-4cac-b577-b5a8547a0f15.png\",\"width\":1024,\"height\":1536},{\"@type\":\"BreadcrumbList\",\"@id\":\"https:\/\/www.notibras.com\/site\/chas-milagrosos-garantiram-meio-pau-a-aristarco-ate-92-anos\/#breadcrumb\",\"itemListElement\":[{\"@type\":\"ListItem\",\"position\":1,\"name\":\"In\u00edcio\",\"item\":\"https:\/\/www.notibras.com\/site\/\"},{\"@type\":\"ListItem\",\"position\":2,\"name\":\"Ch\u00e1s milagrosos garantiram meio pau a Aristarco at\u00e9 92 anos\"}]},{\"@type\":\"WebSite\",\"@id\":\"https:\/\/www.notibras.com\/site\/#website\",\"url\":\"https:\/\/www.notibras.com\/site\/\",\"name\":\"Notibras\",\"description\":\"Not\u00edcias de Bras\u00edlia, do Brasil e do Mundo\",\"publisher\":{\"@id\":\"https:\/\/www.notibras.com\/site\/#organization\"},\"potentialAction\":[{\"@type\":\"SearchAction\",\"target\":{\"@type\":\"EntryPoint\",\"urlTemplate\":\"https:\/\/www.notibras.com\/site\/?s={search_term_string}\"},\"query-input\":{\"@type\":\"PropertyValueSpecification\",\"valueRequired\":true,\"valueName\":\"search_term_string\"}}],\"inLanguage\":\"pt-BR\"},{\"@type\":\"Organization\",\"@id\":\"https:\/\/www.notibras.com\/site\/#organization\",\"name\":\"Grupo Notibras de Comunica\u00e7\u00e3o\",\"url\":\"https:\/\/www.notibras.com\/site\/\",\"logo\":{\"@type\":\"ImageObject\",\"inLanguage\":\"pt-BR\",\"@id\":\"https:\/\/www.notibras.com\/site\/#\/schema\/logo\/image\/\",\"url\":\"https:\/\/www.notibras.com\/site\/wp-content\/uploads\/2023\/01\/notibras23.png\",\"contentUrl\":\"https:\/\/www.notibras.com\/site\/wp-content\/uploads\/2023\/01\/notibras23.png\",\"width\":350,\"height\":87,\"caption\":\"Grupo Notibras de Comunica\u00e7\u00e3o\"},\"image\":{\"@id\":\"https:\/\/www.notibras.com\/site\/#\/schema\/logo\/image\/\"},\"sameAs\":[\"https:\/\/www.facebook.com\/notibras\/\",\"https:\/\/x.com\/Notibras\",\"https:\/\/www.instagram.com\/notibras\/\"]},{\"@type\":\"Person\",\"@id\":\"https:\/\/www.notibras.com\/site\/#\/schema\/person\/36ab0979449956132d3e5b517ea76ac8\",\"name\":\"Reda\u00e7\u00e3o\",\"image\":{\"@type\":\"ImageObject\",\"inLanguage\":\"pt-BR\",\"@id\":\"https:\/\/secure.gravatar.com\/avatar\/e0a867bdedb85fd243eadf09663511f96fc81e0720a4a42581f334ad4303aa6b?s=96&d=mm&r=g\",\"url\":\"https:\/\/secure.gravatar.com\/avatar\/e0a867bdedb85fd243eadf09663511f96fc81e0720a4a42581f334ad4303aa6b?s=96&d=mm&r=g\",\"contentUrl\":\"https:\/\/secure.gravatar.com\/avatar\/e0a867bdedb85fd243eadf09663511f96fc81e0720a4a42581f334ad4303aa6b?s=96&d=mm&r=g\",\"caption\":\"Reda\u00e7\u00e3o\"}}]}<\/script>\n<!-- \/ Yoast SEO plugin. -->","yoast_head_json":{"title":"Ch\u00e1s milagrosos garantiram meio pau a Aristarco at\u00e9 92 anos - Notibras","robots":{"index":"index","follow":"follow","max-snippet":"max-snippet:-1","max-image-preview":"max-image-preview:large","max-video-preview":"max-video-preview:-1"},"canonical":"https:\/\/www.notibras.com\/site\/chas-milagrosos-garantiram-meio-pau-a-aristarco-ate-92-anos\/","og_locale":"pt_BR","og_type":"article","og_title":"Ch\u00e1s milagrosos garantiram meio pau a Aristarco at\u00e9 92 anos - Notibras","og_description":"Sempre atento \u00e0s crendices populares e aos ensinamentos dos mais velhos, voltei ao t\u00fanel do tempo e cheguei \u00e0s beberagens de minha av\u00f3 Anast\u00e1cia Pederneira. \u00cdndia uruguaia, ela era craque na prepara\u00e7\u00e3o caseira de ervas supostamente terap\u00eauticas. O supostamente \u00e9 por minha conta, pois, enquanto viveu, se limitou ao cozimento medicinal de ervas. Geralmente desagrad\u00e1veis [&hellip;]","og_url":"https:\/\/www.notibras.com\/site\/chas-milagrosos-garantiram-meio-pau-a-aristarco-ate-92-anos\/","og_site_name":"Notibras","article_publisher":"https:\/\/www.facebook.com\/notibras\/","article_published_time":"2026-02-20T10:10:27+00:00","article_modified_time":"2026-02-20T10:11:45+00:00","og_image":[{"width":683,"height":1024,"url":"https:\/\/www.notibras.com\/site\/wp-content\/uploads\/2026\/02\/d334c279-242e-4cac-b577-b5a8547a0f15-683x1024.png","type":"image\/png"}],"author":"Reda\u00e7\u00e3o","twitter_card":"summary_large_image","twitter_creator":"@Notibras","twitter_site":"@Notibras","twitter_misc":{"Escrito por":"Reda\u00e7\u00e3o","Est. tempo de leitura":"4 minutos"},"schema":{"@context":"https:\/\/schema.org","@graph":[{"@type":"Article","@id":"https:\/\/www.notibras.com\/site\/chas-milagrosos-garantiram-meio-pau-a-aristarco-ate-92-anos\/#article","isPartOf":{"@id":"https:\/\/www.notibras.com\/site\/chas-milagrosos-garantiram-meio-pau-a-aristarco-ate-92-anos\/"},"author":{"name":"Reda\u00e7\u00e3o","@id":"https:\/\/www.notibras.com\/site\/#\/schema\/person\/36ab0979449956132d3e5b517ea76ac8"},"headline":"Ch\u00e1s milagrosos garantiram meio pau a Aristarco at\u00e9 92 anos","datePublished":"2026-02-20T10:10:27+00:00","dateModified":"2026-02-20T10:11:45+00:00","mainEntityOfPage":{"@id":"https:\/\/www.notibras.com\/site\/chas-milagrosos-garantiram-meio-pau-a-aristarco-ate-92-anos\/"},"wordCount":659,"publisher":{"@id":"https:\/\/www.notibras.com\/site\/#organization"},"image":{"@id":"https:\/\/www.notibras.com\/site\/chas-milagrosos-garantiram-meio-pau-a-aristarco-ate-92-anos\/#primaryimage"},"thumbnailUrl":"https:\/\/www.notibras.com\/site\/wp-content\/uploads\/2026\/02\/d334c279-242e-4cac-b577-b5a8547a0f15.png","articleSection":["Brasil"],"inLanguage":"pt-BR"},{"@type":"WebPage","@id":"https:\/\/www.notibras.com\/site\/chas-milagrosos-garantiram-meio-pau-a-aristarco-ate-92-anos\/","url":"https:\/\/www.notibras.com\/site\/chas-milagrosos-garantiram-meio-pau-a-aristarco-ate-92-anos\/","name":"Ch\u00e1s milagrosos garantiram meio pau a Aristarco at\u00e9 92 anos - Notibras","isPartOf":{"@id":"https:\/\/www.notibras.com\/site\/#website"},"primaryImageOfPage":{"@id":"https:\/\/www.notibras.com\/site\/chas-milagrosos-garantiram-meio-pau-a-aristarco-ate-92-anos\/#primaryimage"},"image":{"@id":"https:\/\/www.notibras.com\/site\/chas-milagrosos-garantiram-meio-pau-a-aristarco-ate-92-anos\/#primaryimage"},"thumbnailUrl":"https:\/\/www.notibras.com\/site\/wp-content\/uploads\/2026\/02\/d334c279-242e-4cac-b577-b5a8547a0f15.png","datePublished":"2026-02-20T10:10:27+00:00","dateModified":"2026-02-20T10:11:45+00:00","breadcrumb":{"@id":"https:\/\/www.notibras.com\/site\/chas-milagrosos-garantiram-meio-pau-a-aristarco-ate-92-anos\/#breadcrumb"},"inLanguage":"pt-BR","potentialAction":[{"@type":"ReadAction","target":["https:\/\/www.notibras.com\/site\/chas-milagrosos-garantiram-meio-pau-a-aristarco-ate-92-anos\/"]}]},{"@type":"ImageObject","inLanguage":"pt-BR","@id":"https:\/\/www.notibras.com\/site\/chas-milagrosos-garantiram-meio-pau-a-aristarco-ate-92-anos\/#primaryimage","url":"https:\/\/www.notibras.com\/site\/wp-content\/uploads\/2026\/02\/d334c279-242e-4cac-b577-b5a8547a0f15.png","contentUrl":"https:\/\/www.notibras.com\/site\/wp-content\/uploads\/2026\/02\/d334c279-242e-4cac-b577-b5a8547a0f15.png","width":1024,"height":1536},{"@type":"BreadcrumbList","@id":"https:\/\/www.notibras.com\/site\/chas-milagrosos-garantiram-meio-pau-a-aristarco-ate-92-anos\/#breadcrumb","itemListElement":[{"@type":"ListItem","position":1,"name":"In\u00edcio","item":"https:\/\/www.notibras.com\/site\/"},{"@type":"ListItem","position":2,"name":"Ch\u00e1s milagrosos garantiram meio pau a Aristarco at\u00e9 92 anos"}]},{"@type":"WebSite","@id":"https:\/\/www.notibras.com\/site\/#website","url":"https:\/\/www.notibras.com\/site\/","name":"Notibras","description":"Not\u00edcias de Bras\u00edlia, do Brasil e do Mundo","publisher":{"@id":"https:\/\/www.notibras.com\/site\/#organization"},"potentialAction":[{"@type":"SearchAction","target":{"@type":"EntryPoint","urlTemplate":"https:\/\/www.notibras.com\/site\/?s={search_term_string}"},"query-input":{"@type":"PropertyValueSpecification","valueRequired":true,"valueName":"search_term_string"}}],"inLanguage":"pt-BR"},{"@type":"Organization","@id":"https:\/\/www.notibras.com\/site\/#organization","name":"Grupo Notibras de Comunica\u00e7\u00e3o","url":"https:\/\/www.notibras.com\/site\/","logo":{"@type":"ImageObject","inLanguage":"pt-BR","@id":"https:\/\/www.notibras.com\/site\/#\/schema\/logo\/image\/","url":"https:\/\/www.notibras.com\/site\/wp-content\/uploads\/2023\/01\/notibras23.png","contentUrl":"https:\/\/www.notibras.com\/site\/wp-content\/uploads\/2023\/01\/notibras23.png","width":350,"height":87,"caption":"Grupo Notibras de Comunica\u00e7\u00e3o"},"image":{"@id":"https:\/\/www.notibras.com\/site\/#\/schema\/logo\/image\/"},"sameAs":["https:\/\/www.facebook.com\/notibras\/","https:\/\/x.com\/Notibras","https:\/\/www.instagram.com\/notibras\/"]},{"@type":"Person","@id":"https:\/\/www.notibras.com\/site\/#\/schema\/person\/36ab0979449956132d3e5b517ea76ac8","name":"Reda\u00e7\u00e3o","image":{"@type":"ImageObject","inLanguage":"pt-BR","@id":"https:\/\/secure.gravatar.com\/avatar\/e0a867bdedb85fd243eadf09663511f96fc81e0720a4a42581f334ad4303aa6b?s=96&d=mm&r=g","url":"https:\/\/secure.gravatar.com\/avatar\/e0a867bdedb85fd243eadf09663511f96fc81e0720a4a42581f334ad4303aa6b?s=96&d=mm&r=g","contentUrl":"https:\/\/secure.gravatar.com\/avatar\/e0a867bdedb85fd243eadf09663511f96fc81e0720a4a42581f334ad4303aa6b?s=96&d=mm&r=g","caption":"Reda\u00e7\u00e3o"}}]}},"amp_enabled":true,"_links":{"self":[{"href":"https:\/\/www.notibras.com\/site\/wp-json\/wp\/v2\/posts\/383977","targetHints":{"allow":["GET"]}}],"collection":[{"href":"https:\/\/www.notibras.com\/site\/wp-json\/wp\/v2\/posts"}],"about":[{"href":"https:\/\/www.notibras.com\/site\/wp-json\/wp\/v2\/types\/post"}],"author":[{"embeddable":true,"href":"https:\/\/www.notibras.com\/site\/wp-json\/wp\/v2\/users\/2"}],"replies":[{"embeddable":true,"href":"https:\/\/www.notibras.com\/site\/wp-json\/wp\/v2\/comments?post=383977"}],"version-history":[{"count":2,"href":"https:\/\/www.notibras.com\/site\/wp-json\/wp\/v2\/posts\/383977\/revisions"}],"predecessor-version":[{"id":383980,"href":"https:\/\/www.notibras.com\/site\/wp-json\/wp\/v2\/posts\/383977\/revisions\/383980"}],"wp:featuredmedia":[{"embeddable":true,"href":"https:\/\/www.notibras.com\/site\/wp-json\/wp\/v2\/media\/383978"}],"wp:attachment":[{"href":"https:\/\/www.notibras.com\/site\/wp-json\/wp\/v2\/media?parent=383977"}],"wp:term":[{"taxonomy":"category","embeddable":true,"href":"https:\/\/www.notibras.com\/site\/wp-json\/wp\/v2\/categories?post=383977"},{"taxonomy":"post_tag","embeddable":true,"href":"https:\/\/www.notibras.com\/site\/wp-json\/wp\/v2\/tags?post=383977"}],"curies":[{"name":"wp","href":"https:\/\/api.w.org\/{rel}","templated":true}]}}