{"id":383995,"date":"2026-02-20T08:32:14","date_gmt":"2026-02-20T11:32:14","guid":{"rendered":"https:\/\/www.notibras.com\/site\/?p=383995"},"modified":"2026-02-20T08:33:43","modified_gmt":"2026-02-20T11:33:43","slug":"vulnerabilidade-reduz-altura-dos-nordestinos","status":"publish","type":"post","link":"https:\/\/www.notibras.com\/site\/vulnerabilidade-reduz-altura-dos-nordestinos\/","title":{"rendered":"Vulnerabilidade reduz altura dos nordestinos"},"content":{"rendered":"<p>A vulnerabilidade social faz com que crian\u00e7as ind\u00edgenas e de alguns estados do Nordeste, com at\u00e9 9 anos de idade, apresentem m\u00e9dia de altura menor que outras regi\u00f5es do Brasil e abaixo da refer\u00eancia preconizada pela Organiza\u00e7\u00e3o Mundial da Sa\u00fade (OMS).<\/p>\n<p>Essas s\u00e3o algumas conclus\u00f5es de uma pesquisa que contou com participa\u00e7\u00e3o de especialistas do Centro de Integra\u00e7\u00e3o de Dados e Conhecimentos para Sa\u00fade da Funda\u00e7\u00e3o Oswaldo Cruz da Bahia (Cidacs\/Fiocruz Bahia).<\/p>\n<p>Entre as quest\u00f5es que prejudicam o crescimento est\u00e3o problemas na aten\u00e7\u00e3o \u00e0 sa\u00fade, alimenta\u00e7\u00e3o, elevado n\u00edvel de doen\u00e7as, baixo n\u00edvel socioecon\u00f4mico e condi\u00e7\u00f5es ambientais inadequadas.<\/p>\n<p>Tais dificuldades tamb\u00e9m fazem com que cerca de 30% das crian\u00e7as brasileiras tenham sobrepeso ou estejam perto disso, o que mostra que crian\u00e7as que crescem em situa\u00e7\u00f5es de vulnerabilidade n\u00e3o est\u00e3o protegidas do excesso de peso, mas expostas a fatores que comprometem o crescimento saud\u00e1vel.<\/p>\n<p>O padr\u00e3o de peso e altura da OMS para crian\u00e7as at\u00e9 9 anos baseia-se em curvas de crescimento (escore-z) que avaliam o desenvolvimento saud\u00e1vel.<\/p>\n<p>O peso m\u00e9dio para meninos aos 9 anos de idade varia entre 23,2kg e 33,8kg, com altura de cerca de 124cm a 136cm, enquanto meninas pesam em torno de 23kg a 33kg e medem entre 123cm e 135cm,<\/p>\n<p><strong>Cruzamento de dados<\/strong><br \/>\nA pesquisa analisou dados de 6 milh\u00f5es de crian\u00e7as brasileiras de fam\u00edlias registradas no Cadastro \u00danico para Programas Sociais (Cad\u00danico), no Sistema de Informa\u00e7\u00e3o sobre Nascidos Vivos (Sinasc) e no Sistema de Vigil\u00e2ncia Alimentar e Nutricional (Sisvan), desde que nasceram at\u00e9 os 9 anos de idade.<\/p>\n<p>Os pesquisadores fizeram um cruzamento de dados entre condi\u00e7\u00f5es de sa\u00fade e condi\u00e7\u00f5es socioecon\u00f4micas da popula\u00e7\u00e3o brasileira que est\u00e1 cadastrada nesses tr\u00eas sistemas, explicou o pesquisador associado ao Cidacs\/Fiocruz BA, Gustavo Velasquez, l\u00edder do estudo.<\/p>\n<p>Foram estudados peso e estatura, adequa\u00e7\u00e3o de peso e adequa\u00e7\u00e3o de estatura, com rela\u00e7\u00e3o aos par\u00e2metros da OMS, para avaliar o crescimento e estado nutricional das crian\u00e7as.<\/p>\n<p>Gustavo Velasquez ressaltou que as conclus\u00f5es n\u00e3o indicam que necessariamente todas essas crian\u00e7as ind\u00edgenas e do Norte e Nordeste podem ser consideradas de baixa estatura, mas que h\u00e1 uma porcentagem maior que poderia ser classificada dessa forma.<\/p>\n<p>\u201cTodos os dados s\u00e3o seguros e altamente anonimizados. N\u00e3o h\u00e1 identifica\u00e7\u00e3o das pessoas que est\u00e3o l\u00e1. S\u00e3o dados administrativos que se usa para pesquisas em sa\u00fade\u201d.<\/p>\n<p><strong>Sobrepeso e obesidade<\/strong><br \/>\nO estudo verificou tamb\u00e9m a preval\u00eancia de crian\u00e7as que est\u00e3o acima do peso e, entre essas, qual a porcentagem da popula\u00e7\u00e3o considerada obesa, a partir do indicador chamado \u00cdndice de Massa Corporal.<\/p>\n<p>\u201cPode-se dizer que, em termos de peso, n\u00e3o h\u00e1 problema de subnutri\u00e7\u00e3o. Ao contr\u00e1rio, algumas popula\u00e7\u00f5es, como do Sul, Sudeste e Centro-Oeste, t\u00eam uma preval\u00eancia de sobrepeso bastante alta\u201d, disse o pesquisador.<\/p>\n<p>Gustavo Velasquez afirmou que, de acordo com o estudo, populacionalmente, as crian\u00e7as brasileiras est\u00e3o acompanhando ou se acham acima da refer\u00eancia de peso calculada pela OMS. Segundo ele, o fato de estarem um pouco acima desse par\u00e2metro n\u00e3o significa que haja gravidade nisso. \u201cH\u00e1 sempre uma toler\u00e2ncia\u201d.<\/p>\n<p>Contudo, ele observou que, dentro do grupo analisado, h\u00e1 algumas crian\u00e7as que j\u00e1 est\u00e3o realmente atingindo valores anormais.<\/p>\n<p>No geral, Velasquez disse que as crian\u00e7as brasileiras conseguem acompanhar a altura das refer\u00eancias internacionais, em m\u00e9dia, o que condiz com o desenvolvimento adequado de um crescimento linear.<\/p>\n<p>\u201cS\u00f3 que n\u00f3s estamos observando que esse crescimento linear est\u00e1 adequado, mas o peso est\u00e1 come\u00e7ando, em algumas regi\u00f5es, a ser muito acima da norma que a gente espera\u201d.<\/p>\n<p>O pesquisador chamou a aten\u00e7\u00e3o que a obesidade tamb\u00e9m \u00e9 explicada pelas condi\u00e7\u00f5es em que a crian\u00e7a nasce, o que refor\u00e7a a import\u00e2ncia do acompanhamento da crian\u00e7a durante a gesta\u00e7\u00e3o e na fase p\u00f3s-natal, para assegurar condi\u00e7\u00f5es de crescimento e desenvolvimento saud\u00e1veis, em n\u00edvel de aten\u00e7\u00e3o prim\u00e1ria de sa\u00fade.<\/p>\n<p>Outra quest\u00e3o de destaque para um crescimento saud\u00e1vel das crian\u00e7as no Brasil diz respeito \u00e0 alimenta\u00e7\u00e3o, complementou ele.<\/p>\n<p>\u201cN\u00f3s temos uma invas\u00e3o agora de alimentos ultraprocessados, que s\u00e3o considerados como um dos grandes determinantes do aumento de peso, n\u00e3o somente nas crian\u00e7as, mas em todas as popula\u00e7\u00f5es\u201d.<\/p>\n<p>O estudo foi publicado na revista JAMA Network no \u00faltimo dia 22 de janeiro de 2026 e ganhou, na mesma edi\u00e7\u00e3o, coment\u00e1rios de pesquisadores internacionais, no sentido de que o mundo tem que aprender as li\u00e7\u00f5es sobre essa situa\u00e7\u00e3o no Brasil.<\/p>\n<p>Em termos de sobrepeso, os pesquisadores estrangeiros consideraram que a situa\u00e7\u00e3o n\u00e3o \u00e9 t\u00e3o grave no Brasil, comparativamente com a a Am\u00e9rica Latina. A obesidade em crian\u00e7as \u00e9 muito maior no Chile, no Peru, na Argentina, por exemplo, indicou Gustavo Velasquez. Isso significa que, mundialmente, o Brasil est\u00e1 em um n\u00edvel intermedi\u00e1rio desse problema.<\/p>\n","protected":false},"excerpt":{"rendered":"<p>A vulnerabilidade social faz com que crian\u00e7as ind\u00edgenas e de alguns estados do Nordeste, com at\u00e9 9 anos de idade, apresentem m\u00e9dia de altura menor que outras regi\u00f5es do Brasil e abaixo da refer\u00eancia preconizada pela Organiza\u00e7\u00e3o Mundial da Sa\u00fade (OMS). Essas s\u00e3o algumas conclus\u00f5es de uma pesquisa que contou com participa\u00e7\u00e3o de especialistas do [&hellip;]<\/p>\n","protected":false},"author":2,"featured_media":383997,"comment_status":"closed","ping_status":"closed","sticky":false,"template":"","format":"standard","meta":{"_acf_changed":false,"footnotes":""},"categories":[165],"tags":[],"class_list":["post-383995","post","type-post","status-publish","format-standard","has-post-thumbnail","hentry","category-nordeste"],"acf":[],"yoast_head":"<!-- This site is optimized with the Yoast SEO plugin v27.2 - https:\/\/yoast.com\/product\/yoast-seo-wordpress\/ -->\n<title>Vulnerabilidade reduz altura dos nordestinos - Notibras<\/title>\n<meta name=\"robots\" content=\"index, follow, max-snippet:-1, max-image-preview:large, max-video-preview:-1\" \/>\n<link rel=\"canonical\" href=\"https:\/\/www.notibras.com\/site\/vulnerabilidade-reduz-altura-dos-nordestinos\/\" \/>\n<meta property=\"og:locale\" content=\"pt_BR\" \/>\n<meta property=\"og:type\" content=\"article\" \/>\n<meta property=\"og:title\" content=\"Vulnerabilidade reduz altura dos nordestinos - Notibras\" \/>\n<meta property=\"og:description\" content=\"A vulnerabilidade social faz com que crian\u00e7as ind\u00edgenas e de alguns estados do Nordeste, com at\u00e9 9 anos de idade, apresentem m\u00e9dia de altura menor que outras regi\u00f5es do Brasil e abaixo da refer\u00eancia preconizada pela Organiza\u00e7\u00e3o Mundial da Sa\u00fade (OMS). Essas s\u00e3o algumas conclus\u00f5es de uma pesquisa que contou com participa\u00e7\u00e3o de especialistas do [&hellip;]\" \/>\n<meta property=\"og:url\" content=\"https:\/\/www.notibras.com\/site\/vulnerabilidade-reduz-altura-dos-nordestinos\/\" \/>\n<meta property=\"og:site_name\" content=\"Notibras\" \/>\n<meta property=\"article:publisher\" content=\"https:\/\/www.facebook.com\/notibras\/\" \/>\n<meta property=\"article:published_time\" content=\"2026-02-20T11:32:14+00:00\" \/>\n<meta property=\"article:modified_time\" content=\"2026-02-20T11:33:43+00:00\" \/>\n<meta property=\"og:image\" content=\"https:\/\/www.notibras.com\/site\/wp-content\/uploads\/2026\/02\/mg_7458_01.webp\" \/>\n\t<meta property=\"og:image:width\" content=\"1170\" \/>\n\t<meta property=\"og:image:height\" content=\"700\" \/>\n\t<meta property=\"og:image:type\" content=\"image\/webp\" \/>\n<meta name=\"author\" content=\"Reda\u00e7\u00e3o\" \/>\n<meta name=\"twitter:card\" content=\"summary_large_image\" \/>\n<meta name=\"twitter:creator\" content=\"@Notibras\" \/>\n<meta name=\"twitter:site\" content=\"@Notibras\" \/>\n<meta name=\"twitter:label1\" content=\"Escrito por\" \/>\n\t<meta name=\"twitter:data1\" content=\"Reda\u00e7\u00e3o\" \/>\n\t<meta name=\"twitter:label2\" content=\"Est. tempo de leitura\" \/>\n\t<meta name=\"twitter:data2\" content=\"5 minutos\" \/>\n<script type=\"application\/ld+json\" class=\"yoast-schema-graph\">{\"@context\":\"https:\/\/schema.org\",\"@graph\":[{\"@type\":\"Article\",\"@id\":\"https:\/\/www.notibras.com\/site\/vulnerabilidade-reduz-altura-dos-nordestinos\/#article\",\"isPartOf\":{\"@id\":\"https:\/\/www.notibras.com\/site\/vulnerabilidade-reduz-altura-dos-nordestinos\/\"},\"author\":{\"name\":\"Reda\u00e7\u00e3o\",\"@id\":\"https:\/\/www.notibras.com\/site\/#\/schema\/person\/36ab0979449956132d3e5b517ea76ac8\"},\"headline\":\"Vulnerabilidade reduz altura dos nordestinos\",\"datePublished\":\"2026-02-20T11:32:14+00:00\",\"dateModified\":\"2026-02-20T11:33:43+00:00\",\"mainEntityOfPage\":{\"@id\":\"https:\/\/www.notibras.com\/site\/vulnerabilidade-reduz-altura-dos-nordestinos\/\"},\"wordCount\":875,\"publisher\":{\"@id\":\"https:\/\/www.notibras.com\/site\/#organization\"},\"image\":{\"@id\":\"https:\/\/www.notibras.com\/site\/vulnerabilidade-reduz-altura-dos-nordestinos\/#primaryimage\"},\"thumbnailUrl\":\"https:\/\/www.notibras.com\/site\/wp-content\/uploads\/2026\/02\/mg_7458_01.webp\",\"articleSection\":[\"Nordeste\"],\"inLanguage\":\"pt-BR\"},{\"@type\":\"WebPage\",\"@id\":\"https:\/\/www.notibras.com\/site\/vulnerabilidade-reduz-altura-dos-nordestinos\/\",\"url\":\"https:\/\/www.notibras.com\/site\/vulnerabilidade-reduz-altura-dos-nordestinos\/\",\"name\":\"Vulnerabilidade reduz altura dos nordestinos - Notibras\",\"isPartOf\":{\"@id\":\"https:\/\/www.notibras.com\/site\/#website\"},\"primaryImageOfPage\":{\"@id\":\"https:\/\/www.notibras.com\/site\/vulnerabilidade-reduz-altura-dos-nordestinos\/#primaryimage\"},\"image\":{\"@id\":\"https:\/\/www.notibras.com\/site\/vulnerabilidade-reduz-altura-dos-nordestinos\/#primaryimage\"},\"thumbnailUrl\":\"https:\/\/www.notibras.com\/site\/wp-content\/uploads\/2026\/02\/mg_7458_01.webp\",\"datePublished\":\"2026-02-20T11:32:14+00:00\",\"dateModified\":\"2026-02-20T11:33:43+00:00\",\"breadcrumb\":{\"@id\":\"https:\/\/www.notibras.com\/site\/vulnerabilidade-reduz-altura-dos-nordestinos\/#breadcrumb\"},\"inLanguage\":\"pt-BR\",\"potentialAction\":[{\"@type\":\"ReadAction\",\"target\":[\"https:\/\/www.notibras.com\/site\/vulnerabilidade-reduz-altura-dos-nordestinos\/\"]}]},{\"@type\":\"ImageObject\",\"inLanguage\":\"pt-BR\",\"@id\":\"https:\/\/www.notibras.com\/site\/vulnerabilidade-reduz-altura-dos-nordestinos\/#primaryimage\",\"url\":\"https:\/\/www.notibras.com\/site\/wp-content\/uploads\/2026\/02\/mg_7458_01.webp\",\"contentUrl\":\"https:\/\/www.notibras.com\/site\/wp-content\/uploads\/2026\/02\/mg_7458_01.webp\",\"width\":1170,\"height\":700},{\"@type\":\"BreadcrumbList\",\"@id\":\"https:\/\/www.notibras.com\/site\/vulnerabilidade-reduz-altura-dos-nordestinos\/#breadcrumb\",\"itemListElement\":[{\"@type\":\"ListItem\",\"position\":1,\"name\":\"In\u00edcio\",\"item\":\"https:\/\/www.notibras.com\/site\/\"},{\"@type\":\"ListItem\",\"position\":2,\"name\":\"Vulnerabilidade reduz altura dos nordestinos\"}]},{\"@type\":\"WebSite\",\"@id\":\"https:\/\/www.notibras.com\/site\/#website\",\"url\":\"https:\/\/www.notibras.com\/site\/\",\"name\":\"Notibras\",\"description\":\"Not\u00edcias de Bras\u00edlia, do Brasil e do Mundo\",\"publisher\":{\"@id\":\"https:\/\/www.notibras.com\/site\/#organization\"},\"potentialAction\":[{\"@type\":\"SearchAction\",\"target\":{\"@type\":\"EntryPoint\",\"urlTemplate\":\"https:\/\/www.notibras.com\/site\/?s={search_term_string}\"},\"query-input\":{\"@type\":\"PropertyValueSpecification\",\"valueRequired\":true,\"valueName\":\"search_term_string\"}}],\"inLanguage\":\"pt-BR\"},{\"@type\":\"Organization\",\"@id\":\"https:\/\/www.notibras.com\/site\/#organization\",\"name\":\"Grupo Notibras de Comunica\u00e7\u00e3o\",\"url\":\"https:\/\/www.notibras.com\/site\/\",\"logo\":{\"@type\":\"ImageObject\",\"inLanguage\":\"pt-BR\",\"@id\":\"https:\/\/www.notibras.com\/site\/#\/schema\/logo\/image\/\",\"url\":\"https:\/\/www.notibras.com\/site\/wp-content\/uploads\/2023\/01\/notibras23.png\",\"contentUrl\":\"https:\/\/www.notibras.com\/site\/wp-content\/uploads\/2023\/01\/notibras23.png\",\"width\":350,\"height\":87,\"caption\":\"Grupo Notibras de Comunica\u00e7\u00e3o\"},\"image\":{\"@id\":\"https:\/\/www.notibras.com\/site\/#\/schema\/logo\/image\/\"},\"sameAs\":[\"https:\/\/www.facebook.com\/notibras\/\",\"https:\/\/x.com\/Notibras\",\"https:\/\/www.instagram.com\/notibras\/\"]},{\"@type\":\"Person\",\"@id\":\"https:\/\/www.notibras.com\/site\/#\/schema\/person\/36ab0979449956132d3e5b517ea76ac8\",\"name\":\"Reda\u00e7\u00e3o\",\"image\":{\"@type\":\"ImageObject\",\"inLanguage\":\"pt-BR\",\"@id\":\"https:\/\/secure.gravatar.com\/avatar\/e0a867bdedb85fd243eadf09663511f96fc81e0720a4a42581f334ad4303aa6b?s=96&d=mm&r=g\",\"url\":\"https:\/\/secure.gravatar.com\/avatar\/e0a867bdedb85fd243eadf09663511f96fc81e0720a4a42581f334ad4303aa6b?s=96&d=mm&r=g\",\"contentUrl\":\"https:\/\/secure.gravatar.com\/avatar\/e0a867bdedb85fd243eadf09663511f96fc81e0720a4a42581f334ad4303aa6b?s=96&d=mm&r=g\",\"caption\":\"Reda\u00e7\u00e3o\"}}]}<\/script>\n<!-- \/ Yoast SEO plugin. -->","yoast_head_json":{"title":"Vulnerabilidade reduz altura dos nordestinos - Notibras","robots":{"index":"index","follow":"follow","max-snippet":"max-snippet:-1","max-image-preview":"max-image-preview:large","max-video-preview":"max-video-preview:-1"},"canonical":"https:\/\/www.notibras.com\/site\/vulnerabilidade-reduz-altura-dos-nordestinos\/","og_locale":"pt_BR","og_type":"article","og_title":"Vulnerabilidade reduz altura dos nordestinos - Notibras","og_description":"A vulnerabilidade social faz com que crian\u00e7as ind\u00edgenas e de alguns estados do Nordeste, com at\u00e9 9 anos de idade, apresentem m\u00e9dia de altura menor que outras regi\u00f5es do Brasil e abaixo da refer\u00eancia preconizada pela Organiza\u00e7\u00e3o Mundial da Sa\u00fade (OMS). Essas s\u00e3o algumas conclus\u00f5es de uma pesquisa que contou com participa\u00e7\u00e3o de especialistas do [&hellip;]","og_url":"https:\/\/www.notibras.com\/site\/vulnerabilidade-reduz-altura-dos-nordestinos\/","og_site_name":"Notibras","article_publisher":"https:\/\/www.facebook.com\/notibras\/","article_published_time":"2026-02-20T11:32:14+00:00","article_modified_time":"2026-02-20T11:33:43+00:00","og_image":[{"width":1170,"height":700,"url":"https:\/\/www.notibras.com\/site\/wp-content\/uploads\/2026\/02\/mg_7458_01.webp","type":"image\/webp"}],"author":"Reda\u00e7\u00e3o","twitter_card":"summary_large_image","twitter_creator":"@Notibras","twitter_site":"@Notibras","twitter_misc":{"Escrito por":"Reda\u00e7\u00e3o","Est. tempo de leitura":"5 minutos"},"schema":{"@context":"https:\/\/schema.org","@graph":[{"@type":"Article","@id":"https:\/\/www.notibras.com\/site\/vulnerabilidade-reduz-altura-dos-nordestinos\/#article","isPartOf":{"@id":"https:\/\/www.notibras.com\/site\/vulnerabilidade-reduz-altura-dos-nordestinos\/"},"author":{"name":"Reda\u00e7\u00e3o","@id":"https:\/\/www.notibras.com\/site\/#\/schema\/person\/36ab0979449956132d3e5b517ea76ac8"},"headline":"Vulnerabilidade reduz altura dos nordestinos","datePublished":"2026-02-20T11:32:14+00:00","dateModified":"2026-02-20T11:33:43+00:00","mainEntityOfPage":{"@id":"https:\/\/www.notibras.com\/site\/vulnerabilidade-reduz-altura-dos-nordestinos\/"},"wordCount":875,"publisher":{"@id":"https:\/\/www.notibras.com\/site\/#organization"},"image":{"@id":"https:\/\/www.notibras.com\/site\/vulnerabilidade-reduz-altura-dos-nordestinos\/#primaryimage"},"thumbnailUrl":"https:\/\/www.notibras.com\/site\/wp-content\/uploads\/2026\/02\/mg_7458_01.webp","articleSection":["Nordeste"],"inLanguage":"pt-BR"},{"@type":"WebPage","@id":"https:\/\/www.notibras.com\/site\/vulnerabilidade-reduz-altura-dos-nordestinos\/","url":"https:\/\/www.notibras.com\/site\/vulnerabilidade-reduz-altura-dos-nordestinos\/","name":"Vulnerabilidade reduz altura dos nordestinos - Notibras","isPartOf":{"@id":"https:\/\/www.notibras.com\/site\/#website"},"primaryImageOfPage":{"@id":"https:\/\/www.notibras.com\/site\/vulnerabilidade-reduz-altura-dos-nordestinos\/#primaryimage"},"image":{"@id":"https:\/\/www.notibras.com\/site\/vulnerabilidade-reduz-altura-dos-nordestinos\/#primaryimage"},"thumbnailUrl":"https:\/\/www.notibras.com\/site\/wp-content\/uploads\/2026\/02\/mg_7458_01.webp","datePublished":"2026-02-20T11:32:14+00:00","dateModified":"2026-02-20T11:33:43+00:00","breadcrumb":{"@id":"https:\/\/www.notibras.com\/site\/vulnerabilidade-reduz-altura-dos-nordestinos\/#breadcrumb"},"inLanguage":"pt-BR","potentialAction":[{"@type":"ReadAction","target":["https:\/\/www.notibras.com\/site\/vulnerabilidade-reduz-altura-dos-nordestinos\/"]}]},{"@type":"ImageObject","inLanguage":"pt-BR","@id":"https:\/\/www.notibras.com\/site\/vulnerabilidade-reduz-altura-dos-nordestinos\/#primaryimage","url":"https:\/\/www.notibras.com\/site\/wp-content\/uploads\/2026\/02\/mg_7458_01.webp","contentUrl":"https:\/\/www.notibras.com\/site\/wp-content\/uploads\/2026\/02\/mg_7458_01.webp","width":1170,"height":700},{"@type":"BreadcrumbList","@id":"https:\/\/www.notibras.com\/site\/vulnerabilidade-reduz-altura-dos-nordestinos\/#breadcrumb","itemListElement":[{"@type":"ListItem","position":1,"name":"In\u00edcio","item":"https:\/\/www.notibras.com\/site\/"},{"@type":"ListItem","position":2,"name":"Vulnerabilidade reduz altura dos nordestinos"}]},{"@type":"WebSite","@id":"https:\/\/www.notibras.com\/site\/#website","url":"https:\/\/www.notibras.com\/site\/","name":"Notibras","description":"Not\u00edcias de Bras\u00edlia, do Brasil e do Mundo","publisher":{"@id":"https:\/\/www.notibras.com\/site\/#organization"},"potentialAction":[{"@type":"SearchAction","target":{"@type":"EntryPoint","urlTemplate":"https:\/\/www.notibras.com\/site\/?s={search_term_string}"},"query-input":{"@type":"PropertyValueSpecification","valueRequired":true,"valueName":"search_term_string"}}],"inLanguage":"pt-BR"},{"@type":"Organization","@id":"https:\/\/www.notibras.com\/site\/#organization","name":"Grupo Notibras de Comunica\u00e7\u00e3o","url":"https:\/\/www.notibras.com\/site\/","logo":{"@type":"ImageObject","inLanguage":"pt-BR","@id":"https:\/\/www.notibras.com\/site\/#\/schema\/logo\/image\/","url":"https:\/\/www.notibras.com\/site\/wp-content\/uploads\/2023\/01\/notibras23.png","contentUrl":"https:\/\/www.notibras.com\/site\/wp-content\/uploads\/2023\/01\/notibras23.png","width":350,"height":87,"caption":"Grupo Notibras de Comunica\u00e7\u00e3o"},"image":{"@id":"https:\/\/www.notibras.com\/site\/#\/schema\/logo\/image\/"},"sameAs":["https:\/\/www.facebook.com\/notibras\/","https:\/\/x.com\/Notibras","https:\/\/www.instagram.com\/notibras\/"]},{"@type":"Person","@id":"https:\/\/www.notibras.com\/site\/#\/schema\/person\/36ab0979449956132d3e5b517ea76ac8","name":"Reda\u00e7\u00e3o","image":{"@type":"ImageObject","inLanguage":"pt-BR","@id":"https:\/\/secure.gravatar.com\/avatar\/e0a867bdedb85fd243eadf09663511f96fc81e0720a4a42581f334ad4303aa6b?s=96&d=mm&r=g","url":"https:\/\/secure.gravatar.com\/avatar\/e0a867bdedb85fd243eadf09663511f96fc81e0720a4a42581f334ad4303aa6b?s=96&d=mm&r=g","contentUrl":"https:\/\/secure.gravatar.com\/avatar\/e0a867bdedb85fd243eadf09663511f96fc81e0720a4a42581f334ad4303aa6b?s=96&d=mm&r=g","caption":"Reda\u00e7\u00e3o"}}]}},"amp_enabled":true,"_links":{"self":[{"href":"https:\/\/www.notibras.com\/site\/wp-json\/wp\/v2\/posts\/383995","targetHints":{"allow":["GET"]}}],"collection":[{"href":"https:\/\/www.notibras.com\/site\/wp-json\/wp\/v2\/posts"}],"about":[{"href":"https:\/\/www.notibras.com\/site\/wp-json\/wp\/v2\/types\/post"}],"author":[{"embeddable":true,"href":"https:\/\/www.notibras.com\/site\/wp-json\/wp\/v2\/users\/2"}],"replies":[{"embeddable":true,"href":"https:\/\/www.notibras.com\/site\/wp-json\/wp\/v2\/comments?post=383995"}],"version-history":[{"count":2,"href":"https:\/\/www.notibras.com\/site\/wp-json\/wp\/v2\/posts\/383995\/revisions"}],"predecessor-version":[{"id":383999,"href":"https:\/\/www.notibras.com\/site\/wp-json\/wp\/v2\/posts\/383995\/revisions\/383999"}],"wp:featuredmedia":[{"embeddable":true,"href":"https:\/\/www.notibras.com\/site\/wp-json\/wp\/v2\/media\/383997"}],"wp:attachment":[{"href":"https:\/\/www.notibras.com\/site\/wp-json\/wp\/v2\/media?parent=383995"}],"wp:term":[{"taxonomy":"category","embeddable":true,"href":"https:\/\/www.notibras.com\/site\/wp-json\/wp\/v2\/categories?post=383995"},{"taxonomy":"post_tag","embeddable":true,"href":"https:\/\/www.notibras.com\/site\/wp-json\/wp\/v2\/tags?post=383995"}],"curies":[{"name":"wp","href":"https:\/\/api.w.org\/{rel}","templated":true}]}}