{"id":384013,"date":"2026-02-20T12:22:00","date_gmt":"2026-02-20T15:22:00","guid":{"rendered":"https:\/\/www.notibras.com\/site\/?p=384013"},"modified":"2026-02-20T12:22:00","modified_gmt":"2026-02-20T15:22:00","slug":"donny-entra-no-pp-de-celina-e-avalia-disputar-uma-cadeira-na-camara","status":"publish","type":"post","link":"https:\/\/www.notibras.com\/site\/donny-entra-no-pp-de-celina-e-avalia-disputar-uma-cadeira-na-camara\/","title":{"rendered":"Donny entra no PP de Celina e avalia disputar uma cadeira na C\u00e2mara"},"content":{"rendered":"<p>Pr\u00e9-candidato a uma das oito vagas do Distrito Federal na C\u00e2mara dos Deputados, o jornalista Donny Silva, 59 anos, oficializou na quinta-feira (19) sua filia\u00e7\u00e3o ao Progressistas (PP). A cerim\u00f4nia foi conduzida pela vice-governadora Celina Le\u00e3o, presidente regional da legenda, que abonou a ficha de filia\u00e7\u00e3o. O evento reuniu mais de 100 apoiadores.<\/p>\n<p>Durante o ato, Celina ressaltou a trajet\u00f3ria pessoal e familiar do novo filiado. \u201cNossa cidade precisa de um olhar mais humano, e \u00e9 com esse perfil que Donny ingressa na pol\u00edtica. Conhe\u00e7o sua fam\u00edlia, trabalhei com seu pai e sei de onde ele vem. Sei tamb\u00e9m at\u00e9 onde pode chegar\u201d, afirmou.<\/p>\n<p>Visivelmente emocionado em diversos momentos, Donny se comoveu ao ouvir refer\u00eancias ao legado de seu pai, Maur\u00edlio Silva, em favor da popula\u00e7\u00e3o brasiliense. Antes de assinar a ficha de filia\u00e7\u00e3o, declarou: \u201cAssumo aqui o compromisso de ser leal ao meu povo, lutar incansavelmente pelo que \u00e9 justo e defender minorias e injusti\u00e7ados. Um novo tempo come\u00e7a agora.\u201d<\/p>\n<p>Nascido em 6 de novembro de 1966, em Taguatinga, Darione Silva \u2014 conhecido desde a inf\u00e2ncia como Donny, apelido adotado oficialmente em 1988 \u2014 iniciou a vida profissional aos 14 anos, como sonoplasta na R\u00e1dio Capital. Pouco depois, passou a atuar na \u00e1rea de reda\u00e7\u00e3o.<\/p>\n<p>Aos 15 anos, trabalhou como tradutor e secret\u00e1rio na Igreja Casa da B\u00ean\u00e7\u00e3o, acompanhando o fundador Doriel de Oliveira em viagens pelo pa\u00eds como int\u00e9rprete de mission\u00e1rios estrangeiros. Dois anos depois, venceu concurso nacional de reda\u00e7\u00e3o promovido pelo Minist\u00e9rio do Ex\u00e9rcito, recebendo premia\u00e7\u00e3o do general Newton Cruz. Aos 19, j\u00e1 ocupava o cargo de diretor internacional e redator-chefe da revista Mensagem.<\/p>\n<p>Com atua\u00e7\u00e3o no jornalismo e na pol\u00edtica desde a d\u00e9cada de 1980, participou de campanhas eleitorais e trabalhou como consultor e produtor pol\u00edtico. Foi servidor na C\u00e2mara Legislativa do DF e assessor especial do ent\u00e3o governador Joaquim Roriz. Tamb\u00e9m produziu programas de r\u00e1dio e televis\u00e3o e editou a revista O Evang\u00e9lico.<\/p>\n<p>Desde 2009, mant\u00e9m o portal donnysilva.com.br, consolidando presen\u00e7a no jornalismo investigativo com reportagens e den\u00fancias envolvendo agentes p\u00fablicos e empres\u00e1rios.<\/p>\n<p>Pastor da Igreja Casa da B\u00ean\u00e7\u00e3o em \u00c1guas Claras, empres\u00e1rio da \u00e1rea de comunica\u00e7\u00e3o, formado em Administra\u00e7\u00e3o e Teologia e jornalista profissional registrado, Donny Silva \u00e9 casado, pai de cinco filhos e av\u00f4 de tr\u00eas netos. No cen\u00e1rio pol\u00edtico do Distrito Federal, \u00e9 identificado com pautas conservadoras.<\/p>\n<p>&#8230;&#8230;&#8230;&#8230;&#8230;&#8230;&#8230;.<\/p>\n<p><strong>Carolina Paiva \u00e9 Editora do Quadradinho em Foco<\/strong><\/p>\n","protected":false},"excerpt":{"rendered":"<p>Pr\u00e9-candidato a uma das oito vagas do Distrito Federal na C\u00e2mara dos Deputados, o jornalista Donny Silva, 59 anos, oficializou na quinta-feira (19) sua filia\u00e7\u00e3o ao Progressistas (PP). A cerim\u00f4nia foi conduzida pela vice-governadora Celina Le\u00e3o, presidente regional da legenda, que abonou a ficha de filia\u00e7\u00e3o. O evento reuniu mais de 100 apoiadores. Durante o [&hellip;]<\/p>\n","protected":false},"author":2,"featured_media":384014,"comment_status":"closed","ping_status":"closed","sticky":false,"template":"","format":"standard","meta":{"_acf_changed":false,"footnotes":""},"categories":[161],"tags":[],"class_list":["post-384013","post","type-post","status-publish","format-standard","has-post-thumbnail","hentry","category-quadradinho-em-foco"],"acf":[],"yoast_head":"<!-- This site is optimized with the Yoast SEO plugin v27.2 - https:\/\/yoast.com\/product\/yoast-seo-wordpress\/ -->\n<title>Donny entra no PP de Celina e avalia disputar uma cadeira na C\u00e2mara - Notibras<\/title>\n<meta name=\"robots\" content=\"index, follow, max-snippet:-1, max-image-preview:large, max-video-preview:-1\" \/>\n<link rel=\"canonical\" href=\"https:\/\/www.notibras.com\/site\/donny-entra-no-pp-de-celina-e-avalia-disputar-uma-cadeira-na-camara\/\" \/>\n<meta property=\"og:locale\" content=\"pt_BR\" \/>\n<meta property=\"og:type\" content=\"article\" \/>\n<meta property=\"og:title\" content=\"Donny entra no PP de Celina e avalia disputar uma cadeira na C\u00e2mara - Notibras\" \/>\n<meta property=\"og:description\" content=\"Pr\u00e9-candidato a uma das oito vagas do Distrito Federal na C\u00e2mara dos Deputados, o jornalista Donny Silva, 59 anos, oficializou na quinta-feira (19) sua filia\u00e7\u00e3o ao Progressistas (PP). A cerim\u00f4nia foi conduzida pela vice-governadora Celina Le\u00e3o, presidente regional da legenda, que abonou a ficha de filia\u00e7\u00e3o. O evento reuniu mais de 100 apoiadores. Durante o [&hellip;]\" \/>\n<meta property=\"og:url\" content=\"https:\/\/www.notibras.com\/site\/donny-entra-no-pp-de-celina-e-avalia-disputar-uma-cadeira-na-camara\/\" \/>\n<meta property=\"og:site_name\" content=\"Notibras\" \/>\n<meta property=\"article:publisher\" content=\"https:\/\/www.facebook.com\/notibras\/\" \/>\n<meta property=\"article:published_time\" content=\"2026-02-20T15:22:00+00:00\" \/>\n<meta property=\"og:image\" content=\"https:\/\/www.notibras.com\/site\/wp-content\/uploads\/2026\/02\/7283ccc7-ddf4-4f56-a0eb-b6828a6b9e50.jpg\" \/>\n\t<meta property=\"og:image:width\" content=\"1600\" \/>\n\t<meta property=\"og:image:height\" content=\"1200\" \/>\n\t<meta property=\"og:image:type\" content=\"image\/jpeg\" \/>\n<meta name=\"author\" content=\"Reda\u00e7\u00e3o\" \/>\n<meta name=\"twitter:card\" content=\"summary_large_image\" \/>\n<meta name=\"twitter:creator\" content=\"@Notibras\" \/>\n<meta name=\"twitter:site\" content=\"@Notibras\" \/>\n<meta name=\"twitter:label1\" content=\"Escrito por\" \/>\n\t<meta name=\"twitter:data1\" content=\"Reda\u00e7\u00e3o\" \/>\n\t<meta name=\"twitter:label2\" content=\"Est. tempo de leitura\" \/>\n\t<meta name=\"twitter:data2\" content=\"3 minutos\" \/>\n<script type=\"application\/ld+json\" class=\"yoast-schema-graph\">{\"@context\":\"https:\/\/schema.org\",\"@graph\":[{\"@type\":\"Article\",\"@id\":\"https:\/\/www.notibras.com\/site\/donny-entra-no-pp-de-celina-e-avalia-disputar-uma-cadeira-na-camara\/#article\",\"isPartOf\":{\"@id\":\"https:\/\/www.notibras.com\/site\/donny-entra-no-pp-de-celina-e-avalia-disputar-uma-cadeira-na-camara\/\"},\"author\":{\"name\":\"Reda\u00e7\u00e3o\",\"@id\":\"https:\/\/www.notibras.com\/site\/#\/schema\/person\/36ab0979449956132d3e5b517ea76ac8\"},\"headline\":\"Donny entra no PP de Celina e avalia disputar uma cadeira na C\u00e2mara\",\"datePublished\":\"2026-02-20T15:22:00+00:00\",\"mainEntityOfPage\":{\"@id\":\"https:\/\/www.notibras.com\/site\/donny-entra-no-pp-de-celina-e-avalia-disputar-uma-cadeira-na-camara\/\"},\"wordCount\":444,\"publisher\":{\"@id\":\"https:\/\/www.notibras.com\/site\/#organization\"},\"image\":{\"@id\":\"https:\/\/www.notibras.com\/site\/donny-entra-no-pp-de-celina-e-avalia-disputar-uma-cadeira-na-camara\/#primaryimage\"},\"thumbnailUrl\":\"https:\/\/www.notibras.com\/site\/wp-content\/uploads\/2026\/02\/7283ccc7-ddf4-4f56-a0eb-b6828a6b9e50.jpg\",\"articleSection\":[\"Quadradinho em Foco\"],\"inLanguage\":\"pt-BR\"},{\"@type\":\"WebPage\",\"@id\":\"https:\/\/www.notibras.com\/site\/donny-entra-no-pp-de-celina-e-avalia-disputar-uma-cadeira-na-camara\/\",\"url\":\"https:\/\/www.notibras.com\/site\/donny-entra-no-pp-de-celina-e-avalia-disputar-uma-cadeira-na-camara\/\",\"name\":\"Donny entra no PP de Celina e avalia disputar uma cadeira na C\u00e2mara - Notibras\",\"isPartOf\":{\"@id\":\"https:\/\/www.notibras.com\/site\/#website\"},\"primaryImageOfPage\":{\"@id\":\"https:\/\/www.notibras.com\/site\/donny-entra-no-pp-de-celina-e-avalia-disputar-uma-cadeira-na-camara\/#primaryimage\"},\"image\":{\"@id\":\"https:\/\/www.notibras.com\/site\/donny-entra-no-pp-de-celina-e-avalia-disputar-uma-cadeira-na-camara\/#primaryimage\"},\"thumbnailUrl\":\"https:\/\/www.notibras.com\/site\/wp-content\/uploads\/2026\/02\/7283ccc7-ddf4-4f56-a0eb-b6828a6b9e50.jpg\",\"datePublished\":\"2026-02-20T15:22:00+00:00\",\"breadcrumb\":{\"@id\":\"https:\/\/www.notibras.com\/site\/donny-entra-no-pp-de-celina-e-avalia-disputar-uma-cadeira-na-camara\/#breadcrumb\"},\"inLanguage\":\"pt-BR\",\"potentialAction\":[{\"@type\":\"ReadAction\",\"target\":[\"https:\/\/www.notibras.com\/site\/donny-entra-no-pp-de-celina-e-avalia-disputar-uma-cadeira-na-camara\/\"]}]},{\"@type\":\"ImageObject\",\"inLanguage\":\"pt-BR\",\"@id\":\"https:\/\/www.notibras.com\/site\/donny-entra-no-pp-de-celina-e-avalia-disputar-uma-cadeira-na-camara\/#primaryimage\",\"url\":\"https:\/\/www.notibras.com\/site\/wp-content\/uploads\/2026\/02\/7283ccc7-ddf4-4f56-a0eb-b6828a6b9e50.jpg\",\"contentUrl\":\"https:\/\/www.notibras.com\/site\/wp-content\/uploads\/2026\/02\/7283ccc7-ddf4-4f56-a0eb-b6828a6b9e50.jpg\",\"width\":1600,\"height\":1200},{\"@type\":\"BreadcrumbList\",\"@id\":\"https:\/\/www.notibras.com\/site\/donny-entra-no-pp-de-celina-e-avalia-disputar-uma-cadeira-na-camara\/#breadcrumb\",\"itemListElement\":[{\"@type\":\"ListItem\",\"position\":1,\"name\":\"In\u00edcio\",\"item\":\"https:\/\/www.notibras.com\/site\/\"},{\"@type\":\"ListItem\",\"position\":2,\"name\":\"Donny entra no PP de Celina e avalia disputar uma cadeira na C\u00e2mara\"}]},{\"@type\":\"WebSite\",\"@id\":\"https:\/\/www.notibras.com\/site\/#website\",\"url\":\"https:\/\/www.notibras.com\/site\/\",\"name\":\"Notibras\",\"description\":\"Not\u00edcias de Bras\u00edlia, do Brasil e do Mundo\",\"publisher\":{\"@id\":\"https:\/\/www.notibras.com\/site\/#organization\"},\"potentialAction\":[{\"@type\":\"SearchAction\",\"target\":{\"@type\":\"EntryPoint\",\"urlTemplate\":\"https:\/\/www.notibras.com\/site\/?s={search_term_string}\"},\"query-input\":{\"@type\":\"PropertyValueSpecification\",\"valueRequired\":true,\"valueName\":\"search_term_string\"}}],\"inLanguage\":\"pt-BR\"},{\"@type\":\"Organization\",\"@id\":\"https:\/\/www.notibras.com\/site\/#organization\",\"name\":\"Grupo Notibras de Comunica\u00e7\u00e3o\",\"url\":\"https:\/\/www.notibras.com\/site\/\",\"logo\":{\"@type\":\"ImageObject\",\"inLanguage\":\"pt-BR\",\"@id\":\"https:\/\/www.notibras.com\/site\/#\/schema\/logo\/image\/\",\"url\":\"https:\/\/www.notibras.com\/site\/wp-content\/uploads\/2023\/01\/notibras23.png\",\"contentUrl\":\"https:\/\/www.notibras.com\/site\/wp-content\/uploads\/2023\/01\/notibras23.png\",\"width\":350,\"height\":87,\"caption\":\"Grupo Notibras de Comunica\u00e7\u00e3o\"},\"image\":{\"@id\":\"https:\/\/www.notibras.com\/site\/#\/schema\/logo\/image\/\"},\"sameAs\":[\"https:\/\/www.facebook.com\/notibras\/\",\"https:\/\/x.com\/Notibras\",\"https:\/\/www.instagram.com\/notibras\/\"]},{\"@type\":\"Person\",\"@id\":\"https:\/\/www.notibras.com\/site\/#\/schema\/person\/36ab0979449956132d3e5b517ea76ac8\",\"name\":\"Reda\u00e7\u00e3o\",\"image\":{\"@type\":\"ImageObject\",\"inLanguage\":\"pt-BR\",\"@id\":\"https:\/\/secure.gravatar.com\/avatar\/e0a867bdedb85fd243eadf09663511f96fc81e0720a4a42581f334ad4303aa6b?s=96&d=mm&r=g\",\"url\":\"https:\/\/secure.gravatar.com\/avatar\/e0a867bdedb85fd243eadf09663511f96fc81e0720a4a42581f334ad4303aa6b?s=96&d=mm&r=g\",\"contentUrl\":\"https:\/\/secure.gravatar.com\/avatar\/e0a867bdedb85fd243eadf09663511f96fc81e0720a4a42581f334ad4303aa6b?s=96&d=mm&r=g\",\"caption\":\"Reda\u00e7\u00e3o\"}}]}<\/script>\n<!-- \/ Yoast SEO plugin. -->","yoast_head_json":{"title":"Donny entra no PP de Celina e avalia disputar uma cadeira na C\u00e2mara - Notibras","robots":{"index":"index","follow":"follow","max-snippet":"max-snippet:-1","max-image-preview":"max-image-preview:large","max-video-preview":"max-video-preview:-1"},"canonical":"https:\/\/www.notibras.com\/site\/donny-entra-no-pp-de-celina-e-avalia-disputar-uma-cadeira-na-camara\/","og_locale":"pt_BR","og_type":"article","og_title":"Donny entra no PP de Celina e avalia disputar uma cadeira na C\u00e2mara - Notibras","og_description":"Pr\u00e9-candidato a uma das oito vagas do Distrito Federal na C\u00e2mara dos Deputados, o jornalista Donny Silva, 59 anos, oficializou na quinta-feira (19) sua filia\u00e7\u00e3o ao Progressistas (PP). A cerim\u00f4nia foi conduzida pela vice-governadora Celina Le\u00e3o, presidente regional da legenda, que abonou a ficha de filia\u00e7\u00e3o. O evento reuniu mais de 100 apoiadores. Durante o [&hellip;]","og_url":"https:\/\/www.notibras.com\/site\/donny-entra-no-pp-de-celina-e-avalia-disputar-uma-cadeira-na-camara\/","og_site_name":"Notibras","article_publisher":"https:\/\/www.facebook.com\/notibras\/","article_published_time":"2026-02-20T15:22:00+00:00","og_image":[{"width":1600,"height":1200,"url":"https:\/\/www.notibras.com\/site\/wp-content\/uploads\/2026\/02\/7283ccc7-ddf4-4f56-a0eb-b6828a6b9e50.jpg","type":"image\/jpeg"}],"author":"Reda\u00e7\u00e3o","twitter_card":"summary_large_image","twitter_creator":"@Notibras","twitter_site":"@Notibras","twitter_misc":{"Escrito por":"Reda\u00e7\u00e3o","Est. tempo de leitura":"3 minutos"},"schema":{"@context":"https:\/\/schema.org","@graph":[{"@type":"Article","@id":"https:\/\/www.notibras.com\/site\/donny-entra-no-pp-de-celina-e-avalia-disputar-uma-cadeira-na-camara\/#article","isPartOf":{"@id":"https:\/\/www.notibras.com\/site\/donny-entra-no-pp-de-celina-e-avalia-disputar-uma-cadeira-na-camara\/"},"author":{"name":"Reda\u00e7\u00e3o","@id":"https:\/\/www.notibras.com\/site\/#\/schema\/person\/36ab0979449956132d3e5b517ea76ac8"},"headline":"Donny entra no PP de Celina e avalia disputar uma cadeira na C\u00e2mara","datePublished":"2026-02-20T15:22:00+00:00","mainEntityOfPage":{"@id":"https:\/\/www.notibras.com\/site\/donny-entra-no-pp-de-celina-e-avalia-disputar-uma-cadeira-na-camara\/"},"wordCount":444,"publisher":{"@id":"https:\/\/www.notibras.com\/site\/#organization"},"image":{"@id":"https:\/\/www.notibras.com\/site\/donny-entra-no-pp-de-celina-e-avalia-disputar-uma-cadeira-na-camara\/#primaryimage"},"thumbnailUrl":"https:\/\/www.notibras.com\/site\/wp-content\/uploads\/2026\/02\/7283ccc7-ddf4-4f56-a0eb-b6828a6b9e50.jpg","articleSection":["Quadradinho em Foco"],"inLanguage":"pt-BR"},{"@type":"WebPage","@id":"https:\/\/www.notibras.com\/site\/donny-entra-no-pp-de-celina-e-avalia-disputar-uma-cadeira-na-camara\/","url":"https:\/\/www.notibras.com\/site\/donny-entra-no-pp-de-celina-e-avalia-disputar-uma-cadeira-na-camara\/","name":"Donny entra no PP de Celina e avalia disputar uma cadeira na C\u00e2mara - Notibras","isPartOf":{"@id":"https:\/\/www.notibras.com\/site\/#website"},"primaryImageOfPage":{"@id":"https:\/\/www.notibras.com\/site\/donny-entra-no-pp-de-celina-e-avalia-disputar-uma-cadeira-na-camara\/#primaryimage"},"image":{"@id":"https:\/\/www.notibras.com\/site\/donny-entra-no-pp-de-celina-e-avalia-disputar-uma-cadeira-na-camara\/#primaryimage"},"thumbnailUrl":"https:\/\/www.notibras.com\/site\/wp-content\/uploads\/2026\/02\/7283ccc7-ddf4-4f56-a0eb-b6828a6b9e50.jpg","datePublished":"2026-02-20T15:22:00+00:00","breadcrumb":{"@id":"https:\/\/www.notibras.com\/site\/donny-entra-no-pp-de-celina-e-avalia-disputar-uma-cadeira-na-camara\/#breadcrumb"},"inLanguage":"pt-BR","potentialAction":[{"@type":"ReadAction","target":["https:\/\/www.notibras.com\/site\/donny-entra-no-pp-de-celina-e-avalia-disputar-uma-cadeira-na-camara\/"]}]},{"@type":"ImageObject","inLanguage":"pt-BR","@id":"https:\/\/www.notibras.com\/site\/donny-entra-no-pp-de-celina-e-avalia-disputar-uma-cadeira-na-camara\/#primaryimage","url":"https:\/\/www.notibras.com\/site\/wp-content\/uploads\/2026\/02\/7283ccc7-ddf4-4f56-a0eb-b6828a6b9e50.jpg","contentUrl":"https:\/\/www.notibras.com\/site\/wp-content\/uploads\/2026\/02\/7283ccc7-ddf4-4f56-a0eb-b6828a6b9e50.jpg","width":1600,"height":1200},{"@type":"BreadcrumbList","@id":"https:\/\/www.notibras.com\/site\/donny-entra-no-pp-de-celina-e-avalia-disputar-uma-cadeira-na-camara\/#breadcrumb","itemListElement":[{"@type":"ListItem","position":1,"name":"In\u00edcio","item":"https:\/\/www.notibras.com\/site\/"},{"@type":"ListItem","position":2,"name":"Donny entra no PP de Celina e avalia disputar uma cadeira na C\u00e2mara"}]},{"@type":"WebSite","@id":"https:\/\/www.notibras.com\/site\/#website","url":"https:\/\/www.notibras.com\/site\/","name":"Notibras","description":"Not\u00edcias de Bras\u00edlia, do Brasil e do Mundo","publisher":{"@id":"https:\/\/www.notibras.com\/site\/#organization"},"potentialAction":[{"@type":"SearchAction","target":{"@type":"EntryPoint","urlTemplate":"https:\/\/www.notibras.com\/site\/?s={search_term_string}"},"query-input":{"@type":"PropertyValueSpecification","valueRequired":true,"valueName":"search_term_string"}}],"inLanguage":"pt-BR"},{"@type":"Organization","@id":"https:\/\/www.notibras.com\/site\/#organization","name":"Grupo Notibras de Comunica\u00e7\u00e3o","url":"https:\/\/www.notibras.com\/site\/","logo":{"@type":"ImageObject","inLanguage":"pt-BR","@id":"https:\/\/www.notibras.com\/site\/#\/schema\/logo\/image\/","url":"https:\/\/www.notibras.com\/site\/wp-content\/uploads\/2023\/01\/notibras23.png","contentUrl":"https:\/\/www.notibras.com\/site\/wp-content\/uploads\/2023\/01\/notibras23.png","width":350,"height":87,"caption":"Grupo Notibras de Comunica\u00e7\u00e3o"},"image":{"@id":"https:\/\/www.notibras.com\/site\/#\/schema\/logo\/image\/"},"sameAs":["https:\/\/www.facebook.com\/notibras\/","https:\/\/x.com\/Notibras","https:\/\/www.instagram.com\/notibras\/"]},{"@type":"Person","@id":"https:\/\/www.notibras.com\/site\/#\/schema\/person\/36ab0979449956132d3e5b517ea76ac8","name":"Reda\u00e7\u00e3o","image":{"@type":"ImageObject","inLanguage":"pt-BR","@id":"https:\/\/secure.gravatar.com\/avatar\/e0a867bdedb85fd243eadf09663511f96fc81e0720a4a42581f334ad4303aa6b?s=96&d=mm&r=g","url":"https:\/\/secure.gravatar.com\/avatar\/e0a867bdedb85fd243eadf09663511f96fc81e0720a4a42581f334ad4303aa6b?s=96&d=mm&r=g","contentUrl":"https:\/\/secure.gravatar.com\/avatar\/e0a867bdedb85fd243eadf09663511f96fc81e0720a4a42581f334ad4303aa6b?s=96&d=mm&r=g","caption":"Reda\u00e7\u00e3o"}}]}},"amp_enabled":true,"_links":{"self":[{"href":"https:\/\/www.notibras.com\/site\/wp-json\/wp\/v2\/posts\/384013","targetHints":{"allow":["GET"]}}],"collection":[{"href":"https:\/\/www.notibras.com\/site\/wp-json\/wp\/v2\/posts"}],"about":[{"href":"https:\/\/www.notibras.com\/site\/wp-json\/wp\/v2\/types\/post"}],"author":[{"embeddable":true,"href":"https:\/\/www.notibras.com\/site\/wp-json\/wp\/v2\/users\/2"}],"replies":[{"embeddable":true,"href":"https:\/\/www.notibras.com\/site\/wp-json\/wp\/v2\/comments?post=384013"}],"version-history":[{"count":1,"href":"https:\/\/www.notibras.com\/site\/wp-json\/wp\/v2\/posts\/384013\/revisions"}],"predecessor-version":[{"id":384015,"href":"https:\/\/www.notibras.com\/site\/wp-json\/wp\/v2\/posts\/384013\/revisions\/384015"}],"wp:featuredmedia":[{"embeddable":true,"href":"https:\/\/www.notibras.com\/site\/wp-json\/wp\/v2\/media\/384014"}],"wp:attachment":[{"href":"https:\/\/www.notibras.com\/site\/wp-json\/wp\/v2\/media?parent=384013"}],"wp:term":[{"taxonomy":"category","embeddable":true,"href":"https:\/\/www.notibras.com\/site\/wp-json\/wp\/v2\/categories?post=384013"},{"taxonomy":"post_tag","embeddable":true,"href":"https:\/\/www.notibras.com\/site\/wp-json\/wp\/v2\/tags?post=384013"}],"curies":[{"name":"wp","href":"https:\/\/api.w.org\/{rel}","templated":true}]}}