{"id":384020,"date":"2026-02-21T00:00:58","date_gmt":"2026-02-21T03:00:58","guid":{"rendered":"https:\/\/www.notibras.com\/site\/?p=384020"},"modified":"2026-02-20T16:41:49","modified_gmt":"2026-02-20T19:41:49","slug":"um-certo-cantor-de-niteroi","status":"publish","type":"post","link":"https:\/\/www.notibras.com\/site\/um-certo-cantor-de-niteroi\/","title":{"rendered":"Um certo cantor de Niter\u00f3i"},"content":{"rendered":"<p>Se \u00e9 verdade ou n\u00e3o, ainda assim se trata de uma hist\u00f3ria deveras plaus\u00edvel. Portanto, vale a pena ser contada, pois creio que aconteceu como me foi dita h\u00e1 tempos por um amigo de longa data, o Cleidson, enquanto degust\u00e1vamos um delicioso caf\u00e9 gourmet numa afamada padaria em Bras\u00edlia.<\/p>\n<p>A fim de fazer chacota do sarcasmo de poss\u00edveis incr\u00e9dulos, eis que decidi iniciar a hist\u00f3ria com o cl\u00e1ssico e manjado &#8220;Era uma vez&#8230;&#8221;<\/p>\n<p>Era uma vez um famoso m\u00fasico, compositor e maestro chamado Ant\u00f4nio Carlos, mas que, parece, preferia ser chamado simplesmente de Tom. Pois \u00e9, tal gajo se encontrava no Garota de Ipanema (outrora Veloso), famoso bar localizado no bairro hom\u00f4nimo, no Rio de Janeiro, quando o telefone tocou. O gar\u00e7om prontamente atendeu e, em seguida, se dirigiu \u00e0 mesa regada de chopes.<\/p>\n<p>\u2014 Tom, \u00e9 pra voc\u00ea.<\/p>\n<p>\u2014 Quem \u00e9?<\/p>\n<p>\u2014 Um cara que fala todo enrolado.<\/p>\n<p>Mesmo sem querer interromper a conversa com Vinicius, parceiro de belas can\u00e7\u00f5es, l\u00e1 foi o maestro atender.<\/p>\n<p>\u2014 Al\u00f4? Quem \u00e9?<\/p>\n<p>Do outro lado da linha, ouviu-se a voz inconfund\u00edvel de um certo gringo de alcunha Frank, que quase gritou num ingl\u00eas carregado da Costa Leste.<\/p>\n<p>\u2014 \u00c9 o Frank, Tom! Tudo bem?<\/p>\n<p>\u2014 Diga l\u00e1! O que manda?<\/p>\n<p>A conversa prosseguiu at\u00e9 que o Tom, certamente querendo mexer com os brios do amigo, o provocou.<\/p>\n<p>\u2014 Sabe, Frank, n\u00e3o sei se voc\u00ea sabe de uma coisa.<\/p>\n<p>\u2014 O qu\u00ea?<\/p>\n<p>\u2014 Voc\u00ea \u00e9 segundo melhor cantor de &#8220;New York, New York&#8221;.<\/p>\n<p>\u2014 T\u00e1 maluco? E quem seria o primeiro?<\/p>\n<p>\u2014 \u00c9 um rapaz de Niter\u00f3i, cidade pr\u00f3xima daqui do Rio.<\/p>\n<p>Frank, incr\u00e9dulo, ouviu aquela afronta e, mesmo com \u00edmpeto de xingar o amigo, manteve a classe. Afinal, os dois haviam trabalhado em um disco h\u00e1 algum tempo. No entanto, aquilo perturbou suas ideias pelos pr\u00f3ximos meses, at\u00e9 que, finalmente, soube que o tal cantor de Niter\u00f3i iria fazer uma turn\u00ea pelos Estados Unidos.<\/p>\n<p>O gringo tratou de comprar um ingresso na primeira fileira, bem em frente ao palco. Ele estava certo de que ningu\u00e9m poderia cantar a famosa can\u00e7\u00e3o melhor do que ele. N\u00e3o mesmo!<\/p>\n<p>Frank, ap\u00f3s quase um m\u00eas de espera, assistiu ao show, que aconteceu \u00e0 noite em Nova Iorque. Boquiaberto que ficou, assim que terminou o espet\u00e1culo, telefonou para casa do Tom, que, devido ao fuso hor\u00e1rio, j\u00e1 estava nos bra\u00e7os de Morfeu.<\/p>\n<p>\u2014 Tom, desculpe por acord\u00e1-lo, mas eu precisava lhe falar.<\/p>\n<p>\u2014 Diga l\u00e1, Frank. O que aconteceu?<\/p>\n<p>\u2014 Voc\u00ea tinha raz\u00e3o.<\/p>\n<p>\u2014 Do que voc\u00ea t\u00e1 falando?<\/p>\n<p>\u2014 Sou mesmo o segundo melhor cantor de &#8220;New York, New York&#8221;. Esse Cauby \u00e9 muito melhor do que eu.<\/p>\n<p><strong>\u2026\u2026\u2026\u2026\u2026\u2026\u2026\u2026<\/strong><\/p>\n<p><strong>Eduardo Mart\u00ednez \u00e9 autor do livro \u201957 Contos e Cr\u00f4nicas por um Autor Muito Velho\u2019 (Vencedor do Pr\u00eamio Liter\u00e1rio Clarice Lispector \u2013 2025 na categoria livro de contos).<\/strong><\/p>\n<p><strong>Compre aqui<\/strong><\/p>\n<p><a href=\"https:\/\/www.joanineditora.com.br\/57-contos-e-cronicas-por-um-autor-muito-velho\"><strong>https:\/\/www.joanineditora.com.br\/57-contos-e-cronicas-por-um-autor-muito-velho<\/strong><\/a><\/p>\n","protected":false},"excerpt":{"rendered":"<p>Se \u00e9 verdade ou n\u00e3o, ainda assim se trata de uma hist\u00f3ria deveras plaus\u00edvel. Portanto, vale a pena ser contada, pois creio que aconteceu como me foi dita h\u00e1 tempos por um amigo de longa data, o Cleidson, enquanto degust\u00e1vamos um delicioso caf\u00e9 gourmet numa afamada padaria em Bras\u00edlia. A fim de fazer chacota do [&hellip;]<\/p>\n","protected":false},"author":21,"featured_media":384021,"comment_status":"closed","ping_status":"closed","sticky":false,"template":"","format":"standard","meta":{"_acf_changed":false,"footnotes":""},"categories":[234],"tags":[],"class_list":["post-384020","post","type-post","status-publish","format-standard","has-post-thumbnail","hentry","category-cafe-literario"],"acf":[],"yoast_head":"<!-- This site is optimized with the Yoast SEO plugin v27.2 - https:\/\/yoast.com\/product\/yoast-seo-wordpress\/ -->\n<title>Um certo cantor de Niter\u00f3i - Notibras<\/title>\n<meta name=\"robots\" content=\"index, follow, max-snippet:-1, max-image-preview:large, max-video-preview:-1\" \/>\n<link rel=\"canonical\" href=\"https:\/\/www.notibras.com\/site\/um-certo-cantor-de-niteroi\/\" \/>\n<meta property=\"og:locale\" content=\"pt_BR\" \/>\n<meta property=\"og:type\" content=\"article\" \/>\n<meta property=\"og:title\" content=\"Um certo cantor de Niter\u00f3i - Notibras\" \/>\n<meta property=\"og:description\" content=\"Se \u00e9 verdade ou n\u00e3o, ainda assim se trata de uma hist\u00f3ria deveras plaus\u00edvel. Portanto, vale a pena ser contada, pois creio que aconteceu como me foi dita h\u00e1 tempos por um amigo de longa data, o Cleidson, enquanto degust\u00e1vamos um delicioso caf\u00e9 gourmet numa afamada padaria em Bras\u00edlia. A fim de fazer chacota do [&hellip;]\" \/>\n<meta property=\"og:url\" content=\"https:\/\/www.notibras.com\/site\/um-certo-cantor-de-niteroi\/\" \/>\n<meta property=\"og:site_name\" content=\"Notibras\" \/>\n<meta property=\"article:publisher\" content=\"https:\/\/www.facebook.com\/notibras\/\" \/>\n<meta property=\"article:published_time\" content=\"2026-02-21T03:00:58+00:00\" \/>\n<meta property=\"og:image\" content=\"https:\/\/www.notibras.com\/site\/wp-content\/uploads\/2026\/02\/WhatsApp-Image-2026-02-20-at-16.34.56.jpeg\" \/>\n\t<meta property=\"og:image:width\" content=\"1024\" \/>\n\t<meta property=\"og:image:height\" content=\"747\" \/>\n\t<meta property=\"og:image:type\" content=\"image\/jpeg\" \/>\n<meta name=\"author\" content=\"Eduardo Mart\u00ednez\" \/>\n<meta name=\"twitter:card\" content=\"summary_large_image\" \/>\n<meta name=\"twitter:creator\" content=\"@Notibras\" \/>\n<meta name=\"twitter:site\" content=\"@Notibras\" \/>\n<meta name=\"twitter:label1\" content=\"Escrito por\" \/>\n\t<meta name=\"twitter:data1\" content=\"Eduardo Mart\u00ednez\" \/>\n\t<meta name=\"twitter:label2\" content=\"Est. tempo de leitura\" \/>\n\t<meta name=\"twitter:data2\" content=\"3 minutos\" \/>\n<script type=\"application\/ld+json\" class=\"yoast-schema-graph\">{\"@context\":\"https:\/\/schema.org\",\"@graph\":[{\"@type\":\"Article\",\"@id\":\"https:\/\/www.notibras.com\/site\/um-certo-cantor-de-niteroi\/#article\",\"isPartOf\":{\"@id\":\"https:\/\/www.notibras.com\/site\/um-certo-cantor-de-niteroi\/\"},\"author\":{\"name\":\"Eduardo Mart\u00ednez\",\"@id\":\"https:\/\/www.notibras.com\/site\/#\/schema\/person\/5b7fabf2aedc3ada2105f03b22b4d3dd\"},\"headline\":\"Um certo cantor de Niter\u00f3i\",\"datePublished\":\"2026-02-21T03:00:58+00:00\",\"mainEntityOfPage\":{\"@id\":\"https:\/\/www.notibras.com\/site\/um-certo-cantor-de-niteroi\/\"},\"wordCount\":489,\"publisher\":{\"@id\":\"https:\/\/www.notibras.com\/site\/#organization\"},\"image\":{\"@id\":\"https:\/\/www.notibras.com\/site\/um-certo-cantor-de-niteroi\/#primaryimage\"},\"thumbnailUrl\":\"https:\/\/www.notibras.com\/site\/wp-content\/uploads\/2026\/02\/WhatsApp-Image-2026-02-20-at-16.34.56.jpeg\",\"articleSection\":[\"Caf\u00e9 Liter\u00e1rio\"],\"inLanguage\":\"pt-BR\"},{\"@type\":\"WebPage\",\"@id\":\"https:\/\/www.notibras.com\/site\/um-certo-cantor-de-niteroi\/\",\"url\":\"https:\/\/www.notibras.com\/site\/um-certo-cantor-de-niteroi\/\",\"name\":\"Um certo cantor de Niter\u00f3i - Notibras\",\"isPartOf\":{\"@id\":\"https:\/\/www.notibras.com\/site\/#website\"},\"primaryImageOfPage\":{\"@id\":\"https:\/\/www.notibras.com\/site\/um-certo-cantor-de-niteroi\/#primaryimage\"},\"image\":{\"@id\":\"https:\/\/www.notibras.com\/site\/um-certo-cantor-de-niteroi\/#primaryimage\"},\"thumbnailUrl\":\"https:\/\/www.notibras.com\/site\/wp-content\/uploads\/2026\/02\/WhatsApp-Image-2026-02-20-at-16.34.56.jpeg\",\"datePublished\":\"2026-02-21T03:00:58+00:00\",\"breadcrumb\":{\"@id\":\"https:\/\/www.notibras.com\/site\/um-certo-cantor-de-niteroi\/#breadcrumb\"},\"inLanguage\":\"pt-BR\",\"potentialAction\":[{\"@type\":\"ReadAction\",\"target\":[\"https:\/\/www.notibras.com\/site\/um-certo-cantor-de-niteroi\/\"]}]},{\"@type\":\"ImageObject\",\"inLanguage\":\"pt-BR\",\"@id\":\"https:\/\/www.notibras.com\/site\/um-certo-cantor-de-niteroi\/#primaryimage\",\"url\":\"https:\/\/www.notibras.com\/site\/wp-content\/uploads\/2026\/02\/WhatsApp-Image-2026-02-20-at-16.34.56.jpeg\",\"contentUrl\":\"https:\/\/www.notibras.com\/site\/wp-content\/uploads\/2026\/02\/WhatsApp-Image-2026-02-20-at-16.34.56.jpeg\",\"width\":1024,\"height\":747},{\"@type\":\"BreadcrumbList\",\"@id\":\"https:\/\/www.notibras.com\/site\/um-certo-cantor-de-niteroi\/#breadcrumb\",\"itemListElement\":[{\"@type\":\"ListItem\",\"position\":1,\"name\":\"In\u00edcio\",\"item\":\"https:\/\/www.notibras.com\/site\/\"},{\"@type\":\"ListItem\",\"position\":2,\"name\":\"Um certo cantor de Niter\u00f3i\"}]},{\"@type\":\"WebSite\",\"@id\":\"https:\/\/www.notibras.com\/site\/#website\",\"url\":\"https:\/\/www.notibras.com\/site\/\",\"name\":\"Notibras\",\"description\":\"Not\u00edcias de Bras\u00edlia, do Brasil e do Mundo\",\"publisher\":{\"@id\":\"https:\/\/www.notibras.com\/site\/#organization\"},\"potentialAction\":[{\"@type\":\"SearchAction\",\"target\":{\"@type\":\"EntryPoint\",\"urlTemplate\":\"https:\/\/www.notibras.com\/site\/?s={search_term_string}\"},\"query-input\":{\"@type\":\"PropertyValueSpecification\",\"valueRequired\":true,\"valueName\":\"search_term_string\"}}],\"inLanguage\":\"pt-BR\"},{\"@type\":\"Organization\",\"@id\":\"https:\/\/www.notibras.com\/site\/#organization\",\"name\":\"Grupo Notibras de Comunica\u00e7\u00e3o\",\"url\":\"https:\/\/www.notibras.com\/site\/\",\"logo\":{\"@type\":\"ImageObject\",\"inLanguage\":\"pt-BR\",\"@id\":\"https:\/\/www.notibras.com\/site\/#\/schema\/logo\/image\/\",\"url\":\"https:\/\/www.notibras.com\/site\/wp-content\/uploads\/2023\/01\/notibras23.png\",\"contentUrl\":\"https:\/\/www.notibras.com\/site\/wp-content\/uploads\/2023\/01\/notibras23.png\",\"width\":350,\"height\":87,\"caption\":\"Grupo Notibras de Comunica\u00e7\u00e3o\"},\"image\":{\"@id\":\"https:\/\/www.notibras.com\/site\/#\/schema\/logo\/image\/\"},\"sameAs\":[\"https:\/\/www.facebook.com\/notibras\/\",\"https:\/\/x.com\/Notibras\",\"https:\/\/www.instagram.com\/notibras\/\"]},{\"@type\":\"Person\",\"@id\":\"https:\/\/www.notibras.com\/site\/#\/schema\/person\/5b7fabf2aedc3ada2105f03b22b4d3dd\",\"name\":\"Eduardo Mart\u00ednez\",\"image\":{\"@type\":\"ImageObject\",\"inLanguage\":\"pt-BR\",\"@id\":\"https:\/\/secure.gravatar.com\/avatar\/7902f906289926289cbcda644b5197c796b893c6ffd7b9a536a42d290f7704a0?s=96&d=mm&r=g\",\"url\":\"https:\/\/secure.gravatar.com\/avatar\/7902f906289926289cbcda644b5197c796b893c6ffd7b9a536a42d290f7704a0?s=96&d=mm&r=g\",\"contentUrl\":\"https:\/\/secure.gravatar.com\/avatar\/7902f906289926289cbcda644b5197c796b893c6ffd7b9a536a42d290f7704a0?s=96&d=mm&r=g\",\"caption\":\"Eduardo Mart\u00ednez\"}}]}<\/script>\n<!-- \/ Yoast SEO plugin. -->","yoast_head_json":{"title":"Um certo cantor de Niter\u00f3i - Notibras","robots":{"index":"index","follow":"follow","max-snippet":"max-snippet:-1","max-image-preview":"max-image-preview:large","max-video-preview":"max-video-preview:-1"},"canonical":"https:\/\/www.notibras.com\/site\/um-certo-cantor-de-niteroi\/","og_locale":"pt_BR","og_type":"article","og_title":"Um certo cantor de Niter\u00f3i - Notibras","og_description":"Se \u00e9 verdade ou n\u00e3o, ainda assim se trata de uma hist\u00f3ria deveras plaus\u00edvel. Portanto, vale a pena ser contada, pois creio que aconteceu como me foi dita h\u00e1 tempos por um amigo de longa data, o Cleidson, enquanto degust\u00e1vamos um delicioso caf\u00e9 gourmet numa afamada padaria em Bras\u00edlia. A fim de fazer chacota do [&hellip;]","og_url":"https:\/\/www.notibras.com\/site\/um-certo-cantor-de-niteroi\/","og_site_name":"Notibras","article_publisher":"https:\/\/www.facebook.com\/notibras\/","article_published_time":"2026-02-21T03:00:58+00:00","og_image":[{"width":1024,"height":747,"url":"https:\/\/www.notibras.com\/site\/wp-content\/uploads\/2026\/02\/WhatsApp-Image-2026-02-20-at-16.34.56.jpeg","type":"image\/jpeg"}],"author":"Eduardo Mart\u00ednez","twitter_card":"summary_large_image","twitter_creator":"@Notibras","twitter_site":"@Notibras","twitter_misc":{"Escrito por":"Eduardo Mart\u00ednez","Est. tempo de leitura":"3 minutos"},"schema":{"@context":"https:\/\/schema.org","@graph":[{"@type":"Article","@id":"https:\/\/www.notibras.com\/site\/um-certo-cantor-de-niteroi\/#article","isPartOf":{"@id":"https:\/\/www.notibras.com\/site\/um-certo-cantor-de-niteroi\/"},"author":{"name":"Eduardo Mart\u00ednez","@id":"https:\/\/www.notibras.com\/site\/#\/schema\/person\/5b7fabf2aedc3ada2105f03b22b4d3dd"},"headline":"Um certo cantor de Niter\u00f3i","datePublished":"2026-02-21T03:00:58+00:00","mainEntityOfPage":{"@id":"https:\/\/www.notibras.com\/site\/um-certo-cantor-de-niteroi\/"},"wordCount":489,"publisher":{"@id":"https:\/\/www.notibras.com\/site\/#organization"},"image":{"@id":"https:\/\/www.notibras.com\/site\/um-certo-cantor-de-niteroi\/#primaryimage"},"thumbnailUrl":"https:\/\/www.notibras.com\/site\/wp-content\/uploads\/2026\/02\/WhatsApp-Image-2026-02-20-at-16.34.56.jpeg","articleSection":["Caf\u00e9 Liter\u00e1rio"],"inLanguage":"pt-BR"},{"@type":"WebPage","@id":"https:\/\/www.notibras.com\/site\/um-certo-cantor-de-niteroi\/","url":"https:\/\/www.notibras.com\/site\/um-certo-cantor-de-niteroi\/","name":"Um certo cantor de Niter\u00f3i - Notibras","isPartOf":{"@id":"https:\/\/www.notibras.com\/site\/#website"},"primaryImageOfPage":{"@id":"https:\/\/www.notibras.com\/site\/um-certo-cantor-de-niteroi\/#primaryimage"},"image":{"@id":"https:\/\/www.notibras.com\/site\/um-certo-cantor-de-niteroi\/#primaryimage"},"thumbnailUrl":"https:\/\/www.notibras.com\/site\/wp-content\/uploads\/2026\/02\/WhatsApp-Image-2026-02-20-at-16.34.56.jpeg","datePublished":"2026-02-21T03:00:58+00:00","breadcrumb":{"@id":"https:\/\/www.notibras.com\/site\/um-certo-cantor-de-niteroi\/#breadcrumb"},"inLanguage":"pt-BR","potentialAction":[{"@type":"ReadAction","target":["https:\/\/www.notibras.com\/site\/um-certo-cantor-de-niteroi\/"]}]},{"@type":"ImageObject","inLanguage":"pt-BR","@id":"https:\/\/www.notibras.com\/site\/um-certo-cantor-de-niteroi\/#primaryimage","url":"https:\/\/www.notibras.com\/site\/wp-content\/uploads\/2026\/02\/WhatsApp-Image-2026-02-20-at-16.34.56.jpeg","contentUrl":"https:\/\/www.notibras.com\/site\/wp-content\/uploads\/2026\/02\/WhatsApp-Image-2026-02-20-at-16.34.56.jpeg","width":1024,"height":747},{"@type":"BreadcrumbList","@id":"https:\/\/www.notibras.com\/site\/um-certo-cantor-de-niteroi\/#breadcrumb","itemListElement":[{"@type":"ListItem","position":1,"name":"In\u00edcio","item":"https:\/\/www.notibras.com\/site\/"},{"@type":"ListItem","position":2,"name":"Um certo cantor de Niter\u00f3i"}]},{"@type":"WebSite","@id":"https:\/\/www.notibras.com\/site\/#website","url":"https:\/\/www.notibras.com\/site\/","name":"Notibras","description":"Not\u00edcias de Bras\u00edlia, do Brasil e do Mundo","publisher":{"@id":"https:\/\/www.notibras.com\/site\/#organization"},"potentialAction":[{"@type":"SearchAction","target":{"@type":"EntryPoint","urlTemplate":"https:\/\/www.notibras.com\/site\/?s={search_term_string}"},"query-input":{"@type":"PropertyValueSpecification","valueRequired":true,"valueName":"search_term_string"}}],"inLanguage":"pt-BR"},{"@type":"Organization","@id":"https:\/\/www.notibras.com\/site\/#organization","name":"Grupo Notibras de Comunica\u00e7\u00e3o","url":"https:\/\/www.notibras.com\/site\/","logo":{"@type":"ImageObject","inLanguage":"pt-BR","@id":"https:\/\/www.notibras.com\/site\/#\/schema\/logo\/image\/","url":"https:\/\/www.notibras.com\/site\/wp-content\/uploads\/2023\/01\/notibras23.png","contentUrl":"https:\/\/www.notibras.com\/site\/wp-content\/uploads\/2023\/01\/notibras23.png","width":350,"height":87,"caption":"Grupo Notibras de Comunica\u00e7\u00e3o"},"image":{"@id":"https:\/\/www.notibras.com\/site\/#\/schema\/logo\/image\/"},"sameAs":["https:\/\/www.facebook.com\/notibras\/","https:\/\/x.com\/Notibras","https:\/\/www.instagram.com\/notibras\/"]},{"@type":"Person","@id":"https:\/\/www.notibras.com\/site\/#\/schema\/person\/5b7fabf2aedc3ada2105f03b22b4d3dd","name":"Eduardo Mart\u00ednez","image":{"@type":"ImageObject","inLanguage":"pt-BR","@id":"https:\/\/secure.gravatar.com\/avatar\/7902f906289926289cbcda644b5197c796b893c6ffd7b9a536a42d290f7704a0?s=96&d=mm&r=g","url":"https:\/\/secure.gravatar.com\/avatar\/7902f906289926289cbcda644b5197c796b893c6ffd7b9a536a42d290f7704a0?s=96&d=mm&r=g","contentUrl":"https:\/\/secure.gravatar.com\/avatar\/7902f906289926289cbcda644b5197c796b893c6ffd7b9a536a42d290f7704a0?s=96&d=mm&r=g","caption":"Eduardo Mart\u00ednez"}}]}},"amp_enabled":true,"_links":{"self":[{"href":"https:\/\/www.notibras.com\/site\/wp-json\/wp\/v2\/posts\/384020","targetHints":{"allow":["GET"]}}],"collection":[{"href":"https:\/\/www.notibras.com\/site\/wp-json\/wp\/v2\/posts"}],"about":[{"href":"https:\/\/www.notibras.com\/site\/wp-json\/wp\/v2\/types\/post"}],"author":[{"embeddable":true,"href":"https:\/\/www.notibras.com\/site\/wp-json\/wp\/v2\/users\/21"}],"replies":[{"embeddable":true,"href":"https:\/\/www.notibras.com\/site\/wp-json\/wp\/v2\/comments?post=384020"}],"version-history":[{"count":1,"href":"https:\/\/www.notibras.com\/site\/wp-json\/wp\/v2\/posts\/384020\/revisions"}],"predecessor-version":[{"id":384022,"href":"https:\/\/www.notibras.com\/site\/wp-json\/wp\/v2\/posts\/384020\/revisions\/384022"}],"wp:featuredmedia":[{"embeddable":true,"href":"https:\/\/www.notibras.com\/site\/wp-json\/wp\/v2\/media\/384021"}],"wp:attachment":[{"href":"https:\/\/www.notibras.com\/site\/wp-json\/wp\/v2\/media?parent=384020"}],"wp:term":[{"taxonomy":"category","embeddable":true,"href":"https:\/\/www.notibras.com\/site\/wp-json\/wp\/v2\/categories?post=384020"},{"taxonomy":"post_tag","embeddable":true,"href":"https:\/\/www.notibras.com\/site\/wp-json\/wp\/v2\/tags?post=384020"}],"curies":[{"name":"wp","href":"https:\/\/api.w.org\/{rel}","templated":true}]}}