{"id":384028,"date":"2026-02-21T01:15:22","date_gmt":"2026-02-21T04:15:22","guid":{"rendered":"https:\/\/www.notibras.com\/site\/?p=384028"},"modified":"2026-02-20T18:06:40","modified_gmt":"2026-02-20T21:06:40","slug":"filho-de-sindico-que-matou-corretora-e-solto","status":"publish","type":"post","link":"https:\/\/www.notibras.com\/site\/filho-de-sindico-que-matou-corretora-e-solto\/","title":{"rendered":"Filho de s\u00edndico que matou corretora \u00e9 solto"},"content":{"rendered":"<p>A Justi\u00e7a determinou a soltura de Maicon Douglas de Oliveira, filho do s\u00edndico Cleber Rosa de Oliveira, que confessou o assassinato da corretora Daiane Alves, de 43 anos, em Caldas Novas. Maicon estava preso temporariamente desde o dia 28 de janeiro, enquanto a Pol\u00edcia Civil investigava se ele teria auxiliado no homic\u00eddio ou tentado obstruir o trabalho dos peritos. Ap\u00f3s o avan\u00e7o das dilig\u00eancias, as autoridades conclu\u00edram que ele n\u00e3o teve qualquer envolvimento no crime.<\/p>\n<p>Segundo o delegado Andr\u00e9 Luiz Barbosa, respons\u00e1vel pelo caso, Maicon Douglas possu\u00eda um \u00e1libi s\u00f3lido: no dia 17 de dezembro, data em que Daiane foi morta com dois tiros na cabe\u00e7a, ele estava na cidade de Catal\u00e3o, onde residia. A defesa do jovem refor\u00e7ou a inoc\u00eancia apresentando um &#8220;acervo probat\u00f3rio irrefut\u00e1vel&#8221;, que incluiu registos de ponto laboral, mensagens de telem\u00f3vel e laudos t\u00e9cnicos que comprovaram que ele sequer estava em Caldas Novas no momento da execu\u00e7\u00e3o.<\/p>\n<p>A suspeita inicial sobre o filho do s\u00edndico surgiu devido \u00e0 compra de um telem\u00f3vel novo para o pai no dia 17 de janeiro, poucas horas ap\u00f3s a per\u00edcia no ve\u00edculo utilizado para transportar o corpo da v\u00edtima. A pol\u00edcia interpretou a troca do aparelho como uma poss\u00edvel manobra para ocultar provas ou comunica\u00e7\u00f5es incriminat\u00f3rias. No entanto, o depoimento de Maicon esclareceu que a substitui\u00e7\u00e3o do aparelho teve uma motiva\u00e7\u00e3o exclusivamente financeira e administrativa.<\/p>\n<p>Maicon admitiu que soube do crime atrav\u00e9s do pai no dia 15 de janeiro e que a compra do novo telem\u00f3vel visava garantir que a fam\u00edlia continuasse a ter acesso \u00e0s aplica\u00e7\u00f5es banc\u00e1rias do condom\u00ednio. Como Cleber era o s\u00edndico e o administrador das contas, temia-se que a apreens\u00e3o do seu aparelho original impedisse o pagamento de despesas essenciais e a gest\u00e3o dos recursos da associa\u00e7\u00e3o de moradores, uma vez que ele j\u00e1 antecipava a sua pr\u00f3pria pris\u00e3o.<\/p>\n<p>A investiga\u00e7\u00e3o revelou ainda que Cleber teria utilizado verbas do condom\u00ednio para custear a sua defesa jur\u00eddica. O atual presidente da associa\u00e7\u00e3o registou uma ocorr\u00eancia informando sobre uma transfer\u00eancia via PIX, realizada pelo s\u00edndico para a conta do filho, no valor exato dos honor\u00e1rios contratuais dos advogados. Devido a estes ind\u00edcios, o Grupo Especial de Investiga\u00e7\u00f5es Criminais (Geic) instaurou um procedimento pr\u00f3prio para apurar eventuais crimes patrimoniais e gest\u00e3o fraudulenta.<\/p>\n<p>Em nota oficial, os advogados de Maicon Douglas criticaram a &#8220;execra\u00e7\u00e3o p\u00fablica&#8221; sofrida pelo jovem e celebraram o arquivamento das suspeitas, afirmando que a ci\u00eancia e a t\u00e9cnica demonstraram a sua &#8220;absoluta inoc\u00eancia&#8221;.<\/p>\n<p>A defesa sublinhou que a pris\u00e3o tempor\u00e1ria foi uma medida extrema pautada em pressupostos infundados e que o desfecho era a \u00fanica resposta juridicamente aceit\u00e1vel perante as provas apresentadas.<\/p>\n<p>Por outro lado, a defesa de Cleber Rosa de Oliveira, que permanece detido e foi indiciado por homic\u00eddio qualificado e oculta\u00e7\u00e3o de cad\u00e1ver, informou que o cliente segue \u00e0 disposi\u00e7\u00e3o da Justi\u00e7a com uma postura colaborativa. Os advogados do s\u00edndico declararam que as circunst\u00e2ncias do caso ser\u00e3o discutidas apenas pela via judicial, ressaltando que os procedimentos correm sob segredo de justi\u00e7a enquanto aguardam a delibera\u00e7\u00e3o do Minist\u00e9rio P\u00fablico.<\/p>\n<p>O crime, que chocou a regi\u00e3o sul de Goi\u00e1s, ocorreu no pr\u00e9dio onde a corretora morava. Ap\u00f3s ser morta, Daiane foi transportada por Cleber at\u00e9 uma zona de mata \u00e0s margens da GO-213, onde o corpo foi localizado. Com a soltura de Maicon e o encerramento do inqu\u00e9rito principal, o foco das autoridades agora divide-se entre a condena\u00e7\u00e3o do autor confesso e a auditoria das contas do condom\u00ednio geridas por ele durante o per\u00edodo do crime.<\/p>\n<p><strong>Cronologia dos Factos<\/strong><\/p>\n<p>\u2022 17 de dezembro: Daiane Alves \u00e9 morta com dois tiros na cabe\u00e7a no pr\u00e9dio onde morava; Cleber Rosa transporta o corpo at\u00e9 a GO-213. Maicon Douglas est\u00e1 em Catal\u00e3o (\u00e1libi confirmado).<\/p>\n<p>\u2022 15 de janeiro: Cleber confessa o crime ao filho, Maicon, e manifesta receio de ser preso e perder acesso \u00e0s contas do condom\u00ednio.<\/p>\n<p>\u2022 17 de janeiro: Realizada a per\u00edcia no carro de Cleber. Tr\u00eas horas depois, Maicon compra um telem\u00f3vel novo para o pai.<\/p>\n<p>\u2022 18 de janeiro: Atual presidente do condom\u00ednio regista boletim de ocorr\u00eancia sobre transfer\u00eancia via PIX suspeita para pagamento de advogados.<\/p>\n<p>\u2022 28 de janeiro: Maicon Douglas e Cleber Rosa s\u00e3o presos temporariamente pela Pol\u00edcia Civil.<\/p>\n<p>\u2022 19 de fevereiro: Maicon Douglas \u00e9 solto ap\u00f3s a pol\u00edcia concluir que a troca do telem\u00f3vel n\u00e3o visava obstruir a justi\u00e7a e confirmar o seu \u00e1libi t\u00e9cnico.<\/p>\n<p>\u2022 20 de fevereiro: Defesa de Cleber reafirma postura colaborativa enquanto o caso segue para o Minist\u00e9rio P\u00fablico em segredo de justi\u00e7a.<\/p>\n<p><strong>&#8230;&#8230;&#8230;&#8230;&#8230;&#8230;&#8230;&#8230;&#8230;.<\/strong><\/p>\n<p><strong>Saiba mais sobre o caso:<\/strong><\/p>\n<p><strong>.<a href=\"https:\/\/www.notibras.com\/site\/video-recuperado-revela-emboscada-e-premeditacao-em-assassinato\/\">https:\/\/www.notibras.com\/site\/video-recuperado-revela-emboscada-e-premeditacao-em-assassinato\/<\/a><\/strong><\/p>\n","protected":false},"excerpt":{"rendered":"<p>A Justi\u00e7a determinou a soltura de Maicon Douglas de Oliveira, filho do s\u00edndico Cleber Rosa de Oliveira, que confessou o assassinato da corretora Daiane Alves, de 43 anos, em Caldas Novas. Maicon estava preso temporariamente desde o dia 28 de janeiro, enquanto a Pol\u00edcia Civil investigava se ele teria auxiliado no homic\u00eddio ou tentado obstruir [&hellip;]<\/p>\n","protected":false},"author":21,"featured_media":384030,"comment_status":"closed","ping_status":"closed","sticky":false,"template":"","format":"standard","meta":{"_acf_changed":false,"footnotes":""},"categories":[161],"tags":[],"class_list":["post-384028","post","type-post","status-publish","format-standard","has-post-thumbnail","hentry","category-quadradinho-em-foco"],"acf":[],"yoast_head":"<!-- This site is optimized with the Yoast SEO plugin v27.2 - https:\/\/yoast.com\/product\/yoast-seo-wordpress\/ -->\n<title>Filho de s\u00edndico que matou corretora \u00e9 solto - Notibras<\/title>\n<meta name=\"robots\" content=\"index, follow, max-snippet:-1, max-image-preview:large, max-video-preview:-1\" \/>\n<link rel=\"canonical\" href=\"https:\/\/www.notibras.com\/site\/filho-de-sindico-que-matou-corretora-e-solto\/\" \/>\n<meta property=\"og:locale\" content=\"pt_BR\" \/>\n<meta property=\"og:type\" content=\"article\" \/>\n<meta property=\"og:title\" content=\"Filho de s\u00edndico que matou corretora \u00e9 solto - Notibras\" \/>\n<meta property=\"og:description\" content=\"A Justi\u00e7a determinou a soltura de Maicon Douglas de Oliveira, filho do s\u00edndico Cleber Rosa de Oliveira, que confessou o assassinato da corretora Daiane Alves, de 43 anos, em Caldas Novas. Maicon estava preso temporariamente desde o dia 28 de janeiro, enquanto a Pol\u00edcia Civil investigava se ele teria auxiliado no homic\u00eddio ou tentado obstruir [&hellip;]\" \/>\n<meta property=\"og:url\" content=\"https:\/\/www.notibras.com\/site\/filho-de-sindico-que-matou-corretora-e-solto\/\" \/>\n<meta property=\"og:site_name\" content=\"Notibras\" \/>\n<meta property=\"article:publisher\" content=\"https:\/\/www.facebook.com\/notibras\/\" \/>\n<meta property=\"article:published_time\" content=\"2026-02-21T04:15:22+00:00\" \/>\n<meta property=\"og:image\" content=\"https:\/\/www.notibras.com\/site\/wp-content\/uploads\/2026\/02\/WhatsApp-Image-2026-02-20-at-18.05.22.jpeg\" \/>\n\t<meta property=\"og:image:width\" content=\"984\" \/>\n\t<meta property=\"og:image:height\" content=\"616\" \/>\n\t<meta property=\"og:image:type\" content=\"image\/jpeg\" \/>\n<meta name=\"author\" content=\"Eduardo Mart\u00ednez\" \/>\n<meta name=\"twitter:card\" content=\"summary_large_image\" \/>\n<meta name=\"twitter:creator\" content=\"@Notibras\" \/>\n<meta name=\"twitter:site\" content=\"@Notibras\" \/>\n<meta name=\"twitter:label1\" content=\"Escrito por\" \/>\n\t<meta name=\"twitter:data1\" content=\"Eduardo Mart\u00ednez\" \/>\n\t<meta name=\"twitter:label2\" content=\"Est. tempo de leitura\" \/>\n\t<meta name=\"twitter:data2\" content=\"5 minutos\" \/>\n<script type=\"application\/ld+json\" class=\"yoast-schema-graph\">{\"@context\":\"https:\/\/schema.org\",\"@graph\":[{\"@type\":\"Article\",\"@id\":\"https:\/\/www.notibras.com\/site\/filho-de-sindico-que-matou-corretora-e-solto\/#article\",\"isPartOf\":{\"@id\":\"https:\/\/www.notibras.com\/site\/filho-de-sindico-que-matou-corretora-e-solto\/\"},\"author\":{\"name\":\"Eduardo Mart\u00ednez\",\"@id\":\"https:\/\/www.notibras.com\/site\/#\/schema\/person\/5b7fabf2aedc3ada2105f03b22b4d3dd\"},\"headline\":\"Filho de s\u00edndico que matou corretora \u00e9 solto\",\"datePublished\":\"2026-02-21T04:15:22+00:00\",\"mainEntityOfPage\":{\"@id\":\"https:\/\/www.notibras.com\/site\/filho-de-sindico-que-matou-corretora-e-solto\/\"},\"wordCount\":848,\"publisher\":{\"@id\":\"https:\/\/www.notibras.com\/site\/#organization\"},\"image\":{\"@id\":\"https:\/\/www.notibras.com\/site\/filho-de-sindico-que-matou-corretora-e-solto\/#primaryimage\"},\"thumbnailUrl\":\"https:\/\/www.notibras.com\/site\/wp-content\/uploads\/2026\/02\/WhatsApp-Image-2026-02-20-at-18.05.22.jpeg\",\"articleSection\":[\"Quadradinho em Foco\"],\"inLanguage\":\"pt-BR\"},{\"@type\":\"WebPage\",\"@id\":\"https:\/\/www.notibras.com\/site\/filho-de-sindico-que-matou-corretora-e-solto\/\",\"url\":\"https:\/\/www.notibras.com\/site\/filho-de-sindico-que-matou-corretora-e-solto\/\",\"name\":\"Filho de s\u00edndico que matou corretora \u00e9 solto - Notibras\",\"isPartOf\":{\"@id\":\"https:\/\/www.notibras.com\/site\/#website\"},\"primaryImageOfPage\":{\"@id\":\"https:\/\/www.notibras.com\/site\/filho-de-sindico-que-matou-corretora-e-solto\/#primaryimage\"},\"image\":{\"@id\":\"https:\/\/www.notibras.com\/site\/filho-de-sindico-que-matou-corretora-e-solto\/#primaryimage\"},\"thumbnailUrl\":\"https:\/\/www.notibras.com\/site\/wp-content\/uploads\/2026\/02\/WhatsApp-Image-2026-02-20-at-18.05.22.jpeg\",\"datePublished\":\"2026-02-21T04:15:22+00:00\",\"breadcrumb\":{\"@id\":\"https:\/\/www.notibras.com\/site\/filho-de-sindico-que-matou-corretora-e-solto\/#breadcrumb\"},\"inLanguage\":\"pt-BR\",\"potentialAction\":[{\"@type\":\"ReadAction\",\"target\":[\"https:\/\/www.notibras.com\/site\/filho-de-sindico-que-matou-corretora-e-solto\/\"]}]},{\"@type\":\"ImageObject\",\"inLanguage\":\"pt-BR\",\"@id\":\"https:\/\/www.notibras.com\/site\/filho-de-sindico-que-matou-corretora-e-solto\/#primaryimage\",\"url\":\"https:\/\/www.notibras.com\/site\/wp-content\/uploads\/2026\/02\/WhatsApp-Image-2026-02-20-at-18.05.22.jpeg\",\"contentUrl\":\"https:\/\/www.notibras.com\/site\/wp-content\/uploads\/2026\/02\/WhatsApp-Image-2026-02-20-at-18.05.22.jpeg\",\"width\":984,\"height\":616},{\"@type\":\"BreadcrumbList\",\"@id\":\"https:\/\/www.notibras.com\/site\/filho-de-sindico-que-matou-corretora-e-solto\/#breadcrumb\",\"itemListElement\":[{\"@type\":\"ListItem\",\"position\":1,\"name\":\"In\u00edcio\",\"item\":\"https:\/\/www.notibras.com\/site\/\"},{\"@type\":\"ListItem\",\"position\":2,\"name\":\"Filho de s\u00edndico que matou corretora \u00e9 solto\"}]},{\"@type\":\"WebSite\",\"@id\":\"https:\/\/www.notibras.com\/site\/#website\",\"url\":\"https:\/\/www.notibras.com\/site\/\",\"name\":\"Notibras\",\"description\":\"Not\u00edcias de Bras\u00edlia, do Brasil e do Mundo\",\"publisher\":{\"@id\":\"https:\/\/www.notibras.com\/site\/#organization\"},\"potentialAction\":[{\"@type\":\"SearchAction\",\"target\":{\"@type\":\"EntryPoint\",\"urlTemplate\":\"https:\/\/www.notibras.com\/site\/?s={search_term_string}\"},\"query-input\":{\"@type\":\"PropertyValueSpecification\",\"valueRequired\":true,\"valueName\":\"search_term_string\"}}],\"inLanguage\":\"pt-BR\"},{\"@type\":\"Organization\",\"@id\":\"https:\/\/www.notibras.com\/site\/#organization\",\"name\":\"Grupo Notibras de Comunica\u00e7\u00e3o\",\"url\":\"https:\/\/www.notibras.com\/site\/\",\"logo\":{\"@type\":\"ImageObject\",\"inLanguage\":\"pt-BR\",\"@id\":\"https:\/\/www.notibras.com\/site\/#\/schema\/logo\/image\/\",\"url\":\"https:\/\/www.notibras.com\/site\/wp-content\/uploads\/2023\/01\/notibras23.png\",\"contentUrl\":\"https:\/\/www.notibras.com\/site\/wp-content\/uploads\/2023\/01\/notibras23.png\",\"width\":350,\"height\":87,\"caption\":\"Grupo Notibras de Comunica\u00e7\u00e3o\"},\"image\":{\"@id\":\"https:\/\/www.notibras.com\/site\/#\/schema\/logo\/image\/\"},\"sameAs\":[\"https:\/\/www.facebook.com\/notibras\/\",\"https:\/\/x.com\/Notibras\",\"https:\/\/www.instagram.com\/notibras\/\"]},{\"@type\":\"Person\",\"@id\":\"https:\/\/www.notibras.com\/site\/#\/schema\/person\/5b7fabf2aedc3ada2105f03b22b4d3dd\",\"name\":\"Eduardo Mart\u00ednez\",\"image\":{\"@type\":\"ImageObject\",\"inLanguage\":\"pt-BR\",\"@id\":\"https:\/\/secure.gravatar.com\/avatar\/7902f906289926289cbcda644b5197c796b893c6ffd7b9a536a42d290f7704a0?s=96&d=mm&r=g\",\"url\":\"https:\/\/secure.gravatar.com\/avatar\/7902f906289926289cbcda644b5197c796b893c6ffd7b9a536a42d290f7704a0?s=96&d=mm&r=g\",\"contentUrl\":\"https:\/\/secure.gravatar.com\/avatar\/7902f906289926289cbcda644b5197c796b893c6ffd7b9a536a42d290f7704a0?s=96&d=mm&r=g\",\"caption\":\"Eduardo Mart\u00ednez\"}}]}<\/script>\n<!-- \/ Yoast SEO plugin. -->","yoast_head_json":{"title":"Filho de s\u00edndico que matou corretora \u00e9 solto - Notibras","robots":{"index":"index","follow":"follow","max-snippet":"max-snippet:-1","max-image-preview":"max-image-preview:large","max-video-preview":"max-video-preview:-1"},"canonical":"https:\/\/www.notibras.com\/site\/filho-de-sindico-que-matou-corretora-e-solto\/","og_locale":"pt_BR","og_type":"article","og_title":"Filho de s\u00edndico que matou corretora \u00e9 solto - Notibras","og_description":"A Justi\u00e7a determinou a soltura de Maicon Douglas de Oliveira, filho do s\u00edndico Cleber Rosa de Oliveira, que confessou o assassinato da corretora Daiane Alves, de 43 anos, em Caldas Novas. Maicon estava preso temporariamente desde o dia 28 de janeiro, enquanto a Pol\u00edcia Civil investigava se ele teria auxiliado no homic\u00eddio ou tentado obstruir [&hellip;]","og_url":"https:\/\/www.notibras.com\/site\/filho-de-sindico-que-matou-corretora-e-solto\/","og_site_name":"Notibras","article_publisher":"https:\/\/www.facebook.com\/notibras\/","article_published_time":"2026-02-21T04:15:22+00:00","og_image":[{"width":984,"height":616,"url":"https:\/\/www.notibras.com\/site\/wp-content\/uploads\/2026\/02\/WhatsApp-Image-2026-02-20-at-18.05.22.jpeg","type":"image\/jpeg"}],"author":"Eduardo Mart\u00ednez","twitter_card":"summary_large_image","twitter_creator":"@Notibras","twitter_site":"@Notibras","twitter_misc":{"Escrito por":"Eduardo Mart\u00ednez","Est. tempo de leitura":"5 minutos"},"schema":{"@context":"https:\/\/schema.org","@graph":[{"@type":"Article","@id":"https:\/\/www.notibras.com\/site\/filho-de-sindico-que-matou-corretora-e-solto\/#article","isPartOf":{"@id":"https:\/\/www.notibras.com\/site\/filho-de-sindico-que-matou-corretora-e-solto\/"},"author":{"name":"Eduardo Mart\u00ednez","@id":"https:\/\/www.notibras.com\/site\/#\/schema\/person\/5b7fabf2aedc3ada2105f03b22b4d3dd"},"headline":"Filho de s\u00edndico que matou corretora \u00e9 solto","datePublished":"2026-02-21T04:15:22+00:00","mainEntityOfPage":{"@id":"https:\/\/www.notibras.com\/site\/filho-de-sindico-que-matou-corretora-e-solto\/"},"wordCount":848,"publisher":{"@id":"https:\/\/www.notibras.com\/site\/#organization"},"image":{"@id":"https:\/\/www.notibras.com\/site\/filho-de-sindico-que-matou-corretora-e-solto\/#primaryimage"},"thumbnailUrl":"https:\/\/www.notibras.com\/site\/wp-content\/uploads\/2026\/02\/WhatsApp-Image-2026-02-20-at-18.05.22.jpeg","articleSection":["Quadradinho em Foco"],"inLanguage":"pt-BR"},{"@type":"WebPage","@id":"https:\/\/www.notibras.com\/site\/filho-de-sindico-que-matou-corretora-e-solto\/","url":"https:\/\/www.notibras.com\/site\/filho-de-sindico-que-matou-corretora-e-solto\/","name":"Filho de s\u00edndico que matou corretora \u00e9 solto - Notibras","isPartOf":{"@id":"https:\/\/www.notibras.com\/site\/#website"},"primaryImageOfPage":{"@id":"https:\/\/www.notibras.com\/site\/filho-de-sindico-que-matou-corretora-e-solto\/#primaryimage"},"image":{"@id":"https:\/\/www.notibras.com\/site\/filho-de-sindico-que-matou-corretora-e-solto\/#primaryimage"},"thumbnailUrl":"https:\/\/www.notibras.com\/site\/wp-content\/uploads\/2026\/02\/WhatsApp-Image-2026-02-20-at-18.05.22.jpeg","datePublished":"2026-02-21T04:15:22+00:00","breadcrumb":{"@id":"https:\/\/www.notibras.com\/site\/filho-de-sindico-que-matou-corretora-e-solto\/#breadcrumb"},"inLanguage":"pt-BR","potentialAction":[{"@type":"ReadAction","target":["https:\/\/www.notibras.com\/site\/filho-de-sindico-que-matou-corretora-e-solto\/"]}]},{"@type":"ImageObject","inLanguage":"pt-BR","@id":"https:\/\/www.notibras.com\/site\/filho-de-sindico-que-matou-corretora-e-solto\/#primaryimage","url":"https:\/\/www.notibras.com\/site\/wp-content\/uploads\/2026\/02\/WhatsApp-Image-2026-02-20-at-18.05.22.jpeg","contentUrl":"https:\/\/www.notibras.com\/site\/wp-content\/uploads\/2026\/02\/WhatsApp-Image-2026-02-20-at-18.05.22.jpeg","width":984,"height":616},{"@type":"BreadcrumbList","@id":"https:\/\/www.notibras.com\/site\/filho-de-sindico-que-matou-corretora-e-solto\/#breadcrumb","itemListElement":[{"@type":"ListItem","position":1,"name":"In\u00edcio","item":"https:\/\/www.notibras.com\/site\/"},{"@type":"ListItem","position":2,"name":"Filho de s\u00edndico que matou corretora \u00e9 solto"}]},{"@type":"WebSite","@id":"https:\/\/www.notibras.com\/site\/#website","url":"https:\/\/www.notibras.com\/site\/","name":"Notibras","description":"Not\u00edcias de Bras\u00edlia, do Brasil e do Mundo","publisher":{"@id":"https:\/\/www.notibras.com\/site\/#organization"},"potentialAction":[{"@type":"SearchAction","target":{"@type":"EntryPoint","urlTemplate":"https:\/\/www.notibras.com\/site\/?s={search_term_string}"},"query-input":{"@type":"PropertyValueSpecification","valueRequired":true,"valueName":"search_term_string"}}],"inLanguage":"pt-BR"},{"@type":"Organization","@id":"https:\/\/www.notibras.com\/site\/#organization","name":"Grupo Notibras de Comunica\u00e7\u00e3o","url":"https:\/\/www.notibras.com\/site\/","logo":{"@type":"ImageObject","inLanguage":"pt-BR","@id":"https:\/\/www.notibras.com\/site\/#\/schema\/logo\/image\/","url":"https:\/\/www.notibras.com\/site\/wp-content\/uploads\/2023\/01\/notibras23.png","contentUrl":"https:\/\/www.notibras.com\/site\/wp-content\/uploads\/2023\/01\/notibras23.png","width":350,"height":87,"caption":"Grupo Notibras de Comunica\u00e7\u00e3o"},"image":{"@id":"https:\/\/www.notibras.com\/site\/#\/schema\/logo\/image\/"},"sameAs":["https:\/\/www.facebook.com\/notibras\/","https:\/\/x.com\/Notibras","https:\/\/www.instagram.com\/notibras\/"]},{"@type":"Person","@id":"https:\/\/www.notibras.com\/site\/#\/schema\/person\/5b7fabf2aedc3ada2105f03b22b4d3dd","name":"Eduardo Mart\u00ednez","image":{"@type":"ImageObject","inLanguage":"pt-BR","@id":"https:\/\/secure.gravatar.com\/avatar\/7902f906289926289cbcda644b5197c796b893c6ffd7b9a536a42d290f7704a0?s=96&d=mm&r=g","url":"https:\/\/secure.gravatar.com\/avatar\/7902f906289926289cbcda644b5197c796b893c6ffd7b9a536a42d290f7704a0?s=96&d=mm&r=g","contentUrl":"https:\/\/secure.gravatar.com\/avatar\/7902f906289926289cbcda644b5197c796b893c6ffd7b9a536a42d290f7704a0?s=96&d=mm&r=g","caption":"Eduardo Mart\u00ednez"}}]}},"amp_enabled":true,"_links":{"self":[{"href":"https:\/\/www.notibras.com\/site\/wp-json\/wp\/v2\/posts\/384028","targetHints":{"allow":["GET"]}}],"collection":[{"href":"https:\/\/www.notibras.com\/site\/wp-json\/wp\/v2\/posts"}],"about":[{"href":"https:\/\/www.notibras.com\/site\/wp-json\/wp\/v2\/types\/post"}],"author":[{"embeddable":true,"href":"https:\/\/www.notibras.com\/site\/wp-json\/wp\/v2\/users\/21"}],"replies":[{"embeddable":true,"href":"https:\/\/www.notibras.com\/site\/wp-json\/wp\/v2\/comments?post=384028"}],"version-history":[{"count":3,"href":"https:\/\/www.notibras.com\/site\/wp-json\/wp\/v2\/posts\/384028\/revisions"}],"predecessor-version":[{"id":384032,"href":"https:\/\/www.notibras.com\/site\/wp-json\/wp\/v2\/posts\/384028\/revisions\/384032"}],"wp:featuredmedia":[{"embeddable":true,"href":"https:\/\/www.notibras.com\/site\/wp-json\/wp\/v2\/media\/384030"}],"wp:attachment":[{"href":"https:\/\/www.notibras.com\/site\/wp-json\/wp\/v2\/media?parent=384028"}],"wp:term":[{"taxonomy":"category","embeddable":true,"href":"https:\/\/www.notibras.com\/site\/wp-json\/wp\/v2\/categories?post=384028"},{"taxonomy":"post_tag","embeddable":true,"href":"https:\/\/www.notibras.com\/site\/wp-json\/wp\/v2\/tags?post=384028"}],"curies":[{"name":"wp","href":"https:\/\/api.w.org\/{rel}","templated":true}]}}