{"id":384034,"date":"2026-02-21T00:15:52","date_gmt":"2026-02-21T03:15:52","guid":{"rendered":"https:\/\/www.notibras.com\/site\/?p=384034"},"modified":"2026-02-20T18:58:45","modified_gmt":"2026-02-20T21:58:45","slug":"quase-200-mil-refeicoes-servidas-durante-o-feriado-de-carnaval","status":"publish","type":"post","link":"https:\/\/www.notibras.com\/site\/quase-200-mil-refeicoes-servidas-durante-o-feriado-de-carnaval\/","title":{"rendered":"Quase 200 mil refei\u00e7\u00f5es servidas durante o feriado de Carnaval"},"content":{"rendered":"<p>Os restaurantes comunit\u00e1rios serviram 196 mil refei\u00e7\u00f5es durante o feriado do Carnaval, garantindo alimenta\u00e7\u00e3o para a popula\u00e7\u00e3o vulner\u00e1vel, entre sexta-feira (13) e a Quarta-feira de Cinzas (18). Os dados s\u00e3o da Secretaria de Desenvolvimento Social (Sedes-DF), gestora das unidades.<\/p>\n<p>Os equipamentos que mais serviram refei\u00e7\u00f5es no per\u00edodo foram os restaurantes de Samambaia (Roriz\u00e3o), com 16,8 mil refei\u00e7\u00f5es, seguido de S\u00e3o Sebasti\u00e3o, com 16,2 mil, e Arniqueira, com 15,6 mil. \u201cA busca por esse servi\u00e7o nestes dias mostra a import\u00e2ncia do funcionamento ininterrupto, incluindo fim de semana e feriados. Uma conquista da nossa gest\u00e3o, para a popula\u00e7\u00e3o que frequenta diariamente as unidades\u201d, destaca a secret\u00e1ria de Desenvolvimento Social, Ana Paula Marra.<\/p>\n<p>Desde 2019, a Sedes-DF amplia o alcance dos restaurantes para a popula\u00e7\u00e3o. Al\u00e9m de inaugurar quatro novas unidades, 15 dos 18 restaurantes passaram a servir as tr\u00eas refei\u00e7\u00f5es di\u00e1rias: caf\u00e9 da manh\u00e3 (R$ 0,50), almo\u00e7o (R$ 1) e jantar (R$ 0,50), com abertura todos os dias, incluindo domingos e feriados. A medida possibilitou a este Governo do Distrito Federal (GDF) oferecer 17 milh\u00f5es de refei\u00e7\u00f5es nos restaurantes, o que contribuiu para o DF ficar em primeiro lugar no ranking nacional do Selo Betinho de a\u00e7\u00f5es de combate \u00e0 fome.<\/p>\n","protected":false},"excerpt":{"rendered":"<p>Os restaurantes comunit\u00e1rios serviram 196 mil refei\u00e7\u00f5es durante o feriado do Carnaval, garantindo alimenta\u00e7\u00e3o para a popula\u00e7\u00e3o vulner\u00e1vel, entre sexta-feira (13) e a Quarta-feira de Cinzas (18). Os dados s\u00e3o da Secretaria de Desenvolvimento Social (Sedes-DF), gestora das unidades. Os equipamentos que mais serviram refei\u00e7\u00f5es no per\u00edodo foram os restaurantes de Samambaia (Roriz\u00e3o), com 16,8 [&hellip;]<\/p>\n","protected":false},"author":21,"featured_media":384035,"comment_status":"closed","ping_status":"closed","sticky":false,"template":"","format":"standard","meta":{"_acf_changed":false,"footnotes":""},"categories":[161],"tags":[],"class_list":["post-384034","post","type-post","status-publish","format-standard","has-post-thumbnail","hentry","category-quadradinho-em-foco"],"acf":[],"yoast_head":"<!-- This site is optimized with the Yoast SEO plugin v27.2 - https:\/\/yoast.com\/product\/yoast-seo-wordpress\/ -->\n<title>Quase 200 mil refei\u00e7\u00f5es servidas durante o feriado de Carnaval - Notibras<\/title>\n<meta name=\"robots\" content=\"index, follow, max-snippet:-1, max-image-preview:large, max-video-preview:-1\" \/>\n<link rel=\"canonical\" href=\"https:\/\/www.notibras.com\/site\/quase-200-mil-refeicoes-servidas-durante-o-feriado-de-carnaval\/\" \/>\n<meta property=\"og:locale\" content=\"pt_BR\" \/>\n<meta property=\"og:type\" content=\"article\" \/>\n<meta property=\"og:title\" content=\"Quase 200 mil refei\u00e7\u00f5es servidas durante o feriado de Carnaval - Notibras\" \/>\n<meta property=\"og:description\" content=\"Os restaurantes comunit\u00e1rios serviram 196 mil refei\u00e7\u00f5es durante o feriado do Carnaval, garantindo alimenta\u00e7\u00e3o para a popula\u00e7\u00e3o vulner\u00e1vel, entre sexta-feira (13) e a Quarta-feira de Cinzas (18). Os dados s\u00e3o da Secretaria de Desenvolvimento Social (Sedes-DF), gestora das unidades. Os equipamentos que mais serviram refei\u00e7\u00f5es no per\u00edodo foram os restaurantes de Samambaia (Roriz\u00e3o), com 16,8 [&hellip;]\" \/>\n<meta property=\"og:url\" content=\"https:\/\/www.notibras.com\/site\/quase-200-mil-refeicoes-servidas-durante-o-feriado-de-carnaval\/\" \/>\n<meta property=\"og:site_name\" content=\"Notibras\" \/>\n<meta property=\"article:publisher\" content=\"https:\/\/www.facebook.com\/notibras\/\" \/>\n<meta property=\"article:published_time\" content=\"2026-02-21T03:15:52+00:00\" \/>\n<meta property=\"og:image\" content=\"https:\/\/www.notibras.com\/site\/wp-content\/uploads\/2026\/02\/WhatsApp-Image-2026-02-12-at-15.42.47.jpeg\" \/>\n\t<meta property=\"og:image:width\" content=\"1280\" \/>\n\t<meta property=\"og:image:height\" content=\"960\" \/>\n\t<meta property=\"og:image:type\" content=\"image\/jpeg\" \/>\n<meta name=\"author\" content=\"Eduardo Mart\u00ednez\" \/>\n<meta name=\"twitter:card\" content=\"summary_large_image\" \/>\n<meta name=\"twitter:creator\" content=\"@Notibras\" \/>\n<meta name=\"twitter:site\" content=\"@Notibras\" \/>\n<meta name=\"twitter:label1\" content=\"Escrito por\" \/>\n\t<meta name=\"twitter:data1\" content=\"Eduardo Mart\u00ednez\" \/>\n\t<meta name=\"twitter:label2\" content=\"Est. tempo de leitura\" \/>\n\t<meta name=\"twitter:data2\" content=\"2 minutos\" \/>\n<script type=\"application\/ld+json\" class=\"yoast-schema-graph\">{\"@context\":\"https:\/\/schema.org\",\"@graph\":[{\"@type\":\"Article\",\"@id\":\"https:\/\/www.notibras.com\/site\/quase-200-mil-refeicoes-servidas-durante-o-feriado-de-carnaval\/#article\",\"isPartOf\":{\"@id\":\"https:\/\/www.notibras.com\/site\/quase-200-mil-refeicoes-servidas-durante-o-feriado-de-carnaval\/\"},\"author\":{\"name\":\"Eduardo Mart\u00ednez\",\"@id\":\"https:\/\/www.notibras.com\/site\/#\/schema\/person\/5b7fabf2aedc3ada2105f03b22b4d3dd\"},\"headline\":\"Quase 200 mil refei\u00e7\u00f5es servidas durante o feriado de Carnaval\",\"datePublished\":\"2026-02-21T03:15:52+00:00\",\"mainEntityOfPage\":{\"@id\":\"https:\/\/www.notibras.com\/site\/quase-200-mil-refeicoes-servidas-durante-o-feriado-de-carnaval\/\"},\"wordCount\":221,\"publisher\":{\"@id\":\"https:\/\/www.notibras.com\/site\/#organization\"},\"image\":{\"@id\":\"https:\/\/www.notibras.com\/site\/quase-200-mil-refeicoes-servidas-durante-o-feriado-de-carnaval\/#primaryimage\"},\"thumbnailUrl\":\"https:\/\/www.notibras.com\/site\/wp-content\/uploads\/2026\/02\/WhatsApp-Image-2026-02-12-at-15.42.47.jpeg\",\"articleSection\":[\"Quadradinho em Foco\"],\"inLanguage\":\"pt-BR\"},{\"@type\":\"WebPage\",\"@id\":\"https:\/\/www.notibras.com\/site\/quase-200-mil-refeicoes-servidas-durante-o-feriado-de-carnaval\/\",\"url\":\"https:\/\/www.notibras.com\/site\/quase-200-mil-refeicoes-servidas-durante-o-feriado-de-carnaval\/\",\"name\":\"Quase 200 mil refei\u00e7\u00f5es servidas durante o feriado de Carnaval - Notibras\",\"isPartOf\":{\"@id\":\"https:\/\/www.notibras.com\/site\/#website\"},\"primaryImageOfPage\":{\"@id\":\"https:\/\/www.notibras.com\/site\/quase-200-mil-refeicoes-servidas-durante-o-feriado-de-carnaval\/#primaryimage\"},\"image\":{\"@id\":\"https:\/\/www.notibras.com\/site\/quase-200-mil-refeicoes-servidas-durante-o-feriado-de-carnaval\/#primaryimage\"},\"thumbnailUrl\":\"https:\/\/www.notibras.com\/site\/wp-content\/uploads\/2026\/02\/WhatsApp-Image-2026-02-12-at-15.42.47.jpeg\",\"datePublished\":\"2026-02-21T03:15:52+00:00\",\"breadcrumb\":{\"@id\":\"https:\/\/www.notibras.com\/site\/quase-200-mil-refeicoes-servidas-durante-o-feriado-de-carnaval\/#breadcrumb\"},\"inLanguage\":\"pt-BR\",\"potentialAction\":[{\"@type\":\"ReadAction\",\"target\":[\"https:\/\/www.notibras.com\/site\/quase-200-mil-refeicoes-servidas-durante-o-feriado-de-carnaval\/\"]}]},{\"@type\":\"ImageObject\",\"inLanguage\":\"pt-BR\",\"@id\":\"https:\/\/www.notibras.com\/site\/quase-200-mil-refeicoes-servidas-durante-o-feriado-de-carnaval\/#primaryimage\",\"url\":\"https:\/\/www.notibras.com\/site\/wp-content\/uploads\/2026\/02\/WhatsApp-Image-2026-02-12-at-15.42.47.jpeg\",\"contentUrl\":\"https:\/\/www.notibras.com\/site\/wp-content\/uploads\/2026\/02\/WhatsApp-Image-2026-02-12-at-15.42.47.jpeg\",\"width\":1280,\"height\":960},{\"@type\":\"BreadcrumbList\",\"@id\":\"https:\/\/www.notibras.com\/site\/quase-200-mil-refeicoes-servidas-durante-o-feriado-de-carnaval\/#breadcrumb\",\"itemListElement\":[{\"@type\":\"ListItem\",\"position\":1,\"name\":\"In\u00edcio\",\"item\":\"https:\/\/www.notibras.com\/site\/\"},{\"@type\":\"ListItem\",\"position\":2,\"name\":\"Quase 200 mil refei\u00e7\u00f5es servidas durante o feriado de Carnaval\"}]},{\"@type\":\"WebSite\",\"@id\":\"https:\/\/www.notibras.com\/site\/#website\",\"url\":\"https:\/\/www.notibras.com\/site\/\",\"name\":\"Notibras\",\"description\":\"Not\u00edcias de Bras\u00edlia, do Brasil e do Mundo\",\"publisher\":{\"@id\":\"https:\/\/www.notibras.com\/site\/#organization\"},\"potentialAction\":[{\"@type\":\"SearchAction\",\"target\":{\"@type\":\"EntryPoint\",\"urlTemplate\":\"https:\/\/www.notibras.com\/site\/?s={search_term_string}\"},\"query-input\":{\"@type\":\"PropertyValueSpecification\",\"valueRequired\":true,\"valueName\":\"search_term_string\"}}],\"inLanguage\":\"pt-BR\"},{\"@type\":\"Organization\",\"@id\":\"https:\/\/www.notibras.com\/site\/#organization\",\"name\":\"Grupo Notibras de Comunica\u00e7\u00e3o\",\"url\":\"https:\/\/www.notibras.com\/site\/\",\"logo\":{\"@type\":\"ImageObject\",\"inLanguage\":\"pt-BR\",\"@id\":\"https:\/\/www.notibras.com\/site\/#\/schema\/logo\/image\/\",\"url\":\"https:\/\/www.notibras.com\/site\/wp-content\/uploads\/2023\/01\/notibras23.png\",\"contentUrl\":\"https:\/\/www.notibras.com\/site\/wp-content\/uploads\/2023\/01\/notibras23.png\",\"width\":350,\"height\":87,\"caption\":\"Grupo Notibras de Comunica\u00e7\u00e3o\"},\"image\":{\"@id\":\"https:\/\/www.notibras.com\/site\/#\/schema\/logo\/image\/\"},\"sameAs\":[\"https:\/\/www.facebook.com\/notibras\/\",\"https:\/\/x.com\/Notibras\",\"https:\/\/www.instagram.com\/notibras\/\"]},{\"@type\":\"Person\",\"@id\":\"https:\/\/www.notibras.com\/site\/#\/schema\/person\/5b7fabf2aedc3ada2105f03b22b4d3dd\",\"name\":\"Eduardo Mart\u00ednez\",\"image\":{\"@type\":\"ImageObject\",\"inLanguage\":\"pt-BR\",\"@id\":\"https:\/\/secure.gravatar.com\/avatar\/7902f906289926289cbcda644b5197c796b893c6ffd7b9a536a42d290f7704a0?s=96&d=mm&r=g\",\"url\":\"https:\/\/secure.gravatar.com\/avatar\/7902f906289926289cbcda644b5197c796b893c6ffd7b9a536a42d290f7704a0?s=96&d=mm&r=g\",\"contentUrl\":\"https:\/\/secure.gravatar.com\/avatar\/7902f906289926289cbcda644b5197c796b893c6ffd7b9a536a42d290f7704a0?s=96&d=mm&r=g\",\"caption\":\"Eduardo Mart\u00ednez\"}}]}<\/script>\n<!-- \/ Yoast SEO plugin. -->","yoast_head_json":{"title":"Quase 200 mil refei\u00e7\u00f5es servidas durante o feriado de Carnaval - Notibras","robots":{"index":"index","follow":"follow","max-snippet":"max-snippet:-1","max-image-preview":"max-image-preview:large","max-video-preview":"max-video-preview:-1"},"canonical":"https:\/\/www.notibras.com\/site\/quase-200-mil-refeicoes-servidas-durante-o-feriado-de-carnaval\/","og_locale":"pt_BR","og_type":"article","og_title":"Quase 200 mil refei\u00e7\u00f5es servidas durante o feriado de Carnaval - Notibras","og_description":"Os restaurantes comunit\u00e1rios serviram 196 mil refei\u00e7\u00f5es durante o feriado do Carnaval, garantindo alimenta\u00e7\u00e3o para a popula\u00e7\u00e3o vulner\u00e1vel, entre sexta-feira (13) e a Quarta-feira de Cinzas (18). Os dados s\u00e3o da Secretaria de Desenvolvimento Social (Sedes-DF), gestora das unidades. Os equipamentos que mais serviram refei\u00e7\u00f5es no per\u00edodo foram os restaurantes de Samambaia (Roriz\u00e3o), com 16,8 [&hellip;]","og_url":"https:\/\/www.notibras.com\/site\/quase-200-mil-refeicoes-servidas-durante-o-feriado-de-carnaval\/","og_site_name":"Notibras","article_publisher":"https:\/\/www.facebook.com\/notibras\/","article_published_time":"2026-02-21T03:15:52+00:00","og_image":[{"width":1280,"height":960,"url":"https:\/\/www.notibras.com\/site\/wp-content\/uploads\/2026\/02\/WhatsApp-Image-2026-02-12-at-15.42.47.jpeg","type":"image\/jpeg"}],"author":"Eduardo Mart\u00ednez","twitter_card":"summary_large_image","twitter_creator":"@Notibras","twitter_site":"@Notibras","twitter_misc":{"Escrito por":"Eduardo Mart\u00ednez","Est. tempo de leitura":"2 minutos"},"schema":{"@context":"https:\/\/schema.org","@graph":[{"@type":"Article","@id":"https:\/\/www.notibras.com\/site\/quase-200-mil-refeicoes-servidas-durante-o-feriado-de-carnaval\/#article","isPartOf":{"@id":"https:\/\/www.notibras.com\/site\/quase-200-mil-refeicoes-servidas-durante-o-feriado-de-carnaval\/"},"author":{"name":"Eduardo Mart\u00ednez","@id":"https:\/\/www.notibras.com\/site\/#\/schema\/person\/5b7fabf2aedc3ada2105f03b22b4d3dd"},"headline":"Quase 200 mil refei\u00e7\u00f5es servidas durante o feriado de Carnaval","datePublished":"2026-02-21T03:15:52+00:00","mainEntityOfPage":{"@id":"https:\/\/www.notibras.com\/site\/quase-200-mil-refeicoes-servidas-durante-o-feriado-de-carnaval\/"},"wordCount":221,"publisher":{"@id":"https:\/\/www.notibras.com\/site\/#organization"},"image":{"@id":"https:\/\/www.notibras.com\/site\/quase-200-mil-refeicoes-servidas-durante-o-feriado-de-carnaval\/#primaryimage"},"thumbnailUrl":"https:\/\/www.notibras.com\/site\/wp-content\/uploads\/2026\/02\/WhatsApp-Image-2026-02-12-at-15.42.47.jpeg","articleSection":["Quadradinho em Foco"],"inLanguage":"pt-BR"},{"@type":"WebPage","@id":"https:\/\/www.notibras.com\/site\/quase-200-mil-refeicoes-servidas-durante-o-feriado-de-carnaval\/","url":"https:\/\/www.notibras.com\/site\/quase-200-mil-refeicoes-servidas-durante-o-feriado-de-carnaval\/","name":"Quase 200 mil refei\u00e7\u00f5es servidas durante o feriado de Carnaval - Notibras","isPartOf":{"@id":"https:\/\/www.notibras.com\/site\/#website"},"primaryImageOfPage":{"@id":"https:\/\/www.notibras.com\/site\/quase-200-mil-refeicoes-servidas-durante-o-feriado-de-carnaval\/#primaryimage"},"image":{"@id":"https:\/\/www.notibras.com\/site\/quase-200-mil-refeicoes-servidas-durante-o-feriado-de-carnaval\/#primaryimage"},"thumbnailUrl":"https:\/\/www.notibras.com\/site\/wp-content\/uploads\/2026\/02\/WhatsApp-Image-2026-02-12-at-15.42.47.jpeg","datePublished":"2026-02-21T03:15:52+00:00","breadcrumb":{"@id":"https:\/\/www.notibras.com\/site\/quase-200-mil-refeicoes-servidas-durante-o-feriado-de-carnaval\/#breadcrumb"},"inLanguage":"pt-BR","potentialAction":[{"@type":"ReadAction","target":["https:\/\/www.notibras.com\/site\/quase-200-mil-refeicoes-servidas-durante-o-feriado-de-carnaval\/"]}]},{"@type":"ImageObject","inLanguage":"pt-BR","@id":"https:\/\/www.notibras.com\/site\/quase-200-mil-refeicoes-servidas-durante-o-feriado-de-carnaval\/#primaryimage","url":"https:\/\/www.notibras.com\/site\/wp-content\/uploads\/2026\/02\/WhatsApp-Image-2026-02-12-at-15.42.47.jpeg","contentUrl":"https:\/\/www.notibras.com\/site\/wp-content\/uploads\/2026\/02\/WhatsApp-Image-2026-02-12-at-15.42.47.jpeg","width":1280,"height":960},{"@type":"BreadcrumbList","@id":"https:\/\/www.notibras.com\/site\/quase-200-mil-refeicoes-servidas-durante-o-feriado-de-carnaval\/#breadcrumb","itemListElement":[{"@type":"ListItem","position":1,"name":"In\u00edcio","item":"https:\/\/www.notibras.com\/site\/"},{"@type":"ListItem","position":2,"name":"Quase 200 mil refei\u00e7\u00f5es servidas durante o feriado de Carnaval"}]},{"@type":"WebSite","@id":"https:\/\/www.notibras.com\/site\/#website","url":"https:\/\/www.notibras.com\/site\/","name":"Notibras","description":"Not\u00edcias de Bras\u00edlia, do Brasil e do Mundo","publisher":{"@id":"https:\/\/www.notibras.com\/site\/#organization"},"potentialAction":[{"@type":"SearchAction","target":{"@type":"EntryPoint","urlTemplate":"https:\/\/www.notibras.com\/site\/?s={search_term_string}"},"query-input":{"@type":"PropertyValueSpecification","valueRequired":true,"valueName":"search_term_string"}}],"inLanguage":"pt-BR"},{"@type":"Organization","@id":"https:\/\/www.notibras.com\/site\/#organization","name":"Grupo Notibras de Comunica\u00e7\u00e3o","url":"https:\/\/www.notibras.com\/site\/","logo":{"@type":"ImageObject","inLanguage":"pt-BR","@id":"https:\/\/www.notibras.com\/site\/#\/schema\/logo\/image\/","url":"https:\/\/www.notibras.com\/site\/wp-content\/uploads\/2023\/01\/notibras23.png","contentUrl":"https:\/\/www.notibras.com\/site\/wp-content\/uploads\/2023\/01\/notibras23.png","width":350,"height":87,"caption":"Grupo Notibras de Comunica\u00e7\u00e3o"},"image":{"@id":"https:\/\/www.notibras.com\/site\/#\/schema\/logo\/image\/"},"sameAs":["https:\/\/www.facebook.com\/notibras\/","https:\/\/x.com\/Notibras","https:\/\/www.instagram.com\/notibras\/"]},{"@type":"Person","@id":"https:\/\/www.notibras.com\/site\/#\/schema\/person\/5b7fabf2aedc3ada2105f03b22b4d3dd","name":"Eduardo Mart\u00ednez","image":{"@type":"ImageObject","inLanguage":"pt-BR","@id":"https:\/\/secure.gravatar.com\/avatar\/7902f906289926289cbcda644b5197c796b893c6ffd7b9a536a42d290f7704a0?s=96&d=mm&r=g","url":"https:\/\/secure.gravatar.com\/avatar\/7902f906289926289cbcda644b5197c796b893c6ffd7b9a536a42d290f7704a0?s=96&d=mm&r=g","contentUrl":"https:\/\/secure.gravatar.com\/avatar\/7902f906289926289cbcda644b5197c796b893c6ffd7b9a536a42d290f7704a0?s=96&d=mm&r=g","caption":"Eduardo Mart\u00ednez"}}]}},"amp_enabled":true,"_links":{"self":[{"href":"https:\/\/www.notibras.com\/site\/wp-json\/wp\/v2\/posts\/384034","targetHints":{"allow":["GET"]}}],"collection":[{"href":"https:\/\/www.notibras.com\/site\/wp-json\/wp\/v2\/posts"}],"about":[{"href":"https:\/\/www.notibras.com\/site\/wp-json\/wp\/v2\/types\/post"}],"author":[{"embeddable":true,"href":"https:\/\/www.notibras.com\/site\/wp-json\/wp\/v2\/users\/21"}],"replies":[{"embeddable":true,"href":"https:\/\/www.notibras.com\/site\/wp-json\/wp\/v2\/comments?post=384034"}],"version-history":[{"count":1,"href":"https:\/\/www.notibras.com\/site\/wp-json\/wp\/v2\/posts\/384034\/revisions"}],"predecessor-version":[{"id":384036,"href":"https:\/\/www.notibras.com\/site\/wp-json\/wp\/v2\/posts\/384034\/revisions\/384036"}],"wp:featuredmedia":[{"embeddable":true,"href":"https:\/\/www.notibras.com\/site\/wp-json\/wp\/v2\/media\/384035"}],"wp:attachment":[{"href":"https:\/\/www.notibras.com\/site\/wp-json\/wp\/v2\/media?parent=384034"}],"wp:term":[{"taxonomy":"category","embeddable":true,"href":"https:\/\/www.notibras.com\/site\/wp-json\/wp\/v2\/categories?post=384034"},{"taxonomy":"post_tag","embeddable":true,"href":"https:\/\/www.notibras.com\/site\/wp-json\/wp\/v2\/tags?post=384034"}],"curies":[{"name":"wp","href":"https:\/\/api.w.org\/{rel}","templated":true}]}}