{"id":384038,"date":"2026-02-21T00:30:54","date_gmt":"2026-02-21T03:30:54","guid":{"rendered":"https:\/\/www.notibras.com\/site\/?p=384038"},"modified":"2026-02-20T19:07:37","modified_gmt":"2026-02-20T22:07:37","slug":"registrada-queda-de-cerca-de-10-nos-atendimentos-no-carnaval","status":"publish","type":"post","link":"https:\/\/www.notibras.com\/site\/registrada-queda-de-cerca-de-10-nos-atendimentos-no-carnaval\/","title":{"rendered":"Registrada queda de cerca de 10% nos atendimentos no carnaval"},"content":{"rendered":"<p>O Centro de Trauma do Hospital de Base do Distrito Federal (HBDF) registrou redu\u00e7\u00e3o no n\u00famero de atendimentos durante o Carnaval deste ano. Entre s\u00e1bado (14) e ter\u00e7a-feira (17), foram contabilizados 217 pacientes, quase 10% a menos que no mesmo per\u00edodo de 2025, quando houve 241 registros.<\/p>\n<p>Outro dado de destaque foi a aus\u00eancia de ocorr\u00eancias por arma de fogo. No Carnaval do ano passado, o hospital atendeu a seis casos desse tipo. J\u00e1 os atendimentos relacionados a arma branca passaram de tr\u00eas para seis neste ano.<\/p>\n<p>Administrado pelo Instituto de Gest\u00e3o Estrat\u00e9gica de Sa\u00fade do Distrito Federal (IgesDF), o Hospital de Base \u00e9 refer\u00eancia em Trauma no Distrito Federal e na Regi\u00e3o Centro-Oeste. A redu\u00e7\u00e3o no n\u00famero de atendimentos acompanha o balan\u00e7o das for\u00e7as de seguran\u00e7a p\u00fablica no per\u00edodo.<\/p>\n<p>De acordo com dados da Secretaria de Seguran\u00e7a P\u00fablica do Distrito Federal (SSP-DF), mais de 1,5 milh\u00e3o de pessoas foram revistadas nos acessos aos blocos carnavalescos e \u00e0s esta\u00e7\u00f5es de transporte p\u00fablico. As a\u00e7\u00f5es resultaram na apreens\u00e3o de 459 armas brancas, 595 objetos com potencial de uso como arma e uma arma de fogo.<\/p>\n<p>Para o chefe do Centro de Trauma do Hospital de Base, Renato Lins, o refor\u00e7o na seguran\u00e7a contribui para um cen\u00e1rio mais tranquilo nas unidades de emerg\u00eancia, mas a prepara\u00e7\u00e3o da equipe \u00e9 permanente. \u201cClaro que ter o aumento da seguran\u00e7a representa mais tranquilidade em um pronto-socorro, mas estamos sempre preparados para atender as pessoas do DF, n\u00e3o importa a situa\u00e7\u00e3o. O Hospital de Base \u00e9 refer\u00eancia em trauma no Distrito Federal e no Centro-Oeste, e nos orgulhamos do trabalho feito aqui\u201d, ressalta.<\/p>\n<p><strong>Perfil dos atendimentos<\/strong><\/p>\n<p>A maior parte dos casos foi classificada como de menor gravidade, incluindo acidentes dom\u00e9sticos e outras intercorr\u00eancias.<\/p>\n<p>A queda da pr\u00f3pria altura foi a principal causa de entrada no Centro de Trauma, com 53 registros. Em seguida, aparecem os acidentes de tr\u00e2nsito, respons\u00e1veis por 46 atendimentos. Quedas de maior altura somaram 19 casos, enquanto outros tipos de agress\u00e3o totalizaram 37 ocorr\u00eancias.<\/p>\n","protected":false},"excerpt":{"rendered":"<p>O Centro de Trauma do Hospital de Base do Distrito Federal (HBDF) registrou redu\u00e7\u00e3o no n\u00famero de atendimentos durante o Carnaval deste ano. Entre s\u00e1bado (14) e ter\u00e7a-feira (17), foram contabilizados 217 pacientes, quase 10% a menos que no mesmo per\u00edodo de 2025, quando houve 241 registros. Outro dado de destaque foi a aus\u00eancia de [&hellip;]<\/p>\n","protected":false},"author":21,"featured_media":384040,"comment_status":"closed","ping_status":"closed","sticky":false,"template":"","format":"standard","meta":{"_acf_changed":false,"footnotes":""},"categories":[161],"tags":[],"class_list":["post-384038","post","type-post","status-publish","format-standard","has-post-thumbnail","hentry","category-quadradinho-em-foco"],"acf":[],"yoast_head":"<!-- This site is optimized with the Yoast SEO plugin v27.2 - https:\/\/yoast.com\/product\/yoast-seo-wordpress\/ -->\n<title>Registrada queda de cerca de 10% nos atendimentos no carnaval - Notibras<\/title>\n<meta name=\"robots\" content=\"index, follow, max-snippet:-1, max-image-preview:large, max-video-preview:-1\" \/>\n<link rel=\"canonical\" href=\"https:\/\/www.notibras.com\/site\/registrada-queda-de-cerca-de-10-nos-atendimentos-no-carnaval\/\" \/>\n<meta property=\"og:locale\" content=\"pt_BR\" \/>\n<meta property=\"og:type\" content=\"article\" \/>\n<meta property=\"og:title\" content=\"Registrada queda de cerca de 10% nos atendimentos no carnaval - Notibras\" \/>\n<meta property=\"og:description\" content=\"O Centro de Trauma do Hospital de Base do Distrito Federal (HBDF) registrou redu\u00e7\u00e3o no n\u00famero de atendimentos durante o Carnaval deste ano. Entre s\u00e1bado (14) e ter\u00e7a-feira (17), foram contabilizados 217 pacientes, quase 10% a menos que no mesmo per\u00edodo de 2025, quando houve 241 registros. Outro dado de destaque foi a aus\u00eancia de [&hellip;]\" \/>\n<meta property=\"og:url\" content=\"https:\/\/www.notibras.com\/site\/registrada-queda-de-cerca-de-10-nos-atendimentos-no-carnaval\/\" \/>\n<meta property=\"og:site_name\" content=\"Notibras\" \/>\n<meta property=\"article:publisher\" content=\"https:\/\/www.facebook.com\/notibras\/\" \/>\n<meta property=\"article:published_time\" content=\"2026-02-21T03:30:54+00:00\" \/>\n<meta property=\"og:image\" content=\"https:\/\/www.notibras.com\/site\/wp-content\/uploads\/2026\/02\/54361202359_b2b334bea8_ksasasd-1.jpg\" \/>\n\t<meta property=\"og:image:width\" content=\"1096\" \/>\n\t<meta property=\"og:image:height\" content=\"710\" \/>\n\t<meta property=\"og:image:type\" content=\"image\/jpeg\" \/>\n<meta name=\"author\" content=\"Eduardo Mart\u00ednez\" \/>\n<meta name=\"twitter:card\" content=\"summary_large_image\" \/>\n<meta name=\"twitter:creator\" content=\"@Notibras\" \/>\n<meta name=\"twitter:site\" content=\"@Notibras\" \/>\n<meta name=\"twitter:label1\" content=\"Escrito por\" \/>\n\t<meta name=\"twitter:data1\" content=\"Eduardo Mart\u00ednez\" \/>\n\t<meta name=\"twitter:label2\" content=\"Est. tempo de leitura\" \/>\n\t<meta name=\"twitter:data2\" content=\"3 minutos\" \/>\n<script type=\"application\/ld+json\" class=\"yoast-schema-graph\">{\"@context\":\"https:\/\/schema.org\",\"@graph\":[{\"@type\":\"Article\",\"@id\":\"https:\/\/www.notibras.com\/site\/registrada-queda-de-cerca-de-10-nos-atendimentos-no-carnaval\/#article\",\"isPartOf\":{\"@id\":\"https:\/\/www.notibras.com\/site\/registrada-queda-de-cerca-de-10-nos-atendimentos-no-carnaval\/\"},\"author\":{\"name\":\"Eduardo Mart\u00ednez\",\"@id\":\"https:\/\/www.notibras.com\/site\/#\/schema\/person\/5b7fabf2aedc3ada2105f03b22b4d3dd\"},\"headline\":\"Registrada queda de cerca de 10% nos atendimentos no carnaval\",\"datePublished\":\"2026-02-21T03:30:54+00:00\",\"mainEntityOfPage\":{\"@id\":\"https:\/\/www.notibras.com\/site\/registrada-queda-de-cerca-de-10-nos-atendimentos-no-carnaval\/\"},\"wordCount\":367,\"publisher\":{\"@id\":\"https:\/\/www.notibras.com\/site\/#organization\"},\"image\":{\"@id\":\"https:\/\/www.notibras.com\/site\/registrada-queda-de-cerca-de-10-nos-atendimentos-no-carnaval\/#primaryimage\"},\"thumbnailUrl\":\"https:\/\/www.notibras.com\/site\/wp-content\/uploads\/2026\/02\/54361202359_b2b334bea8_ksasasd-1.jpg\",\"articleSection\":[\"Quadradinho em Foco\"],\"inLanguage\":\"pt-BR\"},{\"@type\":\"WebPage\",\"@id\":\"https:\/\/www.notibras.com\/site\/registrada-queda-de-cerca-de-10-nos-atendimentos-no-carnaval\/\",\"url\":\"https:\/\/www.notibras.com\/site\/registrada-queda-de-cerca-de-10-nos-atendimentos-no-carnaval\/\",\"name\":\"Registrada queda de cerca de 10% nos atendimentos no carnaval - Notibras\",\"isPartOf\":{\"@id\":\"https:\/\/www.notibras.com\/site\/#website\"},\"primaryImageOfPage\":{\"@id\":\"https:\/\/www.notibras.com\/site\/registrada-queda-de-cerca-de-10-nos-atendimentos-no-carnaval\/#primaryimage\"},\"image\":{\"@id\":\"https:\/\/www.notibras.com\/site\/registrada-queda-de-cerca-de-10-nos-atendimentos-no-carnaval\/#primaryimage\"},\"thumbnailUrl\":\"https:\/\/www.notibras.com\/site\/wp-content\/uploads\/2026\/02\/54361202359_b2b334bea8_ksasasd-1.jpg\",\"datePublished\":\"2026-02-21T03:30:54+00:00\",\"breadcrumb\":{\"@id\":\"https:\/\/www.notibras.com\/site\/registrada-queda-de-cerca-de-10-nos-atendimentos-no-carnaval\/#breadcrumb\"},\"inLanguage\":\"pt-BR\",\"potentialAction\":[{\"@type\":\"ReadAction\",\"target\":[\"https:\/\/www.notibras.com\/site\/registrada-queda-de-cerca-de-10-nos-atendimentos-no-carnaval\/\"]}]},{\"@type\":\"ImageObject\",\"inLanguage\":\"pt-BR\",\"@id\":\"https:\/\/www.notibras.com\/site\/registrada-queda-de-cerca-de-10-nos-atendimentos-no-carnaval\/#primaryimage\",\"url\":\"https:\/\/www.notibras.com\/site\/wp-content\/uploads\/2026\/02\/54361202359_b2b334bea8_ksasasd-1.jpg\",\"contentUrl\":\"https:\/\/www.notibras.com\/site\/wp-content\/uploads\/2026\/02\/54361202359_b2b334bea8_ksasasd-1.jpg\",\"width\":1096,\"height\":710},{\"@type\":\"BreadcrumbList\",\"@id\":\"https:\/\/www.notibras.com\/site\/registrada-queda-de-cerca-de-10-nos-atendimentos-no-carnaval\/#breadcrumb\",\"itemListElement\":[{\"@type\":\"ListItem\",\"position\":1,\"name\":\"In\u00edcio\",\"item\":\"https:\/\/www.notibras.com\/site\/\"},{\"@type\":\"ListItem\",\"position\":2,\"name\":\"Registrada queda de cerca de 10% nos atendimentos no carnaval\"}]},{\"@type\":\"WebSite\",\"@id\":\"https:\/\/www.notibras.com\/site\/#website\",\"url\":\"https:\/\/www.notibras.com\/site\/\",\"name\":\"Notibras\",\"description\":\"Not\u00edcias de Bras\u00edlia, do Brasil e do Mundo\",\"publisher\":{\"@id\":\"https:\/\/www.notibras.com\/site\/#organization\"},\"potentialAction\":[{\"@type\":\"SearchAction\",\"target\":{\"@type\":\"EntryPoint\",\"urlTemplate\":\"https:\/\/www.notibras.com\/site\/?s={search_term_string}\"},\"query-input\":{\"@type\":\"PropertyValueSpecification\",\"valueRequired\":true,\"valueName\":\"search_term_string\"}}],\"inLanguage\":\"pt-BR\"},{\"@type\":\"Organization\",\"@id\":\"https:\/\/www.notibras.com\/site\/#organization\",\"name\":\"Grupo Notibras de Comunica\u00e7\u00e3o\",\"url\":\"https:\/\/www.notibras.com\/site\/\",\"logo\":{\"@type\":\"ImageObject\",\"inLanguage\":\"pt-BR\",\"@id\":\"https:\/\/www.notibras.com\/site\/#\/schema\/logo\/image\/\",\"url\":\"https:\/\/www.notibras.com\/site\/wp-content\/uploads\/2023\/01\/notibras23.png\",\"contentUrl\":\"https:\/\/www.notibras.com\/site\/wp-content\/uploads\/2023\/01\/notibras23.png\",\"width\":350,\"height\":87,\"caption\":\"Grupo Notibras de Comunica\u00e7\u00e3o\"},\"image\":{\"@id\":\"https:\/\/www.notibras.com\/site\/#\/schema\/logo\/image\/\"},\"sameAs\":[\"https:\/\/www.facebook.com\/notibras\/\",\"https:\/\/x.com\/Notibras\",\"https:\/\/www.instagram.com\/notibras\/\"]},{\"@type\":\"Person\",\"@id\":\"https:\/\/www.notibras.com\/site\/#\/schema\/person\/5b7fabf2aedc3ada2105f03b22b4d3dd\",\"name\":\"Eduardo Mart\u00ednez\",\"image\":{\"@type\":\"ImageObject\",\"inLanguage\":\"pt-BR\",\"@id\":\"https:\/\/secure.gravatar.com\/avatar\/7902f906289926289cbcda644b5197c796b893c6ffd7b9a536a42d290f7704a0?s=96&d=mm&r=g\",\"url\":\"https:\/\/secure.gravatar.com\/avatar\/7902f906289926289cbcda644b5197c796b893c6ffd7b9a536a42d290f7704a0?s=96&d=mm&r=g\",\"contentUrl\":\"https:\/\/secure.gravatar.com\/avatar\/7902f906289926289cbcda644b5197c796b893c6ffd7b9a536a42d290f7704a0?s=96&d=mm&r=g\",\"caption\":\"Eduardo Mart\u00ednez\"}}]}<\/script>\n<!-- \/ Yoast SEO plugin. -->","yoast_head_json":{"title":"Registrada queda de cerca de 10% nos atendimentos no carnaval - Notibras","robots":{"index":"index","follow":"follow","max-snippet":"max-snippet:-1","max-image-preview":"max-image-preview:large","max-video-preview":"max-video-preview:-1"},"canonical":"https:\/\/www.notibras.com\/site\/registrada-queda-de-cerca-de-10-nos-atendimentos-no-carnaval\/","og_locale":"pt_BR","og_type":"article","og_title":"Registrada queda de cerca de 10% nos atendimentos no carnaval - Notibras","og_description":"O Centro de Trauma do Hospital de Base do Distrito Federal (HBDF) registrou redu\u00e7\u00e3o no n\u00famero de atendimentos durante o Carnaval deste ano. Entre s\u00e1bado (14) e ter\u00e7a-feira (17), foram contabilizados 217 pacientes, quase 10% a menos que no mesmo per\u00edodo de 2025, quando houve 241 registros. Outro dado de destaque foi a aus\u00eancia de [&hellip;]","og_url":"https:\/\/www.notibras.com\/site\/registrada-queda-de-cerca-de-10-nos-atendimentos-no-carnaval\/","og_site_name":"Notibras","article_publisher":"https:\/\/www.facebook.com\/notibras\/","article_published_time":"2026-02-21T03:30:54+00:00","og_image":[{"width":1096,"height":710,"url":"https:\/\/www.notibras.com\/site\/wp-content\/uploads\/2026\/02\/54361202359_b2b334bea8_ksasasd-1.jpg","type":"image\/jpeg"}],"author":"Eduardo Mart\u00ednez","twitter_card":"summary_large_image","twitter_creator":"@Notibras","twitter_site":"@Notibras","twitter_misc":{"Escrito por":"Eduardo Mart\u00ednez","Est. tempo de leitura":"3 minutos"},"schema":{"@context":"https:\/\/schema.org","@graph":[{"@type":"Article","@id":"https:\/\/www.notibras.com\/site\/registrada-queda-de-cerca-de-10-nos-atendimentos-no-carnaval\/#article","isPartOf":{"@id":"https:\/\/www.notibras.com\/site\/registrada-queda-de-cerca-de-10-nos-atendimentos-no-carnaval\/"},"author":{"name":"Eduardo Mart\u00ednez","@id":"https:\/\/www.notibras.com\/site\/#\/schema\/person\/5b7fabf2aedc3ada2105f03b22b4d3dd"},"headline":"Registrada queda de cerca de 10% nos atendimentos no carnaval","datePublished":"2026-02-21T03:30:54+00:00","mainEntityOfPage":{"@id":"https:\/\/www.notibras.com\/site\/registrada-queda-de-cerca-de-10-nos-atendimentos-no-carnaval\/"},"wordCount":367,"publisher":{"@id":"https:\/\/www.notibras.com\/site\/#organization"},"image":{"@id":"https:\/\/www.notibras.com\/site\/registrada-queda-de-cerca-de-10-nos-atendimentos-no-carnaval\/#primaryimage"},"thumbnailUrl":"https:\/\/www.notibras.com\/site\/wp-content\/uploads\/2026\/02\/54361202359_b2b334bea8_ksasasd-1.jpg","articleSection":["Quadradinho em Foco"],"inLanguage":"pt-BR"},{"@type":"WebPage","@id":"https:\/\/www.notibras.com\/site\/registrada-queda-de-cerca-de-10-nos-atendimentos-no-carnaval\/","url":"https:\/\/www.notibras.com\/site\/registrada-queda-de-cerca-de-10-nos-atendimentos-no-carnaval\/","name":"Registrada queda de cerca de 10% nos atendimentos no carnaval - Notibras","isPartOf":{"@id":"https:\/\/www.notibras.com\/site\/#website"},"primaryImageOfPage":{"@id":"https:\/\/www.notibras.com\/site\/registrada-queda-de-cerca-de-10-nos-atendimentos-no-carnaval\/#primaryimage"},"image":{"@id":"https:\/\/www.notibras.com\/site\/registrada-queda-de-cerca-de-10-nos-atendimentos-no-carnaval\/#primaryimage"},"thumbnailUrl":"https:\/\/www.notibras.com\/site\/wp-content\/uploads\/2026\/02\/54361202359_b2b334bea8_ksasasd-1.jpg","datePublished":"2026-02-21T03:30:54+00:00","breadcrumb":{"@id":"https:\/\/www.notibras.com\/site\/registrada-queda-de-cerca-de-10-nos-atendimentos-no-carnaval\/#breadcrumb"},"inLanguage":"pt-BR","potentialAction":[{"@type":"ReadAction","target":["https:\/\/www.notibras.com\/site\/registrada-queda-de-cerca-de-10-nos-atendimentos-no-carnaval\/"]}]},{"@type":"ImageObject","inLanguage":"pt-BR","@id":"https:\/\/www.notibras.com\/site\/registrada-queda-de-cerca-de-10-nos-atendimentos-no-carnaval\/#primaryimage","url":"https:\/\/www.notibras.com\/site\/wp-content\/uploads\/2026\/02\/54361202359_b2b334bea8_ksasasd-1.jpg","contentUrl":"https:\/\/www.notibras.com\/site\/wp-content\/uploads\/2026\/02\/54361202359_b2b334bea8_ksasasd-1.jpg","width":1096,"height":710},{"@type":"BreadcrumbList","@id":"https:\/\/www.notibras.com\/site\/registrada-queda-de-cerca-de-10-nos-atendimentos-no-carnaval\/#breadcrumb","itemListElement":[{"@type":"ListItem","position":1,"name":"In\u00edcio","item":"https:\/\/www.notibras.com\/site\/"},{"@type":"ListItem","position":2,"name":"Registrada queda de cerca de 10% nos atendimentos no carnaval"}]},{"@type":"WebSite","@id":"https:\/\/www.notibras.com\/site\/#website","url":"https:\/\/www.notibras.com\/site\/","name":"Notibras","description":"Not\u00edcias de Bras\u00edlia, do Brasil e do Mundo","publisher":{"@id":"https:\/\/www.notibras.com\/site\/#organization"},"potentialAction":[{"@type":"SearchAction","target":{"@type":"EntryPoint","urlTemplate":"https:\/\/www.notibras.com\/site\/?s={search_term_string}"},"query-input":{"@type":"PropertyValueSpecification","valueRequired":true,"valueName":"search_term_string"}}],"inLanguage":"pt-BR"},{"@type":"Organization","@id":"https:\/\/www.notibras.com\/site\/#organization","name":"Grupo Notibras de Comunica\u00e7\u00e3o","url":"https:\/\/www.notibras.com\/site\/","logo":{"@type":"ImageObject","inLanguage":"pt-BR","@id":"https:\/\/www.notibras.com\/site\/#\/schema\/logo\/image\/","url":"https:\/\/www.notibras.com\/site\/wp-content\/uploads\/2023\/01\/notibras23.png","contentUrl":"https:\/\/www.notibras.com\/site\/wp-content\/uploads\/2023\/01\/notibras23.png","width":350,"height":87,"caption":"Grupo Notibras de Comunica\u00e7\u00e3o"},"image":{"@id":"https:\/\/www.notibras.com\/site\/#\/schema\/logo\/image\/"},"sameAs":["https:\/\/www.facebook.com\/notibras\/","https:\/\/x.com\/Notibras","https:\/\/www.instagram.com\/notibras\/"]},{"@type":"Person","@id":"https:\/\/www.notibras.com\/site\/#\/schema\/person\/5b7fabf2aedc3ada2105f03b22b4d3dd","name":"Eduardo Mart\u00ednez","image":{"@type":"ImageObject","inLanguage":"pt-BR","@id":"https:\/\/secure.gravatar.com\/avatar\/7902f906289926289cbcda644b5197c796b893c6ffd7b9a536a42d290f7704a0?s=96&d=mm&r=g","url":"https:\/\/secure.gravatar.com\/avatar\/7902f906289926289cbcda644b5197c796b893c6ffd7b9a536a42d290f7704a0?s=96&d=mm&r=g","contentUrl":"https:\/\/secure.gravatar.com\/avatar\/7902f906289926289cbcda644b5197c796b893c6ffd7b9a536a42d290f7704a0?s=96&d=mm&r=g","caption":"Eduardo Mart\u00ednez"}}]}},"amp_enabled":true,"_links":{"self":[{"href":"https:\/\/www.notibras.com\/site\/wp-json\/wp\/v2\/posts\/384038","targetHints":{"allow":["GET"]}}],"collection":[{"href":"https:\/\/www.notibras.com\/site\/wp-json\/wp\/v2\/posts"}],"about":[{"href":"https:\/\/www.notibras.com\/site\/wp-json\/wp\/v2\/types\/post"}],"author":[{"embeddable":true,"href":"https:\/\/www.notibras.com\/site\/wp-json\/wp\/v2\/users\/21"}],"replies":[{"embeddable":true,"href":"https:\/\/www.notibras.com\/site\/wp-json\/wp\/v2\/comments?post=384038"}],"version-history":[{"count":4,"href":"https:\/\/www.notibras.com\/site\/wp-json\/wp\/v2\/posts\/384038\/revisions"}],"predecessor-version":[{"id":384043,"href":"https:\/\/www.notibras.com\/site\/wp-json\/wp\/v2\/posts\/384038\/revisions\/384043"}],"wp:featuredmedia":[{"embeddable":true,"href":"https:\/\/www.notibras.com\/site\/wp-json\/wp\/v2\/media\/384040"}],"wp:attachment":[{"href":"https:\/\/www.notibras.com\/site\/wp-json\/wp\/v2\/media?parent=384038"}],"wp:term":[{"taxonomy":"category","embeddable":true,"href":"https:\/\/www.notibras.com\/site\/wp-json\/wp\/v2\/categories?post=384038"},{"taxonomy":"post_tag","embeddable":true,"href":"https:\/\/www.notibras.com\/site\/wp-json\/wp\/v2\/tags?post=384038"}],"curies":[{"name":"wp","href":"https:\/\/api.w.org\/{rel}","templated":true}]}}