{"id":384064,"date":"2026-02-22T00:15:03","date_gmt":"2026-02-22T03:15:03","guid":{"rendered":"https:\/\/www.notibras.com\/site\/?p=384064"},"modified":"2026-02-21T03:26:15","modified_gmt":"2026-02-21T06:26:15","slug":"um-certo-julgado","status":"publish","type":"post","link":"https:\/\/www.notibras.com\/site\/um-certo-julgado\/","title":{"rendered":"Um certo julgado"},"content":{"rendered":"<p>O tribunal estava totalmente tomado, com gente saindo pelo ladr\u00e3o. Um fuzu\u00ea que parecia transformar a audi\u00eancia num carnaval de rua. Na pipoca, era cada um por si, enquanto o trio el\u00e9trico ia adiante arrastando a multid\u00e3o. Mas eis que a merit\u00edssima, utilizando seu poder, ergueu a m\u00e3o que julga e declarou o sil\u00eancio com duas batidas secas do malhete sobre a mesa.<\/p>\n<p>A turba se fez muda, olhares arregalados direcionados para aquela austera mulher de toga. Rosto firme, aparentando serenidade improv\u00e1vel em qualquer ser humano digno de confian\u00e7a, a ju\u00edza deu por in\u00edcio a audi\u00eancia. Enquanto isso, o r\u00e9u, um tal Afr\u00e2nio Gaudino, olhava para o jurado, como se tentasse entender aquelas mentes que iriam decidir pela sua improv\u00e1vel inoc\u00eancia ou, ent\u00e3o, praticamente certa culpa.<\/p>\n<p>Como de costume, regra e praxe, as testemunhas de acusa\u00e7\u00e3o foram inquiridas primeiramente. De tantas que eram, levou a manh\u00e3 inteira e boa parte da tarde. De vez em quando, surgia um murmurinho entre o p\u00fablico, que se mantinha atento a cada palavra.<\/p>\n<p>\u2014 Voc\u00ea viu? Esse cr\u00e1pula merece a pena m\u00e1xima.<\/p>\n<p>\u2014 Pois \u00e9. \u00c9 uma l\u00e1stima n\u00e3o ter pena de morte.<\/p>\n<p>\u2014 \u00c9 verdade. Nem que fosse perp\u00e9tua.<\/p>\n<p>Por conta do avan\u00e7ar das horas, a magistrada decidiu adiar o julgamento para o dia seguinte. Enquanto a plateia sa\u00eda, o burburinho tomou conta do recinto. A maior parte revoltada porque o destino do salafr\u00e1rio n\u00e3o iria ser definido naquele momento, ainda mais diante de tantas provas irrefut\u00e1veis expelidas de bocas t\u00e3o dignas, cada qual inquirida sob a prote\u00e7\u00e3o da palavra de Deus.<\/p>\n<p>Pouco antes das 9h, diante dos quase impercept\u00edveis gatos-pingados na arquibancada, l\u00e1 estavam a ju\u00edza, o promotor, a advogada da defesa, os jurados e a \u00fanica testemunha. Pois \u00e9, apenas uma m\u00edsera pessoa para inquerir naquela manh\u00e3 fria de agosto. A ju\u00edza. que at\u00e9 aquele momento estava convencida da culpa do r\u00e9u, temeu por este n\u00e3o ter uma defesa condizente com a lei. Tanto \u00e9 que chamou a advogada e o promotor para perto de sua mesa.<\/p>\n<p>\u2014 Doutora, o que a senhora pretende com isso?<\/p>\n<p>\u2014 Com o qu\u00ea, vossa excel\u00eancia?<\/p>\n<p>\u2014 Reparei que a senhora s\u00f3 tem uma testemunha de defesa.<\/p>\n<p>\u2014 Exato.<\/p>\n<p>\u2014 Pelo jeito, parece que a senhora n\u00e3o participou da audi\u00eancia de ontem. A senhora reparou que todas as testemunhas de acusa\u00e7\u00e3o afirmaram categoricamente que viram o r\u00e9u sair correndo do local do homic\u00eddio?<\/p>\n<p>\u2014 Sim.<\/p>\n<p>\u2014 A senhora, ent\u00e3o, vai querer convencer o jurado que todas aquelas testemunhas mentiram?<\/p>\n<p>\u2014 Em absoluto.<\/p>\n<p>\u2014 Ent\u00e3o, qual \u00e9 o seu jogo?<\/p>\n<p>\u2014 Que bom que vossa excel\u00eancia mencionou isso.<\/p>\n<p>\u2014 O qu\u00ea?<\/p>\n<p>\u2014 Jogo.<\/p>\n<p>\u2014 Jogo? Que jogo?<\/p>\n<p>\u2014 Bem, como todos sabemos, o crime pelo qual o meu cliente est\u00e1 sendo julgado aconteceu no dia 18 de junho de 2023, \u00e0s 17h.<\/p>\n<p>\u2014 E da\u00ed?<\/p>\n<p>\u2014 Da\u00ed \u00e9 que meu cliente, como prova este v\u00eddeo, estava em Salvador assistindo ao jogo do seu time do cora\u00e7\u00e3o, justamente ao lado daquele rapaz ali, que \u00e9 a nossa \u00fanica, mas valiosa, testemunha. Repare que \u00e9 uma transmiss\u00e3o ao vivo de um importante canal de televis\u00e3o, que, por vontade divina, calhou de flagrar meu cliente comemorando ao lado do amigo justamente no momento em que seu time abriu o placar. Ent\u00e3o, como \u00e9 que o meu cliente poderia ter cometido esse crime, se estava a mais de mil quil\u00f4metros do local do fato?<\/p>\n<p>Diante de tamanha prova, a magistrada n\u00e3o teve outra op\u00e7\u00e3o. O promotor pediu pela absolvi\u00e7\u00e3o do r\u00e9u. Nenhum dos jurados contestou. O r\u00e9u, apesar de absolvido, n\u00e3o aguentou a press\u00e3o da popula\u00e7\u00e3o da cidade e, na semana seguinte, se mudou para Salvador, onde, dizem, assiste aos jogos do seu time. E, at\u00e9 onde se sabe, nunca mais foi flagrado pelas c\u00e2meras de televis\u00e3o.<\/p>\n<p><strong>\u2026\u2026\u2026\u2026\u2026\u2026\u2026\u2026<\/strong><\/p>\n<p><strong>Eduardo Mart\u00ednez \u00e9 autor do livro \u201957 Contos e Cr\u00f4nicas por um Autor Muito Velho\u2019 (Vencedor do Pr\u00eamio Liter\u00e1rio Clarice Lispector \u2013 2025 na categoria livro de contos).<\/strong><\/p>\n<p><strong>Compre aqui<\/strong><\/p>\n<p><a href=\"https:\/\/www.joanineditora.com.br\/57-contos-e-cronicas-por-um-autor-muito-velho\"><strong>https:\/\/www.joanineditora.com.br\/57-contos-e-cronicas-por-um-autor-muito-velho<\/strong><\/a><\/p>\n<div id=\"wpdevar_comment_4\"><\/div>\n","protected":false},"excerpt":{"rendered":"<p>O tribunal estava totalmente tomado, com gente saindo pelo ladr\u00e3o. Um fuzu\u00ea que parecia transformar a audi\u00eancia num carnaval de rua. Na pipoca, era cada um por si, enquanto o trio el\u00e9trico ia adiante arrastando a multid\u00e3o. Mas eis que a merit\u00edssima, utilizando seu poder, ergueu a m\u00e3o que julga e declarou o sil\u00eancio com [&hellip;]<\/p>\n","protected":false},"author":21,"featured_media":384065,"comment_status":"closed","ping_status":"closed","sticky":false,"template":"","format":"standard","meta":{"_acf_changed":false,"footnotes":""},"categories":[234],"tags":[],"class_list":["post-384064","post","type-post","status-publish","format-standard","has-post-thumbnail","hentry","category-cafe-literario"],"acf":[],"yoast_head":"<!-- This site is optimized with the Yoast SEO plugin v27.2 - https:\/\/yoast.com\/product\/yoast-seo-wordpress\/ -->\n<title>Um certo julgado - Notibras<\/title>\n<meta name=\"robots\" content=\"index, follow, max-snippet:-1, max-image-preview:large, max-video-preview:-1\" \/>\n<link rel=\"canonical\" href=\"https:\/\/www.notibras.com\/site\/um-certo-julgado\/\" \/>\n<meta property=\"og:locale\" content=\"pt_BR\" \/>\n<meta property=\"og:type\" content=\"article\" \/>\n<meta property=\"og:title\" content=\"Um certo julgado - Notibras\" \/>\n<meta property=\"og:description\" content=\"O tribunal estava totalmente tomado, com gente saindo pelo ladr\u00e3o. Um fuzu\u00ea que parecia transformar a audi\u00eancia num carnaval de rua. Na pipoca, era cada um por si, enquanto o trio el\u00e9trico ia adiante arrastando a multid\u00e3o. Mas eis que a merit\u00edssima, utilizando seu poder, ergueu a m\u00e3o que julga e declarou o sil\u00eancio com [&hellip;]\" \/>\n<meta property=\"og:url\" content=\"https:\/\/www.notibras.com\/site\/um-certo-julgado\/\" \/>\n<meta property=\"og:site_name\" content=\"Notibras\" \/>\n<meta property=\"article:publisher\" content=\"https:\/\/www.facebook.com\/notibras\/\" \/>\n<meta property=\"article:published_time\" content=\"2026-02-22T03:15:03+00:00\" \/>\n<meta property=\"og:image\" content=\"https:\/\/www.notibras.com\/site\/wp-content\/uploads\/2026\/02\/WhatsApp-Image-2026-02-21-at-03.21.32.jpeg\" \/>\n\t<meta property=\"og:image:width\" content=\"1024\" \/>\n\t<meta property=\"og:image:height\" content=\"1024\" \/>\n\t<meta property=\"og:image:type\" content=\"image\/jpeg\" \/>\n<meta name=\"author\" content=\"Eduardo Mart\u00ednez\" \/>\n<meta name=\"twitter:card\" content=\"summary_large_image\" \/>\n<meta name=\"twitter:creator\" content=\"@Notibras\" \/>\n<meta name=\"twitter:site\" content=\"@Notibras\" \/>\n<meta name=\"twitter:label1\" content=\"Escrito por\" \/>\n\t<meta name=\"twitter:data1\" content=\"Eduardo Mart\u00ednez\" \/>\n\t<meta name=\"twitter:label2\" content=\"Est. tempo de leitura\" \/>\n\t<meta name=\"twitter:data2\" content=\"4 minutos\" \/>\n<script type=\"application\/ld+json\" class=\"yoast-schema-graph\">{\"@context\":\"https:\/\/schema.org\",\"@graph\":[{\"@type\":\"Article\",\"@id\":\"https:\/\/www.notibras.com\/site\/um-certo-julgado\/#article\",\"isPartOf\":{\"@id\":\"https:\/\/www.notibras.com\/site\/um-certo-julgado\/\"},\"author\":{\"name\":\"Eduardo Mart\u00ednez\",\"@id\":\"https:\/\/www.notibras.com\/site\/#\/schema\/person\/5b7fabf2aedc3ada2105f03b22b4d3dd\"},\"headline\":\"Um certo julgado\",\"datePublished\":\"2026-02-22T03:15:03+00:00\",\"mainEntityOfPage\":{\"@id\":\"https:\/\/www.notibras.com\/site\/um-certo-julgado\/\"},\"wordCount\":697,\"publisher\":{\"@id\":\"https:\/\/www.notibras.com\/site\/#organization\"},\"image\":{\"@id\":\"https:\/\/www.notibras.com\/site\/um-certo-julgado\/#primaryimage\"},\"thumbnailUrl\":\"https:\/\/www.notibras.com\/site\/wp-content\/uploads\/2026\/02\/WhatsApp-Image-2026-02-21-at-03.21.32.jpeg\",\"articleSection\":[\"Caf\u00e9 Liter\u00e1rio\"],\"inLanguage\":\"pt-BR\"},{\"@type\":\"WebPage\",\"@id\":\"https:\/\/www.notibras.com\/site\/um-certo-julgado\/\",\"url\":\"https:\/\/www.notibras.com\/site\/um-certo-julgado\/\",\"name\":\"Um certo julgado - Notibras\",\"isPartOf\":{\"@id\":\"https:\/\/www.notibras.com\/site\/#website\"},\"primaryImageOfPage\":{\"@id\":\"https:\/\/www.notibras.com\/site\/um-certo-julgado\/#primaryimage\"},\"image\":{\"@id\":\"https:\/\/www.notibras.com\/site\/um-certo-julgado\/#primaryimage\"},\"thumbnailUrl\":\"https:\/\/www.notibras.com\/site\/wp-content\/uploads\/2026\/02\/WhatsApp-Image-2026-02-21-at-03.21.32.jpeg\",\"datePublished\":\"2026-02-22T03:15:03+00:00\",\"breadcrumb\":{\"@id\":\"https:\/\/www.notibras.com\/site\/um-certo-julgado\/#breadcrumb\"},\"inLanguage\":\"pt-BR\",\"potentialAction\":[{\"@type\":\"ReadAction\",\"target\":[\"https:\/\/www.notibras.com\/site\/um-certo-julgado\/\"]}]},{\"@type\":\"ImageObject\",\"inLanguage\":\"pt-BR\",\"@id\":\"https:\/\/www.notibras.com\/site\/um-certo-julgado\/#primaryimage\",\"url\":\"https:\/\/www.notibras.com\/site\/wp-content\/uploads\/2026\/02\/WhatsApp-Image-2026-02-21-at-03.21.32.jpeg\",\"contentUrl\":\"https:\/\/www.notibras.com\/site\/wp-content\/uploads\/2026\/02\/WhatsApp-Image-2026-02-21-at-03.21.32.jpeg\",\"width\":1024,\"height\":1024},{\"@type\":\"BreadcrumbList\",\"@id\":\"https:\/\/www.notibras.com\/site\/um-certo-julgado\/#breadcrumb\",\"itemListElement\":[{\"@type\":\"ListItem\",\"position\":1,\"name\":\"In\u00edcio\",\"item\":\"https:\/\/www.notibras.com\/site\/\"},{\"@type\":\"ListItem\",\"position\":2,\"name\":\"Um certo julgado\"}]},{\"@type\":\"WebSite\",\"@id\":\"https:\/\/www.notibras.com\/site\/#website\",\"url\":\"https:\/\/www.notibras.com\/site\/\",\"name\":\"Notibras\",\"description\":\"Not\u00edcias de Bras\u00edlia, do Brasil e do Mundo\",\"publisher\":{\"@id\":\"https:\/\/www.notibras.com\/site\/#organization\"},\"potentialAction\":[{\"@type\":\"SearchAction\",\"target\":{\"@type\":\"EntryPoint\",\"urlTemplate\":\"https:\/\/www.notibras.com\/site\/?s={search_term_string}\"},\"query-input\":{\"@type\":\"PropertyValueSpecification\",\"valueRequired\":true,\"valueName\":\"search_term_string\"}}],\"inLanguage\":\"pt-BR\"},{\"@type\":\"Organization\",\"@id\":\"https:\/\/www.notibras.com\/site\/#organization\",\"name\":\"Grupo Notibras de Comunica\u00e7\u00e3o\",\"url\":\"https:\/\/www.notibras.com\/site\/\",\"logo\":{\"@type\":\"ImageObject\",\"inLanguage\":\"pt-BR\",\"@id\":\"https:\/\/www.notibras.com\/site\/#\/schema\/logo\/image\/\",\"url\":\"https:\/\/www.notibras.com\/site\/wp-content\/uploads\/2023\/01\/notibras23.png\",\"contentUrl\":\"https:\/\/www.notibras.com\/site\/wp-content\/uploads\/2023\/01\/notibras23.png\",\"width\":350,\"height\":87,\"caption\":\"Grupo Notibras de Comunica\u00e7\u00e3o\"},\"image\":{\"@id\":\"https:\/\/www.notibras.com\/site\/#\/schema\/logo\/image\/\"},\"sameAs\":[\"https:\/\/www.facebook.com\/notibras\/\",\"https:\/\/x.com\/Notibras\",\"https:\/\/www.instagram.com\/notibras\/\"]},{\"@type\":\"Person\",\"@id\":\"https:\/\/www.notibras.com\/site\/#\/schema\/person\/5b7fabf2aedc3ada2105f03b22b4d3dd\",\"name\":\"Eduardo Mart\u00ednez\",\"image\":{\"@type\":\"ImageObject\",\"inLanguage\":\"pt-BR\",\"@id\":\"https:\/\/secure.gravatar.com\/avatar\/7902f906289926289cbcda644b5197c796b893c6ffd7b9a536a42d290f7704a0?s=96&d=mm&r=g\",\"url\":\"https:\/\/secure.gravatar.com\/avatar\/7902f906289926289cbcda644b5197c796b893c6ffd7b9a536a42d290f7704a0?s=96&d=mm&r=g\",\"contentUrl\":\"https:\/\/secure.gravatar.com\/avatar\/7902f906289926289cbcda644b5197c796b893c6ffd7b9a536a42d290f7704a0?s=96&d=mm&r=g\",\"caption\":\"Eduardo Mart\u00ednez\"}}]}<\/script>\n<!-- \/ Yoast SEO plugin. -->","yoast_head_json":{"title":"Um certo julgado - Notibras","robots":{"index":"index","follow":"follow","max-snippet":"max-snippet:-1","max-image-preview":"max-image-preview:large","max-video-preview":"max-video-preview:-1"},"canonical":"https:\/\/www.notibras.com\/site\/um-certo-julgado\/","og_locale":"pt_BR","og_type":"article","og_title":"Um certo julgado - Notibras","og_description":"O tribunal estava totalmente tomado, com gente saindo pelo ladr\u00e3o. Um fuzu\u00ea que parecia transformar a audi\u00eancia num carnaval de rua. Na pipoca, era cada um por si, enquanto o trio el\u00e9trico ia adiante arrastando a multid\u00e3o. Mas eis que a merit\u00edssima, utilizando seu poder, ergueu a m\u00e3o que julga e declarou o sil\u00eancio com [&hellip;]","og_url":"https:\/\/www.notibras.com\/site\/um-certo-julgado\/","og_site_name":"Notibras","article_publisher":"https:\/\/www.facebook.com\/notibras\/","article_published_time":"2026-02-22T03:15:03+00:00","og_image":[{"width":1024,"height":1024,"url":"https:\/\/www.notibras.com\/site\/wp-content\/uploads\/2026\/02\/WhatsApp-Image-2026-02-21-at-03.21.32.jpeg","type":"image\/jpeg"}],"author":"Eduardo Mart\u00ednez","twitter_card":"summary_large_image","twitter_creator":"@Notibras","twitter_site":"@Notibras","twitter_misc":{"Escrito por":"Eduardo Mart\u00ednez","Est. tempo de leitura":"4 minutos"},"schema":{"@context":"https:\/\/schema.org","@graph":[{"@type":"Article","@id":"https:\/\/www.notibras.com\/site\/um-certo-julgado\/#article","isPartOf":{"@id":"https:\/\/www.notibras.com\/site\/um-certo-julgado\/"},"author":{"name":"Eduardo Mart\u00ednez","@id":"https:\/\/www.notibras.com\/site\/#\/schema\/person\/5b7fabf2aedc3ada2105f03b22b4d3dd"},"headline":"Um certo julgado","datePublished":"2026-02-22T03:15:03+00:00","mainEntityOfPage":{"@id":"https:\/\/www.notibras.com\/site\/um-certo-julgado\/"},"wordCount":697,"publisher":{"@id":"https:\/\/www.notibras.com\/site\/#organization"},"image":{"@id":"https:\/\/www.notibras.com\/site\/um-certo-julgado\/#primaryimage"},"thumbnailUrl":"https:\/\/www.notibras.com\/site\/wp-content\/uploads\/2026\/02\/WhatsApp-Image-2026-02-21-at-03.21.32.jpeg","articleSection":["Caf\u00e9 Liter\u00e1rio"],"inLanguage":"pt-BR"},{"@type":"WebPage","@id":"https:\/\/www.notibras.com\/site\/um-certo-julgado\/","url":"https:\/\/www.notibras.com\/site\/um-certo-julgado\/","name":"Um certo julgado - Notibras","isPartOf":{"@id":"https:\/\/www.notibras.com\/site\/#website"},"primaryImageOfPage":{"@id":"https:\/\/www.notibras.com\/site\/um-certo-julgado\/#primaryimage"},"image":{"@id":"https:\/\/www.notibras.com\/site\/um-certo-julgado\/#primaryimage"},"thumbnailUrl":"https:\/\/www.notibras.com\/site\/wp-content\/uploads\/2026\/02\/WhatsApp-Image-2026-02-21-at-03.21.32.jpeg","datePublished":"2026-02-22T03:15:03+00:00","breadcrumb":{"@id":"https:\/\/www.notibras.com\/site\/um-certo-julgado\/#breadcrumb"},"inLanguage":"pt-BR","potentialAction":[{"@type":"ReadAction","target":["https:\/\/www.notibras.com\/site\/um-certo-julgado\/"]}]},{"@type":"ImageObject","inLanguage":"pt-BR","@id":"https:\/\/www.notibras.com\/site\/um-certo-julgado\/#primaryimage","url":"https:\/\/www.notibras.com\/site\/wp-content\/uploads\/2026\/02\/WhatsApp-Image-2026-02-21-at-03.21.32.jpeg","contentUrl":"https:\/\/www.notibras.com\/site\/wp-content\/uploads\/2026\/02\/WhatsApp-Image-2026-02-21-at-03.21.32.jpeg","width":1024,"height":1024},{"@type":"BreadcrumbList","@id":"https:\/\/www.notibras.com\/site\/um-certo-julgado\/#breadcrumb","itemListElement":[{"@type":"ListItem","position":1,"name":"In\u00edcio","item":"https:\/\/www.notibras.com\/site\/"},{"@type":"ListItem","position":2,"name":"Um certo julgado"}]},{"@type":"WebSite","@id":"https:\/\/www.notibras.com\/site\/#website","url":"https:\/\/www.notibras.com\/site\/","name":"Notibras","description":"Not\u00edcias de Bras\u00edlia, do Brasil e do Mundo","publisher":{"@id":"https:\/\/www.notibras.com\/site\/#organization"},"potentialAction":[{"@type":"SearchAction","target":{"@type":"EntryPoint","urlTemplate":"https:\/\/www.notibras.com\/site\/?s={search_term_string}"},"query-input":{"@type":"PropertyValueSpecification","valueRequired":true,"valueName":"search_term_string"}}],"inLanguage":"pt-BR"},{"@type":"Organization","@id":"https:\/\/www.notibras.com\/site\/#organization","name":"Grupo Notibras de Comunica\u00e7\u00e3o","url":"https:\/\/www.notibras.com\/site\/","logo":{"@type":"ImageObject","inLanguage":"pt-BR","@id":"https:\/\/www.notibras.com\/site\/#\/schema\/logo\/image\/","url":"https:\/\/www.notibras.com\/site\/wp-content\/uploads\/2023\/01\/notibras23.png","contentUrl":"https:\/\/www.notibras.com\/site\/wp-content\/uploads\/2023\/01\/notibras23.png","width":350,"height":87,"caption":"Grupo Notibras de Comunica\u00e7\u00e3o"},"image":{"@id":"https:\/\/www.notibras.com\/site\/#\/schema\/logo\/image\/"},"sameAs":["https:\/\/www.facebook.com\/notibras\/","https:\/\/x.com\/Notibras","https:\/\/www.instagram.com\/notibras\/"]},{"@type":"Person","@id":"https:\/\/www.notibras.com\/site\/#\/schema\/person\/5b7fabf2aedc3ada2105f03b22b4d3dd","name":"Eduardo Mart\u00ednez","image":{"@type":"ImageObject","inLanguage":"pt-BR","@id":"https:\/\/secure.gravatar.com\/avatar\/7902f906289926289cbcda644b5197c796b893c6ffd7b9a536a42d290f7704a0?s=96&d=mm&r=g","url":"https:\/\/secure.gravatar.com\/avatar\/7902f906289926289cbcda644b5197c796b893c6ffd7b9a536a42d290f7704a0?s=96&d=mm&r=g","contentUrl":"https:\/\/secure.gravatar.com\/avatar\/7902f906289926289cbcda644b5197c796b893c6ffd7b9a536a42d290f7704a0?s=96&d=mm&r=g","caption":"Eduardo Mart\u00ednez"}}]}},"amp_enabled":true,"_links":{"self":[{"href":"https:\/\/www.notibras.com\/site\/wp-json\/wp\/v2\/posts\/384064","targetHints":{"allow":["GET"]}}],"collection":[{"href":"https:\/\/www.notibras.com\/site\/wp-json\/wp\/v2\/posts"}],"about":[{"href":"https:\/\/www.notibras.com\/site\/wp-json\/wp\/v2\/types\/post"}],"author":[{"embeddable":true,"href":"https:\/\/www.notibras.com\/site\/wp-json\/wp\/v2\/users\/21"}],"replies":[{"embeddable":true,"href":"https:\/\/www.notibras.com\/site\/wp-json\/wp\/v2\/comments?post=384064"}],"version-history":[{"count":2,"href":"https:\/\/www.notibras.com\/site\/wp-json\/wp\/v2\/posts\/384064\/revisions"}],"predecessor-version":[{"id":384067,"href":"https:\/\/www.notibras.com\/site\/wp-json\/wp\/v2\/posts\/384064\/revisions\/384067"}],"wp:featuredmedia":[{"embeddable":true,"href":"https:\/\/www.notibras.com\/site\/wp-json\/wp\/v2\/media\/384065"}],"wp:attachment":[{"href":"https:\/\/www.notibras.com\/site\/wp-json\/wp\/v2\/media?parent=384064"}],"wp:term":[{"taxonomy":"category","embeddable":true,"href":"https:\/\/www.notibras.com\/site\/wp-json\/wp\/v2\/categories?post=384064"},{"taxonomy":"post_tag","embeddable":true,"href":"https:\/\/www.notibras.com\/site\/wp-json\/wp\/v2\/tags?post=384064"}],"curies":[{"name":"wp","href":"https:\/\/api.w.org\/{rel}","templated":true}]}}