{"id":384071,"date":"2026-02-21T06:07:41","date_gmt":"2026-02-21T09:07:41","guid":{"rendered":"https:\/\/www.notibras.com\/site\/?p=384071"},"modified":"2026-02-21T06:10:11","modified_gmt":"2026-02-21T09:10:11","slug":"elefante-branco-de-arruda-e-agnelo-pode-tirar-o-brb-do-buraco","status":"publish","type":"post","link":"https:\/\/www.notibras.com\/site\/elefante-branco-de-arruda-e-agnelo-pode-tirar-o-brb-do-buraco\/","title":{"rendered":"Elefante branco de Arruda e Agnelo pode tirar o BRB do buraco"},"content":{"rendered":"<p>O Pal\u00e1cio do Buriti enviou \u00e0 C\u00e2mara Legislativa na noite de sexta-feira (20), um projeto de lei que autoriza o uso de 12 im\u00f3veis p\u00fablicos para refor\u00e7ar o caixa do Banco de Bras\u00edlia (BRB). A proposta integra o plano apresentado ao Banco Central no in\u00edcio do m\u00eas para levantar ao menos R$ 2,6 bilh\u00f5es para recompor as perdas com a aquisi\u00e7\u00e3o de carteiras de cr\u00e9dito do Banco Master.<\/p>\n<p>Segundo o governo, os bens poder\u00e3o servir como garantia para a capta\u00e7\u00e3o de recursos, principalmente num poss\u00edvel empr\u00e9stimo do Fundo Garantidor de Cr\u00e9ditos (FGC). A medida, de acordo com o Executivo local, n\u00e3o implica necessariamente a venda imediata do patrim\u00f4nio. Os im\u00f3veis seriam usados para reduzir os riscos aos credores com eventuais inadimpl\u00eancias e diminuir os juros dos empr\u00e9stimos ao BRB.<\/p>\n<p>Um dos im\u00f3veis \u00e9 o Centrad, idealizado pelo ex-governador Jos\u00e9 Roberto Arruda e que chegou a ser inaugurado por Agnelo Queiroz sem ter sequer uma cadeira, foi constru\u00eddo com dois objetivos: diminuir os gastos do GDF com aluguel; promover um contrafluxo de tr\u00e2nsito entre o Plano Piloto e as regi\u00f5es administrativas. A obra \u00e9 fruto de uma Parceria P\u00fablico Privada (PPP) entre o GDF e o cons\u00f3rcio privado formado pela Via Engenharia e Odebrecht, com valor previsto de R$ 6 bilh\u00f5es e dura\u00e7\u00e3o de 22 anos.<\/p>\n<p>O texto encaminhado aos deputados distritais autoriza tr\u00eas a\u00e7\u00f5es principais: integraliza\u00e7\u00e3o de capital com bens m\u00f3veis ou im\u00f3veis; aliena\u00e7\u00e3o (venda) de patrim\u00f4nio com destina\u00e7\u00e3o dos recursos ao banco; e ado\u00e7\u00e3o de outras medidas permitidas pelo Sistema Financeiro Nacional.<\/p>\n<p>Caso aprovado, o projeto permitir\u00e1 ao GDF transferir propriedades ao BRB, estruturar opera\u00e7\u00f5es por meio de fundos de investimento imobili\u00e1rio, constituir garantias ou fazer vendas diretas. As alternativas poder\u00e3o ser adotadas de forma isolada ou combinada.<\/p>\n<p>A iniciativa ocorre em meio \u00e0s investiga\u00e7\u00f5es e aos impactos financeiros relacionados a opera\u00e7\u00f5es entre o BRB e o Banco Master, que mant\u00eam a institui\u00e7\u00e3o sob aten\u00e7\u00e3o do mercado e das autoridades reguladoras.<\/p>\n<p>Entre os im\u00f3veis citados est\u00e3o, al\u00e9m do Centro Administrativo do Distrito Federal (Centrad), em Taguatinga, terrenos no Setor de Ind\u00fastria e Abastecimento (SIA), no Parque do Guar\u00e1, no Lago Sul, na Asa Norte e no Setor Habitacional Toror\u00f3 (\u00e1rea pr\u00f3xima \u00e0 Papuda). Os bens pertencem a estatais locais como Terracap e Novacap.<\/p>\n<p>O projeto prev\u00ea avalia\u00e7\u00e3o pr\u00e9via dos im\u00f3vei, respeito ao interesse p\u00fablico e observ\u00e2ncia de regras de governan\u00e7a antes de qualquer aliena\u00e7\u00e3o ou constitui\u00e7\u00e3o de garantia.<\/p>\n<p>A necessidade de aporte ganhou for\u00e7a ap\u00f3s o Banco Central sinalizar que pode impor restri\u00e7\u00f5es ao BRB caso n\u00e3o haja recomposi\u00e7\u00e3o de capital at\u00e9 a divulga\u00e7\u00e3o do pr\u00f3ximo balan\u00e7o, em 31 de mar\u00e7o. Entre as poss\u00edveis medidas est\u00e3o limita\u00e7\u00f5es operacionais e impedimento de expans\u00e3o de neg\u00f3cios.<\/p>\n<p>Nos \u00faltimos meses, o banco iniciou a venda de carteiras de cr\u00e9dito a bancos privados para recuperar liquidez. No entanto, a estrat\u00e9gia n\u00e3o elevou o patrim\u00f4nio l\u00edquido, fator essencial para recompor o \u00edndice de Basileia, indicador que mede a sa\u00fade financeira das institui\u00e7\u00f5es.<\/p>\n<p>A venda de ativos tem problemas porque, na pr\u00e1tica, o BRB troca ativos por dinheiro, sem aumentar o patrim\u00f4nio l\u00edquido (diferen\u00e7a entre ativos e passivos). Nas pr\u00f3ximas semanas, a C\u00e2mara Legislativa debater\u00e1 o projeto de lei.<\/p>\n<p>Uma complica\u00e7\u00e3o adicional para a obten\u00e7\u00e3o de empr\u00e9stimos pelo Distrito Federal \u00e9 a recente diminii\u00e7\u00e3o da nota de capacidade de pagamento (Capag), indicador divulgado pelo Tesouro Nacional.<\/p>\n<p>A nota C em 2025 impede o GDF de obter cr\u00e9dito com garantia do Tesouro Nacional, em que a Uni\u00e3o cobriria eventuais inadimpl\u00eancias e descontaria o valor dos repasses constitucionais \u00e0 unidade da Federa\u00e7\u00e3o.<\/p>\n","protected":false},"excerpt":{"rendered":"<p>O Pal\u00e1cio do Buriti enviou \u00e0 C\u00e2mara Legislativa na noite de sexta-feira (20), um projeto de lei que autoriza o uso de 12 im\u00f3veis p\u00fablicos para refor\u00e7ar o caixa do Banco de Bras\u00edlia (BRB). A proposta integra o plano apresentado ao Banco Central no in\u00edcio do m\u00eas para levantar ao menos R$ 2,6 bilh\u00f5es para [&hellip;]<\/p>\n","protected":false},"author":2,"featured_media":203729,"comment_status":"closed","ping_status":"closed","sticky":false,"template":"","format":"standard","meta":{"_acf_changed":false,"footnotes":""},"categories":[161],"tags":[95],"class_list":["post-384071","post","type-post","status-publish","format-standard","has-post-thumbnail","hentry","category-quadradinho-em-foco","tag-capa"],"acf":[],"yoast_head":"<!-- This site is optimized with the Yoast SEO plugin v27.2 - https:\/\/yoast.com\/product\/yoast-seo-wordpress\/ -->\n<title>Elefante branco de Arruda e Agnelo pode tirar o BRB do buraco - Notibras<\/title>\n<meta name=\"robots\" content=\"index, follow, max-snippet:-1, max-image-preview:large, max-video-preview:-1\" \/>\n<link rel=\"canonical\" href=\"https:\/\/www.notibras.com\/site\/elefante-branco-de-arruda-e-agnelo-pode-tirar-o-brb-do-buraco\/\" \/>\n<meta property=\"og:locale\" content=\"pt_BR\" \/>\n<meta property=\"og:type\" content=\"article\" \/>\n<meta property=\"og:title\" content=\"Elefante branco de Arruda e Agnelo pode tirar o BRB do buraco - Notibras\" \/>\n<meta property=\"og:description\" content=\"O Pal\u00e1cio do Buriti enviou \u00e0 C\u00e2mara Legislativa na noite de sexta-feira (20), um projeto de lei que autoriza o uso de 12 im\u00f3veis p\u00fablicos para refor\u00e7ar o caixa do Banco de Bras\u00edlia (BRB). A proposta integra o plano apresentado ao Banco Central no in\u00edcio do m\u00eas para levantar ao menos R$ 2,6 bilh\u00f5es para [&hellip;]\" \/>\n<meta property=\"og:url\" content=\"https:\/\/www.notibras.com\/site\/elefante-branco-de-arruda-e-agnelo-pode-tirar-o-brb-do-buraco\/\" \/>\n<meta property=\"og:site_name\" content=\"Notibras\" \/>\n<meta property=\"article:publisher\" content=\"https:\/\/www.facebook.com\/notibras\/\" \/>\n<meta property=\"article:published_time\" content=\"2026-02-21T09:07:41+00:00\" \/>\n<meta property=\"article:modified_time\" content=\"2026-02-21T09:10:11+00:00\" \/>\n<meta property=\"og:image\" content=\"https:\/\/www.notibras.com\/site\/wp-content\/uploads\/2019\/02\/centrad-990x515.png\" \/>\n\t<meta property=\"og:image:width\" content=\"990\" \/>\n\t<meta property=\"og:image:height\" content=\"515\" \/>\n\t<meta property=\"og:image:type\" content=\"image\/png\" \/>\n<meta name=\"author\" content=\"Reda\u00e7\u00e3o\" \/>\n<meta name=\"twitter:card\" content=\"summary_large_image\" \/>\n<meta name=\"twitter:creator\" content=\"@Notibras\" \/>\n<meta name=\"twitter:site\" content=\"@Notibras\" \/>\n<meta name=\"twitter:label1\" content=\"Escrito por\" \/>\n\t<meta name=\"twitter:data1\" content=\"Reda\u00e7\u00e3o\" \/>\n\t<meta name=\"twitter:label2\" content=\"Est. tempo de leitura\" \/>\n\t<meta name=\"twitter:data2\" content=\"4 minutos\" \/>\n<script type=\"application\/ld+json\" class=\"yoast-schema-graph\">{\"@context\":\"https:\/\/schema.org\",\"@graph\":[{\"@type\":\"Article\",\"@id\":\"https:\/\/www.notibras.com\/site\/elefante-branco-de-arruda-e-agnelo-pode-tirar-o-brb-do-buraco\/#article\",\"isPartOf\":{\"@id\":\"https:\/\/www.notibras.com\/site\/elefante-branco-de-arruda-e-agnelo-pode-tirar-o-brb-do-buraco\/\"},\"author\":{\"name\":\"Reda\u00e7\u00e3o\",\"@id\":\"https:\/\/www.notibras.com\/site\/#\/schema\/person\/36ab0979449956132d3e5b517ea76ac8\"},\"headline\":\"Elefante branco de Arruda e Agnelo pode tirar o BRB do buraco\",\"datePublished\":\"2026-02-21T09:07:41+00:00\",\"dateModified\":\"2026-02-21T09:10:11+00:00\",\"mainEntityOfPage\":{\"@id\":\"https:\/\/www.notibras.com\/site\/elefante-branco-de-arruda-e-agnelo-pode-tirar-o-brb-do-buraco\/\"},\"wordCount\":678,\"publisher\":{\"@id\":\"https:\/\/www.notibras.com\/site\/#organization\"},\"image\":{\"@id\":\"https:\/\/www.notibras.com\/site\/elefante-branco-de-arruda-e-agnelo-pode-tirar-o-brb-do-buraco\/#primaryimage\"},\"thumbnailUrl\":\"https:\/\/www.notibras.com\/site\/wp-content\/uploads\/2019\/02\/centrad-990x515.png\",\"keywords\":[\"capa\"],\"articleSection\":[\"Quadradinho em Foco\"],\"inLanguage\":\"pt-BR\"},{\"@type\":\"WebPage\",\"@id\":\"https:\/\/www.notibras.com\/site\/elefante-branco-de-arruda-e-agnelo-pode-tirar-o-brb-do-buraco\/\",\"url\":\"https:\/\/www.notibras.com\/site\/elefante-branco-de-arruda-e-agnelo-pode-tirar-o-brb-do-buraco\/\",\"name\":\"Elefante branco de Arruda e Agnelo pode tirar o BRB do buraco - Notibras\",\"isPartOf\":{\"@id\":\"https:\/\/www.notibras.com\/site\/#website\"},\"primaryImageOfPage\":{\"@id\":\"https:\/\/www.notibras.com\/site\/elefante-branco-de-arruda-e-agnelo-pode-tirar-o-brb-do-buraco\/#primaryimage\"},\"image\":{\"@id\":\"https:\/\/www.notibras.com\/site\/elefante-branco-de-arruda-e-agnelo-pode-tirar-o-brb-do-buraco\/#primaryimage\"},\"thumbnailUrl\":\"https:\/\/www.notibras.com\/site\/wp-content\/uploads\/2019\/02\/centrad-990x515.png\",\"datePublished\":\"2026-02-21T09:07:41+00:00\",\"dateModified\":\"2026-02-21T09:10:11+00:00\",\"breadcrumb\":{\"@id\":\"https:\/\/www.notibras.com\/site\/elefante-branco-de-arruda-e-agnelo-pode-tirar-o-brb-do-buraco\/#breadcrumb\"},\"inLanguage\":\"pt-BR\",\"potentialAction\":[{\"@type\":\"ReadAction\",\"target\":[\"https:\/\/www.notibras.com\/site\/elefante-branco-de-arruda-e-agnelo-pode-tirar-o-brb-do-buraco\/\"]}]},{\"@type\":\"ImageObject\",\"inLanguage\":\"pt-BR\",\"@id\":\"https:\/\/www.notibras.com\/site\/elefante-branco-de-arruda-e-agnelo-pode-tirar-o-brb-do-buraco\/#primaryimage\",\"url\":\"https:\/\/www.notibras.com\/site\/wp-content\/uploads\/2019\/02\/centrad-990x515.png\",\"contentUrl\":\"https:\/\/www.notibras.com\/site\/wp-content\/uploads\/2019\/02\/centrad-990x515.png\",\"width\":990,\"height\":515},{\"@type\":\"BreadcrumbList\",\"@id\":\"https:\/\/www.notibras.com\/site\/elefante-branco-de-arruda-e-agnelo-pode-tirar-o-brb-do-buraco\/#breadcrumb\",\"itemListElement\":[{\"@type\":\"ListItem\",\"position\":1,\"name\":\"In\u00edcio\",\"item\":\"https:\/\/www.notibras.com\/site\/\"},{\"@type\":\"ListItem\",\"position\":2,\"name\":\"Elefante branco de Arruda e Agnelo pode tirar o BRB do buraco\"}]},{\"@type\":\"WebSite\",\"@id\":\"https:\/\/www.notibras.com\/site\/#website\",\"url\":\"https:\/\/www.notibras.com\/site\/\",\"name\":\"Notibras\",\"description\":\"Not\u00edcias de Bras\u00edlia, do Brasil e do Mundo\",\"publisher\":{\"@id\":\"https:\/\/www.notibras.com\/site\/#organization\"},\"potentialAction\":[{\"@type\":\"SearchAction\",\"target\":{\"@type\":\"EntryPoint\",\"urlTemplate\":\"https:\/\/www.notibras.com\/site\/?s={search_term_string}\"},\"query-input\":{\"@type\":\"PropertyValueSpecification\",\"valueRequired\":true,\"valueName\":\"search_term_string\"}}],\"inLanguage\":\"pt-BR\"},{\"@type\":\"Organization\",\"@id\":\"https:\/\/www.notibras.com\/site\/#organization\",\"name\":\"Grupo Notibras de Comunica\u00e7\u00e3o\",\"url\":\"https:\/\/www.notibras.com\/site\/\",\"logo\":{\"@type\":\"ImageObject\",\"inLanguage\":\"pt-BR\",\"@id\":\"https:\/\/www.notibras.com\/site\/#\/schema\/logo\/image\/\",\"url\":\"https:\/\/www.notibras.com\/site\/wp-content\/uploads\/2023\/01\/notibras23.png\",\"contentUrl\":\"https:\/\/www.notibras.com\/site\/wp-content\/uploads\/2023\/01\/notibras23.png\",\"width\":350,\"height\":87,\"caption\":\"Grupo Notibras de Comunica\u00e7\u00e3o\"},\"image\":{\"@id\":\"https:\/\/www.notibras.com\/site\/#\/schema\/logo\/image\/\"},\"sameAs\":[\"https:\/\/www.facebook.com\/notibras\/\",\"https:\/\/x.com\/Notibras\",\"https:\/\/www.instagram.com\/notibras\/\"]},{\"@type\":\"Person\",\"@id\":\"https:\/\/www.notibras.com\/site\/#\/schema\/person\/36ab0979449956132d3e5b517ea76ac8\",\"name\":\"Reda\u00e7\u00e3o\",\"image\":{\"@type\":\"ImageObject\",\"inLanguage\":\"pt-BR\",\"@id\":\"https:\/\/secure.gravatar.com\/avatar\/e0a867bdedb85fd243eadf09663511f96fc81e0720a4a42581f334ad4303aa6b?s=96&d=mm&r=g\",\"url\":\"https:\/\/secure.gravatar.com\/avatar\/e0a867bdedb85fd243eadf09663511f96fc81e0720a4a42581f334ad4303aa6b?s=96&d=mm&r=g\",\"contentUrl\":\"https:\/\/secure.gravatar.com\/avatar\/e0a867bdedb85fd243eadf09663511f96fc81e0720a4a42581f334ad4303aa6b?s=96&d=mm&r=g\",\"caption\":\"Reda\u00e7\u00e3o\"}}]}<\/script>\n<!-- \/ Yoast SEO plugin. -->","yoast_head_json":{"title":"Elefante branco de Arruda e Agnelo pode tirar o BRB do buraco - Notibras","robots":{"index":"index","follow":"follow","max-snippet":"max-snippet:-1","max-image-preview":"max-image-preview:large","max-video-preview":"max-video-preview:-1"},"canonical":"https:\/\/www.notibras.com\/site\/elefante-branco-de-arruda-e-agnelo-pode-tirar-o-brb-do-buraco\/","og_locale":"pt_BR","og_type":"article","og_title":"Elefante branco de Arruda e Agnelo pode tirar o BRB do buraco - Notibras","og_description":"O Pal\u00e1cio do Buriti enviou \u00e0 C\u00e2mara Legislativa na noite de sexta-feira (20), um projeto de lei que autoriza o uso de 12 im\u00f3veis p\u00fablicos para refor\u00e7ar o caixa do Banco de Bras\u00edlia (BRB). A proposta integra o plano apresentado ao Banco Central no in\u00edcio do m\u00eas para levantar ao menos R$ 2,6 bilh\u00f5es para [&hellip;]","og_url":"https:\/\/www.notibras.com\/site\/elefante-branco-de-arruda-e-agnelo-pode-tirar-o-brb-do-buraco\/","og_site_name":"Notibras","article_publisher":"https:\/\/www.facebook.com\/notibras\/","article_published_time":"2026-02-21T09:07:41+00:00","article_modified_time":"2026-02-21T09:10:11+00:00","og_image":[{"width":990,"height":515,"url":"https:\/\/www.notibras.com\/site\/wp-content\/uploads\/2019\/02\/centrad-990x515.png","type":"image\/png"}],"author":"Reda\u00e7\u00e3o","twitter_card":"summary_large_image","twitter_creator":"@Notibras","twitter_site":"@Notibras","twitter_misc":{"Escrito por":"Reda\u00e7\u00e3o","Est. tempo de leitura":"4 minutos"},"schema":{"@context":"https:\/\/schema.org","@graph":[{"@type":"Article","@id":"https:\/\/www.notibras.com\/site\/elefante-branco-de-arruda-e-agnelo-pode-tirar-o-brb-do-buraco\/#article","isPartOf":{"@id":"https:\/\/www.notibras.com\/site\/elefante-branco-de-arruda-e-agnelo-pode-tirar-o-brb-do-buraco\/"},"author":{"name":"Reda\u00e7\u00e3o","@id":"https:\/\/www.notibras.com\/site\/#\/schema\/person\/36ab0979449956132d3e5b517ea76ac8"},"headline":"Elefante branco de Arruda e Agnelo pode tirar o BRB do buraco","datePublished":"2026-02-21T09:07:41+00:00","dateModified":"2026-02-21T09:10:11+00:00","mainEntityOfPage":{"@id":"https:\/\/www.notibras.com\/site\/elefante-branco-de-arruda-e-agnelo-pode-tirar-o-brb-do-buraco\/"},"wordCount":678,"publisher":{"@id":"https:\/\/www.notibras.com\/site\/#organization"},"image":{"@id":"https:\/\/www.notibras.com\/site\/elefante-branco-de-arruda-e-agnelo-pode-tirar-o-brb-do-buraco\/#primaryimage"},"thumbnailUrl":"https:\/\/www.notibras.com\/site\/wp-content\/uploads\/2019\/02\/centrad-990x515.png","keywords":["capa"],"articleSection":["Quadradinho em Foco"],"inLanguage":"pt-BR"},{"@type":"WebPage","@id":"https:\/\/www.notibras.com\/site\/elefante-branco-de-arruda-e-agnelo-pode-tirar-o-brb-do-buraco\/","url":"https:\/\/www.notibras.com\/site\/elefante-branco-de-arruda-e-agnelo-pode-tirar-o-brb-do-buraco\/","name":"Elefante branco de Arruda e Agnelo pode tirar o BRB do buraco - Notibras","isPartOf":{"@id":"https:\/\/www.notibras.com\/site\/#website"},"primaryImageOfPage":{"@id":"https:\/\/www.notibras.com\/site\/elefante-branco-de-arruda-e-agnelo-pode-tirar-o-brb-do-buraco\/#primaryimage"},"image":{"@id":"https:\/\/www.notibras.com\/site\/elefante-branco-de-arruda-e-agnelo-pode-tirar-o-brb-do-buraco\/#primaryimage"},"thumbnailUrl":"https:\/\/www.notibras.com\/site\/wp-content\/uploads\/2019\/02\/centrad-990x515.png","datePublished":"2026-02-21T09:07:41+00:00","dateModified":"2026-02-21T09:10:11+00:00","breadcrumb":{"@id":"https:\/\/www.notibras.com\/site\/elefante-branco-de-arruda-e-agnelo-pode-tirar-o-brb-do-buraco\/#breadcrumb"},"inLanguage":"pt-BR","potentialAction":[{"@type":"ReadAction","target":["https:\/\/www.notibras.com\/site\/elefante-branco-de-arruda-e-agnelo-pode-tirar-o-brb-do-buraco\/"]}]},{"@type":"ImageObject","inLanguage":"pt-BR","@id":"https:\/\/www.notibras.com\/site\/elefante-branco-de-arruda-e-agnelo-pode-tirar-o-brb-do-buraco\/#primaryimage","url":"https:\/\/www.notibras.com\/site\/wp-content\/uploads\/2019\/02\/centrad-990x515.png","contentUrl":"https:\/\/www.notibras.com\/site\/wp-content\/uploads\/2019\/02\/centrad-990x515.png","width":990,"height":515},{"@type":"BreadcrumbList","@id":"https:\/\/www.notibras.com\/site\/elefante-branco-de-arruda-e-agnelo-pode-tirar-o-brb-do-buraco\/#breadcrumb","itemListElement":[{"@type":"ListItem","position":1,"name":"In\u00edcio","item":"https:\/\/www.notibras.com\/site\/"},{"@type":"ListItem","position":2,"name":"Elefante branco de Arruda e Agnelo pode tirar o BRB do buraco"}]},{"@type":"WebSite","@id":"https:\/\/www.notibras.com\/site\/#website","url":"https:\/\/www.notibras.com\/site\/","name":"Notibras","description":"Not\u00edcias de Bras\u00edlia, do Brasil e do Mundo","publisher":{"@id":"https:\/\/www.notibras.com\/site\/#organization"},"potentialAction":[{"@type":"SearchAction","target":{"@type":"EntryPoint","urlTemplate":"https:\/\/www.notibras.com\/site\/?s={search_term_string}"},"query-input":{"@type":"PropertyValueSpecification","valueRequired":true,"valueName":"search_term_string"}}],"inLanguage":"pt-BR"},{"@type":"Organization","@id":"https:\/\/www.notibras.com\/site\/#organization","name":"Grupo Notibras de Comunica\u00e7\u00e3o","url":"https:\/\/www.notibras.com\/site\/","logo":{"@type":"ImageObject","inLanguage":"pt-BR","@id":"https:\/\/www.notibras.com\/site\/#\/schema\/logo\/image\/","url":"https:\/\/www.notibras.com\/site\/wp-content\/uploads\/2023\/01\/notibras23.png","contentUrl":"https:\/\/www.notibras.com\/site\/wp-content\/uploads\/2023\/01\/notibras23.png","width":350,"height":87,"caption":"Grupo Notibras de Comunica\u00e7\u00e3o"},"image":{"@id":"https:\/\/www.notibras.com\/site\/#\/schema\/logo\/image\/"},"sameAs":["https:\/\/www.facebook.com\/notibras\/","https:\/\/x.com\/Notibras","https:\/\/www.instagram.com\/notibras\/"]},{"@type":"Person","@id":"https:\/\/www.notibras.com\/site\/#\/schema\/person\/36ab0979449956132d3e5b517ea76ac8","name":"Reda\u00e7\u00e3o","image":{"@type":"ImageObject","inLanguage":"pt-BR","@id":"https:\/\/secure.gravatar.com\/avatar\/e0a867bdedb85fd243eadf09663511f96fc81e0720a4a42581f334ad4303aa6b?s=96&d=mm&r=g","url":"https:\/\/secure.gravatar.com\/avatar\/e0a867bdedb85fd243eadf09663511f96fc81e0720a4a42581f334ad4303aa6b?s=96&d=mm&r=g","contentUrl":"https:\/\/secure.gravatar.com\/avatar\/e0a867bdedb85fd243eadf09663511f96fc81e0720a4a42581f334ad4303aa6b?s=96&d=mm&r=g","caption":"Reda\u00e7\u00e3o"}}]}},"amp_enabled":true,"_links":{"self":[{"href":"https:\/\/www.notibras.com\/site\/wp-json\/wp\/v2\/posts\/384071","targetHints":{"allow":["GET"]}}],"collection":[{"href":"https:\/\/www.notibras.com\/site\/wp-json\/wp\/v2\/posts"}],"about":[{"href":"https:\/\/www.notibras.com\/site\/wp-json\/wp\/v2\/types\/post"}],"author":[{"embeddable":true,"href":"https:\/\/www.notibras.com\/site\/wp-json\/wp\/v2\/users\/2"}],"replies":[{"embeddable":true,"href":"https:\/\/www.notibras.com\/site\/wp-json\/wp\/v2\/comments?post=384071"}],"version-history":[{"count":4,"href":"https:\/\/www.notibras.com\/site\/wp-json\/wp\/v2\/posts\/384071\/revisions"}],"predecessor-version":[{"id":384075,"href":"https:\/\/www.notibras.com\/site\/wp-json\/wp\/v2\/posts\/384071\/revisions\/384075"}],"wp:featuredmedia":[{"embeddable":true,"href":"https:\/\/www.notibras.com\/site\/wp-json\/wp\/v2\/media\/203729"}],"wp:attachment":[{"href":"https:\/\/www.notibras.com\/site\/wp-json\/wp\/v2\/media?parent=384071"}],"wp:term":[{"taxonomy":"category","embeddable":true,"href":"https:\/\/www.notibras.com\/site\/wp-json\/wp\/v2\/categories?post=384071"},{"taxonomy":"post_tag","embeddable":true,"href":"https:\/\/www.notibras.com\/site\/wp-json\/wp\/v2\/tags?post=384071"}],"curies":[{"name":"wp","href":"https:\/\/api.w.org\/{rel}","templated":true}]}}