{"id":384076,"date":"2026-02-21T06:31:58","date_gmt":"2026-02-21T09:31:58","guid":{"rendered":"https:\/\/www.notibras.com\/site\/?p=384076"},"modified":"2026-02-21T06:31:58","modified_gmt":"2026-02-21T09:31:58","slug":"campanha-presidencial-tera-marca-do-conhecimento-contra-a-ignorancia","status":"publish","type":"post","link":"https:\/\/www.notibras.com\/site\/campanha-presidencial-tera-marca-do-conhecimento-contra-a-ignorancia\/","title":{"rendered":"Campanha presidencial ter\u00e1 marca do conhecimento contra a ignor\u00e2ncia"},"content":{"rendered":"<p>A pol\u00eamica criada a partir do enredo da rebaixada\u00a0Acad\u00eamicos de Niter\u00f3i em homenagem ao presidente Lula da Silva entrou pelos anais do bolsonarismo e de l\u00e1 n\u00e3o deve sair t\u00e3o cedo. Chegados ao sofrimento, os que se sentem adjetivados quando s\u00e3o chamados de gado reclamam porque sabem que a for\u00e7a de seu candidato presidencial est\u00e1 por um fio. Ou seria por uma lata de conservas? Uma ou outra, o que seria apenas uma narrativa hist\u00f3rica novamente elevou a temperatura e se transformou em uma batalha carregada de m\u00e1s inten\u00e7\u00f5es do bem contra o mal.<\/p>\n<p>Considerando o DNA dos que tentaram tudo para impedir o desfile, ficou claro para a maioria do povo brasileiro que, ao judicializar a quest\u00e3o, a oposi\u00e7\u00e3o assumiu que o conflito n\u00e3o \u00e9 entre o bem e o mal, mas entre o conhecimento e a ignor\u00e2ncia. A quem caber\u00e1 a vit\u00f3ria? Ainda \u00e9 cedo para divaga\u00e7\u00f5es sobre resultados. Entretanto, considerando que aquilo que se faz conscientemente pelo bem de todos est\u00e1 sempre acima do bem e do mal, n\u00e3o \u00e9 t\u00e3o dif\u00edcil conjecturar sobre o vencedor.<\/p>\n<p>A batalha est\u00e1 apenas no come\u00e7o. Estrebuchar faz parte do\u00a0<i>modus operandi<\/i>\u00a0daqueles que adoram brincar com a honra e com as escolhas alheias, mas detestam brincadeiras com suas asneiras mais comuns. Para eles, \u00e9 chato perceber que milh\u00f5es de brasileiros viram, in loco ou ao vivo e em cores, as piores refer\u00eancias a Jair Bolsonaro enjaulado, apresentado ao distinto p\u00fablico de formas variadas, inclusive por meio de boneco enjaulado. N\u00e3o menos engra\u00e7ado foi a apresenta\u00e7\u00e3o da tradicional fam\u00edlia de bolsonaristas em latas de conserva.<\/p>\n<p>Embora os conservadores radicais e arcaicos n\u00e3o entendam, todas as imagens apresentadas s\u00e3o artes. Por mais grosseiras que possam parecer, elas jamais deixar\u00e3o de ser arte. Nada t\u00e3o mesquinho, mordaz e palha\u00e7o do que defender o direito dos trabalhadores e a morte de pobres, negros e homossexuais, apoiar publicamente a tirania, negar a vacina \u00e0queles que estavam \u00e0 beira da morte, galhofar dos que n\u00e3o conseguiam respirar e renegar socialmente os que optaram em formar fam\u00edlia com parceiros do mesmo sexo.<\/p>\n<p>Para os bolsonaristas conservadores e idiotizados, sair do pedestal que eles avaliam como ideal \u00e9 sin\u00f4nimo de convic\u00e7\u00e3o comunista e de associa\u00e7\u00e3o ao banditismo. Obviamente que, por raz\u00f5es decorrentes exclusivamente da ignor\u00e2ncia que os move, trata-se de uma clara e inequ\u00edvoca invers\u00e3o de valores. Por conta da insensatez doutrin\u00e1ria que professam, os que odeiam os que n\u00e3o os amam decidiram denunciar o desamor dos odiados. \u00c9 o roto tentando esfarrapar todos os que condenam a intoler\u00e2ncia. N\u00e3o deu certo.<\/p>\n<p>De forma objetiva e teatral, o enredo demonizado mostrou ao mundo que quem com ferro fere, um dia com ferro ser\u00e1 ferido. \u00c9 a lei de causa e efeito. Um dia o rato come o gato. Chegou esse dia. Queiram ou n\u00e3o, critiquem e esperneiem, Lula da Silva apareceu muito mais do que aparecer\u00e1 no hor\u00e1rio gratuito eleitoral. E o hor\u00e1rio era nobre. O mais deplor\u00e1vel para o bolsonarismo \u00e9 que a TV Globo mostrou tim por tim. O fato \u00e9 que, desde o dia do desfile da Acad\u00eamicos de Niter\u00f3i, a guerra de narrativas animou o gado, mas enlatou os bolsonaristas, relativizou a candidatura de 01 e chamou ainda mais aten\u00e7\u00e3o para o Lula 4.<\/p>\n<p>&#8230;&#8230;&#8230;&#8230;<\/p>\n<p><strong>Sonja Tavares \u00e9 Editora de Pol\u00edtica de Notibras<\/strong><\/p>\n","protected":false},"excerpt":{"rendered":"<p>A pol\u00eamica criada a partir do enredo da rebaixada\u00a0Acad\u00eamicos de Niter\u00f3i em homenagem ao presidente Lula da Silva entrou pelos anais do bolsonarismo e de l\u00e1 n\u00e3o deve sair t\u00e3o cedo. Chegados ao sofrimento, os que se sentem adjetivados quando s\u00e3o chamados de gado reclamam porque sabem que a for\u00e7a de seu candidato presidencial est\u00e1 [&hellip;]<\/p>\n","protected":false},"author":2,"featured_media":384077,"comment_status":"closed","ping_status":"closed","sticky":false,"template":"","format":"standard","meta":{"_acf_changed":false,"footnotes":""},"categories":[16],"tags":[],"class_list":["post-384076","post","type-post","status-publish","format-standard","has-post-thumbnail","hentry","category-brasil"],"acf":[],"yoast_head":"<!-- This site is optimized with the Yoast SEO plugin v27.2 - https:\/\/yoast.com\/product\/yoast-seo-wordpress\/ -->\n<title>Campanha presidencial ter\u00e1 marca do conhecimento contra a ignor\u00e2ncia - Notibras<\/title>\n<meta name=\"robots\" content=\"index, follow, max-snippet:-1, max-image-preview:large, max-video-preview:-1\" \/>\n<link rel=\"canonical\" href=\"https:\/\/www.notibras.com\/site\/campanha-presidencial-tera-marca-do-conhecimento-contra-a-ignorancia\/\" \/>\n<meta property=\"og:locale\" content=\"pt_BR\" \/>\n<meta property=\"og:type\" content=\"article\" \/>\n<meta property=\"og:title\" content=\"Campanha presidencial ter\u00e1 marca do conhecimento contra a ignor\u00e2ncia - Notibras\" \/>\n<meta property=\"og:description\" content=\"A pol\u00eamica criada a partir do enredo da rebaixada\u00a0Acad\u00eamicos de Niter\u00f3i em homenagem ao presidente Lula da Silva entrou pelos anais do bolsonarismo e de l\u00e1 n\u00e3o deve sair t\u00e3o cedo. Chegados ao sofrimento, os que se sentem adjetivados quando s\u00e3o chamados de gado reclamam porque sabem que a for\u00e7a de seu candidato presidencial est\u00e1 [&hellip;]\" \/>\n<meta property=\"og:url\" content=\"https:\/\/www.notibras.com\/site\/campanha-presidencial-tera-marca-do-conhecimento-contra-a-ignorancia\/\" \/>\n<meta property=\"og:site_name\" content=\"Notibras\" \/>\n<meta property=\"article:publisher\" content=\"https:\/\/www.facebook.com\/notibras\/\" \/>\n<meta property=\"article:published_time\" content=\"2026-02-21T09:31:58+00:00\" \/>\n<meta property=\"og:image\" content=\"https:\/\/www.notibras.com\/site\/wp-content\/uploads\/2026\/02\/f6a112b9-ae08-458f-9973-9a0091dac5bb.png\" \/>\n\t<meta property=\"og:image:width\" content=\"740\" \/>\n\t<meta property=\"og:image:height\" content=\"740\" \/>\n\t<meta property=\"og:image:type\" content=\"image\/png\" \/>\n<meta name=\"author\" content=\"Reda\u00e7\u00e3o\" \/>\n<meta name=\"twitter:card\" content=\"summary_large_image\" \/>\n<meta name=\"twitter:creator\" content=\"@Notibras\" \/>\n<meta name=\"twitter:site\" content=\"@Notibras\" \/>\n<meta name=\"twitter:label1\" content=\"Escrito por\" \/>\n\t<meta name=\"twitter:data1\" content=\"Reda\u00e7\u00e3o\" \/>\n\t<meta name=\"twitter:label2\" content=\"Est. tempo de leitura\" \/>\n\t<meta name=\"twitter:data2\" content=\"4 minutos\" \/>\n<script type=\"application\/ld+json\" class=\"yoast-schema-graph\">{\"@context\":\"https:\/\/schema.org\",\"@graph\":[{\"@type\":\"Article\",\"@id\":\"https:\/\/www.notibras.com\/site\/campanha-presidencial-tera-marca-do-conhecimento-contra-a-ignorancia\/#article\",\"isPartOf\":{\"@id\":\"https:\/\/www.notibras.com\/site\/campanha-presidencial-tera-marca-do-conhecimento-contra-a-ignorancia\/\"},\"author\":{\"name\":\"Reda\u00e7\u00e3o\",\"@id\":\"https:\/\/www.notibras.com\/site\/#\/schema\/person\/36ab0979449956132d3e5b517ea76ac8\"},\"headline\":\"Campanha presidencial ter\u00e1 marca do conhecimento contra a ignor\u00e2ncia\",\"datePublished\":\"2026-02-21T09:31:58+00:00\",\"mainEntityOfPage\":{\"@id\":\"https:\/\/www.notibras.com\/site\/campanha-presidencial-tera-marca-do-conhecimento-contra-a-ignorancia\/\"},\"wordCount\":599,\"publisher\":{\"@id\":\"https:\/\/www.notibras.com\/site\/#organization\"},\"image\":{\"@id\":\"https:\/\/www.notibras.com\/site\/campanha-presidencial-tera-marca-do-conhecimento-contra-a-ignorancia\/#primaryimage\"},\"thumbnailUrl\":\"https:\/\/www.notibras.com\/site\/wp-content\/uploads\/2026\/02\/f6a112b9-ae08-458f-9973-9a0091dac5bb.png\",\"articleSection\":[\"Brasil\"],\"inLanguage\":\"pt-BR\"},{\"@type\":\"WebPage\",\"@id\":\"https:\/\/www.notibras.com\/site\/campanha-presidencial-tera-marca-do-conhecimento-contra-a-ignorancia\/\",\"url\":\"https:\/\/www.notibras.com\/site\/campanha-presidencial-tera-marca-do-conhecimento-contra-a-ignorancia\/\",\"name\":\"Campanha presidencial ter\u00e1 marca do conhecimento contra a ignor\u00e2ncia - Notibras\",\"isPartOf\":{\"@id\":\"https:\/\/www.notibras.com\/site\/#website\"},\"primaryImageOfPage\":{\"@id\":\"https:\/\/www.notibras.com\/site\/campanha-presidencial-tera-marca-do-conhecimento-contra-a-ignorancia\/#primaryimage\"},\"image\":{\"@id\":\"https:\/\/www.notibras.com\/site\/campanha-presidencial-tera-marca-do-conhecimento-contra-a-ignorancia\/#primaryimage\"},\"thumbnailUrl\":\"https:\/\/www.notibras.com\/site\/wp-content\/uploads\/2026\/02\/f6a112b9-ae08-458f-9973-9a0091dac5bb.png\",\"datePublished\":\"2026-02-21T09:31:58+00:00\",\"breadcrumb\":{\"@id\":\"https:\/\/www.notibras.com\/site\/campanha-presidencial-tera-marca-do-conhecimento-contra-a-ignorancia\/#breadcrumb\"},\"inLanguage\":\"pt-BR\",\"potentialAction\":[{\"@type\":\"ReadAction\",\"target\":[\"https:\/\/www.notibras.com\/site\/campanha-presidencial-tera-marca-do-conhecimento-contra-a-ignorancia\/\"]}]},{\"@type\":\"ImageObject\",\"inLanguage\":\"pt-BR\",\"@id\":\"https:\/\/www.notibras.com\/site\/campanha-presidencial-tera-marca-do-conhecimento-contra-a-ignorancia\/#primaryimage\",\"url\":\"https:\/\/www.notibras.com\/site\/wp-content\/uploads\/2026\/02\/f6a112b9-ae08-458f-9973-9a0091dac5bb.png\",\"contentUrl\":\"https:\/\/www.notibras.com\/site\/wp-content\/uploads\/2026\/02\/f6a112b9-ae08-458f-9973-9a0091dac5bb.png\",\"width\":1024,\"height\":1024},{\"@type\":\"BreadcrumbList\",\"@id\":\"https:\/\/www.notibras.com\/site\/campanha-presidencial-tera-marca-do-conhecimento-contra-a-ignorancia\/#breadcrumb\",\"itemListElement\":[{\"@type\":\"ListItem\",\"position\":1,\"name\":\"In\u00edcio\",\"item\":\"https:\/\/www.notibras.com\/site\/\"},{\"@type\":\"ListItem\",\"position\":2,\"name\":\"Campanha presidencial ter\u00e1 marca do conhecimento contra a ignor\u00e2ncia\"}]},{\"@type\":\"WebSite\",\"@id\":\"https:\/\/www.notibras.com\/site\/#website\",\"url\":\"https:\/\/www.notibras.com\/site\/\",\"name\":\"Notibras\",\"description\":\"Not\u00edcias de Bras\u00edlia, do Brasil e do Mundo\",\"publisher\":{\"@id\":\"https:\/\/www.notibras.com\/site\/#organization\"},\"potentialAction\":[{\"@type\":\"SearchAction\",\"target\":{\"@type\":\"EntryPoint\",\"urlTemplate\":\"https:\/\/www.notibras.com\/site\/?s={search_term_string}\"},\"query-input\":{\"@type\":\"PropertyValueSpecification\",\"valueRequired\":true,\"valueName\":\"search_term_string\"}}],\"inLanguage\":\"pt-BR\"},{\"@type\":\"Organization\",\"@id\":\"https:\/\/www.notibras.com\/site\/#organization\",\"name\":\"Grupo Notibras de Comunica\u00e7\u00e3o\",\"url\":\"https:\/\/www.notibras.com\/site\/\",\"logo\":{\"@type\":\"ImageObject\",\"inLanguage\":\"pt-BR\",\"@id\":\"https:\/\/www.notibras.com\/site\/#\/schema\/logo\/image\/\",\"url\":\"https:\/\/www.notibras.com\/site\/wp-content\/uploads\/2023\/01\/notibras23.png\",\"contentUrl\":\"https:\/\/www.notibras.com\/site\/wp-content\/uploads\/2023\/01\/notibras23.png\",\"width\":350,\"height\":87,\"caption\":\"Grupo Notibras de Comunica\u00e7\u00e3o\"},\"image\":{\"@id\":\"https:\/\/www.notibras.com\/site\/#\/schema\/logo\/image\/\"},\"sameAs\":[\"https:\/\/www.facebook.com\/notibras\/\",\"https:\/\/x.com\/Notibras\",\"https:\/\/www.instagram.com\/notibras\/\"]},{\"@type\":\"Person\",\"@id\":\"https:\/\/www.notibras.com\/site\/#\/schema\/person\/36ab0979449956132d3e5b517ea76ac8\",\"name\":\"Reda\u00e7\u00e3o\",\"image\":{\"@type\":\"ImageObject\",\"inLanguage\":\"pt-BR\",\"@id\":\"https:\/\/secure.gravatar.com\/avatar\/e0a867bdedb85fd243eadf09663511f96fc81e0720a4a42581f334ad4303aa6b?s=96&d=mm&r=g\",\"url\":\"https:\/\/secure.gravatar.com\/avatar\/e0a867bdedb85fd243eadf09663511f96fc81e0720a4a42581f334ad4303aa6b?s=96&d=mm&r=g\",\"contentUrl\":\"https:\/\/secure.gravatar.com\/avatar\/e0a867bdedb85fd243eadf09663511f96fc81e0720a4a42581f334ad4303aa6b?s=96&d=mm&r=g\",\"caption\":\"Reda\u00e7\u00e3o\"}}]}<\/script>\n<!-- \/ Yoast SEO plugin. -->","yoast_head_json":{"title":"Campanha presidencial ter\u00e1 marca do conhecimento contra a ignor\u00e2ncia - Notibras","robots":{"index":"index","follow":"follow","max-snippet":"max-snippet:-1","max-image-preview":"max-image-preview:large","max-video-preview":"max-video-preview:-1"},"canonical":"https:\/\/www.notibras.com\/site\/campanha-presidencial-tera-marca-do-conhecimento-contra-a-ignorancia\/","og_locale":"pt_BR","og_type":"article","og_title":"Campanha presidencial ter\u00e1 marca do conhecimento contra a ignor\u00e2ncia - Notibras","og_description":"A pol\u00eamica criada a partir do enredo da rebaixada\u00a0Acad\u00eamicos de Niter\u00f3i em homenagem ao presidente Lula da Silva entrou pelos anais do bolsonarismo e de l\u00e1 n\u00e3o deve sair t\u00e3o cedo. Chegados ao sofrimento, os que se sentem adjetivados quando s\u00e3o chamados de gado reclamam porque sabem que a for\u00e7a de seu candidato presidencial est\u00e1 [&hellip;]","og_url":"https:\/\/www.notibras.com\/site\/campanha-presidencial-tera-marca-do-conhecimento-contra-a-ignorancia\/","og_site_name":"Notibras","article_publisher":"https:\/\/www.facebook.com\/notibras\/","article_published_time":"2026-02-21T09:31:58+00:00","og_image":[{"url":"https:\/\/www.notibras.com\/site\/wp-content\/uploads\/2026\/02\/f6a112b9-ae08-458f-9973-9a0091dac5bb.png","width":740,"height":740,"type":"image\/png"}],"author":"Reda\u00e7\u00e3o","twitter_card":"summary_large_image","twitter_creator":"@Notibras","twitter_site":"@Notibras","twitter_misc":{"Escrito por":"Reda\u00e7\u00e3o","Est. tempo de leitura":"4 minutos"},"schema":{"@context":"https:\/\/schema.org","@graph":[{"@type":"Article","@id":"https:\/\/www.notibras.com\/site\/campanha-presidencial-tera-marca-do-conhecimento-contra-a-ignorancia\/#article","isPartOf":{"@id":"https:\/\/www.notibras.com\/site\/campanha-presidencial-tera-marca-do-conhecimento-contra-a-ignorancia\/"},"author":{"name":"Reda\u00e7\u00e3o","@id":"https:\/\/www.notibras.com\/site\/#\/schema\/person\/36ab0979449956132d3e5b517ea76ac8"},"headline":"Campanha presidencial ter\u00e1 marca do conhecimento contra a ignor\u00e2ncia","datePublished":"2026-02-21T09:31:58+00:00","mainEntityOfPage":{"@id":"https:\/\/www.notibras.com\/site\/campanha-presidencial-tera-marca-do-conhecimento-contra-a-ignorancia\/"},"wordCount":599,"publisher":{"@id":"https:\/\/www.notibras.com\/site\/#organization"},"image":{"@id":"https:\/\/www.notibras.com\/site\/campanha-presidencial-tera-marca-do-conhecimento-contra-a-ignorancia\/#primaryimage"},"thumbnailUrl":"https:\/\/www.notibras.com\/site\/wp-content\/uploads\/2026\/02\/f6a112b9-ae08-458f-9973-9a0091dac5bb.png","articleSection":["Brasil"],"inLanguage":"pt-BR"},{"@type":"WebPage","@id":"https:\/\/www.notibras.com\/site\/campanha-presidencial-tera-marca-do-conhecimento-contra-a-ignorancia\/","url":"https:\/\/www.notibras.com\/site\/campanha-presidencial-tera-marca-do-conhecimento-contra-a-ignorancia\/","name":"Campanha presidencial ter\u00e1 marca do conhecimento contra a ignor\u00e2ncia - Notibras","isPartOf":{"@id":"https:\/\/www.notibras.com\/site\/#website"},"primaryImageOfPage":{"@id":"https:\/\/www.notibras.com\/site\/campanha-presidencial-tera-marca-do-conhecimento-contra-a-ignorancia\/#primaryimage"},"image":{"@id":"https:\/\/www.notibras.com\/site\/campanha-presidencial-tera-marca-do-conhecimento-contra-a-ignorancia\/#primaryimage"},"thumbnailUrl":"https:\/\/www.notibras.com\/site\/wp-content\/uploads\/2026\/02\/f6a112b9-ae08-458f-9973-9a0091dac5bb.png","datePublished":"2026-02-21T09:31:58+00:00","breadcrumb":{"@id":"https:\/\/www.notibras.com\/site\/campanha-presidencial-tera-marca-do-conhecimento-contra-a-ignorancia\/#breadcrumb"},"inLanguage":"pt-BR","potentialAction":[{"@type":"ReadAction","target":["https:\/\/www.notibras.com\/site\/campanha-presidencial-tera-marca-do-conhecimento-contra-a-ignorancia\/"]}]},{"@type":"ImageObject","inLanguage":"pt-BR","@id":"https:\/\/www.notibras.com\/site\/campanha-presidencial-tera-marca-do-conhecimento-contra-a-ignorancia\/#primaryimage","url":"https:\/\/www.notibras.com\/site\/wp-content\/uploads\/2026\/02\/f6a112b9-ae08-458f-9973-9a0091dac5bb.png","contentUrl":"https:\/\/www.notibras.com\/site\/wp-content\/uploads\/2026\/02\/f6a112b9-ae08-458f-9973-9a0091dac5bb.png","width":1024,"height":1024},{"@type":"BreadcrumbList","@id":"https:\/\/www.notibras.com\/site\/campanha-presidencial-tera-marca-do-conhecimento-contra-a-ignorancia\/#breadcrumb","itemListElement":[{"@type":"ListItem","position":1,"name":"In\u00edcio","item":"https:\/\/www.notibras.com\/site\/"},{"@type":"ListItem","position":2,"name":"Campanha presidencial ter\u00e1 marca do conhecimento contra a ignor\u00e2ncia"}]},{"@type":"WebSite","@id":"https:\/\/www.notibras.com\/site\/#website","url":"https:\/\/www.notibras.com\/site\/","name":"Notibras","description":"Not\u00edcias de Bras\u00edlia, do Brasil e do Mundo","publisher":{"@id":"https:\/\/www.notibras.com\/site\/#organization"},"potentialAction":[{"@type":"SearchAction","target":{"@type":"EntryPoint","urlTemplate":"https:\/\/www.notibras.com\/site\/?s={search_term_string}"},"query-input":{"@type":"PropertyValueSpecification","valueRequired":true,"valueName":"search_term_string"}}],"inLanguage":"pt-BR"},{"@type":"Organization","@id":"https:\/\/www.notibras.com\/site\/#organization","name":"Grupo Notibras de Comunica\u00e7\u00e3o","url":"https:\/\/www.notibras.com\/site\/","logo":{"@type":"ImageObject","inLanguage":"pt-BR","@id":"https:\/\/www.notibras.com\/site\/#\/schema\/logo\/image\/","url":"https:\/\/www.notibras.com\/site\/wp-content\/uploads\/2023\/01\/notibras23.png","contentUrl":"https:\/\/www.notibras.com\/site\/wp-content\/uploads\/2023\/01\/notibras23.png","width":350,"height":87,"caption":"Grupo Notibras de Comunica\u00e7\u00e3o"},"image":{"@id":"https:\/\/www.notibras.com\/site\/#\/schema\/logo\/image\/"},"sameAs":["https:\/\/www.facebook.com\/notibras\/","https:\/\/x.com\/Notibras","https:\/\/www.instagram.com\/notibras\/"]},{"@type":"Person","@id":"https:\/\/www.notibras.com\/site\/#\/schema\/person\/36ab0979449956132d3e5b517ea76ac8","name":"Reda\u00e7\u00e3o","image":{"@type":"ImageObject","inLanguage":"pt-BR","@id":"https:\/\/secure.gravatar.com\/avatar\/e0a867bdedb85fd243eadf09663511f96fc81e0720a4a42581f334ad4303aa6b?s=96&d=mm&r=g","url":"https:\/\/secure.gravatar.com\/avatar\/e0a867bdedb85fd243eadf09663511f96fc81e0720a4a42581f334ad4303aa6b?s=96&d=mm&r=g","contentUrl":"https:\/\/secure.gravatar.com\/avatar\/e0a867bdedb85fd243eadf09663511f96fc81e0720a4a42581f334ad4303aa6b?s=96&d=mm&r=g","caption":"Reda\u00e7\u00e3o"}}]}},"amp_enabled":true,"_links":{"self":[{"href":"https:\/\/www.notibras.com\/site\/wp-json\/wp\/v2\/posts\/384076","targetHints":{"allow":["GET"]}}],"collection":[{"href":"https:\/\/www.notibras.com\/site\/wp-json\/wp\/v2\/posts"}],"about":[{"href":"https:\/\/www.notibras.com\/site\/wp-json\/wp\/v2\/types\/post"}],"author":[{"embeddable":true,"href":"https:\/\/www.notibras.com\/site\/wp-json\/wp\/v2\/users\/2"}],"replies":[{"embeddable":true,"href":"https:\/\/www.notibras.com\/site\/wp-json\/wp\/v2\/comments?post=384076"}],"version-history":[{"count":1,"href":"https:\/\/www.notibras.com\/site\/wp-json\/wp\/v2\/posts\/384076\/revisions"}],"predecessor-version":[{"id":384078,"href":"https:\/\/www.notibras.com\/site\/wp-json\/wp\/v2\/posts\/384076\/revisions\/384078"}],"wp:featuredmedia":[{"embeddable":true,"href":"https:\/\/www.notibras.com\/site\/wp-json\/wp\/v2\/media\/384077"}],"wp:attachment":[{"href":"https:\/\/www.notibras.com\/site\/wp-json\/wp\/v2\/media?parent=384076"}],"wp:term":[{"taxonomy":"category","embeddable":true,"href":"https:\/\/www.notibras.com\/site\/wp-json\/wp\/v2\/categories?post=384076"},{"taxonomy":"post_tag","embeddable":true,"href":"https:\/\/www.notibras.com\/site\/wp-json\/wp\/v2\/tags?post=384076"}],"curies":[{"name":"wp","href":"https:\/\/api.w.org\/{rel}","templated":true}]}}