{"id":384079,"date":"2026-02-21T06:00:06","date_gmt":"2026-02-21T09:00:06","guid":{"rendered":"https:\/\/www.notibras.com\/site\/?p=384079"},"modified":"2026-02-21T06:37:14","modified_gmt":"2026-02-21T09:37:14","slug":"fim-do-tarifaco-presenteia-lula-e-implode-pressao-do-cla-bolsonaro","status":"publish","type":"post","link":"https:\/\/www.notibras.com\/site\/fim-do-tarifaco-presenteia-lula-e-implode-pressao-do-cla-bolsonaro\/","title":{"rendered":"Fim do tarifa\u00e7o presenteia Lula e implode press\u00e3o do cl\u00e3 Bolsonaro"},"content":{"rendered":"<p>\u00danico dos pa\u00edses super taxados por Donald Trump, o Brasil faz tempo que tem um grupo pol\u00edtico interno que atua contra a pr\u00f3pria p\u00e1tria. Curiosamente, s\u00e3o os mesmos que, carnavalescamente, se apresentam como patriotas. No M\u00e9xico, Canad\u00e1 e China, entre muitos outros, todas as for\u00e7as se uniram para defender seus pa\u00edses. Por aqui, a extrema-direita bolsonarista assumiu o complexo de viralatismo e n\u00e3o s\u00f3 aplaudiu o presidente norte-americano como for\u00e7ou a barra para que taxasse sorrateira e virulentamente as exporta\u00e7\u00f5es brasileiras.<\/p>\n<p>N\u00e3o sou vidente, mas tenho certeza de que, ap\u00f3s a Suprema Corte dos Estados Unidos derrubar as taxas impostas pelo camarada Trump, os extremistas brasileiros hoje liderados pelos irm\u00e3os Fl\u00e1vio e Eduardo Bolsonaro devem estar com a press\u00e3o arterial, funcional, sexual e bestial nas alturas, quase explodindo. \u00c0s v\u00e9speras das elei\u00e7\u00f5es presidenciais no Brasil, o fim do tarifa\u00e7o mais parece um pacot\u00e3o simb\u00f3lico de bondades caindo no colo do presidente e candidato Luiz In\u00e1cio Lula da silva.<\/p>\n<p>Nessa altura do polarizado cen\u00e1rio pol\u00edtico nacional, nada melhor do que um vit\u00f3ria global para amenizar a suposta dor com o rebaixamento da Escola de Samba Acad\u00eamicos de Niter\u00f3i, cujo enredo homenageou Lula 1, 2, 3 e, quem sabe 4. Sinal positivo para o Estado Democr\u00e1tico de Direito, o corte das asas do l\u00edder republicano mostrou ao mundo que todos que falam demais acabam dando bom dia a cavalo, aos jumentos, \u00e0s mulas e a todos os descendentes equinos.<\/p>\n<p>Para os esquecidos, enquanto Donald Trump esbravejava e Eduardo Bolsonaro conspirava, Luiz In\u00e1cio, com a for\u00e7a de um le\u00e3o e a prud\u00eancia das serpentes, diplomaticamente pensava, pensava, ruminava, comia pelas beiradas e aguardava como qualquer menino mijado que o colega dos EUA o visse como l\u00edder e n\u00e3o como menino de recados. O clima pintou e, a partir da\u00ed, o di\u00e1logo foi retomado. O resultado foi aquele que se viu, que o mundo aplaudiu, que o pr\u00f3prio Trump instruiu, que a\u00a0<i>Globo Lixo<\/i>\u00a0reproduziu e que, por conta dele, o bolsonarismo desmilinguiu.<\/p>\n<p>Sem xingamentos, improp\u00e9rios e cr\u00edticas, Lula venceu o primeiro round da batalha econ\u00f4mica sem dar um tiro. Por isso, como cabe a todos os l\u00edderes com um m\u00ednimo de tutano, o presidente do Brasil comemorou positiva e cautelosamente a derrubada do tarifa\u00e7o. O segundo round \u00e9 esperado para mar\u00e7o, quando Lula se encontrar\u00e1 com Donald Trump na Casa Branca. A expectativa \u00e9 que o encontro contribua para a retirada do restante das tarifas impostas pelos EUA \u00e0s exporta\u00e7\u00f5es brasileiras.<\/p>\n<p>Enquanto mar\u00e7o n\u00e3o chega, Trump tenta amenizar a maior derrota de seu segundo mandato presidencial adjetivando a decis\u00e3o da Suprema Corte de \u201cprofundamente decepcionante\u201d. N\u00e3o tenho o dom da verdade, tampouco o chicote do mundo. Entretanto, sei que quem governa os destinos de um pa\u00eds n\u00e3o pode faz\u00ea-lo como se administrasse o quintal de sua casa. Tomara que, como ocorreu recentemente com Jair Bolsonaro, que Trump aprenda de uma vez que ele at\u00e9 pode ter poderes para defender o mundo, mas n\u00e3o para govern\u00e1-lo. Recado dado. Moral da hist\u00f3ria: O Diabo atentou e Trump escorregou, Deus ajudou e Lula comemorou, o Satan\u00e1s de rabo atolou e Dudu do Hamb\u00farguer se finou.<\/p>\n<p>&#8230;&#8230;..<\/p>\n<p><strong>Wenceslau Ara\u00fajo \u00e9 Editor-Chefe de Notibras<\/strong><\/p>\n","protected":false},"excerpt":{"rendered":"<p>\u00danico dos pa\u00edses super taxados por Donald Trump, o Brasil faz tempo que tem um grupo pol\u00edtico interno que atua contra a pr\u00f3pria p\u00e1tria. Curiosamente, s\u00e3o os mesmos que, carnavalescamente, se apresentam como patriotas. No M\u00e9xico, Canad\u00e1 e China, entre muitos outros, todas as for\u00e7as se uniram para defender seus pa\u00edses. Por aqui, a extrema-direita [&hellip;]<\/p>\n","protected":false},"author":2,"featured_media":51625,"comment_status":"closed","ping_status":"closed","sticky":false,"template":"","format":"standard","meta":{"_acf_changed":false,"footnotes":""},"categories":[16],"tags":[],"class_list":["post-384079","post","type-post","status-publish","format-standard","has-post-thumbnail","hentry","category-brasil"],"acf":[],"yoast_head":"<!-- This site is optimized with the Yoast SEO plugin v27.2 - https:\/\/yoast.com\/product\/yoast-seo-wordpress\/ -->\n<title>Fim do tarifa\u00e7o presenteia Lula e implode press\u00e3o do cl\u00e3 Bolsonaro - Notibras<\/title>\n<meta name=\"robots\" content=\"index, follow, max-snippet:-1, max-image-preview:large, max-video-preview:-1\" \/>\n<link rel=\"canonical\" href=\"https:\/\/www.notibras.com\/site\/fim-do-tarifaco-presenteia-lula-e-implode-pressao-do-cla-bolsonaro\/\" \/>\n<meta property=\"og:locale\" content=\"pt_BR\" \/>\n<meta property=\"og:type\" content=\"article\" \/>\n<meta property=\"og:title\" content=\"Fim do tarifa\u00e7o presenteia Lula e implode press\u00e3o do cl\u00e3 Bolsonaro - Notibras\" \/>\n<meta property=\"og:description\" content=\"\u00danico dos pa\u00edses super taxados por Donald Trump, o Brasil faz tempo que tem um grupo pol\u00edtico interno que atua contra a pr\u00f3pria p\u00e1tria. Curiosamente, s\u00e3o os mesmos que, carnavalescamente, se apresentam como patriotas. No M\u00e9xico, Canad\u00e1 e China, entre muitos outros, todas as for\u00e7as se uniram para defender seus pa\u00edses. Por aqui, a extrema-direita [&hellip;]\" \/>\n<meta property=\"og:url\" content=\"https:\/\/www.notibras.com\/site\/fim-do-tarifaco-presenteia-lula-e-implode-pressao-do-cla-bolsonaro\/\" \/>\n<meta property=\"og:site_name\" content=\"Notibras\" \/>\n<meta property=\"article:publisher\" content=\"https:\/\/www.facebook.com\/notibras\/\" \/>\n<meta property=\"article:published_time\" content=\"2026-02-21T09:00:06+00:00\" \/>\n<meta property=\"article:modified_time\" content=\"2026-02-21T09:37:14+00:00\" \/>\n<meta property=\"og:image\" content=\"https:\/\/www.notibras.com\/site\/wp-content\/uploads\/2015\/06\/Exporta\u00e7\u00e3o.jpg\" \/>\n\t<meta property=\"og:image:width\" content=\"619\" \/>\n\t<meta property=\"og:image:height\" content=\"464\" \/>\n\t<meta property=\"og:image:type\" content=\"image\/jpeg\" \/>\n<meta name=\"author\" content=\"Reda\u00e7\u00e3o\" \/>\n<meta name=\"twitter:card\" content=\"summary_large_image\" \/>\n<meta name=\"twitter:creator\" content=\"@Notibras\" \/>\n<meta name=\"twitter:site\" content=\"@Notibras\" \/>\n<meta name=\"twitter:label1\" content=\"Escrito por\" \/>\n\t<meta name=\"twitter:data1\" content=\"Reda\u00e7\u00e3o\" \/>\n\t<meta name=\"twitter:label2\" content=\"Est. tempo de leitura\" \/>\n\t<meta name=\"twitter:data2\" content=\"4 minutos\" \/>\n<script type=\"application\/ld+json\" class=\"yoast-schema-graph\">{\"@context\":\"https:\/\/schema.org\",\"@graph\":[{\"@type\":\"Article\",\"@id\":\"https:\/\/www.notibras.com\/site\/fim-do-tarifaco-presenteia-lula-e-implode-pressao-do-cla-bolsonaro\/#article\",\"isPartOf\":{\"@id\":\"https:\/\/www.notibras.com\/site\/fim-do-tarifaco-presenteia-lula-e-implode-pressao-do-cla-bolsonaro\/\"},\"author\":{\"name\":\"Reda\u00e7\u00e3o\",\"@id\":\"https:\/\/www.notibras.com\/site\/#\/schema\/person\/36ab0979449956132d3e5b517ea76ac8\"},\"headline\":\"Fim do tarifa\u00e7o presenteia Lula e implode press\u00e3o do cl\u00e3 Bolsonaro\",\"datePublished\":\"2026-02-21T09:00:06+00:00\",\"dateModified\":\"2026-02-21T09:37:14+00:00\",\"mainEntityOfPage\":{\"@id\":\"https:\/\/www.notibras.com\/site\/fim-do-tarifaco-presenteia-lula-e-implode-pressao-do-cla-bolsonaro\/\"},\"wordCount\":589,\"publisher\":{\"@id\":\"https:\/\/www.notibras.com\/site\/#organization\"},\"image\":{\"@id\":\"https:\/\/www.notibras.com\/site\/fim-do-tarifaco-presenteia-lula-e-implode-pressao-do-cla-bolsonaro\/#primaryimage\"},\"thumbnailUrl\":\"https:\/\/www.notibras.com\/site\/wp-content\/uploads\/2015\/06\/Exporta\u00e7\u00e3o.jpg\",\"articleSection\":[\"Brasil\"],\"inLanguage\":\"pt-BR\"},{\"@type\":\"WebPage\",\"@id\":\"https:\/\/www.notibras.com\/site\/fim-do-tarifaco-presenteia-lula-e-implode-pressao-do-cla-bolsonaro\/\",\"url\":\"https:\/\/www.notibras.com\/site\/fim-do-tarifaco-presenteia-lula-e-implode-pressao-do-cla-bolsonaro\/\",\"name\":\"Fim do tarifa\u00e7o presenteia Lula e implode press\u00e3o do cl\u00e3 Bolsonaro - Notibras\",\"isPartOf\":{\"@id\":\"https:\/\/www.notibras.com\/site\/#website\"},\"primaryImageOfPage\":{\"@id\":\"https:\/\/www.notibras.com\/site\/fim-do-tarifaco-presenteia-lula-e-implode-pressao-do-cla-bolsonaro\/#primaryimage\"},\"image\":{\"@id\":\"https:\/\/www.notibras.com\/site\/fim-do-tarifaco-presenteia-lula-e-implode-pressao-do-cla-bolsonaro\/#primaryimage\"},\"thumbnailUrl\":\"https:\/\/www.notibras.com\/site\/wp-content\/uploads\/2015\/06\/Exporta\u00e7\u00e3o.jpg\",\"datePublished\":\"2026-02-21T09:00:06+00:00\",\"dateModified\":\"2026-02-21T09:37:14+00:00\",\"breadcrumb\":{\"@id\":\"https:\/\/www.notibras.com\/site\/fim-do-tarifaco-presenteia-lula-e-implode-pressao-do-cla-bolsonaro\/#breadcrumb\"},\"inLanguage\":\"pt-BR\",\"potentialAction\":[{\"@type\":\"ReadAction\",\"target\":[\"https:\/\/www.notibras.com\/site\/fim-do-tarifaco-presenteia-lula-e-implode-pressao-do-cla-bolsonaro\/\"]}]},{\"@type\":\"ImageObject\",\"inLanguage\":\"pt-BR\",\"@id\":\"https:\/\/www.notibras.com\/site\/fim-do-tarifaco-presenteia-lula-e-implode-pressao-do-cla-bolsonaro\/#primaryimage\",\"url\":\"https:\/\/www.notibras.com\/site\/wp-content\/uploads\/2015\/06\/Exporta\u00e7\u00e3o.jpg\",\"contentUrl\":\"https:\/\/www.notibras.com\/site\/wp-content\/uploads\/2015\/06\/Exporta\u00e7\u00e3o.jpg\",\"width\":619,\"height\":464},{\"@type\":\"BreadcrumbList\",\"@id\":\"https:\/\/www.notibras.com\/site\/fim-do-tarifaco-presenteia-lula-e-implode-pressao-do-cla-bolsonaro\/#breadcrumb\",\"itemListElement\":[{\"@type\":\"ListItem\",\"position\":1,\"name\":\"In\u00edcio\",\"item\":\"https:\/\/www.notibras.com\/site\/\"},{\"@type\":\"ListItem\",\"position\":2,\"name\":\"Fim do tarifa\u00e7o presenteia Lula e implode press\u00e3o do cl\u00e3 Bolsonaro\"}]},{\"@type\":\"WebSite\",\"@id\":\"https:\/\/www.notibras.com\/site\/#website\",\"url\":\"https:\/\/www.notibras.com\/site\/\",\"name\":\"Notibras\",\"description\":\"Not\u00edcias de Bras\u00edlia, do Brasil e do Mundo\",\"publisher\":{\"@id\":\"https:\/\/www.notibras.com\/site\/#organization\"},\"potentialAction\":[{\"@type\":\"SearchAction\",\"target\":{\"@type\":\"EntryPoint\",\"urlTemplate\":\"https:\/\/www.notibras.com\/site\/?s={search_term_string}\"},\"query-input\":{\"@type\":\"PropertyValueSpecification\",\"valueRequired\":true,\"valueName\":\"search_term_string\"}}],\"inLanguage\":\"pt-BR\"},{\"@type\":\"Organization\",\"@id\":\"https:\/\/www.notibras.com\/site\/#organization\",\"name\":\"Grupo Notibras de Comunica\u00e7\u00e3o\",\"url\":\"https:\/\/www.notibras.com\/site\/\",\"logo\":{\"@type\":\"ImageObject\",\"inLanguage\":\"pt-BR\",\"@id\":\"https:\/\/www.notibras.com\/site\/#\/schema\/logo\/image\/\",\"url\":\"https:\/\/www.notibras.com\/site\/wp-content\/uploads\/2023\/01\/notibras23.png\",\"contentUrl\":\"https:\/\/www.notibras.com\/site\/wp-content\/uploads\/2023\/01\/notibras23.png\",\"width\":350,\"height\":87,\"caption\":\"Grupo Notibras de Comunica\u00e7\u00e3o\"},\"image\":{\"@id\":\"https:\/\/www.notibras.com\/site\/#\/schema\/logo\/image\/\"},\"sameAs\":[\"https:\/\/www.facebook.com\/notibras\/\",\"https:\/\/x.com\/Notibras\",\"https:\/\/www.instagram.com\/notibras\/\"]},{\"@type\":\"Person\",\"@id\":\"https:\/\/www.notibras.com\/site\/#\/schema\/person\/36ab0979449956132d3e5b517ea76ac8\",\"name\":\"Reda\u00e7\u00e3o\",\"image\":{\"@type\":\"ImageObject\",\"inLanguage\":\"pt-BR\",\"@id\":\"https:\/\/secure.gravatar.com\/avatar\/e0a867bdedb85fd243eadf09663511f96fc81e0720a4a42581f334ad4303aa6b?s=96&d=mm&r=g\",\"url\":\"https:\/\/secure.gravatar.com\/avatar\/e0a867bdedb85fd243eadf09663511f96fc81e0720a4a42581f334ad4303aa6b?s=96&d=mm&r=g\",\"contentUrl\":\"https:\/\/secure.gravatar.com\/avatar\/e0a867bdedb85fd243eadf09663511f96fc81e0720a4a42581f334ad4303aa6b?s=96&d=mm&r=g\",\"caption\":\"Reda\u00e7\u00e3o\"}}]}<\/script>\n<!-- \/ Yoast SEO plugin. -->","yoast_head_json":{"title":"Fim do tarifa\u00e7o presenteia Lula e implode press\u00e3o do cl\u00e3 Bolsonaro - Notibras","robots":{"index":"index","follow":"follow","max-snippet":"max-snippet:-1","max-image-preview":"max-image-preview:large","max-video-preview":"max-video-preview:-1"},"canonical":"https:\/\/www.notibras.com\/site\/fim-do-tarifaco-presenteia-lula-e-implode-pressao-do-cla-bolsonaro\/","og_locale":"pt_BR","og_type":"article","og_title":"Fim do tarifa\u00e7o presenteia Lula e implode press\u00e3o do cl\u00e3 Bolsonaro - Notibras","og_description":"\u00danico dos pa\u00edses super taxados por Donald Trump, o Brasil faz tempo que tem um grupo pol\u00edtico interno que atua contra a pr\u00f3pria p\u00e1tria. Curiosamente, s\u00e3o os mesmos que, carnavalescamente, se apresentam como patriotas. No M\u00e9xico, Canad\u00e1 e China, entre muitos outros, todas as for\u00e7as se uniram para defender seus pa\u00edses. Por aqui, a extrema-direita [&hellip;]","og_url":"https:\/\/www.notibras.com\/site\/fim-do-tarifaco-presenteia-lula-e-implode-pressao-do-cla-bolsonaro\/","og_site_name":"Notibras","article_publisher":"https:\/\/www.facebook.com\/notibras\/","article_published_time":"2026-02-21T09:00:06+00:00","article_modified_time":"2026-02-21T09:37:14+00:00","og_image":[{"width":619,"height":464,"url":"https:\/\/www.notibras.com\/site\/wp-content\/uploads\/2015\/06\/Exporta\u00e7\u00e3o.jpg","type":"image\/jpeg"}],"author":"Reda\u00e7\u00e3o","twitter_card":"summary_large_image","twitter_creator":"@Notibras","twitter_site":"@Notibras","twitter_misc":{"Escrito por":"Reda\u00e7\u00e3o","Est. tempo de leitura":"4 minutos"},"schema":{"@context":"https:\/\/schema.org","@graph":[{"@type":"Article","@id":"https:\/\/www.notibras.com\/site\/fim-do-tarifaco-presenteia-lula-e-implode-pressao-do-cla-bolsonaro\/#article","isPartOf":{"@id":"https:\/\/www.notibras.com\/site\/fim-do-tarifaco-presenteia-lula-e-implode-pressao-do-cla-bolsonaro\/"},"author":{"name":"Reda\u00e7\u00e3o","@id":"https:\/\/www.notibras.com\/site\/#\/schema\/person\/36ab0979449956132d3e5b517ea76ac8"},"headline":"Fim do tarifa\u00e7o presenteia Lula e implode press\u00e3o do cl\u00e3 Bolsonaro","datePublished":"2026-02-21T09:00:06+00:00","dateModified":"2026-02-21T09:37:14+00:00","mainEntityOfPage":{"@id":"https:\/\/www.notibras.com\/site\/fim-do-tarifaco-presenteia-lula-e-implode-pressao-do-cla-bolsonaro\/"},"wordCount":589,"publisher":{"@id":"https:\/\/www.notibras.com\/site\/#organization"},"image":{"@id":"https:\/\/www.notibras.com\/site\/fim-do-tarifaco-presenteia-lula-e-implode-pressao-do-cla-bolsonaro\/#primaryimage"},"thumbnailUrl":"https:\/\/www.notibras.com\/site\/wp-content\/uploads\/2015\/06\/Exporta\u00e7\u00e3o.jpg","articleSection":["Brasil"],"inLanguage":"pt-BR"},{"@type":"WebPage","@id":"https:\/\/www.notibras.com\/site\/fim-do-tarifaco-presenteia-lula-e-implode-pressao-do-cla-bolsonaro\/","url":"https:\/\/www.notibras.com\/site\/fim-do-tarifaco-presenteia-lula-e-implode-pressao-do-cla-bolsonaro\/","name":"Fim do tarifa\u00e7o presenteia Lula e implode press\u00e3o do cl\u00e3 Bolsonaro - Notibras","isPartOf":{"@id":"https:\/\/www.notibras.com\/site\/#website"},"primaryImageOfPage":{"@id":"https:\/\/www.notibras.com\/site\/fim-do-tarifaco-presenteia-lula-e-implode-pressao-do-cla-bolsonaro\/#primaryimage"},"image":{"@id":"https:\/\/www.notibras.com\/site\/fim-do-tarifaco-presenteia-lula-e-implode-pressao-do-cla-bolsonaro\/#primaryimage"},"thumbnailUrl":"https:\/\/www.notibras.com\/site\/wp-content\/uploads\/2015\/06\/Exporta\u00e7\u00e3o.jpg","datePublished":"2026-02-21T09:00:06+00:00","dateModified":"2026-02-21T09:37:14+00:00","breadcrumb":{"@id":"https:\/\/www.notibras.com\/site\/fim-do-tarifaco-presenteia-lula-e-implode-pressao-do-cla-bolsonaro\/#breadcrumb"},"inLanguage":"pt-BR","potentialAction":[{"@type":"ReadAction","target":["https:\/\/www.notibras.com\/site\/fim-do-tarifaco-presenteia-lula-e-implode-pressao-do-cla-bolsonaro\/"]}]},{"@type":"ImageObject","inLanguage":"pt-BR","@id":"https:\/\/www.notibras.com\/site\/fim-do-tarifaco-presenteia-lula-e-implode-pressao-do-cla-bolsonaro\/#primaryimage","url":"https:\/\/www.notibras.com\/site\/wp-content\/uploads\/2015\/06\/Exporta\u00e7\u00e3o.jpg","contentUrl":"https:\/\/www.notibras.com\/site\/wp-content\/uploads\/2015\/06\/Exporta\u00e7\u00e3o.jpg","width":619,"height":464},{"@type":"BreadcrumbList","@id":"https:\/\/www.notibras.com\/site\/fim-do-tarifaco-presenteia-lula-e-implode-pressao-do-cla-bolsonaro\/#breadcrumb","itemListElement":[{"@type":"ListItem","position":1,"name":"In\u00edcio","item":"https:\/\/www.notibras.com\/site\/"},{"@type":"ListItem","position":2,"name":"Fim do tarifa\u00e7o presenteia Lula e implode press\u00e3o do cl\u00e3 Bolsonaro"}]},{"@type":"WebSite","@id":"https:\/\/www.notibras.com\/site\/#website","url":"https:\/\/www.notibras.com\/site\/","name":"Notibras","description":"Not\u00edcias de Bras\u00edlia, do Brasil e do Mundo","publisher":{"@id":"https:\/\/www.notibras.com\/site\/#organization"},"potentialAction":[{"@type":"SearchAction","target":{"@type":"EntryPoint","urlTemplate":"https:\/\/www.notibras.com\/site\/?s={search_term_string}"},"query-input":{"@type":"PropertyValueSpecification","valueRequired":true,"valueName":"search_term_string"}}],"inLanguage":"pt-BR"},{"@type":"Organization","@id":"https:\/\/www.notibras.com\/site\/#organization","name":"Grupo Notibras de Comunica\u00e7\u00e3o","url":"https:\/\/www.notibras.com\/site\/","logo":{"@type":"ImageObject","inLanguage":"pt-BR","@id":"https:\/\/www.notibras.com\/site\/#\/schema\/logo\/image\/","url":"https:\/\/www.notibras.com\/site\/wp-content\/uploads\/2023\/01\/notibras23.png","contentUrl":"https:\/\/www.notibras.com\/site\/wp-content\/uploads\/2023\/01\/notibras23.png","width":350,"height":87,"caption":"Grupo Notibras de Comunica\u00e7\u00e3o"},"image":{"@id":"https:\/\/www.notibras.com\/site\/#\/schema\/logo\/image\/"},"sameAs":["https:\/\/www.facebook.com\/notibras\/","https:\/\/x.com\/Notibras","https:\/\/www.instagram.com\/notibras\/"]},{"@type":"Person","@id":"https:\/\/www.notibras.com\/site\/#\/schema\/person\/36ab0979449956132d3e5b517ea76ac8","name":"Reda\u00e7\u00e3o","image":{"@type":"ImageObject","inLanguage":"pt-BR","@id":"https:\/\/secure.gravatar.com\/avatar\/e0a867bdedb85fd243eadf09663511f96fc81e0720a4a42581f334ad4303aa6b?s=96&d=mm&r=g","url":"https:\/\/secure.gravatar.com\/avatar\/e0a867bdedb85fd243eadf09663511f96fc81e0720a4a42581f334ad4303aa6b?s=96&d=mm&r=g","contentUrl":"https:\/\/secure.gravatar.com\/avatar\/e0a867bdedb85fd243eadf09663511f96fc81e0720a4a42581f334ad4303aa6b?s=96&d=mm&r=g","caption":"Reda\u00e7\u00e3o"}}]}},"amp_enabled":true,"_links":{"self":[{"href":"https:\/\/www.notibras.com\/site\/wp-json\/wp\/v2\/posts\/384079","targetHints":{"allow":["GET"]}}],"collection":[{"href":"https:\/\/www.notibras.com\/site\/wp-json\/wp\/v2\/posts"}],"about":[{"href":"https:\/\/www.notibras.com\/site\/wp-json\/wp\/v2\/types\/post"}],"author":[{"embeddable":true,"href":"https:\/\/www.notibras.com\/site\/wp-json\/wp\/v2\/users\/2"}],"replies":[{"embeddable":true,"href":"https:\/\/www.notibras.com\/site\/wp-json\/wp\/v2\/comments?post=384079"}],"version-history":[{"count":1,"href":"https:\/\/www.notibras.com\/site\/wp-json\/wp\/v2\/posts\/384079\/revisions"}],"predecessor-version":[{"id":384080,"href":"https:\/\/www.notibras.com\/site\/wp-json\/wp\/v2\/posts\/384079\/revisions\/384080"}],"wp:featuredmedia":[{"embeddable":true,"href":"https:\/\/www.notibras.com\/site\/wp-json\/wp\/v2\/media\/51625"}],"wp:attachment":[{"href":"https:\/\/www.notibras.com\/site\/wp-json\/wp\/v2\/media?parent=384079"}],"wp:term":[{"taxonomy":"category","embeddable":true,"href":"https:\/\/www.notibras.com\/site\/wp-json\/wp\/v2\/categories?post=384079"},{"taxonomy":"post_tag","embeddable":true,"href":"https:\/\/www.notibras.com\/site\/wp-json\/wp\/v2\/tags?post=384079"}],"curies":[{"name":"wp","href":"https:\/\/api.w.org\/{rel}","templated":true}]}}