{"id":384081,"date":"2026-02-21T00:00:23","date_gmt":"2026-02-21T03:00:23","guid":{"rendered":"https:\/\/www.notibras.com\/site\/?p=384081"},"modified":"2026-02-21T06:42:18","modified_gmt":"2026-02-21T09:42:18","slug":"liberado-por-mendonca-vorcaro-descarta-depor-na-cpmi-do-inss","status":"publish","type":"post","link":"https:\/\/www.notibras.com\/site\/liberado-por-mendonca-vorcaro-descarta-depor-na-cpmi-do-inss\/","title":{"rendered":"Liberado por Mendon\u00e7a, Vorcaro descarta depor na CPMI do INSS"},"content":{"rendered":"<p>O dono do Banco Master, Daniel Vorcaro, n\u00e3o vai comparecer \u00e0 Comiss\u00e3o Parlamentar Mista de Inqu\u00e9rito (CPMI) que investiga as fraudes do Instituto Nacional do Seguro Social (INSS), onde tinha depoimento marcado para segunda-feira (23). A informa\u00e7\u00e3o foi confirmada \u00e0 Ag\u00eancia Brasil por um dos advogados do banqueiro, Roberto Podval.<\/p>\n<p>A op\u00e7\u00e3o de n\u00e3o comparecer \u00e0 comiss\u00e3o parlamentar est\u00e1 amparada em um despacho do ministro Andr\u00e9 Mendon\u00e7a, do Supremo Tribunal Federal (STF), que decidiu na quinta-feira (19) que Vorcaro n\u00e3o \u00e9 obrigado a comparecer aos depoimentos que estavam previstos. Al\u00e9m da CPMI do INSS, na segunda-feira, o banqueiro tinha uma oitiva marcada na Comiss\u00e3o de Assuntos Econ\u00f4micos (CAE) no dia seguinte, na qual tamb\u00e9m n\u00e3o \u00e9 obrigado a comparecer.<\/p>\n<p>Para o ministro do STF, a ida do banqueiro \u00e0 audi\u00eancia \u00e9 facultativa, justamente pelo fato de estar na condi\u00e7\u00e3o de investigado no processo que apura as fraudes no Master. Andr\u00e9 Mendon\u00e7a \u00e9 o relator do caso.<\/p>\n<p>O presidente da CPMI do INSS, deputado Alfredo Gaspar (Uni\u00e3o-AL), confirmou, via assessoria, que a ida do banqueiro est\u00e1 cancelada. A pauta da reuni\u00e3o, inclusive, j\u00e1 foi alterada pelo parlamentar.<\/p>\n<p>Em outra decis\u00e3o, o ministro Andr\u00e9 Mendon\u00e7a determinou a devolu\u00e7\u00e3o, para CPMI do INSS, do acesso aos dados da quebra de sigilo telem\u00e1tico, banc\u00e1rio e telef\u00f4nico de Daniel Vorcaro. A comiss\u00e3o investiga o suposto envolvimento do banco com empr\u00e9stimos consignados e descontos irregulares em aposentadorias.<\/p>\n<p>A decis\u00e3o atendeu ao pedido da pr\u00f3pria CPMI e derrubou determina\u00e7\u00e3o do antigo relator do caso, ministro Dias Toffoli, que retirou os dados da comiss\u00e3o e determinou que o material fosse armazenado na presid\u00eancia do Senado.<\/p>\n<p>Mendon\u00e7a determinou ainda que os dados de Vorcaro dever\u00e3o ser enviados para a Pol\u00edcia Federal (PF), que investiga as fraudes no Banco Master. Em seguida, a corpora\u00e7\u00e3o dever\u00e1 compartilhar as informa\u00e7\u00f5es com a CPMI.<\/p>\n<p>A medida foi celebrada pelo presidente da CPMI, que classificou como uma &#8220;vit\u00f3ria da transpar\u00eancia&#8221;.<\/p>\n<p>&#8220;Sempre defendi que n\u00e3o se combate fraude escondendo informa\u00e7\u00e3o. A determina\u00e7\u00e3o de envio imediato do material \u00e0 Pol\u00edcia Federal fortalece a investiga\u00e7\u00e3o e o nosso trabalho. Seguiremos firmes. O Brasil precisa de institui\u00e7\u00f5es fortes, mas tamb\u00e9m de homens e mulheres de coragem para investigar at\u00e9 as \u00faltimas consequ\u00eancias&#8221;, escreveu Alfredo Gaspar em uma postagem nas redes sociais.<\/p>\n","protected":false},"excerpt":{"rendered":"<p>O dono do Banco Master, Daniel Vorcaro, n\u00e3o vai comparecer \u00e0 Comiss\u00e3o Parlamentar Mista de Inqu\u00e9rito (CPMI) que investiga as fraudes do Instituto Nacional do Seguro Social (INSS), onde tinha depoimento marcado para segunda-feira (23). A informa\u00e7\u00e3o foi confirmada \u00e0 Ag\u00eancia Brasil por um dos advogados do banqueiro, Roberto Podval. A op\u00e7\u00e3o de n\u00e3o comparecer [&hellip;]<\/p>\n","protected":false},"author":2,"featured_media":371415,"comment_status":"closed","ping_status":"closed","sticky":false,"template":"","format":"standard","meta":{"_acf_changed":false,"footnotes":""},"categories":[16],"tags":[],"class_list":["post-384081","post","type-post","status-publish","format-standard","has-post-thumbnail","hentry","category-brasil"],"acf":[],"yoast_head":"<!-- This site is optimized with the Yoast SEO plugin v27.2 - https:\/\/yoast.com\/product\/yoast-seo-wordpress\/ -->\n<title>Liberado por Mendon\u00e7a, Vorcaro descarta depor na CPMI do INSS - Notibras<\/title>\n<meta name=\"robots\" content=\"index, follow, max-snippet:-1, max-image-preview:large, max-video-preview:-1\" \/>\n<link rel=\"canonical\" href=\"https:\/\/www.notibras.com\/site\/liberado-por-mendonca-vorcaro-descarta-depor-na-cpmi-do-inss\/\" \/>\n<meta property=\"og:locale\" content=\"pt_BR\" \/>\n<meta property=\"og:type\" content=\"article\" \/>\n<meta property=\"og:title\" content=\"Liberado por Mendon\u00e7a, Vorcaro descarta depor na CPMI do INSS - Notibras\" \/>\n<meta property=\"og:description\" content=\"O dono do Banco Master, Daniel Vorcaro, n\u00e3o vai comparecer \u00e0 Comiss\u00e3o Parlamentar Mista de Inqu\u00e9rito (CPMI) que investiga as fraudes do Instituto Nacional do Seguro Social (INSS), onde tinha depoimento marcado para segunda-feira (23). A informa\u00e7\u00e3o foi confirmada \u00e0 Ag\u00eancia Brasil por um dos advogados do banqueiro, Roberto Podval. A op\u00e7\u00e3o de n\u00e3o comparecer [&hellip;]\" \/>\n<meta property=\"og:url\" content=\"https:\/\/www.notibras.com\/site\/liberado-por-mendonca-vorcaro-descarta-depor-na-cpmi-do-inss\/\" \/>\n<meta property=\"og:site_name\" content=\"Notibras\" \/>\n<meta property=\"article:publisher\" content=\"https:\/\/www.facebook.com\/notibras\/\" \/>\n<meta property=\"article:published_time\" content=\"2026-02-21T03:00:23+00:00\" \/>\n<meta property=\"article:modified_time\" content=\"2026-02-21T09:42:18+00:00\" \/>\n<meta name=\"author\" content=\"Reda\u00e7\u00e3o\" \/>\n<meta name=\"twitter:card\" content=\"summary_large_image\" \/>\n<meta name=\"twitter:creator\" content=\"@Notibras\" \/>\n<meta name=\"twitter:site\" content=\"@Notibras\" \/>\n<meta name=\"twitter:label1\" content=\"Escrito por\" \/>\n\t<meta name=\"twitter:data1\" content=\"Reda\u00e7\u00e3o\" \/>\n\t<meta name=\"twitter:label2\" content=\"Est. tempo de leitura\" \/>\n\t<meta name=\"twitter:data2\" content=\"3 minutos\" \/>\n<script type=\"application\/ld+json\" class=\"yoast-schema-graph\">{\"@context\":\"https:\/\/schema.org\",\"@graph\":[{\"@type\":\"Article\",\"@id\":\"https:\/\/www.notibras.com\/site\/liberado-por-mendonca-vorcaro-descarta-depor-na-cpmi-do-inss\/#article\",\"isPartOf\":{\"@id\":\"https:\/\/www.notibras.com\/site\/liberado-por-mendonca-vorcaro-descarta-depor-na-cpmi-do-inss\/\"},\"author\":{\"name\":\"Reda\u00e7\u00e3o\",\"@id\":\"https:\/\/www.notibras.com\/site\/#\/schema\/person\/36ab0979449956132d3e5b517ea76ac8\"},\"headline\":\"Liberado por Mendon\u00e7a, Vorcaro descarta depor na CPMI do INSS\",\"datePublished\":\"2026-02-21T03:00:23+00:00\",\"dateModified\":\"2026-02-21T09:42:18+00:00\",\"mainEntityOfPage\":{\"@id\":\"https:\/\/www.notibras.com\/site\/liberado-por-mendonca-vorcaro-descarta-depor-na-cpmi-do-inss\/\"},\"wordCount\":421,\"publisher\":{\"@id\":\"https:\/\/www.notibras.com\/site\/#organization\"},\"image\":{\"@id\":\"https:\/\/www.notibras.com\/site\/liberado-por-mendonca-vorcaro-descarta-depor-na-cpmi-do-inss\/#primaryimage\"},\"thumbnailUrl\":\"https:\/\/www.notibras.com\/site\/wp-content\/uploads\/2025\/11\/vorcaro.avif\",\"articleSection\":[\"Brasil\"],\"inLanguage\":\"pt-BR\"},{\"@type\":\"WebPage\",\"@id\":\"https:\/\/www.notibras.com\/site\/liberado-por-mendonca-vorcaro-descarta-depor-na-cpmi-do-inss\/\",\"url\":\"https:\/\/www.notibras.com\/site\/liberado-por-mendonca-vorcaro-descarta-depor-na-cpmi-do-inss\/\",\"name\":\"Liberado por Mendon\u00e7a, Vorcaro descarta depor na CPMI do INSS - Notibras\",\"isPartOf\":{\"@id\":\"https:\/\/www.notibras.com\/site\/#website\"},\"primaryImageOfPage\":{\"@id\":\"https:\/\/www.notibras.com\/site\/liberado-por-mendonca-vorcaro-descarta-depor-na-cpmi-do-inss\/#primaryimage\"},\"image\":{\"@id\":\"https:\/\/www.notibras.com\/site\/liberado-por-mendonca-vorcaro-descarta-depor-na-cpmi-do-inss\/#primaryimage\"},\"thumbnailUrl\":\"https:\/\/www.notibras.com\/site\/wp-content\/uploads\/2025\/11\/vorcaro.avif\",\"datePublished\":\"2026-02-21T03:00:23+00:00\",\"dateModified\":\"2026-02-21T09:42:18+00:00\",\"breadcrumb\":{\"@id\":\"https:\/\/www.notibras.com\/site\/liberado-por-mendonca-vorcaro-descarta-depor-na-cpmi-do-inss\/#breadcrumb\"},\"inLanguage\":\"pt-BR\",\"potentialAction\":[{\"@type\":\"ReadAction\",\"target\":[\"https:\/\/www.notibras.com\/site\/liberado-por-mendonca-vorcaro-descarta-depor-na-cpmi-do-inss\/\"]}]},{\"@type\":\"ImageObject\",\"inLanguage\":\"pt-BR\",\"@id\":\"https:\/\/www.notibras.com\/site\/liberado-por-mendonca-vorcaro-descarta-depor-na-cpmi-do-inss\/#primaryimage\",\"url\":\"https:\/\/www.notibras.com\/site\/wp-content\/uploads\/2025\/11\/vorcaro.avif\",\"contentUrl\":\"https:\/\/www.notibras.com\/site\/wp-content\/uploads\/2025\/11\/vorcaro.avif\",\"width\":888,\"height\":590},{\"@type\":\"BreadcrumbList\",\"@id\":\"https:\/\/www.notibras.com\/site\/liberado-por-mendonca-vorcaro-descarta-depor-na-cpmi-do-inss\/#breadcrumb\",\"itemListElement\":[{\"@type\":\"ListItem\",\"position\":1,\"name\":\"In\u00edcio\",\"item\":\"https:\/\/www.notibras.com\/site\/\"},{\"@type\":\"ListItem\",\"position\":2,\"name\":\"Liberado por Mendon\u00e7a, Vorcaro descarta depor na CPMI do INSS\"}]},{\"@type\":\"WebSite\",\"@id\":\"https:\/\/www.notibras.com\/site\/#website\",\"url\":\"https:\/\/www.notibras.com\/site\/\",\"name\":\"Notibras\",\"description\":\"Not\u00edcias de Bras\u00edlia, do Brasil e do Mundo\",\"publisher\":{\"@id\":\"https:\/\/www.notibras.com\/site\/#organization\"},\"potentialAction\":[{\"@type\":\"SearchAction\",\"target\":{\"@type\":\"EntryPoint\",\"urlTemplate\":\"https:\/\/www.notibras.com\/site\/?s={search_term_string}\"},\"query-input\":{\"@type\":\"PropertyValueSpecification\",\"valueRequired\":true,\"valueName\":\"search_term_string\"}}],\"inLanguage\":\"pt-BR\"},{\"@type\":\"Organization\",\"@id\":\"https:\/\/www.notibras.com\/site\/#organization\",\"name\":\"Grupo Notibras de Comunica\u00e7\u00e3o\",\"url\":\"https:\/\/www.notibras.com\/site\/\",\"logo\":{\"@type\":\"ImageObject\",\"inLanguage\":\"pt-BR\",\"@id\":\"https:\/\/www.notibras.com\/site\/#\/schema\/logo\/image\/\",\"url\":\"https:\/\/www.notibras.com\/site\/wp-content\/uploads\/2023\/01\/notibras23.png\",\"contentUrl\":\"https:\/\/www.notibras.com\/site\/wp-content\/uploads\/2023\/01\/notibras23.png\",\"width\":350,\"height\":87,\"caption\":\"Grupo Notibras de Comunica\u00e7\u00e3o\"},\"image\":{\"@id\":\"https:\/\/www.notibras.com\/site\/#\/schema\/logo\/image\/\"},\"sameAs\":[\"https:\/\/www.facebook.com\/notibras\/\",\"https:\/\/x.com\/Notibras\",\"https:\/\/www.instagram.com\/notibras\/\"]},{\"@type\":\"Person\",\"@id\":\"https:\/\/www.notibras.com\/site\/#\/schema\/person\/36ab0979449956132d3e5b517ea76ac8\",\"name\":\"Reda\u00e7\u00e3o\",\"image\":{\"@type\":\"ImageObject\",\"inLanguage\":\"pt-BR\",\"@id\":\"https:\/\/secure.gravatar.com\/avatar\/e0a867bdedb85fd243eadf09663511f96fc81e0720a4a42581f334ad4303aa6b?s=96&d=mm&r=g\",\"url\":\"https:\/\/secure.gravatar.com\/avatar\/e0a867bdedb85fd243eadf09663511f96fc81e0720a4a42581f334ad4303aa6b?s=96&d=mm&r=g\",\"contentUrl\":\"https:\/\/secure.gravatar.com\/avatar\/e0a867bdedb85fd243eadf09663511f96fc81e0720a4a42581f334ad4303aa6b?s=96&d=mm&r=g\",\"caption\":\"Reda\u00e7\u00e3o\"}}]}<\/script>\n<!-- \/ Yoast SEO plugin. -->","yoast_head_json":{"title":"Liberado por Mendon\u00e7a, Vorcaro descarta depor na CPMI do INSS - Notibras","robots":{"index":"index","follow":"follow","max-snippet":"max-snippet:-1","max-image-preview":"max-image-preview:large","max-video-preview":"max-video-preview:-1"},"canonical":"https:\/\/www.notibras.com\/site\/liberado-por-mendonca-vorcaro-descarta-depor-na-cpmi-do-inss\/","og_locale":"pt_BR","og_type":"article","og_title":"Liberado por Mendon\u00e7a, Vorcaro descarta depor na CPMI do INSS - Notibras","og_description":"O dono do Banco Master, Daniel Vorcaro, n\u00e3o vai comparecer \u00e0 Comiss\u00e3o Parlamentar Mista de Inqu\u00e9rito (CPMI) que investiga as fraudes do Instituto Nacional do Seguro Social (INSS), onde tinha depoimento marcado para segunda-feira (23). A informa\u00e7\u00e3o foi confirmada \u00e0 Ag\u00eancia Brasil por um dos advogados do banqueiro, Roberto Podval. A op\u00e7\u00e3o de n\u00e3o comparecer [&hellip;]","og_url":"https:\/\/www.notibras.com\/site\/liberado-por-mendonca-vorcaro-descarta-depor-na-cpmi-do-inss\/","og_site_name":"Notibras","article_publisher":"https:\/\/www.facebook.com\/notibras\/","article_published_time":"2026-02-21T03:00:23+00:00","article_modified_time":"2026-02-21T09:42:18+00:00","author":"Reda\u00e7\u00e3o","twitter_card":"summary_large_image","twitter_creator":"@Notibras","twitter_site":"@Notibras","twitter_misc":{"Escrito por":"Reda\u00e7\u00e3o","Est. tempo de leitura":"3 minutos"},"schema":{"@context":"https:\/\/schema.org","@graph":[{"@type":"Article","@id":"https:\/\/www.notibras.com\/site\/liberado-por-mendonca-vorcaro-descarta-depor-na-cpmi-do-inss\/#article","isPartOf":{"@id":"https:\/\/www.notibras.com\/site\/liberado-por-mendonca-vorcaro-descarta-depor-na-cpmi-do-inss\/"},"author":{"name":"Reda\u00e7\u00e3o","@id":"https:\/\/www.notibras.com\/site\/#\/schema\/person\/36ab0979449956132d3e5b517ea76ac8"},"headline":"Liberado por Mendon\u00e7a, Vorcaro descarta depor na CPMI do INSS","datePublished":"2026-02-21T03:00:23+00:00","dateModified":"2026-02-21T09:42:18+00:00","mainEntityOfPage":{"@id":"https:\/\/www.notibras.com\/site\/liberado-por-mendonca-vorcaro-descarta-depor-na-cpmi-do-inss\/"},"wordCount":421,"publisher":{"@id":"https:\/\/www.notibras.com\/site\/#organization"},"image":{"@id":"https:\/\/www.notibras.com\/site\/liberado-por-mendonca-vorcaro-descarta-depor-na-cpmi-do-inss\/#primaryimage"},"thumbnailUrl":"https:\/\/www.notibras.com\/site\/wp-content\/uploads\/2025\/11\/vorcaro.avif","articleSection":["Brasil"],"inLanguage":"pt-BR"},{"@type":"WebPage","@id":"https:\/\/www.notibras.com\/site\/liberado-por-mendonca-vorcaro-descarta-depor-na-cpmi-do-inss\/","url":"https:\/\/www.notibras.com\/site\/liberado-por-mendonca-vorcaro-descarta-depor-na-cpmi-do-inss\/","name":"Liberado por Mendon\u00e7a, Vorcaro descarta depor na CPMI do INSS - Notibras","isPartOf":{"@id":"https:\/\/www.notibras.com\/site\/#website"},"primaryImageOfPage":{"@id":"https:\/\/www.notibras.com\/site\/liberado-por-mendonca-vorcaro-descarta-depor-na-cpmi-do-inss\/#primaryimage"},"image":{"@id":"https:\/\/www.notibras.com\/site\/liberado-por-mendonca-vorcaro-descarta-depor-na-cpmi-do-inss\/#primaryimage"},"thumbnailUrl":"https:\/\/www.notibras.com\/site\/wp-content\/uploads\/2025\/11\/vorcaro.avif","datePublished":"2026-02-21T03:00:23+00:00","dateModified":"2026-02-21T09:42:18+00:00","breadcrumb":{"@id":"https:\/\/www.notibras.com\/site\/liberado-por-mendonca-vorcaro-descarta-depor-na-cpmi-do-inss\/#breadcrumb"},"inLanguage":"pt-BR","potentialAction":[{"@type":"ReadAction","target":["https:\/\/www.notibras.com\/site\/liberado-por-mendonca-vorcaro-descarta-depor-na-cpmi-do-inss\/"]}]},{"@type":"ImageObject","inLanguage":"pt-BR","@id":"https:\/\/www.notibras.com\/site\/liberado-por-mendonca-vorcaro-descarta-depor-na-cpmi-do-inss\/#primaryimage","url":"https:\/\/www.notibras.com\/site\/wp-content\/uploads\/2025\/11\/vorcaro.avif","contentUrl":"https:\/\/www.notibras.com\/site\/wp-content\/uploads\/2025\/11\/vorcaro.avif","width":888,"height":590},{"@type":"BreadcrumbList","@id":"https:\/\/www.notibras.com\/site\/liberado-por-mendonca-vorcaro-descarta-depor-na-cpmi-do-inss\/#breadcrumb","itemListElement":[{"@type":"ListItem","position":1,"name":"In\u00edcio","item":"https:\/\/www.notibras.com\/site\/"},{"@type":"ListItem","position":2,"name":"Liberado por Mendon\u00e7a, Vorcaro descarta depor na CPMI do INSS"}]},{"@type":"WebSite","@id":"https:\/\/www.notibras.com\/site\/#website","url":"https:\/\/www.notibras.com\/site\/","name":"Notibras","description":"Not\u00edcias de Bras\u00edlia, do Brasil e do Mundo","publisher":{"@id":"https:\/\/www.notibras.com\/site\/#organization"},"potentialAction":[{"@type":"SearchAction","target":{"@type":"EntryPoint","urlTemplate":"https:\/\/www.notibras.com\/site\/?s={search_term_string}"},"query-input":{"@type":"PropertyValueSpecification","valueRequired":true,"valueName":"search_term_string"}}],"inLanguage":"pt-BR"},{"@type":"Organization","@id":"https:\/\/www.notibras.com\/site\/#organization","name":"Grupo Notibras de Comunica\u00e7\u00e3o","url":"https:\/\/www.notibras.com\/site\/","logo":{"@type":"ImageObject","inLanguage":"pt-BR","@id":"https:\/\/www.notibras.com\/site\/#\/schema\/logo\/image\/","url":"https:\/\/www.notibras.com\/site\/wp-content\/uploads\/2023\/01\/notibras23.png","contentUrl":"https:\/\/www.notibras.com\/site\/wp-content\/uploads\/2023\/01\/notibras23.png","width":350,"height":87,"caption":"Grupo Notibras de Comunica\u00e7\u00e3o"},"image":{"@id":"https:\/\/www.notibras.com\/site\/#\/schema\/logo\/image\/"},"sameAs":["https:\/\/www.facebook.com\/notibras\/","https:\/\/x.com\/Notibras","https:\/\/www.instagram.com\/notibras\/"]},{"@type":"Person","@id":"https:\/\/www.notibras.com\/site\/#\/schema\/person\/36ab0979449956132d3e5b517ea76ac8","name":"Reda\u00e7\u00e3o","image":{"@type":"ImageObject","inLanguage":"pt-BR","@id":"https:\/\/secure.gravatar.com\/avatar\/e0a867bdedb85fd243eadf09663511f96fc81e0720a4a42581f334ad4303aa6b?s=96&d=mm&r=g","url":"https:\/\/secure.gravatar.com\/avatar\/e0a867bdedb85fd243eadf09663511f96fc81e0720a4a42581f334ad4303aa6b?s=96&d=mm&r=g","contentUrl":"https:\/\/secure.gravatar.com\/avatar\/e0a867bdedb85fd243eadf09663511f96fc81e0720a4a42581f334ad4303aa6b?s=96&d=mm&r=g","caption":"Reda\u00e7\u00e3o"}}]}},"amp_enabled":true,"_links":{"self":[{"href":"https:\/\/www.notibras.com\/site\/wp-json\/wp\/v2\/posts\/384081","targetHints":{"allow":["GET"]}}],"collection":[{"href":"https:\/\/www.notibras.com\/site\/wp-json\/wp\/v2\/posts"}],"about":[{"href":"https:\/\/www.notibras.com\/site\/wp-json\/wp\/v2\/types\/post"}],"author":[{"embeddable":true,"href":"https:\/\/www.notibras.com\/site\/wp-json\/wp\/v2\/users\/2"}],"replies":[{"embeddable":true,"href":"https:\/\/www.notibras.com\/site\/wp-json\/wp\/v2\/comments?post=384081"}],"version-history":[{"count":1,"href":"https:\/\/www.notibras.com\/site\/wp-json\/wp\/v2\/posts\/384081\/revisions"}],"predecessor-version":[{"id":384082,"href":"https:\/\/www.notibras.com\/site\/wp-json\/wp\/v2\/posts\/384081\/revisions\/384082"}],"wp:featuredmedia":[{"embeddable":true,"href":"https:\/\/www.notibras.com\/site\/wp-json\/wp\/v2\/media\/371415"}],"wp:attachment":[{"href":"https:\/\/www.notibras.com\/site\/wp-json\/wp\/v2\/media?parent=384081"}],"wp:term":[{"taxonomy":"category","embeddable":true,"href":"https:\/\/www.notibras.com\/site\/wp-json\/wp\/v2\/categories?post=384081"},{"taxonomy":"post_tag","embeddable":true,"href":"https:\/\/www.notibras.com\/site\/wp-json\/wp\/v2\/tags?post=384081"}],"curies":[{"name":"wp","href":"https:\/\/api.w.org\/{rel}","templated":true}]}}