{"id":384083,"date":"2026-02-21T00:00:51","date_gmt":"2026-02-21T03:00:51","guid":{"rendered":"https:\/\/www.notibras.com\/site\/?p=384083"},"modified":"2026-02-21T06:49:55","modified_gmt":"2026-02-21T09:49:55","slug":"pre-selecionados-devem-complementar-inscricao-ate-terca-dia-24","status":"publish","type":"post","link":"https:\/\/www.notibras.com\/site\/pre-selecionados-devem-complementar-inscricao-ate-terca-dia-24\/","title":{"rendered":"Pr\u00e9-selecionados devem complementar inscri\u00e7\u00e3o at\u00e9 ter\u00e7a, dia 24"},"content":{"rendered":"<p>Os estudantes pr\u00e9-selecionados na chamada \u00fanica do Fundo de Financiamento Estudantil (Fies) 2026 devem complementar as informa\u00e7\u00f5es prestadas no momento da inscri\u00e7\u00e3o. O prazo terminar\u00e1 \u00e0s 23h59 de ter\u00e7a-feira (24), no hor\u00e1rio de Bras\u00edlia.<\/p>\n<p>Os pr\u00e9-selecionados devem acessar o site do FiesSele\u00e7\u00e3o, com a senha da plataforma Gov.br, para complementar o cadastro.<\/p>\n<p>As informa\u00e7\u00f5es pedidas agora n\u00e3o foram solicitadas na inscri\u00e7\u00e3o inicial e dizem respeito, por exemplo:<\/p>\n<p>\u00e0 confirma\u00e7\u00e3o do endere\u00e7o e contatos de e-mail\/telefone, ao detalhamento do grupo familiar;<\/p>\n<p>\u00e0 informa\u00e7\u00e3o do semestre de ingresso na faculdade;<\/p>\n<p>ao percentual do financiamento estudantil;<\/p>\n<p>\u00e0 escolha do banco em que deseja formalizar o contrato de financiamento;<\/p>\n<p>e ao valor da mensalidade para auxiliar o c\u00e1lculo do financiamento.<\/p>\n<p>De acordo com o edital do Fies 2026, o pr\u00e9-selecionado a uma vaga do Fies Social tamb\u00e9m j\u00e1 pode solicitar a contrata\u00e7\u00e3o de financiamento integral, com a cobertura de at\u00e9 100% dos encargos educacionais cobrados pela faculdade privada.<\/p>\n<p><strong>Chamada \u00fanica<\/strong><br \/>\nO estudante pode conferir se foi pr\u00e9-selecionado na chamada \u00fanica do Fies para o primeiro semestre de 2026 diretamente no Portal \u00danico de Acesso ao Ensino Superior, na aba do Fies.<\/p>\n<p>O Fies Social beneficia estudantes com renda familiar por pessoa de at\u00e9 meio sal\u00e1rio m\u00ednimo (R$ 810,50, em 2026) e com inscri\u00e7\u00e3o ativa no Cadastro \u00danico de Programas Sociais do governo federal (Cad\u00danico).<\/p>\n<p><strong>Etapas<\/strong><br \/>\nAp\u00f3s o per\u00edodo de complementa\u00e7\u00e3o online das informa\u00e7\u00f5es da inscri\u00e7\u00e3o, os estudantes dever\u00e3o comprovar as informa\u00e7\u00f5es declaradas em at\u00e9 cinco dias \u00fateis, diretamente na institui\u00e7\u00e3o privada de ensino superior em que foram pr\u00e9-selecionados.<\/p>\n<p>No caso do pr\u00e9-selecionado para uma vaga do Fies Social, este ficar\u00e1 dispensado da comprova\u00e7\u00e3o da renda familiar perante a Comiss\u00e3o Permanente de Supervis\u00e3o e Acompanhamento (CPSA) da faculdade.<\/p>\n<p>Mesmo assim, dever\u00e1 comparecer \u00e0 comiss\u00e3o para validar as demais informa\u00e7\u00f5es.<\/p>\n<p><strong>Lista de espera<\/strong><br \/>\nAs vagas eventualmente n\u00e3o ocupadas nesta primeira edi\u00e7\u00e3o do ano do Fies ser\u00e3o ofertadas na edi\u00e7\u00e3o do segundo semestre.<\/p>\n<p>De acordo com o edital que determina as regras do Fies 2026, os estudantes que n\u00e3o forem pr\u00e9-selecionados na chamada \u00fanica estar\u00e3o automaticamente na lista de espera para preenchimento das vagas n\u00e3o ocupadas, observada a ordem de classifica\u00e7\u00e3o.<\/p>\n<p>Quem estiver na lista de espera do Fies dever\u00e1 acompanhar o resultado de eventual pr\u00e9-sele\u00e7\u00e3o no site do FiesSele\u00e7\u00e3o.<\/p>\n<p>A convoca\u00e7\u00e3o dessa lista de espera ocorrer\u00e1 de 26 de fevereiro a 10 de abril.<\/p>\n<p><strong>Oferta e inscri\u00e7\u00f5es<\/strong><br \/>\nNeste primeiro semestre, o processo seletivo ofereceu 67.301 vagas em 1.421 universidades, faculdades e centros universit\u00e1rios privados, para 19.834 cursos de ensino superior.<\/p>\n<p>Em todo o ano de 2026, o n\u00famero de vagas ofertadas pelo Fies ser\u00e1 de 112.168.<\/p>\n<p>Desde 2024, o programa reserva 50% das vagas para o Fies Social. Al\u00e9m disso, o programa prev\u00ea vagas a candidatos autodeclarados negros (pretos e pardos), ind\u00edgenas, quilombolas e pessoas com defici\u00eancia (PCD).<\/p>\n<p>Cada candidato p\u00f4de se inscrever em at\u00e9 tr\u00eas op\u00e7\u00f5es de curso superior, neste processo de sele\u00e7\u00e3o.<\/p>\n<p>Ao todo, o Minist\u00e9rio da Educa\u00e7\u00e3o registrou 210.108 pessoas interessadas, que fizeram 528.175 inscri\u00e7\u00f5es.<\/p>\n<p>Especificamente para o Fies Social, o total de inscritos nas vagas ofertadas foi de 52.930 candidatos.<\/p>\n<p>Anualmente, o Fies tem dois processos seletivos regulares, um por semestre letivo. Tamb\u00e9m s\u00e3o realizados processos seletivos para vagas remanescentes, que ocorrem ap\u00f3s os processos regulares, com o objetivo de preencher vagas eventualmente n\u00e3o ocupadas.<\/p>\n","protected":false},"excerpt":{"rendered":"<p>Os estudantes pr\u00e9-selecionados na chamada \u00fanica do Fundo de Financiamento Estudantil (Fies) 2026 devem complementar as informa\u00e7\u00f5es prestadas no momento da inscri\u00e7\u00e3o. O prazo terminar\u00e1 \u00e0s 23h59 de ter\u00e7a-feira (24), no hor\u00e1rio de Bras\u00edlia. Os pr\u00e9-selecionados devem acessar o site do FiesSele\u00e7\u00e3o, com a senha da plataforma Gov.br, para complementar o cadastro. As informa\u00e7\u00f5es pedidas [&hellip;]<\/p>\n","protected":false},"author":2,"featured_media":384084,"comment_status":"closed","ping_status":"closed","sticky":false,"template":"","format":"standard","meta":{"_acf_changed":false,"footnotes":""},"categories":[16],"tags":[],"class_list":["post-384083","post","type-post","status-publish","format-standard","has-post-thumbnail","hentry","category-brasil"],"acf":[],"yoast_head":"<!-- This site is optimized with the Yoast SEO plugin v27.2 - https:\/\/yoast.com\/product\/yoast-seo-wordpress\/ -->\n<title>Pr\u00e9-selecionados devem complementar inscri\u00e7\u00e3o at\u00e9 ter\u00e7a, dia 24 - Notibras<\/title>\n<meta name=\"robots\" content=\"index, follow, max-snippet:-1, max-image-preview:large, max-video-preview:-1\" \/>\n<link rel=\"canonical\" href=\"https:\/\/www.notibras.com\/site\/pre-selecionados-devem-complementar-inscricao-ate-terca-dia-24\/\" \/>\n<meta property=\"og:locale\" content=\"pt_BR\" \/>\n<meta property=\"og:type\" content=\"article\" \/>\n<meta property=\"og:title\" content=\"Pr\u00e9-selecionados devem complementar inscri\u00e7\u00e3o at\u00e9 ter\u00e7a, dia 24 - Notibras\" \/>\n<meta property=\"og:description\" content=\"Os estudantes pr\u00e9-selecionados na chamada \u00fanica do Fundo de Financiamento Estudantil (Fies) 2026 devem complementar as informa\u00e7\u00f5es prestadas no momento da inscri\u00e7\u00e3o. O prazo terminar\u00e1 \u00e0s 23h59 de ter\u00e7a-feira (24), no hor\u00e1rio de Bras\u00edlia. Os pr\u00e9-selecionados devem acessar o site do FiesSele\u00e7\u00e3o, com a senha da plataforma Gov.br, para complementar o cadastro. As informa\u00e7\u00f5es pedidas [&hellip;]\" \/>\n<meta property=\"og:url\" content=\"https:\/\/www.notibras.com\/site\/pre-selecionados-devem-complementar-inscricao-ate-terca-dia-24\/\" \/>\n<meta property=\"og:site_name\" content=\"Notibras\" \/>\n<meta property=\"article:publisher\" content=\"https:\/\/www.facebook.com\/notibras\/\" \/>\n<meta property=\"article:published_time\" content=\"2026-02-21T03:00:51+00:00\" \/>\n<meta property=\"article:modified_time\" content=\"2026-02-21T09:49:55+00:00\" \/>\n<meta property=\"og:image\" content=\"https:\/\/www.notibras.com\/site\/wp-content\/uploads\/2026\/02\/toms0141.webp\" \/>\n\t<meta property=\"og:image:width\" content=\"1170\" \/>\n\t<meta property=\"og:image:height\" content=\"700\" \/>\n\t<meta property=\"og:image:type\" content=\"image\/webp\" \/>\n<meta name=\"author\" content=\"Reda\u00e7\u00e3o\" \/>\n<meta name=\"twitter:card\" content=\"summary_large_image\" \/>\n<meta name=\"twitter:creator\" content=\"@Notibras\" \/>\n<meta name=\"twitter:site\" content=\"@Notibras\" \/>\n<meta name=\"twitter:label1\" content=\"Escrito por\" \/>\n\t<meta name=\"twitter:data1\" content=\"Reda\u00e7\u00e3o\" \/>\n\t<meta name=\"twitter:label2\" content=\"Est. tempo de leitura\" \/>\n\t<meta name=\"twitter:data2\" content=\"4 minutos\" \/>\n<script type=\"application\/ld+json\" class=\"yoast-schema-graph\">{\"@context\":\"https:\/\/schema.org\",\"@graph\":[{\"@type\":\"Article\",\"@id\":\"https:\/\/www.notibras.com\/site\/pre-selecionados-devem-complementar-inscricao-ate-terca-dia-24\/#article\",\"isPartOf\":{\"@id\":\"https:\/\/www.notibras.com\/site\/pre-selecionados-devem-complementar-inscricao-ate-terca-dia-24\/\"},\"author\":{\"name\":\"Reda\u00e7\u00e3o\",\"@id\":\"https:\/\/www.notibras.com\/site\/#\/schema\/person\/36ab0979449956132d3e5b517ea76ac8\"},\"headline\":\"Pr\u00e9-selecionados devem complementar inscri\u00e7\u00e3o at\u00e9 ter\u00e7a, dia 24\",\"datePublished\":\"2026-02-21T03:00:51+00:00\",\"dateModified\":\"2026-02-21T09:49:55+00:00\",\"mainEntityOfPage\":{\"@id\":\"https:\/\/www.notibras.com\/site\/pre-selecionados-devem-complementar-inscricao-ate-terca-dia-24\/\"},\"wordCount\":599,\"publisher\":{\"@id\":\"https:\/\/www.notibras.com\/site\/#organization\"},\"image\":{\"@id\":\"https:\/\/www.notibras.com\/site\/pre-selecionados-devem-complementar-inscricao-ate-terca-dia-24\/#primaryimage\"},\"thumbnailUrl\":\"https:\/\/www.notibras.com\/site\/wp-content\/uploads\/2026\/02\/toms0141.webp\",\"articleSection\":[\"Brasil\"],\"inLanguage\":\"pt-BR\"},{\"@type\":\"WebPage\",\"@id\":\"https:\/\/www.notibras.com\/site\/pre-selecionados-devem-complementar-inscricao-ate-terca-dia-24\/\",\"url\":\"https:\/\/www.notibras.com\/site\/pre-selecionados-devem-complementar-inscricao-ate-terca-dia-24\/\",\"name\":\"Pr\u00e9-selecionados devem complementar inscri\u00e7\u00e3o at\u00e9 ter\u00e7a, dia 24 - Notibras\",\"isPartOf\":{\"@id\":\"https:\/\/www.notibras.com\/site\/#website\"},\"primaryImageOfPage\":{\"@id\":\"https:\/\/www.notibras.com\/site\/pre-selecionados-devem-complementar-inscricao-ate-terca-dia-24\/#primaryimage\"},\"image\":{\"@id\":\"https:\/\/www.notibras.com\/site\/pre-selecionados-devem-complementar-inscricao-ate-terca-dia-24\/#primaryimage\"},\"thumbnailUrl\":\"https:\/\/www.notibras.com\/site\/wp-content\/uploads\/2026\/02\/toms0141.webp\",\"datePublished\":\"2026-02-21T03:00:51+00:00\",\"dateModified\":\"2026-02-21T09:49:55+00:00\",\"breadcrumb\":{\"@id\":\"https:\/\/www.notibras.com\/site\/pre-selecionados-devem-complementar-inscricao-ate-terca-dia-24\/#breadcrumb\"},\"inLanguage\":\"pt-BR\",\"potentialAction\":[{\"@type\":\"ReadAction\",\"target\":[\"https:\/\/www.notibras.com\/site\/pre-selecionados-devem-complementar-inscricao-ate-terca-dia-24\/\"]}]},{\"@type\":\"ImageObject\",\"inLanguage\":\"pt-BR\",\"@id\":\"https:\/\/www.notibras.com\/site\/pre-selecionados-devem-complementar-inscricao-ate-terca-dia-24\/#primaryimage\",\"url\":\"https:\/\/www.notibras.com\/site\/wp-content\/uploads\/2026\/02\/toms0141.webp\",\"contentUrl\":\"https:\/\/www.notibras.com\/site\/wp-content\/uploads\/2026\/02\/toms0141.webp\",\"width\":1170,\"height\":700},{\"@type\":\"BreadcrumbList\",\"@id\":\"https:\/\/www.notibras.com\/site\/pre-selecionados-devem-complementar-inscricao-ate-terca-dia-24\/#breadcrumb\",\"itemListElement\":[{\"@type\":\"ListItem\",\"position\":1,\"name\":\"In\u00edcio\",\"item\":\"https:\/\/www.notibras.com\/site\/\"},{\"@type\":\"ListItem\",\"position\":2,\"name\":\"Pr\u00e9-selecionados devem complementar inscri\u00e7\u00e3o at\u00e9 ter\u00e7a, dia 24\"}]},{\"@type\":\"WebSite\",\"@id\":\"https:\/\/www.notibras.com\/site\/#website\",\"url\":\"https:\/\/www.notibras.com\/site\/\",\"name\":\"Notibras\",\"description\":\"Not\u00edcias de Bras\u00edlia, do Brasil e do Mundo\",\"publisher\":{\"@id\":\"https:\/\/www.notibras.com\/site\/#organization\"},\"potentialAction\":[{\"@type\":\"SearchAction\",\"target\":{\"@type\":\"EntryPoint\",\"urlTemplate\":\"https:\/\/www.notibras.com\/site\/?s={search_term_string}\"},\"query-input\":{\"@type\":\"PropertyValueSpecification\",\"valueRequired\":true,\"valueName\":\"search_term_string\"}}],\"inLanguage\":\"pt-BR\"},{\"@type\":\"Organization\",\"@id\":\"https:\/\/www.notibras.com\/site\/#organization\",\"name\":\"Grupo Notibras de Comunica\u00e7\u00e3o\",\"url\":\"https:\/\/www.notibras.com\/site\/\",\"logo\":{\"@type\":\"ImageObject\",\"inLanguage\":\"pt-BR\",\"@id\":\"https:\/\/www.notibras.com\/site\/#\/schema\/logo\/image\/\",\"url\":\"https:\/\/www.notibras.com\/site\/wp-content\/uploads\/2023\/01\/notibras23.png\",\"contentUrl\":\"https:\/\/www.notibras.com\/site\/wp-content\/uploads\/2023\/01\/notibras23.png\",\"width\":350,\"height\":87,\"caption\":\"Grupo Notibras de Comunica\u00e7\u00e3o\"},\"image\":{\"@id\":\"https:\/\/www.notibras.com\/site\/#\/schema\/logo\/image\/\"},\"sameAs\":[\"https:\/\/www.facebook.com\/notibras\/\",\"https:\/\/x.com\/Notibras\",\"https:\/\/www.instagram.com\/notibras\/\"]},{\"@type\":\"Person\",\"@id\":\"https:\/\/www.notibras.com\/site\/#\/schema\/person\/36ab0979449956132d3e5b517ea76ac8\",\"name\":\"Reda\u00e7\u00e3o\",\"image\":{\"@type\":\"ImageObject\",\"inLanguage\":\"pt-BR\",\"@id\":\"https:\/\/secure.gravatar.com\/avatar\/e0a867bdedb85fd243eadf09663511f96fc81e0720a4a42581f334ad4303aa6b?s=96&d=mm&r=g\",\"url\":\"https:\/\/secure.gravatar.com\/avatar\/e0a867bdedb85fd243eadf09663511f96fc81e0720a4a42581f334ad4303aa6b?s=96&d=mm&r=g\",\"contentUrl\":\"https:\/\/secure.gravatar.com\/avatar\/e0a867bdedb85fd243eadf09663511f96fc81e0720a4a42581f334ad4303aa6b?s=96&d=mm&r=g\",\"caption\":\"Reda\u00e7\u00e3o\"}}]}<\/script>\n<!-- \/ Yoast SEO plugin. -->","yoast_head_json":{"title":"Pr\u00e9-selecionados devem complementar inscri\u00e7\u00e3o at\u00e9 ter\u00e7a, dia 24 - Notibras","robots":{"index":"index","follow":"follow","max-snippet":"max-snippet:-1","max-image-preview":"max-image-preview:large","max-video-preview":"max-video-preview:-1"},"canonical":"https:\/\/www.notibras.com\/site\/pre-selecionados-devem-complementar-inscricao-ate-terca-dia-24\/","og_locale":"pt_BR","og_type":"article","og_title":"Pr\u00e9-selecionados devem complementar inscri\u00e7\u00e3o at\u00e9 ter\u00e7a, dia 24 - Notibras","og_description":"Os estudantes pr\u00e9-selecionados na chamada \u00fanica do Fundo de Financiamento Estudantil (Fies) 2026 devem complementar as informa\u00e7\u00f5es prestadas no momento da inscri\u00e7\u00e3o. O prazo terminar\u00e1 \u00e0s 23h59 de ter\u00e7a-feira (24), no hor\u00e1rio de Bras\u00edlia. Os pr\u00e9-selecionados devem acessar o site do FiesSele\u00e7\u00e3o, com a senha da plataforma Gov.br, para complementar o cadastro. As informa\u00e7\u00f5es pedidas [&hellip;]","og_url":"https:\/\/www.notibras.com\/site\/pre-selecionados-devem-complementar-inscricao-ate-terca-dia-24\/","og_site_name":"Notibras","article_publisher":"https:\/\/www.facebook.com\/notibras\/","article_published_time":"2026-02-21T03:00:51+00:00","article_modified_time":"2026-02-21T09:49:55+00:00","og_image":[{"width":1170,"height":700,"url":"https:\/\/www.notibras.com\/site\/wp-content\/uploads\/2026\/02\/toms0141.webp","type":"image\/webp"}],"author":"Reda\u00e7\u00e3o","twitter_card":"summary_large_image","twitter_creator":"@Notibras","twitter_site":"@Notibras","twitter_misc":{"Escrito por":"Reda\u00e7\u00e3o","Est. tempo de leitura":"4 minutos"},"schema":{"@context":"https:\/\/schema.org","@graph":[{"@type":"Article","@id":"https:\/\/www.notibras.com\/site\/pre-selecionados-devem-complementar-inscricao-ate-terca-dia-24\/#article","isPartOf":{"@id":"https:\/\/www.notibras.com\/site\/pre-selecionados-devem-complementar-inscricao-ate-terca-dia-24\/"},"author":{"name":"Reda\u00e7\u00e3o","@id":"https:\/\/www.notibras.com\/site\/#\/schema\/person\/36ab0979449956132d3e5b517ea76ac8"},"headline":"Pr\u00e9-selecionados devem complementar inscri\u00e7\u00e3o at\u00e9 ter\u00e7a, dia 24","datePublished":"2026-02-21T03:00:51+00:00","dateModified":"2026-02-21T09:49:55+00:00","mainEntityOfPage":{"@id":"https:\/\/www.notibras.com\/site\/pre-selecionados-devem-complementar-inscricao-ate-terca-dia-24\/"},"wordCount":599,"publisher":{"@id":"https:\/\/www.notibras.com\/site\/#organization"},"image":{"@id":"https:\/\/www.notibras.com\/site\/pre-selecionados-devem-complementar-inscricao-ate-terca-dia-24\/#primaryimage"},"thumbnailUrl":"https:\/\/www.notibras.com\/site\/wp-content\/uploads\/2026\/02\/toms0141.webp","articleSection":["Brasil"],"inLanguage":"pt-BR"},{"@type":"WebPage","@id":"https:\/\/www.notibras.com\/site\/pre-selecionados-devem-complementar-inscricao-ate-terca-dia-24\/","url":"https:\/\/www.notibras.com\/site\/pre-selecionados-devem-complementar-inscricao-ate-terca-dia-24\/","name":"Pr\u00e9-selecionados devem complementar inscri\u00e7\u00e3o at\u00e9 ter\u00e7a, dia 24 - Notibras","isPartOf":{"@id":"https:\/\/www.notibras.com\/site\/#website"},"primaryImageOfPage":{"@id":"https:\/\/www.notibras.com\/site\/pre-selecionados-devem-complementar-inscricao-ate-terca-dia-24\/#primaryimage"},"image":{"@id":"https:\/\/www.notibras.com\/site\/pre-selecionados-devem-complementar-inscricao-ate-terca-dia-24\/#primaryimage"},"thumbnailUrl":"https:\/\/www.notibras.com\/site\/wp-content\/uploads\/2026\/02\/toms0141.webp","datePublished":"2026-02-21T03:00:51+00:00","dateModified":"2026-02-21T09:49:55+00:00","breadcrumb":{"@id":"https:\/\/www.notibras.com\/site\/pre-selecionados-devem-complementar-inscricao-ate-terca-dia-24\/#breadcrumb"},"inLanguage":"pt-BR","potentialAction":[{"@type":"ReadAction","target":["https:\/\/www.notibras.com\/site\/pre-selecionados-devem-complementar-inscricao-ate-terca-dia-24\/"]}]},{"@type":"ImageObject","inLanguage":"pt-BR","@id":"https:\/\/www.notibras.com\/site\/pre-selecionados-devem-complementar-inscricao-ate-terca-dia-24\/#primaryimage","url":"https:\/\/www.notibras.com\/site\/wp-content\/uploads\/2026\/02\/toms0141.webp","contentUrl":"https:\/\/www.notibras.com\/site\/wp-content\/uploads\/2026\/02\/toms0141.webp","width":1170,"height":700},{"@type":"BreadcrumbList","@id":"https:\/\/www.notibras.com\/site\/pre-selecionados-devem-complementar-inscricao-ate-terca-dia-24\/#breadcrumb","itemListElement":[{"@type":"ListItem","position":1,"name":"In\u00edcio","item":"https:\/\/www.notibras.com\/site\/"},{"@type":"ListItem","position":2,"name":"Pr\u00e9-selecionados devem complementar inscri\u00e7\u00e3o at\u00e9 ter\u00e7a, dia 24"}]},{"@type":"WebSite","@id":"https:\/\/www.notibras.com\/site\/#website","url":"https:\/\/www.notibras.com\/site\/","name":"Notibras","description":"Not\u00edcias de Bras\u00edlia, do Brasil e do Mundo","publisher":{"@id":"https:\/\/www.notibras.com\/site\/#organization"},"potentialAction":[{"@type":"SearchAction","target":{"@type":"EntryPoint","urlTemplate":"https:\/\/www.notibras.com\/site\/?s={search_term_string}"},"query-input":{"@type":"PropertyValueSpecification","valueRequired":true,"valueName":"search_term_string"}}],"inLanguage":"pt-BR"},{"@type":"Organization","@id":"https:\/\/www.notibras.com\/site\/#organization","name":"Grupo Notibras de Comunica\u00e7\u00e3o","url":"https:\/\/www.notibras.com\/site\/","logo":{"@type":"ImageObject","inLanguage":"pt-BR","@id":"https:\/\/www.notibras.com\/site\/#\/schema\/logo\/image\/","url":"https:\/\/www.notibras.com\/site\/wp-content\/uploads\/2023\/01\/notibras23.png","contentUrl":"https:\/\/www.notibras.com\/site\/wp-content\/uploads\/2023\/01\/notibras23.png","width":350,"height":87,"caption":"Grupo Notibras de Comunica\u00e7\u00e3o"},"image":{"@id":"https:\/\/www.notibras.com\/site\/#\/schema\/logo\/image\/"},"sameAs":["https:\/\/www.facebook.com\/notibras\/","https:\/\/x.com\/Notibras","https:\/\/www.instagram.com\/notibras\/"]},{"@type":"Person","@id":"https:\/\/www.notibras.com\/site\/#\/schema\/person\/36ab0979449956132d3e5b517ea76ac8","name":"Reda\u00e7\u00e3o","image":{"@type":"ImageObject","inLanguage":"pt-BR","@id":"https:\/\/secure.gravatar.com\/avatar\/e0a867bdedb85fd243eadf09663511f96fc81e0720a4a42581f334ad4303aa6b?s=96&d=mm&r=g","url":"https:\/\/secure.gravatar.com\/avatar\/e0a867bdedb85fd243eadf09663511f96fc81e0720a4a42581f334ad4303aa6b?s=96&d=mm&r=g","contentUrl":"https:\/\/secure.gravatar.com\/avatar\/e0a867bdedb85fd243eadf09663511f96fc81e0720a4a42581f334ad4303aa6b?s=96&d=mm&r=g","caption":"Reda\u00e7\u00e3o"}}]}},"amp_enabled":true,"_links":{"self":[{"href":"https:\/\/www.notibras.com\/site\/wp-json\/wp\/v2\/posts\/384083","targetHints":{"allow":["GET"]}}],"collection":[{"href":"https:\/\/www.notibras.com\/site\/wp-json\/wp\/v2\/posts"}],"about":[{"href":"https:\/\/www.notibras.com\/site\/wp-json\/wp\/v2\/types\/post"}],"author":[{"embeddable":true,"href":"https:\/\/www.notibras.com\/site\/wp-json\/wp\/v2\/users\/2"}],"replies":[{"embeddable":true,"href":"https:\/\/www.notibras.com\/site\/wp-json\/wp\/v2\/comments?post=384083"}],"version-history":[{"count":1,"href":"https:\/\/www.notibras.com\/site\/wp-json\/wp\/v2\/posts\/384083\/revisions"}],"predecessor-version":[{"id":384085,"href":"https:\/\/www.notibras.com\/site\/wp-json\/wp\/v2\/posts\/384083\/revisions\/384085"}],"wp:featuredmedia":[{"embeddable":true,"href":"https:\/\/www.notibras.com\/site\/wp-json\/wp\/v2\/media\/384084"}],"wp:attachment":[{"href":"https:\/\/www.notibras.com\/site\/wp-json\/wp\/v2\/media?parent=384083"}],"wp:term":[{"taxonomy":"category","embeddable":true,"href":"https:\/\/www.notibras.com\/site\/wp-json\/wp\/v2\/categories?post=384083"},{"taxonomy":"post_tag","embeddable":true,"href":"https:\/\/www.notibras.com\/site\/wp-json\/wp\/v2\/tags?post=384083"}],"curies":[{"name":"wp","href":"https:\/\/api.w.org\/{rel}","templated":true}]}}