{"id":384105,"date":"2026-02-21T12:00:45","date_gmt":"2026-02-21T15:00:45","guid":{"rendered":"https:\/\/www.notibras.com\/site\/?p=384105"},"modified":"2026-02-21T09:42:54","modified_gmt":"2026-02-21T12:42:54","slug":"quando-familia-enlatada-agradece-e-nao-esquece","status":"publish","type":"post","link":"https:\/\/www.notibras.com\/site\/quando-familia-enlatada-agradece-e-nao-esquece\/","title":{"rendered":"Quando fam\u00edlia enlatada agradece e n\u00e3o esquece"},"content":{"rendered":"<p>No meio das alegorias, das fantasias e das disputas judiciais, surgiu uma imagem que dificilmente ser\u00e1 esquecida: fam\u00edlias representadas dentro de latas, como se valores pudessem ser embalados, rotulados e expostos ao rid\u00edculo na prateleira ideol\u00f3gica do momento.<\/p>\n<p>A fam\u00edlia enlatada agradece.<\/p>\n<p>Agradece, com a ironia amarga de quem foi transformado em caricatura. Agradece pelo desrespeito travestido de cr\u00edtica. Agradece por ter servido como instrumento de provoca\u00e7\u00e3o pol\u00edtica em um desfile financiado com recursos p\u00fablicos.<\/p>\n<p>E n\u00e3o esquece.<\/p>\n<p>O rebaixamento da Acad\u00eamicos de Niter\u00f3i n\u00e3o \u00e9 um detalhe folcl\u00f3rico. Quando recursos p\u00fablicos financiam um enredo que homenageia um presidente em per\u00edodo pr\u00e9-eleitoral, a discuss\u00e3o deixa de ser art\u00edstica e passa a ser institucional. N\u00e3o se trata de censura nem de gosto. Trata-se de impessoalidade no uso do dinheiro do contribuinte.<\/p>\n<p>O Carnaval gera emprego, movimenta comunidades e fortalece cadeias produtivas relevantes. Nada disso est\u00e1 em quest\u00e3o. O que se questiona \u00e9 a utiliza\u00e7\u00e3o de verba p\u00fablica para promo\u00e7\u00e3o pol\u00edtica personalizada em momento sens\u00edvel do ponto de vista eleitoral. Quando essa linha \u00e9 ultrapassada, n\u00e3o se discute apenas est\u00e9tica, discute-se regra.<\/p>\n<p>H\u00e1 ainda um efeito pol\u00edtico que n\u00e3o pode ser ignorado. O enredo foi um tiro no p\u00e9 nas tentativas recentes de aproxima\u00e7\u00e3o de Lula com segmentos evang\u00e9licos e conservadores. Em vez de construir pontes, optou-se pela provoca\u00e7\u00e3o direta, caricaturando s\u00edmbolos caros a esses grupos. Ainda que a responsabilidade formal n\u00e3o recaia sobre o governo, o impacto pol\u00edtico existe e fragiliza movimentos de modera\u00e7\u00e3o que vinham sendo ensaiados.<\/p>\n<p>A rea\u00e7\u00e3o foi intensa. Houve comemora\u00e7\u00f5es pol\u00edticas, acusa\u00e7\u00f5es de persegui\u00e7\u00e3o, a\u00e7\u00f5es judiciais e manifesta\u00e7\u00e3o do TSE. O epis\u00f3dio saiu da avenida e entrou no campo institucional, onde o impacto \u00e9 mais amplo do que qualquer nota na apura\u00e7\u00e3o.<\/p>\n<p>Na mesma semana, a Receita Federal anunciou a amplia\u00e7\u00e3o do cruzamento de dados do Pix para o IR 2026. O sistema de monitoramento financeiro torna-se mais sofisticado e mais abrangente. Cada movimenta\u00e7\u00e3o deixa registro, cada transa\u00e7\u00e3o comp\u00f5e hist\u00f3rico. A justificativa t\u00e9cnica \u00e9 leg\u00edtima. O combate \u00e0 evas\u00e3o fiscal \u00e9 necess\u00e1rio.<\/p>\n<p>O problema surge quando a percep\u00e7\u00e3o p\u00fablica \u00e9 de que a transpar\u00eancia n\u00e3o opera com a mesma intensidade em todas as dire\u00e7\u00f5es.<\/p>\n<p>O cidad\u00e3o comum \u00e9 cada vez mais rastre\u00e1vel. J\u00e1 quando se trata de estruturas que envolvem poder financeiro, influ\u00eancia pol\u00edtica e decis\u00f5es regulat\u00f3rias, o processo de responsabiliza\u00e7\u00e3o costuma ser mais complexo e mais demorado.<\/p>\n<p>No exterior, os fatos refor\u00e7am essa discuss\u00e3o. O esc\u00e2ndalo Epstein continua produzindo efeitos institucionais e levou inclusive \u00e0 pris\u00e3o de um pr\u00edncipe ligado \u00e0s investiga\u00e7\u00f5es, atingindo diretamente a imagem da monarquia brit\u00e2nica. O ponto central n\u00e3o \u00e9 apenas o indiv\u00edduo. \u00c9 o ambiente de rela\u00e7\u00f5es entre elites pol\u00edticas, empresariais e sociais que permite que determinadas conex\u00f5es resistam por anos antes de serem plenamente enfrentadas.<\/p>\n<p>O caso revelou como redes de relacionamento podem criar ambientes de prote\u00e7\u00e3o m\u00fatua, dificultando a responsabiliza\u00e7\u00e3o e ampliando a sensa\u00e7\u00e3o de que existem c\u00edrculos menos vulner\u00e1veis \u00e0 lei.<\/p>\n<p>N\u00e3o se trata de equiparar situa\u00e7\u00f5es distintas. Mas h\u00e1 uma semelhan\u00e7a estrutural que merece aten\u00e7\u00e3o. Quando finan\u00e7as, pol\u00edtica e regula\u00e7\u00e3o se aproximam de maneira excessiva, cresce a desconfian\u00e7a social.<\/p>\n<p>No Brasil, o ambiente que envolve o caso Vorcaro\/Master tamb\u00e9m suscita questionamentos nesse sentido. O debate n\u00e3o \u00e9 apenas t\u00e9cnico. \u00c9 institucional. Quando atores financeiros relevantes mant\u00eam proximidade com decis\u00f5es regulat\u00f3rias e ambientes pol\u00edticos, a exig\u00eancia por transpar\u00eancia precisa ser proporcional \u00e0 influ\u00eancia exercida.<\/p>\n<p>Se a resposta \u00e9 lenta, fragmentada ou pouco clara, instala-se a percep\u00e7\u00e3o de tratamento desigual.<\/p>\n<p>Democracias n\u00e3o se enfraquecem apenas por grandes rupturas. Elas se desgastam quando a popula\u00e7\u00e3o passa a acreditar que existem crit\u00e9rios distintos para o contribuinte comum e para grupos com acesso ao poder.<\/p>\n<p>No plano geopol\u00edtico, o ambiente tamb\u00e9m \u00e9 de reposicionamento estrat\u00e9gico. Macron convida Lula para a C\u00fapula do G7 enquanto o acordo Mercosul-Uni\u00e3o Europeia ganha relev\u00e2ncia em meio ao avan\u00e7o do protecionismo. Nos Estados Unidos, discute-se a cria\u00e7\u00e3o de um Conselho da Paz para Gaza ao mesmo tempo em que se oferecem tropas. O Reino Unido enfrenta constrangimentos institucionais que alcan\u00e7am a pr\u00f3pria fam\u00edlia real. O cen\u00e1rio internacional \u00e9 de tens\u00e3o crescente e escrut\u00ednio ampliado.<\/p>\n<p>Nesse contexto, o Brasil n\u00e3o pode tratar seus pr\u00f3prios epis\u00f3dios como meras disputas narrativas.<\/p>\n<p>O fato mais negativo do Carnaval n\u00e3o foi ideol\u00f3gico nem est\u00e9tico. Foi institucional. A utiliza\u00e7\u00e3o de recursos p\u00fablicos para promo\u00e7\u00e3o pol\u00edtica personalizada em per\u00edodo pr\u00e9-eleitoral compromete a percep\u00e7\u00e3o de imparcialidade do Estado. Isso \u00e9 especialmente grave quando o mesmo Estado amplia sua capacidade de vigil\u00e2ncia sobre a vida financeira do cidad\u00e3o.<\/p>\n<p>O Estado que exige transpar\u00eancia absoluta do contribuinte n\u00e3o pode aceitar opacidade quando o tema envolve poder, influ\u00eancia e uso de recursos coletivos. N\u00e3o pode relativizar proximidades indevidas. N\u00e3o pode naturalizar situa\u00e7\u00f5es que enfraquecem a impessoalidade administrativa. Se h\u00e1 rigor para quem paga imposto, deve haver rigor equivalente para quem exerce poder.<\/p>\n<p>Caso contr\u00e1rio, n\u00e3o estaremos discutindo apenas um desfile controverso.<\/p>\n<p>Estaremos consolidando a percep\u00e7\u00e3o de que a lei funciona com pesos distintos. E quando essa percep\u00e7\u00e3o se firma, o desgaste n\u00e3o \u00e9 eleitoral. \u00c9 institucional.<\/p>\n<p>E isso, ao contr\u00e1rio do Carnaval, n\u00e3o termina na Quarta-feira de Cinzas.<\/p>\n","protected":false},"excerpt":{"rendered":"<p>No meio das alegorias, das fantasias e das disputas judiciais, surgiu uma imagem que dificilmente ser\u00e1 esquecida: fam\u00edlias representadas dentro de latas, como se valores pudessem ser embalados, rotulados e expostos ao rid\u00edculo na prateleira ideol\u00f3gica do momento. A fam\u00edlia enlatada agradece. Agradece, com a ironia amarga de quem foi transformado em caricatura. Agradece pelo [&hellip;]<\/p>\n","protected":false},"author":2,"featured_media":384106,"comment_status":"closed","ping_status":"closed","sticky":false,"template":"","format":"standard","meta":{"_acf_changed":false,"footnotes":""},"categories":[16],"tags":[95],"class_list":["post-384105","post","type-post","status-publish","format-standard","has-post-thumbnail","hentry","category-brasil","tag-capa"],"acf":[],"yoast_head":"<!-- This site is optimized with the Yoast SEO plugin v27.2 - https:\/\/yoast.com\/product\/yoast-seo-wordpress\/ -->\n<title>Quando fam\u00edlia enlatada agradece e n\u00e3o esquece - Notibras<\/title>\n<meta name=\"robots\" content=\"index, follow, max-snippet:-1, max-image-preview:large, max-video-preview:-1\" \/>\n<link rel=\"canonical\" href=\"https:\/\/www.notibras.com\/site\/quando-familia-enlatada-agradece-e-nao-esquece\/\" \/>\n<meta property=\"og:locale\" content=\"pt_BR\" \/>\n<meta property=\"og:type\" content=\"article\" \/>\n<meta property=\"og:title\" content=\"Quando fam\u00edlia enlatada agradece e n\u00e3o esquece - Notibras\" \/>\n<meta property=\"og:description\" content=\"No meio das alegorias, das fantasias e das disputas judiciais, surgiu uma imagem que dificilmente ser\u00e1 esquecida: fam\u00edlias representadas dentro de latas, como se valores pudessem ser embalados, rotulados e expostos ao rid\u00edculo na prateleira ideol\u00f3gica do momento. A fam\u00edlia enlatada agradece. Agradece, com a ironia amarga de quem foi transformado em caricatura. Agradece pelo [&hellip;]\" \/>\n<meta property=\"og:url\" content=\"https:\/\/www.notibras.com\/site\/quando-familia-enlatada-agradece-e-nao-esquece\/\" \/>\n<meta property=\"og:site_name\" content=\"Notibras\" \/>\n<meta property=\"article:publisher\" content=\"https:\/\/www.facebook.com\/notibras\/\" \/>\n<meta property=\"article:published_time\" content=\"2026-02-21T15:00:45+00:00\" \/>\n<meta property=\"og:image\" content=\"https:\/\/www.notibras.com\/site\/wp-content\/uploads\/2026\/02\/enlatado.jpg\" \/>\n\t<meta property=\"og:image:width\" content=\"800\" \/>\n\t<meta property=\"og:image:height\" content=\"533\" \/>\n\t<meta property=\"og:image:type\" content=\"image\/jpeg\" \/>\n<meta name=\"author\" content=\"Reda\u00e7\u00e3o\" \/>\n<meta name=\"twitter:card\" content=\"summary_large_image\" \/>\n<meta name=\"twitter:creator\" content=\"@Notibras\" \/>\n<meta name=\"twitter:site\" content=\"@Notibras\" \/>\n<meta name=\"twitter:label1\" content=\"Escrito por\" \/>\n\t<meta name=\"twitter:data1\" content=\"Reda\u00e7\u00e3o\" \/>\n\t<meta name=\"twitter:label2\" content=\"Est. tempo de leitura\" \/>\n\t<meta name=\"twitter:data2\" content=\"5 minutos\" \/>\n<script type=\"application\/ld+json\" class=\"yoast-schema-graph\">{\"@context\":\"https:\/\/schema.org\",\"@graph\":[{\"@type\":\"Article\",\"@id\":\"https:\/\/www.notibras.com\/site\/quando-familia-enlatada-agradece-e-nao-esquece\/#article\",\"isPartOf\":{\"@id\":\"https:\/\/www.notibras.com\/site\/quando-familia-enlatada-agradece-e-nao-esquece\/\"},\"author\":{\"name\":\"Reda\u00e7\u00e3o\",\"@id\":\"https:\/\/www.notibras.com\/site\/#\/schema\/person\/36ab0979449956132d3e5b517ea76ac8\"},\"headline\":\"Quando fam\u00edlia enlatada agradece e n\u00e3o esquece\",\"datePublished\":\"2026-02-21T15:00:45+00:00\",\"mainEntityOfPage\":{\"@id\":\"https:\/\/www.notibras.com\/site\/quando-familia-enlatada-agradece-e-nao-esquece\/\"},\"wordCount\":975,\"publisher\":{\"@id\":\"https:\/\/www.notibras.com\/site\/#organization\"},\"image\":{\"@id\":\"https:\/\/www.notibras.com\/site\/quando-familia-enlatada-agradece-e-nao-esquece\/#primaryimage\"},\"thumbnailUrl\":\"https:\/\/www.notibras.com\/site\/wp-content\/uploads\/2026\/02\/enlatado.jpg\",\"keywords\":[\"capa\"],\"articleSection\":[\"Brasil\"],\"inLanguage\":\"pt-BR\"},{\"@type\":\"WebPage\",\"@id\":\"https:\/\/www.notibras.com\/site\/quando-familia-enlatada-agradece-e-nao-esquece\/\",\"url\":\"https:\/\/www.notibras.com\/site\/quando-familia-enlatada-agradece-e-nao-esquece\/\",\"name\":\"Quando fam\u00edlia enlatada agradece e n\u00e3o esquece - Notibras\",\"isPartOf\":{\"@id\":\"https:\/\/www.notibras.com\/site\/#website\"},\"primaryImageOfPage\":{\"@id\":\"https:\/\/www.notibras.com\/site\/quando-familia-enlatada-agradece-e-nao-esquece\/#primaryimage\"},\"image\":{\"@id\":\"https:\/\/www.notibras.com\/site\/quando-familia-enlatada-agradece-e-nao-esquece\/#primaryimage\"},\"thumbnailUrl\":\"https:\/\/www.notibras.com\/site\/wp-content\/uploads\/2026\/02\/enlatado.jpg\",\"datePublished\":\"2026-02-21T15:00:45+00:00\",\"breadcrumb\":{\"@id\":\"https:\/\/www.notibras.com\/site\/quando-familia-enlatada-agradece-e-nao-esquece\/#breadcrumb\"},\"inLanguage\":\"pt-BR\",\"potentialAction\":[{\"@type\":\"ReadAction\",\"target\":[\"https:\/\/www.notibras.com\/site\/quando-familia-enlatada-agradece-e-nao-esquece\/\"]}]},{\"@type\":\"ImageObject\",\"inLanguage\":\"pt-BR\",\"@id\":\"https:\/\/www.notibras.com\/site\/quando-familia-enlatada-agradece-e-nao-esquece\/#primaryimage\",\"url\":\"https:\/\/www.notibras.com\/site\/wp-content\/uploads\/2026\/02\/enlatado.jpg\",\"contentUrl\":\"https:\/\/www.notibras.com\/site\/wp-content\/uploads\/2026\/02\/enlatado.jpg\",\"width\":800,\"height\":533},{\"@type\":\"BreadcrumbList\",\"@id\":\"https:\/\/www.notibras.com\/site\/quando-familia-enlatada-agradece-e-nao-esquece\/#breadcrumb\",\"itemListElement\":[{\"@type\":\"ListItem\",\"position\":1,\"name\":\"In\u00edcio\",\"item\":\"https:\/\/www.notibras.com\/site\/\"},{\"@type\":\"ListItem\",\"position\":2,\"name\":\"Quando fam\u00edlia enlatada agradece e n\u00e3o esquece\"}]},{\"@type\":\"WebSite\",\"@id\":\"https:\/\/www.notibras.com\/site\/#website\",\"url\":\"https:\/\/www.notibras.com\/site\/\",\"name\":\"Notibras\",\"description\":\"Not\u00edcias de Bras\u00edlia, do Brasil e do Mundo\",\"publisher\":{\"@id\":\"https:\/\/www.notibras.com\/site\/#organization\"},\"potentialAction\":[{\"@type\":\"SearchAction\",\"target\":{\"@type\":\"EntryPoint\",\"urlTemplate\":\"https:\/\/www.notibras.com\/site\/?s={search_term_string}\"},\"query-input\":{\"@type\":\"PropertyValueSpecification\",\"valueRequired\":true,\"valueName\":\"search_term_string\"}}],\"inLanguage\":\"pt-BR\"},{\"@type\":\"Organization\",\"@id\":\"https:\/\/www.notibras.com\/site\/#organization\",\"name\":\"Grupo Notibras de Comunica\u00e7\u00e3o\",\"url\":\"https:\/\/www.notibras.com\/site\/\",\"logo\":{\"@type\":\"ImageObject\",\"inLanguage\":\"pt-BR\",\"@id\":\"https:\/\/www.notibras.com\/site\/#\/schema\/logo\/image\/\",\"url\":\"https:\/\/www.notibras.com\/site\/wp-content\/uploads\/2023\/01\/notibras23.png\",\"contentUrl\":\"https:\/\/www.notibras.com\/site\/wp-content\/uploads\/2023\/01\/notibras23.png\",\"width\":350,\"height\":87,\"caption\":\"Grupo Notibras de Comunica\u00e7\u00e3o\"},\"image\":{\"@id\":\"https:\/\/www.notibras.com\/site\/#\/schema\/logo\/image\/\"},\"sameAs\":[\"https:\/\/www.facebook.com\/notibras\/\",\"https:\/\/x.com\/Notibras\",\"https:\/\/www.instagram.com\/notibras\/\"]},{\"@type\":\"Person\",\"@id\":\"https:\/\/www.notibras.com\/site\/#\/schema\/person\/36ab0979449956132d3e5b517ea76ac8\",\"name\":\"Reda\u00e7\u00e3o\",\"image\":{\"@type\":\"ImageObject\",\"inLanguage\":\"pt-BR\",\"@id\":\"https:\/\/secure.gravatar.com\/avatar\/e0a867bdedb85fd243eadf09663511f96fc81e0720a4a42581f334ad4303aa6b?s=96&d=mm&r=g\",\"url\":\"https:\/\/secure.gravatar.com\/avatar\/e0a867bdedb85fd243eadf09663511f96fc81e0720a4a42581f334ad4303aa6b?s=96&d=mm&r=g\",\"contentUrl\":\"https:\/\/secure.gravatar.com\/avatar\/e0a867bdedb85fd243eadf09663511f96fc81e0720a4a42581f334ad4303aa6b?s=96&d=mm&r=g\",\"caption\":\"Reda\u00e7\u00e3o\"}}]}<\/script>\n<!-- \/ Yoast SEO plugin. -->","yoast_head_json":{"title":"Quando fam\u00edlia enlatada agradece e n\u00e3o esquece - Notibras","robots":{"index":"index","follow":"follow","max-snippet":"max-snippet:-1","max-image-preview":"max-image-preview:large","max-video-preview":"max-video-preview:-1"},"canonical":"https:\/\/www.notibras.com\/site\/quando-familia-enlatada-agradece-e-nao-esquece\/","og_locale":"pt_BR","og_type":"article","og_title":"Quando fam\u00edlia enlatada agradece e n\u00e3o esquece - Notibras","og_description":"No meio das alegorias, das fantasias e das disputas judiciais, surgiu uma imagem que dificilmente ser\u00e1 esquecida: fam\u00edlias representadas dentro de latas, como se valores pudessem ser embalados, rotulados e expostos ao rid\u00edculo na prateleira ideol\u00f3gica do momento. A fam\u00edlia enlatada agradece. Agradece, com a ironia amarga de quem foi transformado em caricatura. Agradece pelo [&hellip;]","og_url":"https:\/\/www.notibras.com\/site\/quando-familia-enlatada-agradece-e-nao-esquece\/","og_site_name":"Notibras","article_publisher":"https:\/\/www.facebook.com\/notibras\/","article_published_time":"2026-02-21T15:00:45+00:00","og_image":[{"width":800,"height":533,"url":"https:\/\/www.notibras.com\/site\/wp-content\/uploads\/2026\/02\/enlatado.jpg","type":"image\/jpeg"}],"author":"Reda\u00e7\u00e3o","twitter_card":"summary_large_image","twitter_creator":"@Notibras","twitter_site":"@Notibras","twitter_misc":{"Escrito por":"Reda\u00e7\u00e3o","Est. tempo de leitura":"5 minutos"},"schema":{"@context":"https:\/\/schema.org","@graph":[{"@type":"Article","@id":"https:\/\/www.notibras.com\/site\/quando-familia-enlatada-agradece-e-nao-esquece\/#article","isPartOf":{"@id":"https:\/\/www.notibras.com\/site\/quando-familia-enlatada-agradece-e-nao-esquece\/"},"author":{"name":"Reda\u00e7\u00e3o","@id":"https:\/\/www.notibras.com\/site\/#\/schema\/person\/36ab0979449956132d3e5b517ea76ac8"},"headline":"Quando fam\u00edlia enlatada agradece e n\u00e3o esquece","datePublished":"2026-02-21T15:00:45+00:00","mainEntityOfPage":{"@id":"https:\/\/www.notibras.com\/site\/quando-familia-enlatada-agradece-e-nao-esquece\/"},"wordCount":975,"publisher":{"@id":"https:\/\/www.notibras.com\/site\/#organization"},"image":{"@id":"https:\/\/www.notibras.com\/site\/quando-familia-enlatada-agradece-e-nao-esquece\/#primaryimage"},"thumbnailUrl":"https:\/\/www.notibras.com\/site\/wp-content\/uploads\/2026\/02\/enlatado.jpg","keywords":["capa"],"articleSection":["Brasil"],"inLanguage":"pt-BR"},{"@type":"WebPage","@id":"https:\/\/www.notibras.com\/site\/quando-familia-enlatada-agradece-e-nao-esquece\/","url":"https:\/\/www.notibras.com\/site\/quando-familia-enlatada-agradece-e-nao-esquece\/","name":"Quando fam\u00edlia enlatada agradece e n\u00e3o esquece - Notibras","isPartOf":{"@id":"https:\/\/www.notibras.com\/site\/#website"},"primaryImageOfPage":{"@id":"https:\/\/www.notibras.com\/site\/quando-familia-enlatada-agradece-e-nao-esquece\/#primaryimage"},"image":{"@id":"https:\/\/www.notibras.com\/site\/quando-familia-enlatada-agradece-e-nao-esquece\/#primaryimage"},"thumbnailUrl":"https:\/\/www.notibras.com\/site\/wp-content\/uploads\/2026\/02\/enlatado.jpg","datePublished":"2026-02-21T15:00:45+00:00","breadcrumb":{"@id":"https:\/\/www.notibras.com\/site\/quando-familia-enlatada-agradece-e-nao-esquece\/#breadcrumb"},"inLanguage":"pt-BR","potentialAction":[{"@type":"ReadAction","target":["https:\/\/www.notibras.com\/site\/quando-familia-enlatada-agradece-e-nao-esquece\/"]}]},{"@type":"ImageObject","inLanguage":"pt-BR","@id":"https:\/\/www.notibras.com\/site\/quando-familia-enlatada-agradece-e-nao-esquece\/#primaryimage","url":"https:\/\/www.notibras.com\/site\/wp-content\/uploads\/2026\/02\/enlatado.jpg","contentUrl":"https:\/\/www.notibras.com\/site\/wp-content\/uploads\/2026\/02\/enlatado.jpg","width":800,"height":533},{"@type":"BreadcrumbList","@id":"https:\/\/www.notibras.com\/site\/quando-familia-enlatada-agradece-e-nao-esquece\/#breadcrumb","itemListElement":[{"@type":"ListItem","position":1,"name":"In\u00edcio","item":"https:\/\/www.notibras.com\/site\/"},{"@type":"ListItem","position":2,"name":"Quando fam\u00edlia enlatada agradece e n\u00e3o esquece"}]},{"@type":"WebSite","@id":"https:\/\/www.notibras.com\/site\/#website","url":"https:\/\/www.notibras.com\/site\/","name":"Notibras","description":"Not\u00edcias de Bras\u00edlia, do Brasil e do Mundo","publisher":{"@id":"https:\/\/www.notibras.com\/site\/#organization"},"potentialAction":[{"@type":"SearchAction","target":{"@type":"EntryPoint","urlTemplate":"https:\/\/www.notibras.com\/site\/?s={search_term_string}"},"query-input":{"@type":"PropertyValueSpecification","valueRequired":true,"valueName":"search_term_string"}}],"inLanguage":"pt-BR"},{"@type":"Organization","@id":"https:\/\/www.notibras.com\/site\/#organization","name":"Grupo Notibras de Comunica\u00e7\u00e3o","url":"https:\/\/www.notibras.com\/site\/","logo":{"@type":"ImageObject","inLanguage":"pt-BR","@id":"https:\/\/www.notibras.com\/site\/#\/schema\/logo\/image\/","url":"https:\/\/www.notibras.com\/site\/wp-content\/uploads\/2023\/01\/notibras23.png","contentUrl":"https:\/\/www.notibras.com\/site\/wp-content\/uploads\/2023\/01\/notibras23.png","width":350,"height":87,"caption":"Grupo Notibras de Comunica\u00e7\u00e3o"},"image":{"@id":"https:\/\/www.notibras.com\/site\/#\/schema\/logo\/image\/"},"sameAs":["https:\/\/www.facebook.com\/notibras\/","https:\/\/x.com\/Notibras","https:\/\/www.instagram.com\/notibras\/"]},{"@type":"Person","@id":"https:\/\/www.notibras.com\/site\/#\/schema\/person\/36ab0979449956132d3e5b517ea76ac8","name":"Reda\u00e7\u00e3o","image":{"@type":"ImageObject","inLanguage":"pt-BR","@id":"https:\/\/secure.gravatar.com\/avatar\/e0a867bdedb85fd243eadf09663511f96fc81e0720a4a42581f334ad4303aa6b?s=96&d=mm&r=g","url":"https:\/\/secure.gravatar.com\/avatar\/e0a867bdedb85fd243eadf09663511f96fc81e0720a4a42581f334ad4303aa6b?s=96&d=mm&r=g","contentUrl":"https:\/\/secure.gravatar.com\/avatar\/e0a867bdedb85fd243eadf09663511f96fc81e0720a4a42581f334ad4303aa6b?s=96&d=mm&r=g","caption":"Reda\u00e7\u00e3o"}}]}},"amp_enabled":true,"_links":{"self":[{"href":"https:\/\/www.notibras.com\/site\/wp-json\/wp\/v2\/posts\/384105","targetHints":{"allow":["GET"]}}],"collection":[{"href":"https:\/\/www.notibras.com\/site\/wp-json\/wp\/v2\/posts"}],"about":[{"href":"https:\/\/www.notibras.com\/site\/wp-json\/wp\/v2\/types\/post"}],"author":[{"embeddable":true,"href":"https:\/\/www.notibras.com\/site\/wp-json\/wp\/v2\/users\/2"}],"replies":[{"embeddable":true,"href":"https:\/\/www.notibras.com\/site\/wp-json\/wp\/v2\/comments?post=384105"}],"version-history":[{"count":2,"href":"https:\/\/www.notibras.com\/site\/wp-json\/wp\/v2\/posts\/384105\/revisions"}],"predecessor-version":[{"id":384108,"href":"https:\/\/www.notibras.com\/site\/wp-json\/wp\/v2\/posts\/384105\/revisions\/384108"}],"wp:featuredmedia":[{"embeddable":true,"href":"https:\/\/www.notibras.com\/site\/wp-json\/wp\/v2\/media\/384106"}],"wp:attachment":[{"href":"https:\/\/www.notibras.com\/site\/wp-json\/wp\/v2\/media?parent=384105"}],"wp:term":[{"taxonomy":"category","embeddable":true,"href":"https:\/\/www.notibras.com\/site\/wp-json\/wp\/v2\/categories?post=384105"},{"taxonomy":"post_tag","embeddable":true,"href":"https:\/\/www.notibras.com\/site\/wp-json\/wp\/v2\/tags?post=384105"}],"curies":[{"name":"wp","href":"https:\/\/api.w.org\/{rel}","templated":true}]}}