{"id":384112,"date":"2026-02-22T02:00:04","date_gmt":"2026-02-22T05:00:04","guid":{"rendered":"https:\/\/www.notibras.com\/site\/?p=384112"},"modified":"2026-02-21T11:11:05","modified_gmt":"2026-02-21T14:11:05","slug":"o-triste-fim-do-preterido-de-lindalva","status":"publish","type":"post","link":"https:\/\/www.notibras.com\/site\/o-triste-fim-do-preterido-de-lindalva\/","title":{"rendered":"O triste fim do preterido de Lindalva"},"content":{"rendered":"<p>Tem gente que prefere a paz, o que \u00e9 at\u00e9 esperado e, provavelmente, seja o seu pensamento, que est\u00e1 neste momento me lendo. No entanto, h\u00e1 uma classe de gente que discorda e, entre esses se encontrava Josenildo. Que Deus o tenha ou, o que \u00e9 mais prov\u00e1vel, que o Diabo fa\u00e7a bom proveito do que lhe restou.<\/p>\n<p>Apaixonado por Lindalva desde que lhe pousou os olhos, Josenildo tinha como certo o enlace assim que a mo\u00e7oila resolvesse a pendenga com o ex-marido. Por sorte, o div\u00f3rcio caminhava, dentro do poss\u00edvel, para desenlace amig\u00e1vel. Isso apesar das trai\u00e7\u00f5es de ambos os lados, conforme havia sido amplamente divulgado pela r\u00e1dio comunit\u00e1ria, a implac\u00e1vel rede de fofocas.<\/p>\n<p>Ap\u00f3s cortejar Lindalva por praticamente todo o inverso, eis que, assim que a primavera apontou no horizonte, a mulher foi se enamorar por Rosinaldo, cuja profiss\u00e3o era de confeiteiro, mas que era afamado por tocar sanfona que nem Janu\u00e1rio. E as sortudas que conheciam o gajo na intimidade faziam quest\u00e3o de alardear que o que ele fazia com um acordeon nem de longe se comparava aos atributos pessoais.<\/p>\n<p>Josenildo, em vez de guardar a frustra\u00e7\u00e3o para si, quis dar um fim no seu advers\u00e1rio, com quem era incapaz de disputar na arte do amor. Tratou de armar uma arapuca para Rosinaldo, que vivia entre bolos, a sanfona e, naqueles idos, as coxas roli\u00e7as de Lindalva. Sem desconfiar do destino que lhe aguardava, o m\u00fasico foi salvo pela perspic\u00e1cia da amada, que sentiu algo estranho no ar.<\/p>\n<p>\u2014 N\u00e3o v\u00e1 agora, meu amor. Fique mais um pouco, que lhe prometo o que voc\u00ea me pede h\u00e1 dias.<\/p>\n<p>\u2014 Jura?<\/p>\n<p>\u2014 N\u00e3o juro porque jurar \u00e9 pecado.<\/p>\n<p>\u2014 E como vou acreditar?<\/p>\n<p>\u2014 E eu sou l\u00e1 mulher de mentir por coisa t\u00e3o s\u00e9ria?<\/p>\n<p>\u2014 Pois eu acredito, minha flor!<\/p>\n<p>\u2014 Mas aguarde aqui um instante, que vou me preparar. Troquei o len\u00e7ol hoje e n\u00e3o quero correr risco.<\/p>\n<p>Enquanto o namorado espeerava a amada, ela fingiu que entrou no banheiro, saiu pela porta dos fundos, pegou um porrete, rodeou a casa e acertou a cabe\u00e7a do Josenildo, que, faca na m\u00e3o, estava de tocaia \u00e0 espera do Rosinaldo. E a pancada foi t\u00e3o certeira, que o arapuqueiro nem ouviu os gemidos que vieram do quarto enquanto a promessa era cumprida.<\/p>\n<p>J\u00e1 na manh\u00e3 seguinte, assim que despertou, Lindalva foi conferir se Josenildo estava morto ou desmaiado. Mal abriu a porta quando se deparou com uma po\u00e7a de sangue seca no cimento grosso da entrada. No entanto, nem sinal do homem ou, ent\u00e3o, do que havia sobrado dele. S\u00f3 dois dias depois que a dona da casa encontrou o tratante, uma montoeira de pontos no cocuruto, sentado no banco da pra\u00e7a. Foi s\u00f3 o gajo olhar para ela e j\u00e1 se encolheu igual minhoca.<\/p>\n<p>Os dias se acumularam e viraram semanas, que foram se ajuntando at\u00e9 somarem uma carrada de meses e, n\u00e3o tardou, Lindalva e Rosinaldo completaram um ano de enlace. E partiu da mulher a ideia de fazerem uma viagem para comemorar aquele feito, que nem eles acreditavam que alcan\u00e7ariam.<\/p>\n<p>\u2014 E pra onde, minha linda?<\/p>\n<p>\u2014 Num sei ainda, mas quero ir pra um lugar bonito.<\/p>\n<p>\u2014 E a nossa Luzi\u00e2nia n\u00e3o \u00e9 o lugar mais lindo do planeta Goi\u00e1s?<\/p>\n<p>\u2014 Deixa de ser abestado, Rosinaldo. E desde quando Goi\u00e1s \u00e9 planeta?<\/p>\n<p>\u2014 E eu n\u00e3o sei? T\u00f4 brincando.<\/p>\n<p>\u2014 Ent\u00e3o?<\/p>\n<p>\u2014 Ent\u00e3o o qu\u00ea, minha flor?<\/p>\n<p>\u2014 Vamos?<\/p>\n<p>\u2014 Se tu vai, vou eu junto.<\/p>\n<p>O casal, ap\u00f3s quase dois dias de propostas invi\u00e1veis, entre as quais Paris, Roma e Manaus, optaram pela Chapada dos Veadeiros, onde alugaram um bangal\u00f4. E, na semana seguinte, os pombinhos colocaram o m\u00ednimo poss\u00edvel dentro do Fusca e pegaram a estrada.<\/p>\n<p>Chegaram para o almo\u00e7o e, ap\u00f3s darem um passeio pelo povoado, retornaram para o aconchego, pois, segundo Lindalva gostava de falar, Rosinaldo precisava fazer uma apresenta\u00e7\u00e3o de gala, com direito a bis, sob os len\u00e7\u00f3is.<\/p>\n<p>Acordaram esfomeados e, ap\u00f3s um breve repeteco para aumentar ainda mais o apetite, tomaram banho e foram tomar o delicioso caf\u00e9 da manh\u00e3. Como pretendiam passar o dia em uma das belas cachoeiras do parque, capricharam na quantidade, mas sem se empanturrarem.<\/p>\n<p>Mochilas nas costas, l\u00e1 foram Lindalva e Rosinaldo, m\u00e3os dadas, descobrirem as maravilhas do local. E o tempo parecia estar a favor dos dois, pois n\u00e3o estava nem quente nem frio, e, ainda por cima, soprava uma agrad\u00e1vel brisa que parecia acariciar aqueles rostos felizes. Mal sabiam eles que dois olhos trai\u00e7oeiros os espreitavam atr\u00e1s dos arbustos e troncos retorcidos pelo caminho.<\/p>\n<p>Josenildo, o pr\u00f3prio, cujo rancor ainda o consumia, havia seguido os enamorados. E se a aquilo teria iniciado por amor, j\u00e1 h\u00e1 algum tempo s\u00f3 restava o desejo pelo caos. E foi esse irresist\u00edvel sentimento que impulsionou o gajo a ir atr\u00e1s de vingan\u00e7a.<\/p>\n<p>Os apaixonados, de vez em quando, paravam para se hidratar e, como no local s\u00f3 havia beleza e nem sinal de gente, aproveitavam para beijos ardentes. E foi justamente num desses momentos em que Josenildo, escondido atr\u00e1s de uma enorme pedra, sentiu uma dor intensa em sua m\u00e3o. Assustado, viu um escorpi\u00e3o ao seu lado, prov\u00e1vel culpado. Quis gritar, mas mordeu o local da picada para aplacar a dor e conter o som que queria sair pela garganta.<\/p>\n<p>Picadas de escorpi\u00e3o s\u00e3o realmente dolorosas e, apesar de perigosas, geralmente n\u00e3o s\u00e3o fatais, a n\u00e3o ser em crian\u00e7as, animais pequenos e adultos que sejam al\u00e9rgicos. Bem, parece que este era o caso do Josenildo, que, n\u00e3o tardou, caiu duro e, por dias, ficou ali servindo de alimento para a rica fauna do Cerrado: urubus, carcar\u00e1s, larvas de moscas, besouros e at\u00e9 mesmo um simp\u00e1tico tatu.<\/p>\n<p>Com os dias, Josenildo virou s\u00f3 esqueleto, cujos ossos foram espalhados por toda a regi\u00e3o. E hoje, j\u00e1 se passados mais de 15 anos do ocorrido, n\u00e3o raro, algum trilheiro encontra uma costela ou fragmento, mas logo descarta, imaginando se tratar parte de restos de queixada ou caititu.<\/p>\n<p>Bem, e \u00e9 assim que as coisas aconteceram ou n\u00e3o, ao menos, \u00e9 de como me lembro de ter ouvido em uma conversa ao redor de uma fogueira em S\u00e3o Jorge. Quanto \u00e0 Lindalva e ao Rosinaldo, dizem que ainda vivem em Luzi\u00e2nia e, ao que tudo indica, muito apaixonados.<\/p>\n<p><strong>\u2026\u2026\u2026\u2026\u2026\u2026\u2026\u2026<\/strong><\/p>\n<p><strong>Eduardo Mart\u00ednez \u00e9 autor do livro \u201957 Contos e Cr\u00f4nicas por um Autor Muito Velho\u2019 (Vencedor do Pr\u00eamio Liter\u00e1rio Clarice Lispector \u2013 2025 na categoria livro de contos).<\/strong><\/p>\n<p><strong>Compre aqui<\/strong><\/p>\n<p><a href=\"https:\/\/www.joanineditora.com.br\/57-contos-e-cronicas-por-um-autor-muito-velho\"><strong>https:\/\/www.joanineditora.com.br\/57-contos-e-cronicas-por-um-autor-muito-velho<\/strong><\/a><\/p>\n<div id=\"wpdevar_comment_4\"><\/div>\n","protected":false},"excerpt":{"rendered":"<p>Tem gente que prefere a paz, o que \u00e9 at\u00e9 esperado e, provavelmente, seja o seu pensamento, que est\u00e1 neste momento me lendo. No entanto, h\u00e1 uma classe de gente que discorda e, entre esses se encontrava Josenildo. Que Deus o tenha ou, o que \u00e9 mais prov\u00e1vel, que o Diabo fa\u00e7a bom proveito do [&hellip;]<\/p>\n","protected":false},"author":21,"featured_media":384114,"comment_status":"closed","ping_status":"closed","sticky":false,"template":"","format":"standard","meta":{"_acf_changed":false,"footnotes":""},"categories":[161],"tags":[],"class_list":["post-384112","post","type-post","status-publish","format-standard","has-post-thumbnail","hentry","category-quadradinho-em-foco"],"acf":[],"yoast_head":"<!-- This site is optimized with the Yoast SEO plugin v27.2 - https:\/\/yoast.com\/product\/yoast-seo-wordpress\/ -->\n<title>O triste fim do preterido de Lindalva - Notibras<\/title>\n<meta name=\"robots\" content=\"index, follow, max-snippet:-1, max-image-preview:large, max-video-preview:-1\" \/>\n<link rel=\"canonical\" href=\"https:\/\/www.notibras.com\/site\/o-triste-fim-do-preterido-de-lindalva\/\" \/>\n<meta property=\"og:locale\" content=\"pt_BR\" \/>\n<meta property=\"og:type\" content=\"article\" \/>\n<meta property=\"og:title\" content=\"O triste fim do preterido de Lindalva - Notibras\" \/>\n<meta property=\"og:description\" content=\"Tem gente que prefere a paz, o que \u00e9 at\u00e9 esperado e, provavelmente, seja o seu pensamento, que est\u00e1 neste momento me lendo. No entanto, h\u00e1 uma classe de gente que discorda e, entre esses se encontrava Josenildo. Que Deus o tenha ou, o que \u00e9 mais prov\u00e1vel, que o Diabo fa\u00e7a bom proveito do [&hellip;]\" \/>\n<meta property=\"og:url\" content=\"https:\/\/www.notibras.com\/site\/o-triste-fim-do-preterido-de-lindalva\/\" \/>\n<meta property=\"og:site_name\" content=\"Notibras\" \/>\n<meta property=\"article:publisher\" content=\"https:\/\/www.facebook.com\/notibras\/\" \/>\n<meta property=\"article:published_time\" content=\"2026-02-22T05:00:04+00:00\" \/>\n<meta property=\"og:image\" content=\"https:\/\/www.notibras.com\/site\/wp-content\/uploads\/2026\/02\/2761fa2f-8f2b-4521-a6ac-8eda8a6b4600.jpg\" \/>\n\t<meta property=\"og:image:width\" content=\"1023\" \/>\n\t<meta property=\"og:image:height\" content=\"923\" \/>\n\t<meta property=\"og:image:type\" content=\"image\/jpeg\" \/>\n<meta name=\"author\" content=\"Eduardo Mart\u00ednez\" \/>\n<meta name=\"twitter:card\" content=\"summary_large_image\" \/>\n<meta name=\"twitter:creator\" content=\"@Notibras\" \/>\n<meta name=\"twitter:site\" content=\"@Notibras\" \/>\n<meta name=\"twitter:label1\" content=\"Escrito por\" \/>\n\t<meta name=\"twitter:data1\" content=\"Eduardo Mart\u00ednez\" \/>\n\t<meta name=\"twitter:label2\" content=\"Est. tempo de leitura\" \/>\n\t<meta name=\"twitter:data2\" content=\"7 minutos\" \/>\n<script type=\"application\/ld+json\" class=\"yoast-schema-graph\">{\"@context\":\"https:\/\/schema.org\",\"@graph\":[{\"@type\":\"Article\",\"@id\":\"https:\/\/www.notibras.com\/site\/o-triste-fim-do-preterido-de-lindalva\/#article\",\"isPartOf\":{\"@id\":\"https:\/\/www.notibras.com\/site\/o-triste-fim-do-preterido-de-lindalva\/\"},\"author\":{\"name\":\"Eduardo Mart\u00ednez\",\"@id\":\"https:\/\/www.notibras.com\/site\/#\/schema\/person\/5b7fabf2aedc3ada2105f03b22b4d3dd\"},\"headline\":\"O triste fim do preterido de Lindalva\",\"datePublished\":\"2026-02-22T05:00:04+00:00\",\"mainEntityOfPage\":{\"@id\":\"https:\/\/www.notibras.com\/site\/o-triste-fim-do-preterido-de-lindalva\/\"},\"wordCount\":1143,\"publisher\":{\"@id\":\"https:\/\/www.notibras.com\/site\/#organization\"},\"image\":{\"@id\":\"https:\/\/www.notibras.com\/site\/o-triste-fim-do-preterido-de-lindalva\/#primaryimage\"},\"thumbnailUrl\":\"https:\/\/www.notibras.com\/site\/wp-content\/uploads\/2026\/02\/2761fa2f-8f2b-4521-a6ac-8eda8a6b4600.jpg\",\"articleSection\":[\"Quadradinho em Foco\"],\"inLanguage\":\"pt-BR\"},{\"@type\":\"WebPage\",\"@id\":\"https:\/\/www.notibras.com\/site\/o-triste-fim-do-preterido-de-lindalva\/\",\"url\":\"https:\/\/www.notibras.com\/site\/o-triste-fim-do-preterido-de-lindalva\/\",\"name\":\"O triste fim do preterido de Lindalva - Notibras\",\"isPartOf\":{\"@id\":\"https:\/\/www.notibras.com\/site\/#website\"},\"primaryImageOfPage\":{\"@id\":\"https:\/\/www.notibras.com\/site\/o-triste-fim-do-preterido-de-lindalva\/#primaryimage\"},\"image\":{\"@id\":\"https:\/\/www.notibras.com\/site\/o-triste-fim-do-preterido-de-lindalva\/#primaryimage\"},\"thumbnailUrl\":\"https:\/\/www.notibras.com\/site\/wp-content\/uploads\/2026\/02\/2761fa2f-8f2b-4521-a6ac-8eda8a6b4600.jpg\",\"datePublished\":\"2026-02-22T05:00:04+00:00\",\"breadcrumb\":{\"@id\":\"https:\/\/www.notibras.com\/site\/o-triste-fim-do-preterido-de-lindalva\/#breadcrumb\"},\"inLanguage\":\"pt-BR\",\"potentialAction\":[{\"@type\":\"ReadAction\",\"target\":[\"https:\/\/www.notibras.com\/site\/o-triste-fim-do-preterido-de-lindalva\/\"]}]},{\"@type\":\"ImageObject\",\"inLanguage\":\"pt-BR\",\"@id\":\"https:\/\/www.notibras.com\/site\/o-triste-fim-do-preterido-de-lindalva\/#primaryimage\",\"url\":\"https:\/\/www.notibras.com\/site\/wp-content\/uploads\/2026\/02\/2761fa2f-8f2b-4521-a6ac-8eda8a6b4600.jpg\",\"contentUrl\":\"https:\/\/www.notibras.com\/site\/wp-content\/uploads\/2026\/02\/2761fa2f-8f2b-4521-a6ac-8eda8a6b4600.jpg\",\"width\":1023,\"height\":923},{\"@type\":\"BreadcrumbList\",\"@id\":\"https:\/\/www.notibras.com\/site\/o-triste-fim-do-preterido-de-lindalva\/#breadcrumb\",\"itemListElement\":[{\"@type\":\"ListItem\",\"position\":1,\"name\":\"In\u00edcio\",\"item\":\"https:\/\/www.notibras.com\/site\/\"},{\"@type\":\"ListItem\",\"position\":2,\"name\":\"O triste fim do preterido de Lindalva\"}]},{\"@type\":\"WebSite\",\"@id\":\"https:\/\/www.notibras.com\/site\/#website\",\"url\":\"https:\/\/www.notibras.com\/site\/\",\"name\":\"Notibras\",\"description\":\"Not\u00edcias de Bras\u00edlia, do Brasil e do Mundo\",\"publisher\":{\"@id\":\"https:\/\/www.notibras.com\/site\/#organization\"},\"potentialAction\":[{\"@type\":\"SearchAction\",\"target\":{\"@type\":\"EntryPoint\",\"urlTemplate\":\"https:\/\/www.notibras.com\/site\/?s={search_term_string}\"},\"query-input\":{\"@type\":\"PropertyValueSpecification\",\"valueRequired\":true,\"valueName\":\"search_term_string\"}}],\"inLanguage\":\"pt-BR\"},{\"@type\":\"Organization\",\"@id\":\"https:\/\/www.notibras.com\/site\/#organization\",\"name\":\"Grupo Notibras de Comunica\u00e7\u00e3o\",\"url\":\"https:\/\/www.notibras.com\/site\/\",\"logo\":{\"@type\":\"ImageObject\",\"inLanguage\":\"pt-BR\",\"@id\":\"https:\/\/www.notibras.com\/site\/#\/schema\/logo\/image\/\",\"url\":\"https:\/\/www.notibras.com\/site\/wp-content\/uploads\/2023\/01\/notibras23.png\",\"contentUrl\":\"https:\/\/www.notibras.com\/site\/wp-content\/uploads\/2023\/01\/notibras23.png\",\"width\":350,\"height\":87,\"caption\":\"Grupo Notibras de Comunica\u00e7\u00e3o\"},\"image\":{\"@id\":\"https:\/\/www.notibras.com\/site\/#\/schema\/logo\/image\/\"},\"sameAs\":[\"https:\/\/www.facebook.com\/notibras\/\",\"https:\/\/x.com\/Notibras\",\"https:\/\/www.instagram.com\/notibras\/\"]},{\"@type\":\"Person\",\"@id\":\"https:\/\/www.notibras.com\/site\/#\/schema\/person\/5b7fabf2aedc3ada2105f03b22b4d3dd\",\"name\":\"Eduardo Mart\u00ednez\",\"image\":{\"@type\":\"ImageObject\",\"inLanguage\":\"pt-BR\",\"@id\":\"https:\/\/secure.gravatar.com\/avatar\/7902f906289926289cbcda644b5197c796b893c6ffd7b9a536a42d290f7704a0?s=96&d=mm&r=g\",\"url\":\"https:\/\/secure.gravatar.com\/avatar\/7902f906289926289cbcda644b5197c796b893c6ffd7b9a536a42d290f7704a0?s=96&d=mm&r=g\",\"contentUrl\":\"https:\/\/secure.gravatar.com\/avatar\/7902f906289926289cbcda644b5197c796b893c6ffd7b9a536a42d290f7704a0?s=96&d=mm&r=g\",\"caption\":\"Eduardo Mart\u00ednez\"}}]}<\/script>\n<!-- \/ Yoast SEO plugin. -->","yoast_head_json":{"title":"O triste fim do preterido de Lindalva - Notibras","robots":{"index":"index","follow":"follow","max-snippet":"max-snippet:-1","max-image-preview":"max-image-preview:large","max-video-preview":"max-video-preview:-1"},"canonical":"https:\/\/www.notibras.com\/site\/o-triste-fim-do-preterido-de-lindalva\/","og_locale":"pt_BR","og_type":"article","og_title":"O triste fim do preterido de Lindalva - Notibras","og_description":"Tem gente que prefere a paz, o que \u00e9 at\u00e9 esperado e, provavelmente, seja o seu pensamento, que est\u00e1 neste momento me lendo. No entanto, h\u00e1 uma classe de gente que discorda e, entre esses se encontrava Josenildo. Que Deus o tenha ou, o que \u00e9 mais prov\u00e1vel, que o Diabo fa\u00e7a bom proveito do [&hellip;]","og_url":"https:\/\/www.notibras.com\/site\/o-triste-fim-do-preterido-de-lindalva\/","og_site_name":"Notibras","article_publisher":"https:\/\/www.facebook.com\/notibras\/","article_published_time":"2026-02-22T05:00:04+00:00","og_image":[{"width":1023,"height":923,"url":"https:\/\/www.notibras.com\/site\/wp-content\/uploads\/2026\/02\/2761fa2f-8f2b-4521-a6ac-8eda8a6b4600.jpg","type":"image\/jpeg"}],"author":"Eduardo Mart\u00ednez","twitter_card":"summary_large_image","twitter_creator":"@Notibras","twitter_site":"@Notibras","twitter_misc":{"Escrito por":"Eduardo Mart\u00ednez","Est. tempo de leitura":"7 minutos"},"schema":{"@context":"https:\/\/schema.org","@graph":[{"@type":"Article","@id":"https:\/\/www.notibras.com\/site\/o-triste-fim-do-preterido-de-lindalva\/#article","isPartOf":{"@id":"https:\/\/www.notibras.com\/site\/o-triste-fim-do-preterido-de-lindalva\/"},"author":{"name":"Eduardo Mart\u00ednez","@id":"https:\/\/www.notibras.com\/site\/#\/schema\/person\/5b7fabf2aedc3ada2105f03b22b4d3dd"},"headline":"O triste fim do preterido de Lindalva","datePublished":"2026-02-22T05:00:04+00:00","mainEntityOfPage":{"@id":"https:\/\/www.notibras.com\/site\/o-triste-fim-do-preterido-de-lindalva\/"},"wordCount":1143,"publisher":{"@id":"https:\/\/www.notibras.com\/site\/#organization"},"image":{"@id":"https:\/\/www.notibras.com\/site\/o-triste-fim-do-preterido-de-lindalva\/#primaryimage"},"thumbnailUrl":"https:\/\/www.notibras.com\/site\/wp-content\/uploads\/2026\/02\/2761fa2f-8f2b-4521-a6ac-8eda8a6b4600.jpg","articleSection":["Quadradinho em Foco"],"inLanguage":"pt-BR"},{"@type":"WebPage","@id":"https:\/\/www.notibras.com\/site\/o-triste-fim-do-preterido-de-lindalva\/","url":"https:\/\/www.notibras.com\/site\/o-triste-fim-do-preterido-de-lindalva\/","name":"O triste fim do preterido de Lindalva - Notibras","isPartOf":{"@id":"https:\/\/www.notibras.com\/site\/#website"},"primaryImageOfPage":{"@id":"https:\/\/www.notibras.com\/site\/o-triste-fim-do-preterido-de-lindalva\/#primaryimage"},"image":{"@id":"https:\/\/www.notibras.com\/site\/o-triste-fim-do-preterido-de-lindalva\/#primaryimage"},"thumbnailUrl":"https:\/\/www.notibras.com\/site\/wp-content\/uploads\/2026\/02\/2761fa2f-8f2b-4521-a6ac-8eda8a6b4600.jpg","datePublished":"2026-02-22T05:00:04+00:00","breadcrumb":{"@id":"https:\/\/www.notibras.com\/site\/o-triste-fim-do-preterido-de-lindalva\/#breadcrumb"},"inLanguage":"pt-BR","potentialAction":[{"@type":"ReadAction","target":["https:\/\/www.notibras.com\/site\/o-triste-fim-do-preterido-de-lindalva\/"]}]},{"@type":"ImageObject","inLanguage":"pt-BR","@id":"https:\/\/www.notibras.com\/site\/o-triste-fim-do-preterido-de-lindalva\/#primaryimage","url":"https:\/\/www.notibras.com\/site\/wp-content\/uploads\/2026\/02\/2761fa2f-8f2b-4521-a6ac-8eda8a6b4600.jpg","contentUrl":"https:\/\/www.notibras.com\/site\/wp-content\/uploads\/2026\/02\/2761fa2f-8f2b-4521-a6ac-8eda8a6b4600.jpg","width":1023,"height":923},{"@type":"BreadcrumbList","@id":"https:\/\/www.notibras.com\/site\/o-triste-fim-do-preterido-de-lindalva\/#breadcrumb","itemListElement":[{"@type":"ListItem","position":1,"name":"In\u00edcio","item":"https:\/\/www.notibras.com\/site\/"},{"@type":"ListItem","position":2,"name":"O triste fim do preterido de Lindalva"}]},{"@type":"WebSite","@id":"https:\/\/www.notibras.com\/site\/#website","url":"https:\/\/www.notibras.com\/site\/","name":"Notibras","description":"Not\u00edcias de Bras\u00edlia, do Brasil e do Mundo","publisher":{"@id":"https:\/\/www.notibras.com\/site\/#organization"},"potentialAction":[{"@type":"SearchAction","target":{"@type":"EntryPoint","urlTemplate":"https:\/\/www.notibras.com\/site\/?s={search_term_string}"},"query-input":{"@type":"PropertyValueSpecification","valueRequired":true,"valueName":"search_term_string"}}],"inLanguage":"pt-BR"},{"@type":"Organization","@id":"https:\/\/www.notibras.com\/site\/#organization","name":"Grupo Notibras de Comunica\u00e7\u00e3o","url":"https:\/\/www.notibras.com\/site\/","logo":{"@type":"ImageObject","inLanguage":"pt-BR","@id":"https:\/\/www.notibras.com\/site\/#\/schema\/logo\/image\/","url":"https:\/\/www.notibras.com\/site\/wp-content\/uploads\/2023\/01\/notibras23.png","contentUrl":"https:\/\/www.notibras.com\/site\/wp-content\/uploads\/2023\/01\/notibras23.png","width":350,"height":87,"caption":"Grupo Notibras de Comunica\u00e7\u00e3o"},"image":{"@id":"https:\/\/www.notibras.com\/site\/#\/schema\/logo\/image\/"},"sameAs":["https:\/\/www.facebook.com\/notibras\/","https:\/\/x.com\/Notibras","https:\/\/www.instagram.com\/notibras\/"]},{"@type":"Person","@id":"https:\/\/www.notibras.com\/site\/#\/schema\/person\/5b7fabf2aedc3ada2105f03b22b4d3dd","name":"Eduardo Mart\u00ednez","image":{"@type":"ImageObject","inLanguage":"pt-BR","@id":"https:\/\/secure.gravatar.com\/avatar\/7902f906289926289cbcda644b5197c796b893c6ffd7b9a536a42d290f7704a0?s=96&d=mm&r=g","url":"https:\/\/secure.gravatar.com\/avatar\/7902f906289926289cbcda644b5197c796b893c6ffd7b9a536a42d290f7704a0?s=96&d=mm&r=g","contentUrl":"https:\/\/secure.gravatar.com\/avatar\/7902f906289926289cbcda644b5197c796b893c6ffd7b9a536a42d290f7704a0?s=96&d=mm&r=g","caption":"Eduardo Mart\u00ednez"}}]}},"amp_enabled":true,"_links":{"self":[{"href":"https:\/\/www.notibras.com\/site\/wp-json\/wp\/v2\/posts\/384112","targetHints":{"allow":["GET"]}}],"collection":[{"href":"https:\/\/www.notibras.com\/site\/wp-json\/wp\/v2\/posts"}],"about":[{"href":"https:\/\/www.notibras.com\/site\/wp-json\/wp\/v2\/types\/post"}],"author":[{"embeddable":true,"href":"https:\/\/www.notibras.com\/site\/wp-json\/wp\/v2\/users\/21"}],"replies":[{"embeddable":true,"href":"https:\/\/www.notibras.com\/site\/wp-json\/wp\/v2\/comments?post=384112"}],"version-history":[{"count":2,"href":"https:\/\/www.notibras.com\/site\/wp-json\/wp\/v2\/posts\/384112\/revisions"}],"predecessor-version":[{"id":384116,"href":"https:\/\/www.notibras.com\/site\/wp-json\/wp\/v2\/posts\/384112\/revisions\/384116"}],"wp:featuredmedia":[{"embeddable":true,"href":"https:\/\/www.notibras.com\/site\/wp-json\/wp\/v2\/media\/384114"}],"wp:attachment":[{"href":"https:\/\/www.notibras.com\/site\/wp-json\/wp\/v2\/media?parent=384112"}],"wp:term":[{"taxonomy":"category","embeddable":true,"href":"https:\/\/www.notibras.com\/site\/wp-json\/wp\/v2\/categories?post=384112"},{"taxonomy":"post_tag","embeddable":true,"href":"https:\/\/www.notibras.com\/site\/wp-json\/wp\/v2\/tags?post=384112"}],"curies":[{"name":"wp","href":"https:\/\/api.w.org\/{rel}","templated":true}]}}