{"id":384119,"date":"2026-02-23T02:00:41","date_gmt":"2026-02-23T05:00:41","guid":{"rendered":"https:\/\/www.notibras.com\/site\/?p=384119"},"modified":"2026-02-21T21:06:01","modified_gmt":"2026-02-22T00:06:01","slug":"entre-promessas-e-atrasos","status":"publish","type":"post","link":"https:\/\/www.notibras.com\/site\/entre-promessas-e-atrasos\/","title":{"rendered":"Entre promessas e atrasos"},"content":{"rendered":"<p>Leopoldo, propriet\u00e1rio da Magnu, a mais afamada e difamada oficina mec\u00e2nica de Sobradinho, apraz\u00edvel cidade serrana no Distrito Federal, recebeu uma proposta de trabalho bastante vantajosa financeiramente para se deslocar at\u00e9 Palmas, capital de Tocantins. Como se tratava de um cliente endinheirado, o mec\u00e2nico nem teve tempo para pensar, a resposta teria que ser dada de bate-pronto, como se fosse o pr\u00f3prio Vav\u00e1 diante do goleiro ap\u00f3s um cruzamento certeiro do endiabrado Garrincha.<\/p>\n<p>\u2014 \u00c9 \u00f3bvio que aceito, seu Hon\u00f3rio!<\/p>\n<p>Acordo firmado, Leopoldo precisava convencer o Boquinha, seu funcion\u00e1rio, que, quase sempre, era da mais elevada confian\u00e7a.<\/p>\n<p>\u2014 De jeito maneira, Leopoldo!<\/p>\n<p>\u2014 Mas, Boquinha, \u00e9 o seu Hon\u00f3rio.<\/p>\n<p>\u2014 E tu acha mesmo que vou largar a minha Glorinha pra comer poeira na estrada com voc\u00ea pra ver o seu Hon\u00f3rio? Al\u00e9m do mais, t\u00f4 em lua de mel.<\/p>\n<p>\u2014 Lua de mel? Mas tu n\u00e3o t\u00e1 casado h\u00e1 mais de ano com a Glorinha?<\/p>\n<p>\u2014 E da\u00ed? Agora tem prazo pra lua de mel acabar?<\/p>\n<p>\u2014 Ent\u00e3o, vou ter que ir sozinho. Mas tudo bem, voc\u00ea fica aqui pra entregar os ve\u00edculos da dona Benedita, do seu Juli\u00e3o e do Santino. Combinei com eles que at\u00e9 o final do m\u00eas estariam prontos.<\/p>\n<p>\u2014 Ei, Leopoldo! Mas t\u00e1 faltando coisa pra caramba pra fazer.<\/p>\n<p>\u2014 Ah, confio em voc\u00ea e no Zero-Zero.<\/p>\n<p>\u2014 Olha, s\u00f3 preciso pegar duas mudas de roupa em casa e me despedir da Glorinha.<\/p>\n<p>\u2014 Ok. Almo\u00e7aremos na estrada pra ganharmos tempo.<\/p>\n<p>Bem antes do meio-dia, os mec\u00e2nicos avan\u00e7avam firmes pela rodovia a caminho da capital do Tocantins. Escutavam sucessos antigos, desde Luiz Gonzaga at\u00e9 TNT, passando por Cauby, Odair Jos\u00e9, Raul Seixas, Z\u00e9 Geraldo e o que desse na telha.<\/p>\n<p>Quando j\u00e1 passava pouco da meia-noite, a camionete vermelha entrou na cidade. Os problemas, que os viajantes n\u00e3o tiveram na estrada, come\u00e7aram a dar o ar da gra\u00e7a. \u00c9 que ningu\u00e9m havia se lembrado de fazer reserva. E o \u00fanico hotel com vaga s\u00f3 tinha um quarto com cama de casal.<\/p>\n<p>\u2014 Olha aqui, Leopoldo, n\u00e3o sa\u00ed de casa pra isso. Sou vaqueiro bravo e n\u00e3o durmo com macho.<\/p>\n<p>\u2014 Sem problema, meu amigo. Sou mais velho e tamb\u00e9m sou o patr\u00e3o, ent\u00e3o, quem dorme na cama sou eu.<\/p>\n<p>Diante da situa\u00e7\u00e3o, o Boquinha acabou cedendo pelo cansa\u00e7o, ainda mais porque no dia seguinte precisaria trabalhar dobrado para tentar entregar o servi\u00e7o no prazo combinado. Mesmo assim, para evitar qualquer desvio de caminho on\u00edrico, tratou de fazer uma divis\u00f3ria no meio do colch\u00e3o com as duas mochilas e a caixa de ferramentas.<\/p>\n<p>Por milagre ou algo do tipo, eis que Leopoldo e Boquinha conseguiram entregar o servi\u00e7o apenas uma semana al\u00e9m do prazo combinado. Um recorde, por assim dizer, que precisava ser comemorado. O problema \u00e9 que o celular do Leopoldo come\u00e7ou a tocar insistentemente. Era o Zero-Zero.<\/p>\n<p>\u2014 Leopoldo, cad\u00ea voc\u00ea? T\u00e1 todo mundo aqui na oficina perguntando sobre os carros prometidos.<\/p>\n<p>\u2014 Oi, Zero-Zero, estou bem! E como est\u00e3o as coisas por a\u00ed?<\/p>\n<p>\u2014 Voc\u00ea n\u00e3o t\u00e1 me escutando, Leopoldo?<\/p>\n<p>\u2014 Que boa not\u00edcia! Mande lembran\u00e7as pros clientes.<\/p>\n<p>\u2014 Ah, seu filho d&#8217;uma \u00e9gua! Voc\u00ea me paga!<\/p>\n<p>\u2014 Sim! Isso! Pode deixar que falo pro Boquinha. Abra\u00e7o!<\/p>\n<p>Leopoldo desligou e, com a cara mais lavada do mundo, se virou para o companheiro e perguntou:<\/p>\n<p>\u2014 Boquinha, tu j\u00e1 viu praia na vida?<\/p>\n<p>\u2014 Nunca. Por qu\u00ea?<\/p>\n<p>\u2014 Que tal dar um pulinho na Bahia? Estou precisando tomar um descarrego.<\/p>\n<p><strong>\u2026\u2026\u2026\u2026\u2026\u2026\u2026\u2026<\/strong><\/p>\n<p><strong>Eduardo Mart\u00ednez \u00e9 autor do livro \u201957 Contos e Cr\u00f4nicas por um Autor Muito Velho\u2019 (Vencedor do Pr\u00eamio Liter\u00e1rio Clarice Lispector \u2013 2025 na categoria livro de contos).<\/strong><\/p>\n<p><strong>Compre aqui<\/strong><\/p>\n<p><a href=\"https:\/\/www.joanineditora.com.br\/57-contos-e-cronicas-por-um-autor-muito-velho\"><strong>https:\/\/www.joanineditora.com.br\/57-contos-e-cronicas-por-um-autor-muito-velho<\/strong><\/a><\/p>\n<div id=\"wpdevar_comment_4\"><\/div>\n","protected":false},"excerpt":{"rendered":"<p>Leopoldo, propriet\u00e1rio da Magnu, a mais afamada e difamada oficina mec\u00e2nica de Sobradinho, apraz\u00edvel cidade serrana no Distrito Federal, recebeu uma proposta de trabalho bastante vantajosa financeiramente para se deslocar at\u00e9 Palmas, capital de Tocantins. Como se tratava de um cliente endinheirado, o mec\u00e2nico nem teve tempo para pensar, a resposta teria que ser dada [&hellip;]<\/p>\n","protected":false},"author":21,"featured_media":384120,"comment_status":"closed","ping_status":"closed","sticky":false,"template":"","format":"standard","meta":{"_acf_changed":false,"footnotes":""},"categories":[161],"tags":[],"class_list":["post-384119","post","type-post","status-publish","format-standard","has-post-thumbnail","hentry","category-quadradinho-em-foco"],"acf":[],"yoast_head":"<!-- This site is optimized with the Yoast SEO plugin v27.2 - https:\/\/yoast.com\/product\/yoast-seo-wordpress\/ -->\n<title>Entre promessas e atrasos - Notibras<\/title>\n<meta name=\"robots\" content=\"index, follow, max-snippet:-1, max-image-preview:large, max-video-preview:-1\" \/>\n<link rel=\"canonical\" href=\"https:\/\/www.notibras.com\/site\/entre-promessas-e-atrasos\/\" \/>\n<meta property=\"og:locale\" content=\"pt_BR\" \/>\n<meta property=\"og:type\" content=\"article\" \/>\n<meta property=\"og:title\" content=\"Entre promessas e atrasos - Notibras\" \/>\n<meta property=\"og:description\" content=\"Leopoldo, propriet\u00e1rio da Magnu, a mais afamada e difamada oficina mec\u00e2nica de Sobradinho, apraz\u00edvel cidade serrana no Distrito Federal, recebeu uma proposta de trabalho bastante vantajosa financeiramente para se deslocar at\u00e9 Palmas, capital de Tocantins. Como se tratava de um cliente endinheirado, o mec\u00e2nico nem teve tempo para pensar, a resposta teria que ser dada [&hellip;]\" \/>\n<meta property=\"og:url\" content=\"https:\/\/www.notibras.com\/site\/entre-promessas-e-atrasos\/\" \/>\n<meta property=\"og:site_name\" content=\"Notibras\" \/>\n<meta property=\"article:publisher\" content=\"https:\/\/www.facebook.com\/notibras\/\" \/>\n<meta property=\"article:published_time\" content=\"2026-02-23T05:00:41+00:00\" \/>\n<meta property=\"og:image\" content=\"https:\/\/www.notibras.com\/site\/wp-content\/uploads\/2026\/02\/WhatsApp-Image-2026-02-21-at-20.58.55.jpeg\" \/>\n\t<meta property=\"og:image:width\" content=\"1024\" \/>\n\t<meta property=\"og:image:height\" content=\"1024\" \/>\n\t<meta property=\"og:image:type\" content=\"image\/jpeg\" \/>\n<meta name=\"author\" content=\"Eduardo Mart\u00ednez\" \/>\n<meta name=\"twitter:card\" content=\"summary_large_image\" \/>\n<meta name=\"twitter:creator\" content=\"@Notibras\" \/>\n<meta name=\"twitter:site\" content=\"@Notibras\" \/>\n<meta name=\"twitter:label1\" content=\"Escrito por\" \/>\n\t<meta name=\"twitter:data1\" content=\"Eduardo Mart\u00ednez\" \/>\n\t<meta name=\"twitter:label2\" content=\"Est. tempo de leitura\" \/>\n\t<meta name=\"twitter:data2\" content=\"4 minutos\" \/>\n<script type=\"application\/ld+json\" class=\"yoast-schema-graph\">{\"@context\":\"https:\/\/schema.org\",\"@graph\":[{\"@type\":\"Article\",\"@id\":\"https:\/\/www.notibras.com\/site\/entre-promessas-e-atrasos\/#article\",\"isPartOf\":{\"@id\":\"https:\/\/www.notibras.com\/site\/entre-promessas-e-atrasos\/\"},\"author\":{\"name\":\"Eduardo Mart\u00ednez\",\"@id\":\"https:\/\/www.notibras.com\/site\/#\/schema\/person\/5b7fabf2aedc3ada2105f03b22b4d3dd\"},\"headline\":\"Entre promessas e atrasos\",\"datePublished\":\"2026-02-23T05:00:41+00:00\",\"mainEntityOfPage\":{\"@id\":\"https:\/\/www.notibras.com\/site\/entre-promessas-e-atrasos\/\"},\"wordCount\":634,\"publisher\":{\"@id\":\"https:\/\/www.notibras.com\/site\/#organization\"},\"image\":{\"@id\":\"https:\/\/www.notibras.com\/site\/entre-promessas-e-atrasos\/#primaryimage\"},\"thumbnailUrl\":\"https:\/\/www.notibras.com\/site\/wp-content\/uploads\/2026\/02\/WhatsApp-Image-2026-02-21-at-20.58.55.jpeg\",\"articleSection\":[\"Quadradinho em Foco\"],\"inLanguage\":\"pt-BR\"},{\"@type\":\"WebPage\",\"@id\":\"https:\/\/www.notibras.com\/site\/entre-promessas-e-atrasos\/\",\"url\":\"https:\/\/www.notibras.com\/site\/entre-promessas-e-atrasos\/\",\"name\":\"Entre promessas e atrasos - Notibras\",\"isPartOf\":{\"@id\":\"https:\/\/www.notibras.com\/site\/#website\"},\"primaryImageOfPage\":{\"@id\":\"https:\/\/www.notibras.com\/site\/entre-promessas-e-atrasos\/#primaryimage\"},\"image\":{\"@id\":\"https:\/\/www.notibras.com\/site\/entre-promessas-e-atrasos\/#primaryimage\"},\"thumbnailUrl\":\"https:\/\/www.notibras.com\/site\/wp-content\/uploads\/2026\/02\/WhatsApp-Image-2026-02-21-at-20.58.55.jpeg\",\"datePublished\":\"2026-02-23T05:00:41+00:00\",\"breadcrumb\":{\"@id\":\"https:\/\/www.notibras.com\/site\/entre-promessas-e-atrasos\/#breadcrumb\"},\"inLanguage\":\"pt-BR\",\"potentialAction\":[{\"@type\":\"ReadAction\",\"target\":[\"https:\/\/www.notibras.com\/site\/entre-promessas-e-atrasos\/\"]}]},{\"@type\":\"ImageObject\",\"inLanguage\":\"pt-BR\",\"@id\":\"https:\/\/www.notibras.com\/site\/entre-promessas-e-atrasos\/#primaryimage\",\"url\":\"https:\/\/www.notibras.com\/site\/wp-content\/uploads\/2026\/02\/WhatsApp-Image-2026-02-21-at-20.58.55.jpeg\",\"contentUrl\":\"https:\/\/www.notibras.com\/site\/wp-content\/uploads\/2026\/02\/WhatsApp-Image-2026-02-21-at-20.58.55.jpeg\",\"width\":1024,\"height\":1024},{\"@type\":\"BreadcrumbList\",\"@id\":\"https:\/\/www.notibras.com\/site\/entre-promessas-e-atrasos\/#breadcrumb\",\"itemListElement\":[{\"@type\":\"ListItem\",\"position\":1,\"name\":\"In\u00edcio\",\"item\":\"https:\/\/www.notibras.com\/site\/\"},{\"@type\":\"ListItem\",\"position\":2,\"name\":\"Entre promessas e atrasos\"}]},{\"@type\":\"WebSite\",\"@id\":\"https:\/\/www.notibras.com\/site\/#website\",\"url\":\"https:\/\/www.notibras.com\/site\/\",\"name\":\"Notibras\",\"description\":\"Not\u00edcias de Bras\u00edlia, do Brasil e do Mundo\",\"publisher\":{\"@id\":\"https:\/\/www.notibras.com\/site\/#organization\"},\"potentialAction\":[{\"@type\":\"SearchAction\",\"target\":{\"@type\":\"EntryPoint\",\"urlTemplate\":\"https:\/\/www.notibras.com\/site\/?s={search_term_string}\"},\"query-input\":{\"@type\":\"PropertyValueSpecification\",\"valueRequired\":true,\"valueName\":\"search_term_string\"}}],\"inLanguage\":\"pt-BR\"},{\"@type\":\"Organization\",\"@id\":\"https:\/\/www.notibras.com\/site\/#organization\",\"name\":\"Grupo Notibras de Comunica\u00e7\u00e3o\",\"url\":\"https:\/\/www.notibras.com\/site\/\",\"logo\":{\"@type\":\"ImageObject\",\"inLanguage\":\"pt-BR\",\"@id\":\"https:\/\/www.notibras.com\/site\/#\/schema\/logo\/image\/\",\"url\":\"https:\/\/www.notibras.com\/site\/wp-content\/uploads\/2023\/01\/notibras23.png\",\"contentUrl\":\"https:\/\/www.notibras.com\/site\/wp-content\/uploads\/2023\/01\/notibras23.png\",\"width\":350,\"height\":87,\"caption\":\"Grupo Notibras de Comunica\u00e7\u00e3o\"},\"image\":{\"@id\":\"https:\/\/www.notibras.com\/site\/#\/schema\/logo\/image\/\"},\"sameAs\":[\"https:\/\/www.facebook.com\/notibras\/\",\"https:\/\/x.com\/Notibras\",\"https:\/\/www.instagram.com\/notibras\/\"]},{\"@type\":\"Person\",\"@id\":\"https:\/\/www.notibras.com\/site\/#\/schema\/person\/5b7fabf2aedc3ada2105f03b22b4d3dd\",\"name\":\"Eduardo Mart\u00ednez\",\"image\":{\"@type\":\"ImageObject\",\"inLanguage\":\"pt-BR\",\"@id\":\"https:\/\/secure.gravatar.com\/avatar\/7902f906289926289cbcda644b5197c796b893c6ffd7b9a536a42d290f7704a0?s=96&d=mm&r=g\",\"url\":\"https:\/\/secure.gravatar.com\/avatar\/7902f906289926289cbcda644b5197c796b893c6ffd7b9a536a42d290f7704a0?s=96&d=mm&r=g\",\"contentUrl\":\"https:\/\/secure.gravatar.com\/avatar\/7902f906289926289cbcda644b5197c796b893c6ffd7b9a536a42d290f7704a0?s=96&d=mm&r=g\",\"caption\":\"Eduardo Mart\u00ednez\"}}]}<\/script>\n<!-- \/ Yoast SEO plugin. -->","yoast_head_json":{"title":"Entre promessas e atrasos - Notibras","robots":{"index":"index","follow":"follow","max-snippet":"max-snippet:-1","max-image-preview":"max-image-preview:large","max-video-preview":"max-video-preview:-1"},"canonical":"https:\/\/www.notibras.com\/site\/entre-promessas-e-atrasos\/","og_locale":"pt_BR","og_type":"article","og_title":"Entre promessas e atrasos - Notibras","og_description":"Leopoldo, propriet\u00e1rio da Magnu, a mais afamada e difamada oficina mec\u00e2nica de Sobradinho, apraz\u00edvel cidade serrana no Distrito Federal, recebeu uma proposta de trabalho bastante vantajosa financeiramente para se deslocar at\u00e9 Palmas, capital de Tocantins. Como se tratava de um cliente endinheirado, o mec\u00e2nico nem teve tempo para pensar, a resposta teria que ser dada [&hellip;]","og_url":"https:\/\/www.notibras.com\/site\/entre-promessas-e-atrasos\/","og_site_name":"Notibras","article_publisher":"https:\/\/www.facebook.com\/notibras\/","article_published_time":"2026-02-23T05:00:41+00:00","og_image":[{"width":1024,"height":1024,"url":"https:\/\/www.notibras.com\/site\/wp-content\/uploads\/2026\/02\/WhatsApp-Image-2026-02-21-at-20.58.55.jpeg","type":"image\/jpeg"}],"author":"Eduardo Mart\u00ednez","twitter_card":"summary_large_image","twitter_creator":"@Notibras","twitter_site":"@Notibras","twitter_misc":{"Escrito por":"Eduardo Mart\u00ednez","Est. tempo de leitura":"4 minutos"},"schema":{"@context":"https:\/\/schema.org","@graph":[{"@type":"Article","@id":"https:\/\/www.notibras.com\/site\/entre-promessas-e-atrasos\/#article","isPartOf":{"@id":"https:\/\/www.notibras.com\/site\/entre-promessas-e-atrasos\/"},"author":{"name":"Eduardo Mart\u00ednez","@id":"https:\/\/www.notibras.com\/site\/#\/schema\/person\/5b7fabf2aedc3ada2105f03b22b4d3dd"},"headline":"Entre promessas e atrasos","datePublished":"2026-02-23T05:00:41+00:00","mainEntityOfPage":{"@id":"https:\/\/www.notibras.com\/site\/entre-promessas-e-atrasos\/"},"wordCount":634,"publisher":{"@id":"https:\/\/www.notibras.com\/site\/#organization"},"image":{"@id":"https:\/\/www.notibras.com\/site\/entre-promessas-e-atrasos\/#primaryimage"},"thumbnailUrl":"https:\/\/www.notibras.com\/site\/wp-content\/uploads\/2026\/02\/WhatsApp-Image-2026-02-21-at-20.58.55.jpeg","articleSection":["Quadradinho em Foco"],"inLanguage":"pt-BR"},{"@type":"WebPage","@id":"https:\/\/www.notibras.com\/site\/entre-promessas-e-atrasos\/","url":"https:\/\/www.notibras.com\/site\/entre-promessas-e-atrasos\/","name":"Entre promessas e atrasos - Notibras","isPartOf":{"@id":"https:\/\/www.notibras.com\/site\/#website"},"primaryImageOfPage":{"@id":"https:\/\/www.notibras.com\/site\/entre-promessas-e-atrasos\/#primaryimage"},"image":{"@id":"https:\/\/www.notibras.com\/site\/entre-promessas-e-atrasos\/#primaryimage"},"thumbnailUrl":"https:\/\/www.notibras.com\/site\/wp-content\/uploads\/2026\/02\/WhatsApp-Image-2026-02-21-at-20.58.55.jpeg","datePublished":"2026-02-23T05:00:41+00:00","breadcrumb":{"@id":"https:\/\/www.notibras.com\/site\/entre-promessas-e-atrasos\/#breadcrumb"},"inLanguage":"pt-BR","potentialAction":[{"@type":"ReadAction","target":["https:\/\/www.notibras.com\/site\/entre-promessas-e-atrasos\/"]}]},{"@type":"ImageObject","inLanguage":"pt-BR","@id":"https:\/\/www.notibras.com\/site\/entre-promessas-e-atrasos\/#primaryimage","url":"https:\/\/www.notibras.com\/site\/wp-content\/uploads\/2026\/02\/WhatsApp-Image-2026-02-21-at-20.58.55.jpeg","contentUrl":"https:\/\/www.notibras.com\/site\/wp-content\/uploads\/2026\/02\/WhatsApp-Image-2026-02-21-at-20.58.55.jpeg","width":1024,"height":1024},{"@type":"BreadcrumbList","@id":"https:\/\/www.notibras.com\/site\/entre-promessas-e-atrasos\/#breadcrumb","itemListElement":[{"@type":"ListItem","position":1,"name":"In\u00edcio","item":"https:\/\/www.notibras.com\/site\/"},{"@type":"ListItem","position":2,"name":"Entre promessas e atrasos"}]},{"@type":"WebSite","@id":"https:\/\/www.notibras.com\/site\/#website","url":"https:\/\/www.notibras.com\/site\/","name":"Notibras","description":"Not\u00edcias de Bras\u00edlia, do Brasil e do Mundo","publisher":{"@id":"https:\/\/www.notibras.com\/site\/#organization"},"potentialAction":[{"@type":"SearchAction","target":{"@type":"EntryPoint","urlTemplate":"https:\/\/www.notibras.com\/site\/?s={search_term_string}"},"query-input":{"@type":"PropertyValueSpecification","valueRequired":true,"valueName":"search_term_string"}}],"inLanguage":"pt-BR"},{"@type":"Organization","@id":"https:\/\/www.notibras.com\/site\/#organization","name":"Grupo Notibras de Comunica\u00e7\u00e3o","url":"https:\/\/www.notibras.com\/site\/","logo":{"@type":"ImageObject","inLanguage":"pt-BR","@id":"https:\/\/www.notibras.com\/site\/#\/schema\/logo\/image\/","url":"https:\/\/www.notibras.com\/site\/wp-content\/uploads\/2023\/01\/notibras23.png","contentUrl":"https:\/\/www.notibras.com\/site\/wp-content\/uploads\/2023\/01\/notibras23.png","width":350,"height":87,"caption":"Grupo Notibras de Comunica\u00e7\u00e3o"},"image":{"@id":"https:\/\/www.notibras.com\/site\/#\/schema\/logo\/image\/"},"sameAs":["https:\/\/www.facebook.com\/notibras\/","https:\/\/x.com\/Notibras","https:\/\/www.instagram.com\/notibras\/"]},{"@type":"Person","@id":"https:\/\/www.notibras.com\/site\/#\/schema\/person\/5b7fabf2aedc3ada2105f03b22b4d3dd","name":"Eduardo Mart\u00ednez","image":{"@type":"ImageObject","inLanguage":"pt-BR","@id":"https:\/\/secure.gravatar.com\/avatar\/7902f906289926289cbcda644b5197c796b893c6ffd7b9a536a42d290f7704a0?s=96&d=mm&r=g","url":"https:\/\/secure.gravatar.com\/avatar\/7902f906289926289cbcda644b5197c796b893c6ffd7b9a536a42d290f7704a0?s=96&d=mm&r=g","contentUrl":"https:\/\/secure.gravatar.com\/avatar\/7902f906289926289cbcda644b5197c796b893c6ffd7b9a536a42d290f7704a0?s=96&d=mm&r=g","caption":"Eduardo Mart\u00ednez"}}]}},"amp_enabled":true,"_links":{"self":[{"href":"https:\/\/www.notibras.com\/site\/wp-json\/wp\/v2\/posts\/384119","targetHints":{"allow":["GET"]}}],"collection":[{"href":"https:\/\/www.notibras.com\/site\/wp-json\/wp\/v2\/posts"}],"about":[{"href":"https:\/\/www.notibras.com\/site\/wp-json\/wp\/v2\/types\/post"}],"author":[{"embeddable":true,"href":"https:\/\/www.notibras.com\/site\/wp-json\/wp\/v2\/users\/21"}],"replies":[{"embeddable":true,"href":"https:\/\/www.notibras.com\/site\/wp-json\/wp\/v2\/comments?post=384119"}],"version-history":[{"count":3,"href":"https:\/\/www.notibras.com\/site\/wp-json\/wp\/v2\/posts\/384119\/revisions"}],"predecessor-version":[{"id":384122,"href":"https:\/\/www.notibras.com\/site\/wp-json\/wp\/v2\/posts\/384119\/revisions\/384122"}],"wp:featuredmedia":[{"embeddable":true,"href":"https:\/\/www.notibras.com\/site\/wp-json\/wp\/v2\/media\/384120"}],"wp:attachment":[{"href":"https:\/\/www.notibras.com\/site\/wp-json\/wp\/v2\/media?parent=384119"}],"wp:term":[{"taxonomy":"category","embeddable":true,"href":"https:\/\/www.notibras.com\/site\/wp-json\/wp\/v2\/categories?post=384119"},{"taxonomy":"post_tag","embeddable":true,"href":"https:\/\/www.notibras.com\/site\/wp-json\/wp\/v2\/tags?post=384119"}],"curies":[{"name":"wp","href":"https:\/\/api.w.org\/{rel}","templated":true}]}}