{"id":384126,"date":"2026-02-22T01:15:43","date_gmt":"2026-02-22T04:15:43","guid":{"rendered":"https:\/\/www.notibras.com\/site\/?p=384126"},"modified":"2026-02-21T22:13:02","modified_gmt":"2026-02-22T01:13:02","slug":"gama-mantem-soberania-vence-a-aruc-no-bezerrao-e-isola-se-na-lideranca","status":"publish","type":"post","link":"https:\/\/www.notibras.com\/site\/gama-mantem-soberania-vence-a-aruc-no-bezerrao-e-isola-se-na-lideranca\/","title":{"rendered":"Gama mant\u00e9m soberania, vence a ARUC no Bezerr\u00e3o e isola-se na lideran\u00e7a"},"content":{"rendered":"<p>Com gols de Lucas Louren\u00e7o e Daniel Guerreiro, o Alviverde superou o lanterna da competi\u00e7\u00e3o e segue firme no topo da tabela do Candang\u00e3o 2026.<\/p>\n<p>O Gr\u00eamio Esportivo Gama continua dando mostras de que \u00e9 o principal candidato ao t\u00edtulo do Campeonato Brasiliense de 2026. Em duelo v\u00e1lido pela 8\u00aa rodada da competi\u00e7\u00e3o, o &#8220;Periquito&#8221; recebeu a ARUC na noite deste s\u00e1bado (21), no Est\u00e1dio Bezerr\u00e3o, e confirmou o favoritismo ao vencer por 2 a 0. O resultado mant\u00e9m a equipe alviverde na lideran\u00e7a isolada e afunda o advers\u00e1rio na zona de rebaixamento.<\/p>\n<p><strong>O Jogo<\/strong><\/p>\n<p>O Gama n\u00e3o deu tempo para a ARUC respirar. Logo aos 9 minutos do primeiro tempo, ap\u00f3s uma jogada trabalhada pelo setor ofensivo, Lucas Louren\u00e7o abriu o placar, incendiando a torcida presente no Bezerr\u00e3o. Com a vantagem precoce, o time da casa passou a administrar a posse de bola, enquanto a ARUC tentava, sem sucesso, furar o bloqueio defensivo do l\u00edder.<\/p>\n<p>Na etapa final, o jogo tornou-se mais truncado. A ARUC buscou o empate em contra-ataques, mas a defesa gamense mostrou-se s\u00f3lida. Para garantir a tranquilidade e os tr\u00eas pontos, o experiente Daniel Guerreiro apareceu aos 41 minutos do segundo tempo para balan\u00e7ar as redes e &#8220;fechar o caix\u00e3o&#8221; da partida, selando o 2 a 0 definitivo.<\/p>\n<p><strong>Situa\u00e7\u00e3o na Tabela<\/strong><\/p>\n<p>Com mais este triunfo em casa, o Maior do DF segue inabal\u00e1vel na ponta da tabela, aproximando-se da classifica\u00e7\u00e3o antecipada para as semifinais com uma das melhores campanhas dos \u00faltimos anos. J\u00e1 a ARUC permanece em situa\u00e7\u00e3o cr\u00edtica na lanterna, precisando de resultados her\u00f3icos nas rodadas finais para evitar o descenso.<\/p>\n<p><strong>Pr\u00f3ximo Desafio<\/strong><\/p>\n<p>O clima \u00e9 de festa, mas o descanso ser\u00e1 curto. O Gama agora vira a chave e foca todas as suas aten\u00e7\u00f5es na Copa do Brasil. Na pr\u00f3xima quarta-feira (25), o Alviverde recebe o Goi\u00e1s, \u00e0s 16h, novamente no Bezerr\u00e3o, em um confronto decisivo que promete lotar as arquibancadas do est\u00e1dio.<\/p>\n","protected":false},"excerpt":{"rendered":"<p>Com gols de Lucas Louren\u00e7o e Daniel Guerreiro, o Alviverde superou o lanterna da competi\u00e7\u00e3o e segue firme no topo da tabela do Candang\u00e3o 2026. O Gr\u00eamio Esportivo Gama continua dando mostras de que \u00e9 o principal candidato ao t\u00edtulo do Campeonato Brasiliense de 2026. Em duelo v\u00e1lido pela 8\u00aa rodada da competi\u00e7\u00e3o, o &#8220;Periquito&#8221; [&hellip;]<\/p>\n","protected":false},"author":21,"featured_media":384127,"comment_status":"closed","ping_status":"closed","sticky":false,"template":"","format":"standard","meta":{"_acf_changed":false,"footnotes":""},"categories":[161],"tags":[],"class_list":["post-384126","post","type-post","status-publish","format-standard","has-post-thumbnail","hentry","category-quadradinho-em-foco"],"acf":[],"yoast_head":"<!-- This site is optimized with the Yoast SEO plugin v27.2 - https:\/\/yoast.com\/product\/yoast-seo-wordpress\/ -->\n<title>Gama mant\u00e9m soberania, vence a ARUC no Bezerr\u00e3o e isola-se na lideran\u00e7a - Notibras<\/title>\n<meta name=\"robots\" content=\"index, follow, max-snippet:-1, max-image-preview:large, max-video-preview:-1\" \/>\n<link rel=\"canonical\" href=\"https:\/\/www.notibras.com\/site\/gama-mantem-soberania-vence-a-aruc-no-bezerrao-e-isola-se-na-lideranca\/\" \/>\n<meta property=\"og:locale\" content=\"pt_BR\" \/>\n<meta property=\"og:type\" content=\"article\" \/>\n<meta property=\"og:title\" content=\"Gama mant\u00e9m soberania, vence a ARUC no Bezerr\u00e3o e isola-se na lideran\u00e7a - Notibras\" \/>\n<meta property=\"og:description\" content=\"Com gols de Lucas Louren\u00e7o e Daniel Guerreiro, o Alviverde superou o lanterna da competi\u00e7\u00e3o e segue firme no topo da tabela do Candang\u00e3o 2026. O Gr\u00eamio Esportivo Gama continua dando mostras de que \u00e9 o principal candidato ao t\u00edtulo do Campeonato Brasiliense de 2026. Em duelo v\u00e1lido pela 8\u00aa rodada da competi\u00e7\u00e3o, o &#8220;Periquito&#8221; [&hellip;]\" \/>\n<meta property=\"og:url\" content=\"https:\/\/www.notibras.com\/site\/gama-mantem-soberania-vence-a-aruc-no-bezerrao-e-isola-se-na-lideranca\/\" \/>\n<meta property=\"og:site_name\" content=\"Notibras\" \/>\n<meta property=\"article:publisher\" content=\"https:\/\/www.facebook.com\/notibras\/\" \/>\n<meta property=\"article:published_time\" content=\"2026-02-22T04:15:43+00:00\" \/>\n<meta property=\"og:image\" content=\"https:\/\/www.notibras.com\/site\/wp-content\/uploads\/2026\/02\/WhatsApp-Image-2026-02-21-at-22.02.56.jpeg\" \/>\n\t<meta property=\"og:image:width\" content=\"1170\" \/>\n\t<meta property=\"og:image:height\" content=\"1517\" \/>\n\t<meta property=\"og:image:type\" content=\"image\/jpeg\" \/>\n<meta name=\"author\" content=\"Eduardo Mart\u00ednez\" \/>\n<meta name=\"twitter:card\" content=\"summary_large_image\" \/>\n<meta name=\"twitter:creator\" content=\"@Notibras\" \/>\n<meta name=\"twitter:site\" content=\"@Notibras\" \/>\n<meta name=\"twitter:label1\" content=\"Escrito por\" \/>\n\t<meta name=\"twitter:data1\" content=\"Eduardo Mart\u00ednez\" \/>\n\t<meta name=\"twitter:label2\" content=\"Est. tempo de leitura\" \/>\n\t<meta name=\"twitter:data2\" content=\"2 minutos\" \/>\n<script type=\"application\/ld+json\" class=\"yoast-schema-graph\">{\"@context\":\"https:\/\/schema.org\",\"@graph\":[{\"@type\":\"Article\",\"@id\":\"https:\/\/www.notibras.com\/site\/gama-mantem-soberania-vence-a-aruc-no-bezerrao-e-isola-se-na-lideranca\/#article\",\"isPartOf\":{\"@id\":\"https:\/\/www.notibras.com\/site\/gama-mantem-soberania-vence-a-aruc-no-bezerrao-e-isola-se-na-lideranca\/\"},\"author\":{\"name\":\"Eduardo Mart\u00ednez\",\"@id\":\"https:\/\/www.notibras.com\/site\/#\/schema\/person\/5b7fabf2aedc3ada2105f03b22b4d3dd\"},\"headline\":\"Gama mant\u00e9m soberania, vence a ARUC no Bezerr\u00e3o e isola-se na lideran\u00e7a\",\"datePublished\":\"2026-02-22T04:15:43+00:00\",\"mainEntityOfPage\":{\"@id\":\"https:\/\/www.notibras.com\/site\/gama-mantem-soberania-vence-a-aruc-no-bezerrao-e-isola-se-na-lideranca\/\"},\"wordCount\":355,\"publisher\":{\"@id\":\"https:\/\/www.notibras.com\/site\/#organization\"},\"image\":{\"@id\":\"https:\/\/www.notibras.com\/site\/gama-mantem-soberania-vence-a-aruc-no-bezerrao-e-isola-se-na-lideranca\/#primaryimage\"},\"thumbnailUrl\":\"https:\/\/www.notibras.com\/site\/wp-content\/uploads\/2026\/02\/WhatsApp-Image-2026-02-21-at-22.02.56.jpeg\",\"articleSection\":[\"Quadradinho em Foco\"],\"inLanguage\":\"pt-BR\"},{\"@type\":\"WebPage\",\"@id\":\"https:\/\/www.notibras.com\/site\/gama-mantem-soberania-vence-a-aruc-no-bezerrao-e-isola-se-na-lideranca\/\",\"url\":\"https:\/\/www.notibras.com\/site\/gama-mantem-soberania-vence-a-aruc-no-bezerrao-e-isola-se-na-lideranca\/\",\"name\":\"Gama mant\u00e9m soberania, vence a ARUC no Bezerr\u00e3o e isola-se na lideran\u00e7a - Notibras\",\"isPartOf\":{\"@id\":\"https:\/\/www.notibras.com\/site\/#website\"},\"primaryImageOfPage\":{\"@id\":\"https:\/\/www.notibras.com\/site\/gama-mantem-soberania-vence-a-aruc-no-bezerrao-e-isola-se-na-lideranca\/#primaryimage\"},\"image\":{\"@id\":\"https:\/\/www.notibras.com\/site\/gama-mantem-soberania-vence-a-aruc-no-bezerrao-e-isola-se-na-lideranca\/#primaryimage\"},\"thumbnailUrl\":\"https:\/\/www.notibras.com\/site\/wp-content\/uploads\/2026\/02\/WhatsApp-Image-2026-02-21-at-22.02.56.jpeg\",\"datePublished\":\"2026-02-22T04:15:43+00:00\",\"breadcrumb\":{\"@id\":\"https:\/\/www.notibras.com\/site\/gama-mantem-soberania-vence-a-aruc-no-bezerrao-e-isola-se-na-lideranca\/#breadcrumb\"},\"inLanguage\":\"pt-BR\",\"potentialAction\":[{\"@type\":\"ReadAction\",\"target\":[\"https:\/\/www.notibras.com\/site\/gama-mantem-soberania-vence-a-aruc-no-bezerrao-e-isola-se-na-lideranca\/\"]}]},{\"@type\":\"ImageObject\",\"inLanguage\":\"pt-BR\",\"@id\":\"https:\/\/www.notibras.com\/site\/gama-mantem-soberania-vence-a-aruc-no-bezerrao-e-isola-se-na-lideranca\/#primaryimage\",\"url\":\"https:\/\/www.notibras.com\/site\/wp-content\/uploads\/2026\/02\/WhatsApp-Image-2026-02-21-at-22.02.56.jpeg\",\"contentUrl\":\"https:\/\/www.notibras.com\/site\/wp-content\/uploads\/2026\/02\/WhatsApp-Image-2026-02-21-at-22.02.56.jpeg\",\"width\":1170,\"height\":1517},{\"@type\":\"BreadcrumbList\",\"@id\":\"https:\/\/www.notibras.com\/site\/gama-mantem-soberania-vence-a-aruc-no-bezerrao-e-isola-se-na-lideranca\/#breadcrumb\",\"itemListElement\":[{\"@type\":\"ListItem\",\"position\":1,\"name\":\"In\u00edcio\",\"item\":\"https:\/\/www.notibras.com\/site\/\"},{\"@type\":\"ListItem\",\"position\":2,\"name\":\"Gama mant\u00e9m soberania, vence a ARUC no Bezerr\u00e3o e isola-se na lideran\u00e7a\"}]},{\"@type\":\"WebSite\",\"@id\":\"https:\/\/www.notibras.com\/site\/#website\",\"url\":\"https:\/\/www.notibras.com\/site\/\",\"name\":\"Notibras\",\"description\":\"Not\u00edcias de Bras\u00edlia, do Brasil e do Mundo\",\"publisher\":{\"@id\":\"https:\/\/www.notibras.com\/site\/#organization\"},\"potentialAction\":[{\"@type\":\"SearchAction\",\"target\":{\"@type\":\"EntryPoint\",\"urlTemplate\":\"https:\/\/www.notibras.com\/site\/?s={search_term_string}\"},\"query-input\":{\"@type\":\"PropertyValueSpecification\",\"valueRequired\":true,\"valueName\":\"search_term_string\"}}],\"inLanguage\":\"pt-BR\"},{\"@type\":\"Organization\",\"@id\":\"https:\/\/www.notibras.com\/site\/#organization\",\"name\":\"Grupo Notibras de Comunica\u00e7\u00e3o\",\"url\":\"https:\/\/www.notibras.com\/site\/\",\"logo\":{\"@type\":\"ImageObject\",\"inLanguage\":\"pt-BR\",\"@id\":\"https:\/\/www.notibras.com\/site\/#\/schema\/logo\/image\/\",\"url\":\"https:\/\/www.notibras.com\/site\/wp-content\/uploads\/2023\/01\/notibras23.png\",\"contentUrl\":\"https:\/\/www.notibras.com\/site\/wp-content\/uploads\/2023\/01\/notibras23.png\",\"width\":350,\"height\":87,\"caption\":\"Grupo Notibras de Comunica\u00e7\u00e3o\"},\"image\":{\"@id\":\"https:\/\/www.notibras.com\/site\/#\/schema\/logo\/image\/\"},\"sameAs\":[\"https:\/\/www.facebook.com\/notibras\/\",\"https:\/\/x.com\/Notibras\",\"https:\/\/www.instagram.com\/notibras\/\"]},{\"@type\":\"Person\",\"@id\":\"https:\/\/www.notibras.com\/site\/#\/schema\/person\/5b7fabf2aedc3ada2105f03b22b4d3dd\",\"name\":\"Eduardo Mart\u00ednez\",\"image\":{\"@type\":\"ImageObject\",\"inLanguage\":\"pt-BR\",\"@id\":\"https:\/\/secure.gravatar.com\/avatar\/7902f906289926289cbcda644b5197c796b893c6ffd7b9a536a42d290f7704a0?s=96&d=mm&r=g\",\"url\":\"https:\/\/secure.gravatar.com\/avatar\/7902f906289926289cbcda644b5197c796b893c6ffd7b9a536a42d290f7704a0?s=96&d=mm&r=g\",\"contentUrl\":\"https:\/\/secure.gravatar.com\/avatar\/7902f906289926289cbcda644b5197c796b893c6ffd7b9a536a42d290f7704a0?s=96&d=mm&r=g\",\"caption\":\"Eduardo Mart\u00ednez\"}}]}<\/script>\n<!-- \/ Yoast SEO plugin. -->","yoast_head_json":{"title":"Gama mant\u00e9m soberania, vence a ARUC no Bezerr\u00e3o e isola-se na lideran\u00e7a - Notibras","robots":{"index":"index","follow":"follow","max-snippet":"max-snippet:-1","max-image-preview":"max-image-preview:large","max-video-preview":"max-video-preview:-1"},"canonical":"https:\/\/www.notibras.com\/site\/gama-mantem-soberania-vence-a-aruc-no-bezerrao-e-isola-se-na-lideranca\/","og_locale":"pt_BR","og_type":"article","og_title":"Gama mant\u00e9m soberania, vence a ARUC no Bezerr\u00e3o e isola-se na lideran\u00e7a - Notibras","og_description":"Com gols de Lucas Louren\u00e7o e Daniel Guerreiro, o Alviverde superou o lanterna da competi\u00e7\u00e3o e segue firme no topo da tabela do Candang\u00e3o 2026. O Gr\u00eamio Esportivo Gama continua dando mostras de que \u00e9 o principal candidato ao t\u00edtulo do Campeonato Brasiliense de 2026. Em duelo v\u00e1lido pela 8\u00aa rodada da competi\u00e7\u00e3o, o &#8220;Periquito&#8221; [&hellip;]","og_url":"https:\/\/www.notibras.com\/site\/gama-mantem-soberania-vence-a-aruc-no-bezerrao-e-isola-se-na-lideranca\/","og_site_name":"Notibras","article_publisher":"https:\/\/www.facebook.com\/notibras\/","article_published_time":"2026-02-22T04:15:43+00:00","og_image":[{"width":1170,"height":1517,"url":"https:\/\/www.notibras.com\/site\/wp-content\/uploads\/2026\/02\/WhatsApp-Image-2026-02-21-at-22.02.56.jpeg","type":"image\/jpeg"}],"author":"Eduardo Mart\u00ednez","twitter_card":"summary_large_image","twitter_creator":"@Notibras","twitter_site":"@Notibras","twitter_misc":{"Escrito por":"Eduardo Mart\u00ednez","Est. tempo de leitura":"2 minutos"},"schema":{"@context":"https:\/\/schema.org","@graph":[{"@type":"Article","@id":"https:\/\/www.notibras.com\/site\/gama-mantem-soberania-vence-a-aruc-no-bezerrao-e-isola-se-na-lideranca\/#article","isPartOf":{"@id":"https:\/\/www.notibras.com\/site\/gama-mantem-soberania-vence-a-aruc-no-bezerrao-e-isola-se-na-lideranca\/"},"author":{"name":"Eduardo Mart\u00ednez","@id":"https:\/\/www.notibras.com\/site\/#\/schema\/person\/5b7fabf2aedc3ada2105f03b22b4d3dd"},"headline":"Gama mant\u00e9m soberania, vence a ARUC no Bezerr\u00e3o e isola-se na lideran\u00e7a","datePublished":"2026-02-22T04:15:43+00:00","mainEntityOfPage":{"@id":"https:\/\/www.notibras.com\/site\/gama-mantem-soberania-vence-a-aruc-no-bezerrao-e-isola-se-na-lideranca\/"},"wordCount":355,"publisher":{"@id":"https:\/\/www.notibras.com\/site\/#organization"},"image":{"@id":"https:\/\/www.notibras.com\/site\/gama-mantem-soberania-vence-a-aruc-no-bezerrao-e-isola-se-na-lideranca\/#primaryimage"},"thumbnailUrl":"https:\/\/www.notibras.com\/site\/wp-content\/uploads\/2026\/02\/WhatsApp-Image-2026-02-21-at-22.02.56.jpeg","articleSection":["Quadradinho em Foco"],"inLanguage":"pt-BR"},{"@type":"WebPage","@id":"https:\/\/www.notibras.com\/site\/gama-mantem-soberania-vence-a-aruc-no-bezerrao-e-isola-se-na-lideranca\/","url":"https:\/\/www.notibras.com\/site\/gama-mantem-soberania-vence-a-aruc-no-bezerrao-e-isola-se-na-lideranca\/","name":"Gama mant\u00e9m soberania, vence a ARUC no Bezerr\u00e3o e isola-se na lideran\u00e7a - Notibras","isPartOf":{"@id":"https:\/\/www.notibras.com\/site\/#website"},"primaryImageOfPage":{"@id":"https:\/\/www.notibras.com\/site\/gama-mantem-soberania-vence-a-aruc-no-bezerrao-e-isola-se-na-lideranca\/#primaryimage"},"image":{"@id":"https:\/\/www.notibras.com\/site\/gama-mantem-soberania-vence-a-aruc-no-bezerrao-e-isola-se-na-lideranca\/#primaryimage"},"thumbnailUrl":"https:\/\/www.notibras.com\/site\/wp-content\/uploads\/2026\/02\/WhatsApp-Image-2026-02-21-at-22.02.56.jpeg","datePublished":"2026-02-22T04:15:43+00:00","breadcrumb":{"@id":"https:\/\/www.notibras.com\/site\/gama-mantem-soberania-vence-a-aruc-no-bezerrao-e-isola-se-na-lideranca\/#breadcrumb"},"inLanguage":"pt-BR","potentialAction":[{"@type":"ReadAction","target":["https:\/\/www.notibras.com\/site\/gama-mantem-soberania-vence-a-aruc-no-bezerrao-e-isola-se-na-lideranca\/"]}]},{"@type":"ImageObject","inLanguage":"pt-BR","@id":"https:\/\/www.notibras.com\/site\/gama-mantem-soberania-vence-a-aruc-no-bezerrao-e-isola-se-na-lideranca\/#primaryimage","url":"https:\/\/www.notibras.com\/site\/wp-content\/uploads\/2026\/02\/WhatsApp-Image-2026-02-21-at-22.02.56.jpeg","contentUrl":"https:\/\/www.notibras.com\/site\/wp-content\/uploads\/2026\/02\/WhatsApp-Image-2026-02-21-at-22.02.56.jpeg","width":1170,"height":1517},{"@type":"BreadcrumbList","@id":"https:\/\/www.notibras.com\/site\/gama-mantem-soberania-vence-a-aruc-no-bezerrao-e-isola-se-na-lideranca\/#breadcrumb","itemListElement":[{"@type":"ListItem","position":1,"name":"In\u00edcio","item":"https:\/\/www.notibras.com\/site\/"},{"@type":"ListItem","position":2,"name":"Gama mant\u00e9m soberania, vence a ARUC no Bezerr\u00e3o e isola-se na lideran\u00e7a"}]},{"@type":"WebSite","@id":"https:\/\/www.notibras.com\/site\/#website","url":"https:\/\/www.notibras.com\/site\/","name":"Notibras","description":"Not\u00edcias de Bras\u00edlia, do Brasil e do Mundo","publisher":{"@id":"https:\/\/www.notibras.com\/site\/#organization"},"potentialAction":[{"@type":"SearchAction","target":{"@type":"EntryPoint","urlTemplate":"https:\/\/www.notibras.com\/site\/?s={search_term_string}"},"query-input":{"@type":"PropertyValueSpecification","valueRequired":true,"valueName":"search_term_string"}}],"inLanguage":"pt-BR"},{"@type":"Organization","@id":"https:\/\/www.notibras.com\/site\/#organization","name":"Grupo Notibras de Comunica\u00e7\u00e3o","url":"https:\/\/www.notibras.com\/site\/","logo":{"@type":"ImageObject","inLanguage":"pt-BR","@id":"https:\/\/www.notibras.com\/site\/#\/schema\/logo\/image\/","url":"https:\/\/www.notibras.com\/site\/wp-content\/uploads\/2023\/01\/notibras23.png","contentUrl":"https:\/\/www.notibras.com\/site\/wp-content\/uploads\/2023\/01\/notibras23.png","width":350,"height":87,"caption":"Grupo Notibras de Comunica\u00e7\u00e3o"},"image":{"@id":"https:\/\/www.notibras.com\/site\/#\/schema\/logo\/image\/"},"sameAs":["https:\/\/www.facebook.com\/notibras\/","https:\/\/x.com\/Notibras","https:\/\/www.instagram.com\/notibras\/"]},{"@type":"Person","@id":"https:\/\/www.notibras.com\/site\/#\/schema\/person\/5b7fabf2aedc3ada2105f03b22b4d3dd","name":"Eduardo Mart\u00ednez","image":{"@type":"ImageObject","inLanguage":"pt-BR","@id":"https:\/\/secure.gravatar.com\/avatar\/7902f906289926289cbcda644b5197c796b893c6ffd7b9a536a42d290f7704a0?s=96&d=mm&r=g","url":"https:\/\/secure.gravatar.com\/avatar\/7902f906289926289cbcda644b5197c796b893c6ffd7b9a536a42d290f7704a0?s=96&d=mm&r=g","contentUrl":"https:\/\/secure.gravatar.com\/avatar\/7902f906289926289cbcda644b5197c796b893c6ffd7b9a536a42d290f7704a0?s=96&d=mm&r=g","caption":"Eduardo Mart\u00ednez"}}]}},"amp_enabled":true,"_links":{"self":[{"href":"https:\/\/www.notibras.com\/site\/wp-json\/wp\/v2\/posts\/384126","targetHints":{"allow":["GET"]}}],"collection":[{"href":"https:\/\/www.notibras.com\/site\/wp-json\/wp\/v2\/posts"}],"about":[{"href":"https:\/\/www.notibras.com\/site\/wp-json\/wp\/v2\/types\/post"}],"author":[{"embeddable":true,"href":"https:\/\/www.notibras.com\/site\/wp-json\/wp\/v2\/users\/21"}],"replies":[{"embeddable":true,"href":"https:\/\/www.notibras.com\/site\/wp-json\/wp\/v2\/comments?post=384126"}],"version-history":[{"count":3,"href":"https:\/\/www.notibras.com\/site\/wp-json\/wp\/v2\/posts\/384126\/revisions"}],"predecessor-version":[{"id":384130,"href":"https:\/\/www.notibras.com\/site\/wp-json\/wp\/v2\/posts\/384126\/revisions\/384130"}],"wp:featuredmedia":[{"embeddable":true,"href":"https:\/\/www.notibras.com\/site\/wp-json\/wp\/v2\/media\/384127"}],"wp:attachment":[{"href":"https:\/\/www.notibras.com\/site\/wp-json\/wp\/v2\/media?parent=384126"}],"wp:term":[{"taxonomy":"category","embeddable":true,"href":"https:\/\/www.notibras.com\/site\/wp-json\/wp\/v2\/categories?post=384126"},{"taxonomy":"post_tag","embeddable":true,"href":"https:\/\/www.notibras.com\/site\/wp-json\/wp\/v2\/tags?post=384126"}],"curies":[{"name":"wp","href":"https:\/\/api.w.org\/{rel}","templated":true}]}}