{"id":384135,"date":"2026-02-22T01:00:49","date_gmt":"2026-02-22T04:00:49","guid":{"rendered":"https:\/\/www.notibras.com\/site\/?p=384135"},"modified":"2026-02-21T22:37:16","modified_gmt":"2026-02-22T01:37:16","slug":"falsos-enfermeiros-sao-presos-apos-nove-meses-atendendo-pacientes-graves","status":"publish","type":"post","link":"https:\/\/www.notibras.com\/site\/falsos-enfermeiros-sao-presos-apos-nove-meses-atendendo-pacientes-graves\/","title":{"rendered":"Falsos enfermeiros s\u00e3o presos ap\u00f3s nove meses atendendo pacientes graves"},"content":{"rendered":"<p>A dupla utilizava diplomas falsos de uma faculdade de Santa Catarina; o caso foi descoberto ap\u00f3s den\u00fancia ao Conselho Regional de Enfermagem.<\/p>\n<p>A Pol\u00edcia Civil do Distrito Federal prendeu, na \u00faltima sexta-feira (20), dois profissionais acusados de atuar ilegalmente como enfermeiros. Lu\u00eds Felipe Melo e Danielle Videres Dias s\u00e3o suspeitos de utilizar diplomas falsificados para conseguir o registro profissional e trabalhar na \u00e1rea de sa\u00fade.<\/p>\n<p><strong>Como o esquema foi descoberto<\/strong><\/p>\n<p>O caso chegou ao conhecimento das autoridades ap\u00f3s den\u00fancias feitas ao Conselho Regional de Enfermagem (Coren-DF). Fiscais do \u00f3rg\u00e3o foram at\u00e9 o local de trabalho da dupla e constataram a irregularidade. Imediatamente, os registros profissionais de ambos foram cancelados.<\/p>\n<p><strong>Atendimento a pacientes graves<\/strong><\/p>\n<p>Segundo as investiga\u00e7\u00f5es, os suspeitos trabalharam por nove meses na empresa de home care Onlife. Durante esse per\u00edodo, eles desempenharam fun\u00e7\u00f5es exclusivas de enfermeiros graduados, chegando a prestar assist\u00eancia a pacientes em estado de sa\u00fade delicado.<\/p>\n<p>Os diplomas apresentados por eles eram supostamente emitidos por uma faculdade de Santa Catarina, mas o documento era falso.<\/p>\n<p><strong>O que dizem os envolvidos<\/strong><\/p>\n<p>Em depoimento na 5\u00aa Delegacia de Pol\u00edcia:<\/p>\n<p>Danielle Videres Dias: Afirmou ser v\u00edtima de uma den\u00fancia caluniosa.<\/p>\n<p>Lu\u00eds Felipe Melo: Admitiu que havia uma &#8220;pend\u00eancia&#8221; em seu registro, mas negou ter falsificado o diploma.<\/p>\n<p><strong>Consequ\u00eancias criminais<\/strong><\/p>\n<p>Agora, a dupla responder\u00e1 pelos crimes de:<\/p>\n<p>Exerc\u00edcio ilegal da profiss\u00e3o;<\/p>\n<p>Falsifica\u00e7\u00e3o de documento p\u00fablico\/particular.<\/p>\n","protected":false},"excerpt":{"rendered":"<p>A dupla utilizava diplomas falsos de uma faculdade de Santa Catarina; o caso foi descoberto ap\u00f3s den\u00fancia ao Conselho Regional de Enfermagem. A Pol\u00edcia Civil do Distrito Federal prendeu, na \u00faltima sexta-feira (20), dois profissionais acusados de atuar ilegalmente como enfermeiros. Lu\u00eds Felipe Melo e Danielle Videres Dias s\u00e3o suspeitos de utilizar diplomas falsificados para [&hellip;]<\/p>\n","protected":false},"author":21,"featured_media":384137,"comment_status":"closed","ping_status":"closed","sticky":false,"template":"","format":"standard","meta":{"_acf_changed":false,"footnotes":""},"categories":[161],"tags":[],"class_list":["post-384135","post","type-post","status-publish","format-standard","has-post-thumbnail","hentry","category-quadradinho-em-foco"],"acf":[],"yoast_head":"<!-- This site is optimized with the Yoast SEO plugin v27.2 - https:\/\/yoast.com\/product\/yoast-seo-wordpress\/ -->\n<title>Falsos enfermeiros s\u00e3o presos ap\u00f3s nove meses atendendo pacientes graves - Notibras<\/title>\n<meta name=\"robots\" content=\"index, follow, max-snippet:-1, max-image-preview:large, max-video-preview:-1\" \/>\n<link rel=\"canonical\" href=\"https:\/\/www.notibras.com\/site\/falsos-enfermeiros-sao-presos-apos-nove-meses-atendendo-pacientes-graves\/\" \/>\n<meta property=\"og:locale\" content=\"pt_BR\" \/>\n<meta property=\"og:type\" content=\"article\" \/>\n<meta property=\"og:title\" content=\"Falsos enfermeiros s\u00e3o presos ap\u00f3s nove meses atendendo pacientes graves - Notibras\" \/>\n<meta property=\"og:description\" content=\"A dupla utilizava diplomas falsos de uma faculdade de Santa Catarina; o caso foi descoberto ap\u00f3s den\u00fancia ao Conselho Regional de Enfermagem. A Pol\u00edcia Civil do Distrito Federal prendeu, na \u00faltima sexta-feira (20), dois profissionais acusados de atuar ilegalmente como enfermeiros. Lu\u00eds Felipe Melo e Danielle Videres Dias s\u00e3o suspeitos de utilizar diplomas falsificados para [&hellip;]\" \/>\n<meta property=\"og:url\" content=\"https:\/\/www.notibras.com\/site\/falsos-enfermeiros-sao-presos-apos-nove-meses-atendendo-pacientes-graves\/\" \/>\n<meta property=\"og:site_name\" content=\"Notibras\" \/>\n<meta property=\"article:publisher\" content=\"https:\/\/www.facebook.com\/notibras\/\" \/>\n<meta property=\"article:published_time\" content=\"2026-02-22T04:00:49+00:00\" \/>\n<meta property=\"og:image\" content=\"https:\/\/www.notibras.com\/site\/wp-content\/uploads\/2026\/02\/Conselhos-de-Enfermagem.jpg\" \/>\n\t<meta property=\"og:image:width\" content=\"600\" \/>\n\t<meta property=\"og:image:height\" content=\"400\" \/>\n\t<meta property=\"og:image:type\" content=\"image\/jpeg\" \/>\n<meta name=\"author\" content=\"Eduardo Mart\u00ednez\" \/>\n<meta name=\"twitter:card\" content=\"summary_large_image\" \/>\n<meta name=\"twitter:creator\" content=\"@Notibras\" \/>\n<meta name=\"twitter:site\" content=\"@Notibras\" \/>\n<meta name=\"twitter:label1\" content=\"Escrito por\" \/>\n\t<meta name=\"twitter:data1\" content=\"Eduardo Mart\u00ednez\" \/>\n\t<meta name=\"twitter:label2\" content=\"Est. tempo de leitura\" \/>\n\t<meta name=\"twitter:data2\" content=\"2 minutos\" \/>\n<script type=\"application\/ld+json\" class=\"yoast-schema-graph\">{\"@context\":\"https:\/\/schema.org\",\"@graph\":[{\"@type\":\"Article\",\"@id\":\"https:\/\/www.notibras.com\/site\/falsos-enfermeiros-sao-presos-apos-nove-meses-atendendo-pacientes-graves\/#article\",\"isPartOf\":{\"@id\":\"https:\/\/www.notibras.com\/site\/falsos-enfermeiros-sao-presos-apos-nove-meses-atendendo-pacientes-graves\/\"},\"author\":{\"name\":\"Eduardo Mart\u00ednez\",\"@id\":\"https:\/\/www.notibras.com\/site\/#\/schema\/person\/5b7fabf2aedc3ada2105f03b22b4d3dd\"},\"headline\":\"Falsos enfermeiros s\u00e3o presos ap\u00f3s nove meses atendendo pacientes graves\",\"datePublished\":\"2026-02-22T04:00:49+00:00\",\"mainEntityOfPage\":{\"@id\":\"https:\/\/www.notibras.com\/site\/falsos-enfermeiros-sao-presos-apos-nove-meses-atendendo-pacientes-graves\/\"},\"wordCount\":259,\"publisher\":{\"@id\":\"https:\/\/www.notibras.com\/site\/#organization\"},\"image\":{\"@id\":\"https:\/\/www.notibras.com\/site\/falsos-enfermeiros-sao-presos-apos-nove-meses-atendendo-pacientes-graves\/#primaryimage\"},\"thumbnailUrl\":\"https:\/\/www.notibras.com\/site\/wp-content\/uploads\/2026\/02\/Conselhos-de-Enfermagem.jpg\",\"articleSection\":[\"Quadradinho em Foco\"],\"inLanguage\":\"pt-BR\"},{\"@type\":\"WebPage\",\"@id\":\"https:\/\/www.notibras.com\/site\/falsos-enfermeiros-sao-presos-apos-nove-meses-atendendo-pacientes-graves\/\",\"url\":\"https:\/\/www.notibras.com\/site\/falsos-enfermeiros-sao-presos-apos-nove-meses-atendendo-pacientes-graves\/\",\"name\":\"Falsos enfermeiros s\u00e3o presos ap\u00f3s nove meses atendendo pacientes graves - Notibras\",\"isPartOf\":{\"@id\":\"https:\/\/www.notibras.com\/site\/#website\"},\"primaryImageOfPage\":{\"@id\":\"https:\/\/www.notibras.com\/site\/falsos-enfermeiros-sao-presos-apos-nove-meses-atendendo-pacientes-graves\/#primaryimage\"},\"image\":{\"@id\":\"https:\/\/www.notibras.com\/site\/falsos-enfermeiros-sao-presos-apos-nove-meses-atendendo-pacientes-graves\/#primaryimage\"},\"thumbnailUrl\":\"https:\/\/www.notibras.com\/site\/wp-content\/uploads\/2026\/02\/Conselhos-de-Enfermagem.jpg\",\"datePublished\":\"2026-02-22T04:00:49+00:00\",\"breadcrumb\":{\"@id\":\"https:\/\/www.notibras.com\/site\/falsos-enfermeiros-sao-presos-apos-nove-meses-atendendo-pacientes-graves\/#breadcrumb\"},\"inLanguage\":\"pt-BR\",\"potentialAction\":[{\"@type\":\"ReadAction\",\"target\":[\"https:\/\/www.notibras.com\/site\/falsos-enfermeiros-sao-presos-apos-nove-meses-atendendo-pacientes-graves\/\"]}]},{\"@type\":\"ImageObject\",\"inLanguage\":\"pt-BR\",\"@id\":\"https:\/\/www.notibras.com\/site\/falsos-enfermeiros-sao-presos-apos-nove-meses-atendendo-pacientes-graves\/#primaryimage\",\"url\":\"https:\/\/www.notibras.com\/site\/wp-content\/uploads\/2026\/02\/Conselhos-de-Enfermagem.jpg\",\"contentUrl\":\"https:\/\/www.notibras.com\/site\/wp-content\/uploads\/2026\/02\/Conselhos-de-Enfermagem.jpg\",\"width\":600,\"height\":400},{\"@type\":\"BreadcrumbList\",\"@id\":\"https:\/\/www.notibras.com\/site\/falsos-enfermeiros-sao-presos-apos-nove-meses-atendendo-pacientes-graves\/#breadcrumb\",\"itemListElement\":[{\"@type\":\"ListItem\",\"position\":1,\"name\":\"In\u00edcio\",\"item\":\"https:\/\/www.notibras.com\/site\/\"},{\"@type\":\"ListItem\",\"position\":2,\"name\":\"Falsos enfermeiros s\u00e3o presos ap\u00f3s nove meses atendendo pacientes graves\"}]},{\"@type\":\"WebSite\",\"@id\":\"https:\/\/www.notibras.com\/site\/#website\",\"url\":\"https:\/\/www.notibras.com\/site\/\",\"name\":\"Notibras\",\"description\":\"Not\u00edcias de Bras\u00edlia, do Brasil e do Mundo\",\"publisher\":{\"@id\":\"https:\/\/www.notibras.com\/site\/#organization\"},\"potentialAction\":[{\"@type\":\"SearchAction\",\"target\":{\"@type\":\"EntryPoint\",\"urlTemplate\":\"https:\/\/www.notibras.com\/site\/?s={search_term_string}\"},\"query-input\":{\"@type\":\"PropertyValueSpecification\",\"valueRequired\":true,\"valueName\":\"search_term_string\"}}],\"inLanguage\":\"pt-BR\"},{\"@type\":\"Organization\",\"@id\":\"https:\/\/www.notibras.com\/site\/#organization\",\"name\":\"Grupo Notibras de Comunica\u00e7\u00e3o\",\"url\":\"https:\/\/www.notibras.com\/site\/\",\"logo\":{\"@type\":\"ImageObject\",\"inLanguage\":\"pt-BR\",\"@id\":\"https:\/\/www.notibras.com\/site\/#\/schema\/logo\/image\/\",\"url\":\"https:\/\/www.notibras.com\/site\/wp-content\/uploads\/2023\/01\/notibras23.png\",\"contentUrl\":\"https:\/\/www.notibras.com\/site\/wp-content\/uploads\/2023\/01\/notibras23.png\",\"width\":350,\"height\":87,\"caption\":\"Grupo Notibras de Comunica\u00e7\u00e3o\"},\"image\":{\"@id\":\"https:\/\/www.notibras.com\/site\/#\/schema\/logo\/image\/\"},\"sameAs\":[\"https:\/\/www.facebook.com\/notibras\/\",\"https:\/\/x.com\/Notibras\",\"https:\/\/www.instagram.com\/notibras\/\"]},{\"@type\":\"Person\",\"@id\":\"https:\/\/www.notibras.com\/site\/#\/schema\/person\/5b7fabf2aedc3ada2105f03b22b4d3dd\",\"name\":\"Eduardo Mart\u00ednez\",\"image\":{\"@type\":\"ImageObject\",\"inLanguage\":\"pt-BR\",\"@id\":\"https:\/\/secure.gravatar.com\/avatar\/7902f906289926289cbcda644b5197c796b893c6ffd7b9a536a42d290f7704a0?s=96&d=mm&r=g\",\"url\":\"https:\/\/secure.gravatar.com\/avatar\/7902f906289926289cbcda644b5197c796b893c6ffd7b9a536a42d290f7704a0?s=96&d=mm&r=g\",\"contentUrl\":\"https:\/\/secure.gravatar.com\/avatar\/7902f906289926289cbcda644b5197c796b893c6ffd7b9a536a42d290f7704a0?s=96&d=mm&r=g\",\"caption\":\"Eduardo Mart\u00ednez\"}}]}<\/script>\n<!-- \/ Yoast SEO plugin. -->","yoast_head_json":{"title":"Falsos enfermeiros s\u00e3o presos ap\u00f3s nove meses atendendo pacientes graves - Notibras","robots":{"index":"index","follow":"follow","max-snippet":"max-snippet:-1","max-image-preview":"max-image-preview:large","max-video-preview":"max-video-preview:-1"},"canonical":"https:\/\/www.notibras.com\/site\/falsos-enfermeiros-sao-presos-apos-nove-meses-atendendo-pacientes-graves\/","og_locale":"pt_BR","og_type":"article","og_title":"Falsos enfermeiros s\u00e3o presos ap\u00f3s nove meses atendendo pacientes graves - Notibras","og_description":"A dupla utilizava diplomas falsos de uma faculdade de Santa Catarina; o caso foi descoberto ap\u00f3s den\u00fancia ao Conselho Regional de Enfermagem. A Pol\u00edcia Civil do Distrito Federal prendeu, na \u00faltima sexta-feira (20), dois profissionais acusados de atuar ilegalmente como enfermeiros. Lu\u00eds Felipe Melo e Danielle Videres Dias s\u00e3o suspeitos de utilizar diplomas falsificados para [&hellip;]","og_url":"https:\/\/www.notibras.com\/site\/falsos-enfermeiros-sao-presos-apos-nove-meses-atendendo-pacientes-graves\/","og_site_name":"Notibras","article_publisher":"https:\/\/www.facebook.com\/notibras\/","article_published_time":"2026-02-22T04:00:49+00:00","og_image":[{"width":600,"height":400,"url":"https:\/\/www.notibras.com\/site\/wp-content\/uploads\/2026\/02\/Conselhos-de-Enfermagem.jpg","type":"image\/jpeg"}],"author":"Eduardo Mart\u00ednez","twitter_card":"summary_large_image","twitter_creator":"@Notibras","twitter_site":"@Notibras","twitter_misc":{"Escrito por":"Eduardo Mart\u00ednez","Est. tempo de leitura":"2 minutos"},"schema":{"@context":"https:\/\/schema.org","@graph":[{"@type":"Article","@id":"https:\/\/www.notibras.com\/site\/falsos-enfermeiros-sao-presos-apos-nove-meses-atendendo-pacientes-graves\/#article","isPartOf":{"@id":"https:\/\/www.notibras.com\/site\/falsos-enfermeiros-sao-presos-apos-nove-meses-atendendo-pacientes-graves\/"},"author":{"name":"Eduardo Mart\u00ednez","@id":"https:\/\/www.notibras.com\/site\/#\/schema\/person\/5b7fabf2aedc3ada2105f03b22b4d3dd"},"headline":"Falsos enfermeiros s\u00e3o presos ap\u00f3s nove meses atendendo pacientes graves","datePublished":"2026-02-22T04:00:49+00:00","mainEntityOfPage":{"@id":"https:\/\/www.notibras.com\/site\/falsos-enfermeiros-sao-presos-apos-nove-meses-atendendo-pacientes-graves\/"},"wordCount":259,"publisher":{"@id":"https:\/\/www.notibras.com\/site\/#organization"},"image":{"@id":"https:\/\/www.notibras.com\/site\/falsos-enfermeiros-sao-presos-apos-nove-meses-atendendo-pacientes-graves\/#primaryimage"},"thumbnailUrl":"https:\/\/www.notibras.com\/site\/wp-content\/uploads\/2026\/02\/Conselhos-de-Enfermagem.jpg","articleSection":["Quadradinho em Foco"],"inLanguage":"pt-BR"},{"@type":"WebPage","@id":"https:\/\/www.notibras.com\/site\/falsos-enfermeiros-sao-presos-apos-nove-meses-atendendo-pacientes-graves\/","url":"https:\/\/www.notibras.com\/site\/falsos-enfermeiros-sao-presos-apos-nove-meses-atendendo-pacientes-graves\/","name":"Falsos enfermeiros s\u00e3o presos ap\u00f3s nove meses atendendo pacientes graves - Notibras","isPartOf":{"@id":"https:\/\/www.notibras.com\/site\/#website"},"primaryImageOfPage":{"@id":"https:\/\/www.notibras.com\/site\/falsos-enfermeiros-sao-presos-apos-nove-meses-atendendo-pacientes-graves\/#primaryimage"},"image":{"@id":"https:\/\/www.notibras.com\/site\/falsos-enfermeiros-sao-presos-apos-nove-meses-atendendo-pacientes-graves\/#primaryimage"},"thumbnailUrl":"https:\/\/www.notibras.com\/site\/wp-content\/uploads\/2026\/02\/Conselhos-de-Enfermagem.jpg","datePublished":"2026-02-22T04:00:49+00:00","breadcrumb":{"@id":"https:\/\/www.notibras.com\/site\/falsos-enfermeiros-sao-presos-apos-nove-meses-atendendo-pacientes-graves\/#breadcrumb"},"inLanguage":"pt-BR","potentialAction":[{"@type":"ReadAction","target":["https:\/\/www.notibras.com\/site\/falsos-enfermeiros-sao-presos-apos-nove-meses-atendendo-pacientes-graves\/"]}]},{"@type":"ImageObject","inLanguage":"pt-BR","@id":"https:\/\/www.notibras.com\/site\/falsos-enfermeiros-sao-presos-apos-nove-meses-atendendo-pacientes-graves\/#primaryimage","url":"https:\/\/www.notibras.com\/site\/wp-content\/uploads\/2026\/02\/Conselhos-de-Enfermagem.jpg","contentUrl":"https:\/\/www.notibras.com\/site\/wp-content\/uploads\/2026\/02\/Conselhos-de-Enfermagem.jpg","width":600,"height":400},{"@type":"BreadcrumbList","@id":"https:\/\/www.notibras.com\/site\/falsos-enfermeiros-sao-presos-apos-nove-meses-atendendo-pacientes-graves\/#breadcrumb","itemListElement":[{"@type":"ListItem","position":1,"name":"In\u00edcio","item":"https:\/\/www.notibras.com\/site\/"},{"@type":"ListItem","position":2,"name":"Falsos enfermeiros s\u00e3o presos ap\u00f3s nove meses atendendo pacientes graves"}]},{"@type":"WebSite","@id":"https:\/\/www.notibras.com\/site\/#website","url":"https:\/\/www.notibras.com\/site\/","name":"Notibras","description":"Not\u00edcias de Bras\u00edlia, do Brasil e do Mundo","publisher":{"@id":"https:\/\/www.notibras.com\/site\/#organization"},"potentialAction":[{"@type":"SearchAction","target":{"@type":"EntryPoint","urlTemplate":"https:\/\/www.notibras.com\/site\/?s={search_term_string}"},"query-input":{"@type":"PropertyValueSpecification","valueRequired":true,"valueName":"search_term_string"}}],"inLanguage":"pt-BR"},{"@type":"Organization","@id":"https:\/\/www.notibras.com\/site\/#organization","name":"Grupo Notibras de Comunica\u00e7\u00e3o","url":"https:\/\/www.notibras.com\/site\/","logo":{"@type":"ImageObject","inLanguage":"pt-BR","@id":"https:\/\/www.notibras.com\/site\/#\/schema\/logo\/image\/","url":"https:\/\/www.notibras.com\/site\/wp-content\/uploads\/2023\/01\/notibras23.png","contentUrl":"https:\/\/www.notibras.com\/site\/wp-content\/uploads\/2023\/01\/notibras23.png","width":350,"height":87,"caption":"Grupo Notibras de Comunica\u00e7\u00e3o"},"image":{"@id":"https:\/\/www.notibras.com\/site\/#\/schema\/logo\/image\/"},"sameAs":["https:\/\/www.facebook.com\/notibras\/","https:\/\/x.com\/Notibras","https:\/\/www.instagram.com\/notibras\/"]},{"@type":"Person","@id":"https:\/\/www.notibras.com\/site\/#\/schema\/person\/5b7fabf2aedc3ada2105f03b22b4d3dd","name":"Eduardo Mart\u00ednez","image":{"@type":"ImageObject","inLanguage":"pt-BR","@id":"https:\/\/secure.gravatar.com\/avatar\/7902f906289926289cbcda644b5197c796b893c6ffd7b9a536a42d290f7704a0?s=96&d=mm&r=g","url":"https:\/\/secure.gravatar.com\/avatar\/7902f906289926289cbcda644b5197c796b893c6ffd7b9a536a42d290f7704a0?s=96&d=mm&r=g","contentUrl":"https:\/\/secure.gravatar.com\/avatar\/7902f906289926289cbcda644b5197c796b893c6ffd7b9a536a42d290f7704a0?s=96&d=mm&r=g","caption":"Eduardo Mart\u00ednez"}}]}},"amp_enabled":true,"_links":{"self":[{"href":"https:\/\/www.notibras.com\/site\/wp-json\/wp\/v2\/posts\/384135","targetHints":{"allow":["GET"]}}],"collection":[{"href":"https:\/\/www.notibras.com\/site\/wp-json\/wp\/v2\/posts"}],"about":[{"href":"https:\/\/www.notibras.com\/site\/wp-json\/wp\/v2\/types\/post"}],"author":[{"embeddable":true,"href":"https:\/\/www.notibras.com\/site\/wp-json\/wp\/v2\/users\/21"}],"replies":[{"embeddable":true,"href":"https:\/\/www.notibras.com\/site\/wp-json\/wp\/v2\/comments?post=384135"}],"version-history":[{"count":3,"href":"https:\/\/www.notibras.com\/site\/wp-json\/wp\/v2\/posts\/384135\/revisions"}],"predecessor-version":[{"id":384139,"href":"https:\/\/www.notibras.com\/site\/wp-json\/wp\/v2\/posts\/384135\/revisions\/384139"}],"wp:featuredmedia":[{"embeddable":true,"href":"https:\/\/www.notibras.com\/site\/wp-json\/wp\/v2\/media\/384137"}],"wp:attachment":[{"href":"https:\/\/www.notibras.com\/site\/wp-json\/wp\/v2\/media?parent=384135"}],"wp:term":[{"taxonomy":"category","embeddable":true,"href":"https:\/\/www.notibras.com\/site\/wp-json\/wp\/v2\/categories?post=384135"},{"taxonomy":"post_tag","embeddable":true,"href":"https:\/\/www.notibras.com\/site\/wp-json\/wp\/v2\/tags?post=384135"}],"curies":[{"name":"wp","href":"https:\/\/api.w.org\/{rel}","templated":true}]}}