{"id":384140,"date":"2026-02-22T02:00:59","date_gmt":"2026-02-22T05:00:59","guid":{"rendered":"https:\/\/www.notibras.com\/site\/?p=384140"},"modified":"2026-02-21T22:56:32","modified_gmt":"2026-02-22T01:56:32","slug":"o-fim-da-unidade-conservadora-no-brasil","status":"publish","type":"post","link":"https:\/\/www.notibras.com\/site\/o-fim-da-unidade-conservadora-no-brasil\/","title":{"rendered":"O fim da unidade conservadora no Brasil"},"content":{"rendered":"<p>O p\u00f3s-Bolsonaro promete ser um per\u00edodo de turbul\u00eancia intensa na pol\u00edtica brasileira. A lideran\u00e7a centralizadora que durante anos manteve diferentes correntes da direita orbitando em torno de um mesmo nome deixar\u00e1 um v\u00e1cuo dif\u00edcil de preencher. Sem uma figura que concentre capital eleitoral, discurso e mobiliza\u00e7\u00e3o digital, o campo conservador tende a entrar em disputa aberta por protagonismo, espa\u00e7o partid\u00e1rio e narrativa p\u00fablica.<\/p>\n<p>A direita, que j\u00e1 abriga liberais econ\u00f4micos, conservadores de costumes, militares, religiosos, olavistas e pragm\u00e1ticos eleitorais, poder\u00e1 se fragmentar ainda mais. Esses grupos, que antes toleravam diverg\u00eancias em nome de um projeto comum, passar\u00e3o a disputar heran\u00e7a pol\u00edtica, influ\u00eancia sobre eleitores e controle de partidos. O resultado prov\u00e1vel \u00e9 uma sequ\u00eancia de conflitos internos, acusa\u00e7\u00f5es cruzadas e tentativas de deslegitima\u00e7\u00e3o m\u00fatua e uma briga por identidade e lideran\u00e7a.<\/p>\n<p>Em vez de unidade estrat\u00e9gica, o que se desenha \u00e9 um cen\u00e1rio de competi\u00e7\u00e3o feroz. Cada ala buscar\u00e1 se apresentar como a \u201cverdadeira\u201d representante dos valores que mobilizaram milh\u00f5es de brasileiros nos \u00faltimos anos. O p\u00f3s-Bolsonaro, portanto, n\u00e3o tende a ser um per\u00edodo de reorganiza\u00e7\u00e3o tranquila, mas sim de muito ru\u00eddo, rupturas e embates p\u00fablicos que poder\u00e3o redefinir o mapa da direita no pa\u00eds.<\/p>\n","protected":false},"excerpt":{"rendered":"<p>O p\u00f3s-Bolsonaro promete ser um per\u00edodo de turbul\u00eancia intensa na pol\u00edtica brasileira. A lideran\u00e7a centralizadora que durante anos manteve diferentes correntes da direita orbitando em torno de um mesmo nome deixar\u00e1 um v\u00e1cuo dif\u00edcil de preencher. Sem uma figura que concentre capital eleitoral, discurso e mobiliza\u00e7\u00e3o digital, o campo conservador tende a entrar em disputa [&hellip;]<\/p>\n","protected":false},"author":21,"featured_media":384141,"comment_status":"closed","ping_status":"closed","sticky":false,"template":"","format":"standard","meta":{"_acf_changed":false,"footnotes":""},"categories":[235],"tags":[],"class_list":["post-384140","post","type-post","status-publish","format-standard","has-post-thumbnail","hentry","category-dona-irene"],"acf":[],"yoast_head":"<!-- This site is optimized with the Yoast SEO plugin v27.2 - https:\/\/yoast.com\/product\/yoast-seo-wordpress\/ -->\n<title>O fim da unidade conservadora no Brasil - Notibras<\/title>\n<meta name=\"robots\" content=\"index, follow, max-snippet:-1, max-image-preview:large, max-video-preview:-1\" \/>\n<link rel=\"canonical\" href=\"https:\/\/www.notibras.com\/site\/o-fim-da-unidade-conservadora-no-brasil\/\" \/>\n<meta property=\"og:locale\" content=\"pt_BR\" \/>\n<meta property=\"og:type\" content=\"article\" \/>\n<meta property=\"og:title\" content=\"O fim da unidade conservadora no Brasil - Notibras\" \/>\n<meta property=\"og:description\" content=\"O p\u00f3s-Bolsonaro promete ser um per\u00edodo de turbul\u00eancia intensa na pol\u00edtica brasileira. A lideran\u00e7a centralizadora que durante anos manteve diferentes correntes da direita orbitando em torno de um mesmo nome deixar\u00e1 um v\u00e1cuo dif\u00edcil de preencher. Sem uma figura que concentre capital eleitoral, discurso e mobiliza\u00e7\u00e3o digital, o campo conservador tende a entrar em disputa [&hellip;]\" \/>\n<meta property=\"og:url\" content=\"https:\/\/www.notibras.com\/site\/o-fim-da-unidade-conservadora-no-brasil\/\" \/>\n<meta property=\"og:site_name\" content=\"Notibras\" \/>\n<meta property=\"article:publisher\" content=\"https:\/\/www.facebook.com\/notibras\/\" \/>\n<meta property=\"article:published_time\" content=\"2026-02-22T05:00:59+00:00\" \/>\n<meta property=\"og:image\" content=\"https:\/\/www.notibras.com\/site\/wp-content\/uploads\/2026\/02\/candidatos-da-direitajpg.webp\" \/>\n\t<meta property=\"og:image:width\" content=\"900\" \/>\n\t<meta property=\"og:image:height\" content=\"600\" \/>\n\t<meta property=\"og:image:type\" content=\"image\/webp\" \/>\n<meta name=\"author\" content=\"Eduardo Mart\u00ednez\" \/>\n<meta name=\"twitter:card\" content=\"summary_large_image\" \/>\n<meta name=\"twitter:creator\" content=\"@Notibras\" \/>\n<meta name=\"twitter:site\" content=\"@Notibras\" \/>\n<meta name=\"twitter:label1\" content=\"Escrito por\" \/>\n\t<meta name=\"twitter:data1\" content=\"Eduardo Mart\u00ednez\" \/>\n\t<meta name=\"twitter:label2\" content=\"Est. tempo de leitura\" \/>\n\t<meta name=\"twitter:data2\" content=\"2 minutos\" \/>\n<script type=\"application\/ld+json\" class=\"yoast-schema-graph\">{\"@context\":\"https:\/\/schema.org\",\"@graph\":[{\"@type\":\"Article\",\"@id\":\"https:\/\/www.notibras.com\/site\/o-fim-da-unidade-conservadora-no-brasil\/#article\",\"isPartOf\":{\"@id\":\"https:\/\/www.notibras.com\/site\/o-fim-da-unidade-conservadora-no-brasil\/\"},\"author\":{\"name\":\"Eduardo Mart\u00ednez\",\"@id\":\"https:\/\/www.notibras.com\/site\/#\/schema\/person\/5b7fabf2aedc3ada2105f03b22b4d3dd\"},\"headline\":\"O fim da unidade conservadora no Brasil\",\"datePublished\":\"2026-02-22T05:00:59+00:00\",\"mainEntityOfPage\":{\"@id\":\"https:\/\/www.notibras.com\/site\/o-fim-da-unidade-conservadora-no-brasil\/\"},\"wordCount\":236,\"publisher\":{\"@id\":\"https:\/\/www.notibras.com\/site\/#organization\"},\"image\":{\"@id\":\"https:\/\/www.notibras.com\/site\/o-fim-da-unidade-conservadora-no-brasil\/#primaryimage\"},\"thumbnailUrl\":\"https:\/\/www.notibras.com\/site\/wp-content\/uploads\/2026\/02\/candidatos-da-direitajpg.webp\",\"articleSection\":[\"Dona Irene\"],\"inLanguage\":\"pt-BR\"},{\"@type\":\"WebPage\",\"@id\":\"https:\/\/www.notibras.com\/site\/o-fim-da-unidade-conservadora-no-brasil\/\",\"url\":\"https:\/\/www.notibras.com\/site\/o-fim-da-unidade-conservadora-no-brasil\/\",\"name\":\"O fim da unidade conservadora no Brasil - Notibras\",\"isPartOf\":{\"@id\":\"https:\/\/www.notibras.com\/site\/#website\"},\"primaryImageOfPage\":{\"@id\":\"https:\/\/www.notibras.com\/site\/o-fim-da-unidade-conservadora-no-brasil\/#primaryimage\"},\"image\":{\"@id\":\"https:\/\/www.notibras.com\/site\/o-fim-da-unidade-conservadora-no-brasil\/#primaryimage\"},\"thumbnailUrl\":\"https:\/\/www.notibras.com\/site\/wp-content\/uploads\/2026\/02\/candidatos-da-direitajpg.webp\",\"datePublished\":\"2026-02-22T05:00:59+00:00\",\"breadcrumb\":{\"@id\":\"https:\/\/www.notibras.com\/site\/o-fim-da-unidade-conservadora-no-brasil\/#breadcrumb\"},\"inLanguage\":\"pt-BR\",\"potentialAction\":[{\"@type\":\"ReadAction\",\"target\":[\"https:\/\/www.notibras.com\/site\/o-fim-da-unidade-conservadora-no-brasil\/\"]}]},{\"@type\":\"ImageObject\",\"inLanguage\":\"pt-BR\",\"@id\":\"https:\/\/www.notibras.com\/site\/o-fim-da-unidade-conservadora-no-brasil\/#primaryimage\",\"url\":\"https:\/\/www.notibras.com\/site\/wp-content\/uploads\/2026\/02\/candidatos-da-direitajpg.webp\",\"contentUrl\":\"https:\/\/www.notibras.com\/site\/wp-content\/uploads\/2026\/02\/candidatos-da-direitajpg.webp\",\"width\":900,\"height\":600},{\"@type\":\"BreadcrumbList\",\"@id\":\"https:\/\/www.notibras.com\/site\/o-fim-da-unidade-conservadora-no-brasil\/#breadcrumb\",\"itemListElement\":[{\"@type\":\"ListItem\",\"position\":1,\"name\":\"In\u00edcio\",\"item\":\"https:\/\/www.notibras.com\/site\/\"},{\"@type\":\"ListItem\",\"position\":2,\"name\":\"O fim da unidade conservadora no Brasil\"}]},{\"@type\":\"WebSite\",\"@id\":\"https:\/\/www.notibras.com\/site\/#website\",\"url\":\"https:\/\/www.notibras.com\/site\/\",\"name\":\"Notibras\",\"description\":\"Not\u00edcias de Bras\u00edlia, do Brasil e do Mundo\",\"publisher\":{\"@id\":\"https:\/\/www.notibras.com\/site\/#organization\"},\"potentialAction\":[{\"@type\":\"SearchAction\",\"target\":{\"@type\":\"EntryPoint\",\"urlTemplate\":\"https:\/\/www.notibras.com\/site\/?s={search_term_string}\"},\"query-input\":{\"@type\":\"PropertyValueSpecification\",\"valueRequired\":true,\"valueName\":\"search_term_string\"}}],\"inLanguage\":\"pt-BR\"},{\"@type\":\"Organization\",\"@id\":\"https:\/\/www.notibras.com\/site\/#organization\",\"name\":\"Grupo Notibras de Comunica\u00e7\u00e3o\",\"url\":\"https:\/\/www.notibras.com\/site\/\",\"logo\":{\"@type\":\"ImageObject\",\"inLanguage\":\"pt-BR\",\"@id\":\"https:\/\/www.notibras.com\/site\/#\/schema\/logo\/image\/\",\"url\":\"https:\/\/www.notibras.com\/site\/wp-content\/uploads\/2023\/01\/notibras23.png\",\"contentUrl\":\"https:\/\/www.notibras.com\/site\/wp-content\/uploads\/2023\/01\/notibras23.png\",\"width\":350,\"height\":87,\"caption\":\"Grupo Notibras de Comunica\u00e7\u00e3o\"},\"image\":{\"@id\":\"https:\/\/www.notibras.com\/site\/#\/schema\/logo\/image\/\"},\"sameAs\":[\"https:\/\/www.facebook.com\/notibras\/\",\"https:\/\/x.com\/Notibras\",\"https:\/\/www.instagram.com\/notibras\/\"]},{\"@type\":\"Person\",\"@id\":\"https:\/\/www.notibras.com\/site\/#\/schema\/person\/5b7fabf2aedc3ada2105f03b22b4d3dd\",\"name\":\"Eduardo Mart\u00ednez\",\"image\":{\"@type\":\"ImageObject\",\"inLanguage\":\"pt-BR\",\"@id\":\"https:\/\/secure.gravatar.com\/avatar\/7902f906289926289cbcda644b5197c796b893c6ffd7b9a536a42d290f7704a0?s=96&d=mm&r=g\",\"url\":\"https:\/\/secure.gravatar.com\/avatar\/7902f906289926289cbcda644b5197c796b893c6ffd7b9a536a42d290f7704a0?s=96&d=mm&r=g\",\"contentUrl\":\"https:\/\/secure.gravatar.com\/avatar\/7902f906289926289cbcda644b5197c796b893c6ffd7b9a536a42d290f7704a0?s=96&d=mm&r=g\",\"caption\":\"Eduardo Mart\u00ednez\"}}]}<\/script>\n<!-- \/ Yoast SEO plugin. -->","yoast_head_json":{"title":"O fim da unidade conservadora no Brasil - Notibras","robots":{"index":"index","follow":"follow","max-snippet":"max-snippet:-1","max-image-preview":"max-image-preview:large","max-video-preview":"max-video-preview:-1"},"canonical":"https:\/\/www.notibras.com\/site\/o-fim-da-unidade-conservadora-no-brasil\/","og_locale":"pt_BR","og_type":"article","og_title":"O fim da unidade conservadora no Brasil - Notibras","og_description":"O p\u00f3s-Bolsonaro promete ser um per\u00edodo de turbul\u00eancia intensa na pol\u00edtica brasileira. A lideran\u00e7a centralizadora que durante anos manteve diferentes correntes da direita orbitando em torno de um mesmo nome deixar\u00e1 um v\u00e1cuo dif\u00edcil de preencher. Sem uma figura que concentre capital eleitoral, discurso e mobiliza\u00e7\u00e3o digital, o campo conservador tende a entrar em disputa [&hellip;]","og_url":"https:\/\/www.notibras.com\/site\/o-fim-da-unidade-conservadora-no-brasil\/","og_site_name":"Notibras","article_publisher":"https:\/\/www.facebook.com\/notibras\/","article_published_time":"2026-02-22T05:00:59+00:00","og_image":[{"width":900,"height":600,"url":"https:\/\/www.notibras.com\/site\/wp-content\/uploads\/2026\/02\/candidatos-da-direitajpg.webp","type":"image\/webp"}],"author":"Eduardo Mart\u00ednez","twitter_card":"summary_large_image","twitter_creator":"@Notibras","twitter_site":"@Notibras","twitter_misc":{"Escrito por":"Eduardo Mart\u00ednez","Est. tempo de leitura":"2 minutos"},"schema":{"@context":"https:\/\/schema.org","@graph":[{"@type":"Article","@id":"https:\/\/www.notibras.com\/site\/o-fim-da-unidade-conservadora-no-brasil\/#article","isPartOf":{"@id":"https:\/\/www.notibras.com\/site\/o-fim-da-unidade-conservadora-no-brasil\/"},"author":{"name":"Eduardo Mart\u00ednez","@id":"https:\/\/www.notibras.com\/site\/#\/schema\/person\/5b7fabf2aedc3ada2105f03b22b4d3dd"},"headline":"O fim da unidade conservadora no Brasil","datePublished":"2026-02-22T05:00:59+00:00","mainEntityOfPage":{"@id":"https:\/\/www.notibras.com\/site\/o-fim-da-unidade-conservadora-no-brasil\/"},"wordCount":236,"publisher":{"@id":"https:\/\/www.notibras.com\/site\/#organization"},"image":{"@id":"https:\/\/www.notibras.com\/site\/o-fim-da-unidade-conservadora-no-brasil\/#primaryimage"},"thumbnailUrl":"https:\/\/www.notibras.com\/site\/wp-content\/uploads\/2026\/02\/candidatos-da-direitajpg.webp","articleSection":["Dona Irene"],"inLanguage":"pt-BR"},{"@type":"WebPage","@id":"https:\/\/www.notibras.com\/site\/o-fim-da-unidade-conservadora-no-brasil\/","url":"https:\/\/www.notibras.com\/site\/o-fim-da-unidade-conservadora-no-brasil\/","name":"O fim da unidade conservadora no Brasil - Notibras","isPartOf":{"@id":"https:\/\/www.notibras.com\/site\/#website"},"primaryImageOfPage":{"@id":"https:\/\/www.notibras.com\/site\/o-fim-da-unidade-conservadora-no-brasil\/#primaryimage"},"image":{"@id":"https:\/\/www.notibras.com\/site\/o-fim-da-unidade-conservadora-no-brasil\/#primaryimage"},"thumbnailUrl":"https:\/\/www.notibras.com\/site\/wp-content\/uploads\/2026\/02\/candidatos-da-direitajpg.webp","datePublished":"2026-02-22T05:00:59+00:00","breadcrumb":{"@id":"https:\/\/www.notibras.com\/site\/o-fim-da-unidade-conservadora-no-brasil\/#breadcrumb"},"inLanguage":"pt-BR","potentialAction":[{"@type":"ReadAction","target":["https:\/\/www.notibras.com\/site\/o-fim-da-unidade-conservadora-no-brasil\/"]}]},{"@type":"ImageObject","inLanguage":"pt-BR","@id":"https:\/\/www.notibras.com\/site\/o-fim-da-unidade-conservadora-no-brasil\/#primaryimage","url":"https:\/\/www.notibras.com\/site\/wp-content\/uploads\/2026\/02\/candidatos-da-direitajpg.webp","contentUrl":"https:\/\/www.notibras.com\/site\/wp-content\/uploads\/2026\/02\/candidatos-da-direitajpg.webp","width":900,"height":600},{"@type":"BreadcrumbList","@id":"https:\/\/www.notibras.com\/site\/o-fim-da-unidade-conservadora-no-brasil\/#breadcrumb","itemListElement":[{"@type":"ListItem","position":1,"name":"In\u00edcio","item":"https:\/\/www.notibras.com\/site\/"},{"@type":"ListItem","position":2,"name":"O fim da unidade conservadora no Brasil"}]},{"@type":"WebSite","@id":"https:\/\/www.notibras.com\/site\/#website","url":"https:\/\/www.notibras.com\/site\/","name":"Notibras","description":"Not\u00edcias de Bras\u00edlia, do Brasil e do Mundo","publisher":{"@id":"https:\/\/www.notibras.com\/site\/#organization"},"potentialAction":[{"@type":"SearchAction","target":{"@type":"EntryPoint","urlTemplate":"https:\/\/www.notibras.com\/site\/?s={search_term_string}"},"query-input":{"@type":"PropertyValueSpecification","valueRequired":true,"valueName":"search_term_string"}}],"inLanguage":"pt-BR"},{"@type":"Organization","@id":"https:\/\/www.notibras.com\/site\/#organization","name":"Grupo Notibras de Comunica\u00e7\u00e3o","url":"https:\/\/www.notibras.com\/site\/","logo":{"@type":"ImageObject","inLanguage":"pt-BR","@id":"https:\/\/www.notibras.com\/site\/#\/schema\/logo\/image\/","url":"https:\/\/www.notibras.com\/site\/wp-content\/uploads\/2023\/01\/notibras23.png","contentUrl":"https:\/\/www.notibras.com\/site\/wp-content\/uploads\/2023\/01\/notibras23.png","width":350,"height":87,"caption":"Grupo Notibras de Comunica\u00e7\u00e3o"},"image":{"@id":"https:\/\/www.notibras.com\/site\/#\/schema\/logo\/image\/"},"sameAs":["https:\/\/www.facebook.com\/notibras\/","https:\/\/x.com\/Notibras","https:\/\/www.instagram.com\/notibras\/"]},{"@type":"Person","@id":"https:\/\/www.notibras.com\/site\/#\/schema\/person\/5b7fabf2aedc3ada2105f03b22b4d3dd","name":"Eduardo Mart\u00ednez","image":{"@type":"ImageObject","inLanguage":"pt-BR","@id":"https:\/\/secure.gravatar.com\/avatar\/7902f906289926289cbcda644b5197c796b893c6ffd7b9a536a42d290f7704a0?s=96&d=mm&r=g","url":"https:\/\/secure.gravatar.com\/avatar\/7902f906289926289cbcda644b5197c796b893c6ffd7b9a536a42d290f7704a0?s=96&d=mm&r=g","contentUrl":"https:\/\/secure.gravatar.com\/avatar\/7902f906289926289cbcda644b5197c796b893c6ffd7b9a536a42d290f7704a0?s=96&d=mm&r=g","caption":"Eduardo Mart\u00ednez"}}]}},"amp_enabled":true,"_links":{"self":[{"href":"https:\/\/www.notibras.com\/site\/wp-json\/wp\/v2\/posts\/384140","targetHints":{"allow":["GET"]}}],"collection":[{"href":"https:\/\/www.notibras.com\/site\/wp-json\/wp\/v2\/posts"}],"about":[{"href":"https:\/\/www.notibras.com\/site\/wp-json\/wp\/v2\/types\/post"}],"author":[{"embeddable":true,"href":"https:\/\/www.notibras.com\/site\/wp-json\/wp\/v2\/users\/21"}],"replies":[{"embeddable":true,"href":"https:\/\/www.notibras.com\/site\/wp-json\/wp\/v2\/comments?post=384140"}],"version-history":[{"count":2,"href":"https:\/\/www.notibras.com\/site\/wp-json\/wp\/v2\/posts\/384140\/revisions"}],"predecessor-version":[{"id":384144,"href":"https:\/\/www.notibras.com\/site\/wp-json\/wp\/v2\/posts\/384140\/revisions\/384144"}],"wp:featuredmedia":[{"embeddable":true,"href":"https:\/\/www.notibras.com\/site\/wp-json\/wp\/v2\/media\/384141"}],"wp:attachment":[{"href":"https:\/\/www.notibras.com\/site\/wp-json\/wp\/v2\/media?parent=384140"}],"wp:term":[{"taxonomy":"category","embeddable":true,"href":"https:\/\/www.notibras.com\/site\/wp-json\/wp\/v2\/categories?post=384140"},{"taxonomy":"post_tag","embeddable":true,"href":"https:\/\/www.notibras.com\/site\/wp-json\/wp\/v2\/tags?post=384140"}],"curies":[{"name":"wp","href":"https:\/\/api.w.org\/{rel}","templated":true}]}}