{"id":384143,"date":"2026-02-22T02:00:01","date_gmt":"2026-02-22T05:00:01","guid":{"rendered":"https:\/\/www.notibras.com\/site\/?p=384143"},"modified":"2026-02-21T23:02:19","modified_gmt":"2026-02-22T02:02:19","slug":"na-ditadura-blecaute-general-da-banda-virou-general-de-brigada","status":"publish","type":"post","link":"https:\/\/www.notibras.com\/site\/na-ditadura-blecaute-general-da-banda-virou-general-de-brigada\/","title":{"rendered":"Na ditadura, Blecaute, General da Banda, virou General de Brigada"},"content":{"rendered":"<p style=\"font-weight: 400;\">Entre as v\u00e1rias hist\u00f3rias vividas no jornalismo, algumas se transformaram em gafes hist\u00f3ricas. Em duas delas, fui o protagonista. Para minha sorte, os colegas da reda\u00e7\u00e3o jamais souberam e, acredito, nunca saber\u00e3o porque, comandada pelo mestre Amado Ribeiro, a maioria, infelizmente, est\u00e1 no c\u00e9u cobrindo os encontros sagrados entre S\u00e3o Jorge de Capad\u00f3cia, S\u00e3o Pedro, S\u00e3o Cosme e S\u00e3o Dami\u00e3o, S\u00e3o Sebasti\u00e3o e S\u00e3o Judas Tadeu, todos ligados \u00e0 ecum\u00eanica Na\u00e7\u00e3o Rubro-Negra. Foca dos focas, fui designado para entrevistas com o m\u00fasico Hermeto Pascoal e o cantor carnavalesco Blecaute, conhecido como \u201cGeneral da Banda\u201d, devido ao seu maior sucesso, a marcha hom\u00f4nima de carnaval.<\/p>\n<p style=\"font-weight: 400;\">Na \u00e9poca, j\u00e1 idosos, ambos moravam no long\u00ednquo sub\u00farbio do Rio: um em Senador Camar\u00e1 e outro em Bangu. As pautas eram para dois fins de semana seguidos. Por isso, aproveitei a proximidade dos entrevistados para sangrar o porco com uma \u00fanica estocada. A ideia era mostrar aos leitores que o sub\u00farbio tamb\u00e9m abriga artistas famosos. N\u00e3o era bem assim, pois os dois monstros sagrados da cultura nacional estavam em decad\u00eancia. De qualquer modo, valia a pena contar as duas hist\u00f3rias. N\u00e3o fui informado sobre a carreira de multi-instrumentista de Hermeto. Da\u00ed, ter sido exposto ao rid\u00edculo logo na primeira pergunta: \u201cQue instrumento o senhor toca?\u201d. \u201cMeu filho, se voc\u00ea arriar as cal\u00e7as, tiro som at\u00e9 do seu pinto. Se eu ach\u00e1-lo, \u00e9 claro\u201d. Gra\u00e7as a Deus, ele n\u00e3o achou.<\/p>\n<p style=\"font-weight: 400;\">Quanto ao resultado da entrevista, fui capa do ent\u00e3o segundo caderno do jornal. Na casa de Ot\u00e1vio Henrique de Oliveira, o Blecaute, um preto retinto, cheio de gra\u00e7a e de \u00f3timo humor, a recep\u00e7\u00e3o foi a melhor poss\u00edvel. Novamente ca\u00ed do cavalo antes mesmo da primeira sentada. Tentando mostrar conhecimento da carreira militar, indaguei: \u201cO senhor \u00e9 general de cavalaria, intend\u00eancia ou de infantaria?\u201d \u201cServiu aqui mesmo no Rio de Janeiro?\u201d \u201cJ\u00e1 est\u00e1 na reserva h\u00e1 muito tempo?\u201d. Ap\u00f3s uma sonora e fardada gargalhada, Blecaute \u00a0respondeu: \u201cSou da putaria, sirvo somente \u00e0s minhas cabrochas e, com elas, permane\u00e7o na ativa. E como!\u201d. A foto para ilustrar a mat\u00e9ria foi do Blecaute com sua farda de \u201cGeneral da Banda\u201d. Nova capa do segundo caderno.<\/p>\n<p style=\"font-weight: 400;\">Blecaute morreu em 1983, aos 63 anos, v\u00edtima de uma parada cardiorrespirat\u00f3ria. Alagoano de Olho d\u2019\u00c1gua das Flores, Hermeto completou recentemente 87 anos. Antes de partir para o futebol, em minhas andan\u00e7as pelas reda\u00e7\u00f5es dos pequenos, m\u00e9dios e grandes jornais do Rio cobri desde crimes hediondos a quermesses e eventos portentosos em igrejas, inclusive na Arquidiocese da cidade. Foi l\u00e1 que conheci o simpatic\u00e3o Adionel Carlos da Cunha, o coleguinha de Deus, assessor de imprensa do cardeal Eug\u00eanio Sales por 39 anos, e ouvi a gafe do jornalista esportivo e humorista Maur\u00edcio Menezes, com quem conversei algumas vezes no per\u00edodo em que atuei como porta-voz do STF, do TSE e do STJ. Boas lembran\u00e7as dessa \u00e9poca.<\/p>\n<p style=\"font-weight: 400;\">Aos 84 anos, Adionel \u00e9 personagem de uma das mais fant\u00e1sticas mancadas do jornalismo brasileiro. No in\u00edcio da carreira, Maur\u00edcio foi designado para cobrir uma coletiva com dom Eug\u00eanio Sales, que, por motivos que fogem \u00e0 mem\u00f3ria, n\u00e3o pode comparecer, sendo substitu\u00eddo pelo assessor de imprensa Adionel Carlos. No meio da entrevista, Maur\u00edcio pediu para fazer uma pergunta e sapecou na frente dos at\u00f4nitos colegas: \u201cH\u00e1 quanto tempo o senhor \u00e9 Adionel?\u201d Ningu\u00e9m entendeu, muito menos o pr\u00f3prio. \u201cPor favor, repita a pergunta\u201d, emendou o assessor da Arquidiocese. \u201cQuando o senhor assumiu o adionelato?\u201d \u201cDesde sempre, meu filho!\u201d Para o ent\u00e3o jovem Maur\u00edcio, \u201cadionel\u201d era, a exemplo de padre ou monsenhor, uma fun\u00e7\u00e3o da Igreja. Como veem, n\u00e3o h\u00e1 raz\u00e3o para eu me preocupar com o General da Banda Blecaute ou com o multi-instrumentista Hermeto. Que atire a primeira pedra quem nunca cometeu uma gafe.<\/p>\n<p style=\"font-weight: 400;\">&#8230;&#8230;&#8230;<\/p>\n<p style=\"font-weight: 400;\"><strong>Armando Cardoso \u00e9 presidente do Conselho Editorial de Notibras<\/strong><\/p>\n","protected":false},"excerpt":{"rendered":"<p>Entre as v\u00e1rias hist\u00f3rias vividas no jornalismo, algumas se transformaram em gafes hist\u00f3ricas. Em duas delas, fui o protagonista. Para minha sorte, os colegas da reda\u00e7\u00e3o jamais souberam e, acredito, nunca saber\u00e3o porque, comandada pelo mestre Amado Ribeiro, a maioria, infelizmente, est\u00e1 no c\u00e9u cobrindo os encontros sagrados entre S\u00e3o Jorge de Capad\u00f3cia, S\u00e3o Pedro, [&hellip;]<\/p>\n","protected":false},"author":2,"featured_media":384145,"comment_status":"closed","ping_status":"closed","sticky":false,"template":"","format":"standard","meta":{"_acf_changed":false,"footnotes":""},"categories":[16],"tags":[95],"class_list":["post-384143","post","type-post","status-publish","format-standard","has-post-thumbnail","hentry","category-brasil","tag-capa"],"acf":[],"yoast_head":"<!-- This site is optimized with the Yoast SEO plugin v27.2 - https:\/\/yoast.com\/product\/yoast-seo-wordpress\/ -->\n<title>Na ditadura, Blecaute, General da Banda, virou General de Brigada - Notibras<\/title>\n<meta name=\"robots\" content=\"index, follow, max-snippet:-1, max-image-preview:large, max-video-preview:-1\" \/>\n<link rel=\"canonical\" href=\"https:\/\/www.notibras.com\/site\/na-ditadura-blecaute-general-da-banda-virou-general-de-brigada\/\" \/>\n<meta property=\"og:locale\" content=\"pt_BR\" \/>\n<meta property=\"og:type\" content=\"article\" \/>\n<meta property=\"og:title\" content=\"Na ditadura, Blecaute, General da Banda, virou General de Brigada - Notibras\" \/>\n<meta property=\"og:description\" content=\"Entre as v\u00e1rias hist\u00f3rias vividas no jornalismo, algumas se transformaram em gafes hist\u00f3ricas. Em duas delas, fui o protagonista. Para minha sorte, os colegas da reda\u00e7\u00e3o jamais souberam e, acredito, nunca saber\u00e3o porque, comandada pelo mestre Amado Ribeiro, a maioria, infelizmente, est\u00e1 no c\u00e9u cobrindo os encontros sagrados entre S\u00e3o Jorge de Capad\u00f3cia, S\u00e3o Pedro, [&hellip;]\" \/>\n<meta property=\"og:url\" content=\"https:\/\/www.notibras.com\/site\/na-ditadura-blecaute-general-da-banda-virou-general-de-brigada\/\" \/>\n<meta property=\"og:site_name\" content=\"Notibras\" \/>\n<meta property=\"article:publisher\" content=\"https:\/\/www.facebook.com\/notibras\/\" \/>\n<meta property=\"article:published_time\" content=\"2026-02-22T05:00:01+00:00\" \/>\n<meta property=\"og:image\" content=\"https:\/\/www.notibras.com\/site\/wp-content\/uploads\/2026\/02\/4622094c-df28-4c9e-86dc-b7ebb0ecd337-683x1024.png\" \/>\n\t<meta property=\"og:image:width\" content=\"683\" \/>\n\t<meta property=\"og:image:height\" content=\"1024\" \/>\n\t<meta property=\"og:image:type\" content=\"image\/png\" \/>\n<meta name=\"author\" content=\"Reda\u00e7\u00e3o\" \/>\n<meta name=\"twitter:card\" content=\"summary_large_image\" \/>\n<meta name=\"twitter:creator\" content=\"@Notibras\" \/>\n<meta name=\"twitter:site\" content=\"@Notibras\" \/>\n<meta name=\"twitter:label1\" content=\"Escrito por\" \/>\n\t<meta name=\"twitter:data1\" content=\"Reda\u00e7\u00e3o\" \/>\n\t<meta name=\"twitter:label2\" content=\"Est. tempo de leitura\" \/>\n\t<meta name=\"twitter:data2\" content=\"4 minutos\" \/>\n<script type=\"application\/ld+json\" class=\"yoast-schema-graph\">{\"@context\":\"https:\/\/schema.org\",\"@graph\":[{\"@type\":\"Article\",\"@id\":\"https:\/\/www.notibras.com\/site\/na-ditadura-blecaute-general-da-banda-virou-general-de-brigada\/#article\",\"isPartOf\":{\"@id\":\"https:\/\/www.notibras.com\/site\/na-ditadura-blecaute-general-da-banda-virou-general-de-brigada\/\"},\"author\":{\"name\":\"Reda\u00e7\u00e3o\",\"@id\":\"https:\/\/www.notibras.com\/site\/#\/schema\/person\/36ab0979449956132d3e5b517ea76ac8\"},\"headline\":\"Na ditadura, Blecaute, General da Banda, virou General de Brigada\",\"datePublished\":\"2026-02-22T05:00:01+00:00\",\"mainEntityOfPage\":{\"@id\":\"https:\/\/www.notibras.com\/site\/na-ditadura-blecaute-general-da-banda-virou-general-de-brigada\/\"},\"wordCount\":693,\"publisher\":{\"@id\":\"https:\/\/www.notibras.com\/site\/#organization\"},\"image\":{\"@id\":\"https:\/\/www.notibras.com\/site\/na-ditadura-blecaute-general-da-banda-virou-general-de-brigada\/#primaryimage\"},\"thumbnailUrl\":\"https:\/\/www.notibras.com\/site\/wp-content\/uploads\/2026\/02\/4622094c-df28-4c9e-86dc-b7ebb0ecd337.png\",\"keywords\":[\"capa\"],\"articleSection\":[\"Brasil\"],\"inLanguage\":\"pt-BR\"},{\"@type\":\"WebPage\",\"@id\":\"https:\/\/www.notibras.com\/site\/na-ditadura-blecaute-general-da-banda-virou-general-de-brigada\/\",\"url\":\"https:\/\/www.notibras.com\/site\/na-ditadura-blecaute-general-da-banda-virou-general-de-brigada\/\",\"name\":\"Na ditadura, Blecaute, General da Banda, virou General de Brigada - Notibras\",\"isPartOf\":{\"@id\":\"https:\/\/www.notibras.com\/site\/#website\"},\"primaryImageOfPage\":{\"@id\":\"https:\/\/www.notibras.com\/site\/na-ditadura-blecaute-general-da-banda-virou-general-de-brigada\/#primaryimage\"},\"image\":{\"@id\":\"https:\/\/www.notibras.com\/site\/na-ditadura-blecaute-general-da-banda-virou-general-de-brigada\/#primaryimage\"},\"thumbnailUrl\":\"https:\/\/www.notibras.com\/site\/wp-content\/uploads\/2026\/02\/4622094c-df28-4c9e-86dc-b7ebb0ecd337.png\",\"datePublished\":\"2026-02-22T05:00:01+00:00\",\"breadcrumb\":{\"@id\":\"https:\/\/www.notibras.com\/site\/na-ditadura-blecaute-general-da-banda-virou-general-de-brigada\/#breadcrumb\"},\"inLanguage\":\"pt-BR\",\"potentialAction\":[{\"@type\":\"ReadAction\",\"target\":[\"https:\/\/www.notibras.com\/site\/na-ditadura-blecaute-general-da-banda-virou-general-de-brigada\/\"]}]},{\"@type\":\"ImageObject\",\"inLanguage\":\"pt-BR\",\"@id\":\"https:\/\/www.notibras.com\/site\/na-ditadura-blecaute-general-da-banda-virou-general-de-brigada\/#primaryimage\",\"url\":\"https:\/\/www.notibras.com\/site\/wp-content\/uploads\/2026\/02\/4622094c-df28-4c9e-86dc-b7ebb0ecd337.png\",\"contentUrl\":\"https:\/\/www.notibras.com\/site\/wp-content\/uploads\/2026\/02\/4622094c-df28-4c9e-86dc-b7ebb0ecd337.png\",\"width\":1024,\"height\":1536},{\"@type\":\"BreadcrumbList\",\"@id\":\"https:\/\/www.notibras.com\/site\/na-ditadura-blecaute-general-da-banda-virou-general-de-brigada\/#breadcrumb\",\"itemListElement\":[{\"@type\":\"ListItem\",\"position\":1,\"name\":\"In\u00edcio\",\"item\":\"https:\/\/www.notibras.com\/site\/\"},{\"@type\":\"ListItem\",\"position\":2,\"name\":\"Na ditadura, Blecaute, General da Banda, virou General de Brigada\"}]},{\"@type\":\"WebSite\",\"@id\":\"https:\/\/www.notibras.com\/site\/#website\",\"url\":\"https:\/\/www.notibras.com\/site\/\",\"name\":\"Notibras\",\"description\":\"Not\u00edcias de Bras\u00edlia, do Brasil e do Mundo\",\"publisher\":{\"@id\":\"https:\/\/www.notibras.com\/site\/#organization\"},\"potentialAction\":[{\"@type\":\"SearchAction\",\"target\":{\"@type\":\"EntryPoint\",\"urlTemplate\":\"https:\/\/www.notibras.com\/site\/?s={search_term_string}\"},\"query-input\":{\"@type\":\"PropertyValueSpecification\",\"valueRequired\":true,\"valueName\":\"search_term_string\"}}],\"inLanguage\":\"pt-BR\"},{\"@type\":\"Organization\",\"@id\":\"https:\/\/www.notibras.com\/site\/#organization\",\"name\":\"Grupo Notibras de Comunica\u00e7\u00e3o\",\"url\":\"https:\/\/www.notibras.com\/site\/\",\"logo\":{\"@type\":\"ImageObject\",\"inLanguage\":\"pt-BR\",\"@id\":\"https:\/\/www.notibras.com\/site\/#\/schema\/logo\/image\/\",\"url\":\"https:\/\/www.notibras.com\/site\/wp-content\/uploads\/2023\/01\/notibras23.png\",\"contentUrl\":\"https:\/\/www.notibras.com\/site\/wp-content\/uploads\/2023\/01\/notibras23.png\",\"width\":350,\"height\":87,\"caption\":\"Grupo Notibras de Comunica\u00e7\u00e3o\"},\"image\":{\"@id\":\"https:\/\/www.notibras.com\/site\/#\/schema\/logo\/image\/\"},\"sameAs\":[\"https:\/\/www.facebook.com\/notibras\/\",\"https:\/\/x.com\/Notibras\",\"https:\/\/www.instagram.com\/notibras\/\"]},{\"@type\":\"Person\",\"@id\":\"https:\/\/www.notibras.com\/site\/#\/schema\/person\/36ab0979449956132d3e5b517ea76ac8\",\"name\":\"Reda\u00e7\u00e3o\",\"image\":{\"@type\":\"ImageObject\",\"inLanguage\":\"pt-BR\",\"@id\":\"https:\/\/secure.gravatar.com\/avatar\/e0a867bdedb85fd243eadf09663511f96fc81e0720a4a42581f334ad4303aa6b?s=96&d=mm&r=g\",\"url\":\"https:\/\/secure.gravatar.com\/avatar\/e0a867bdedb85fd243eadf09663511f96fc81e0720a4a42581f334ad4303aa6b?s=96&d=mm&r=g\",\"contentUrl\":\"https:\/\/secure.gravatar.com\/avatar\/e0a867bdedb85fd243eadf09663511f96fc81e0720a4a42581f334ad4303aa6b?s=96&d=mm&r=g\",\"caption\":\"Reda\u00e7\u00e3o\"}}]}<\/script>\n<!-- \/ Yoast SEO plugin. -->","yoast_head_json":{"title":"Na ditadura, Blecaute, General da Banda, virou General de Brigada - Notibras","robots":{"index":"index","follow":"follow","max-snippet":"max-snippet:-1","max-image-preview":"max-image-preview:large","max-video-preview":"max-video-preview:-1"},"canonical":"https:\/\/www.notibras.com\/site\/na-ditadura-blecaute-general-da-banda-virou-general-de-brigada\/","og_locale":"pt_BR","og_type":"article","og_title":"Na ditadura, Blecaute, General da Banda, virou General de Brigada - Notibras","og_description":"Entre as v\u00e1rias hist\u00f3rias vividas no jornalismo, algumas se transformaram em gafes hist\u00f3ricas. Em duas delas, fui o protagonista. Para minha sorte, os colegas da reda\u00e7\u00e3o jamais souberam e, acredito, nunca saber\u00e3o porque, comandada pelo mestre Amado Ribeiro, a maioria, infelizmente, est\u00e1 no c\u00e9u cobrindo os encontros sagrados entre S\u00e3o Jorge de Capad\u00f3cia, S\u00e3o Pedro, [&hellip;]","og_url":"https:\/\/www.notibras.com\/site\/na-ditadura-blecaute-general-da-banda-virou-general-de-brigada\/","og_site_name":"Notibras","article_publisher":"https:\/\/www.facebook.com\/notibras\/","article_published_time":"2026-02-22T05:00:01+00:00","og_image":[{"width":683,"height":1024,"url":"https:\/\/www.notibras.com\/site\/wp-content\/uploads\/2026\/02\/4622094c-df28-4c9e-86dc-b7ebb0ecd337-683x1024.png","type":"image\/png"}],"author":"Reda\u00e7\u00e3o","twitter_card":"summary_large_image","twitter_creator":"@Notibras","twitter_site":"@Notibras","twitter_misc":{"Escrito por":"Reda\u00e7\u00e3o","Est. tempo de leitura":"4 minutos"},"schema":{"@context":"https:\/\/schema.org","@graph":[{"@type":"Article","@id":"https:\/\/www.notibras.com\/site\/na-ditadura-blecaute-general-da-banda-virou-general-de-brigada\/#article","isPartOf":{"@id":"https:\/\/www.notibras.com\/site\/na-ditadura-blecaute-general-da-banda-virou-general-de-brigada\/"},"author":{"name":"Reda\u00e7\u00e3o","@id":"https:\/\/www.notibras.com\/site\/#\/schema\/person\/36ab0979449956132d3e5b517ea76ac8"},"headline":"Na ditadura, Blecaute, General da Banda, virou General de Brigada","datePublished":"2026-02-22T05:00:01+00:00","mainEntityOfPage":{"@id":"https:\/\/www.notibras.com\/site\/na-ditadura-blecaute-general-da-banda-virou-general-de-brigada\/"},"wordCount":693,"publisher":{"@id":"https:\/\/www.notibras.com\/site\/#organization"},"image":{"@id":"https:\/\/www.notibras.com\/site\/na-ditadura-blecaute-general-da-banda-virou-general-de-brigada\/#primaryimage"},"thumbnailUrl":"https:\/\/www.notibras.com\/site\/wp-content\/uploads\/2026\/02\/4622094c-df28-4c9e-86dc-b7ebb0ecd337.png","keywords":["capa"],"articleSection":["Brasil"],"inLanguage":"pt-BR"},{"@type":"WebPage","@id":"https:\/\/www.notibras.com\/site\/na-ditadura-blecaute-general-da-banda-virou-general-de-brigada\/","url":"https:\/\/www.notibras.com\/site\/na-ditadura-blecaute-general-da-banda-virou-general-de-brigada\/","name":"Na ditadura, Blecaute, General da Banda, virou General de Brigada - Notibras","isPartOf":{"@id":"https:\/\/www.notibras.com\/site\/#website"},"primaryImageOfPage":{"@id":"https:\/\/www.notibras.com\/site\/na-ditadura-blecaute-general-da-banda-virou-general-de-brigada\/#primaryimage"},"image":{"@id":"https:\/\/www.notibras.com\/site\/na-ditadura-blecaute-general-da-banda-virou-general-de-brigada\/#primaryimage"},"thumbnailUrl":"https:\/\/www.notibras.com\/site\/wp-content\/uploads\/2026\/02\/4622094c-df28-4c9e-86dc-b7ebb0ecd337.png","datePublished":"2026-02-22T05:00:01+00:00","breadcrumb":{"@id":"https:\/\/www.notibras.com\/site\/na-ditadura-blecaute-general-da-banda-virou-general-de-brigada\/#breadcrumb"},"inLanguage":"pt-BR","potentialAction":[{"@type":"ReadAction","target":["https:\/\/www.notibras.com\/site\/na-ditadura-blecaute-general-da-banda-virou-general-de-brigada\/"]}]},{"@type":"ImageObject","inLanguage":"pt-BR","@id":"https:\/\/www.notibras.com\/site\/na-ditadura-blecaute-general-da-banda-virou-general-de-brigada\/#primaryimage","url":"https:\/\/www.notibras.com\/site\/wp-content\/uploads\/2026\/02\/4622094c-df28-4c9e-86dc-b7ebb0ecd337.png","contentUrl":"https:\/\/www.notibras.com\/site\/wp-content\/uploads\/2026\/02\/4622094c-df28-4c9e-86dc-b7ebb0ecd337.png","width":1024,"height":1536},{"@type":"BreadcrumbList","@id":"https:\/\/www.notibras.com\/site\/na-ditadura-blecaute-general-da-banda-virou-general-de-brigada\/#breadcrumb","itemListElement":[{"@type":"ListItem","position":1,"name":"In\u00edcio","item":"https:\/\/www.notibras.com\/site\/"},{"@type":"ListItem","position":2,"name":"Na ditadura, Blecaute, General da Banda, virou General de Brigada"}]},{"@type":"WebSite","@id":"https:\/\/www.notibras.com\/site\/#website","url":"https:\/\/www.notibras.com\/site\/","name":"Notibras","description":"Not\u00edcias de Bras\u00edlia, do Brasil e do Mundo","publisher":{"@id":"https:\/\/www.notibras.com\/site\/#organization"},"potentialAction":[{"@type":"SearchAction","target":{"@type":"EntryPoint","urlTemplate":"https:\/\/www.notibras.com\/site\/?s={search_term_string}"},"query-input":{"@type":"PropertyValueSpecification","valueRequired":true,"valueName":"search_term_string"}}],"inLanguage":"pt-BR"},{"@type":"Organization","@id":"https:\/\/www.notibras.com\/site\/#organization","name":"Grupo Notibras de Comunica\u00e7\u00e3o","url":"https:\/\/www.notibras.com\/site\/","logo":{"@type":"ImageObject","inLanguage":"pt-BR","@id":"https:\/\/www.notibras.com\/site\/#\/schema\/logo\/image\/","url":"https:\/\/www.notibras.com\/site\/wp-content\/uploads\/2023\/01\/notibras23.png","contentUrl":"https:\/\/www.notibras.com\/site\/wp-content\/uploads\/2023\/01\/notibras23.png","width":350,"height":87,"caption":"Grupo Notibras de Comunica\u00e7\u00e3o"},"image":{"@id":"https:\/\/www.notibras.com\/site\/#\/schema\/logo\/image\/"},"sameAs":["https:\/\/www.facebook.com\/notibras\/","https:\/\/x.com\/Notibras","https:\/\/www.instagram.com\/notibras\/"]},{"@type":"Person","@id":"https:\/\/www.notibras.com\/site\/#\/schema\/person\/36ab0979449956132d3e5b517ea76ac8","name":"Reda\u00e7\u00e3o","image":{"@type":"ImageObject","inLanguage":"pt-BR","@id":"https:\/\/secure.gravatar.com\/avatar\/e0a867bdedb85fd243eadf09663511f96fc81e0720a4a42581f334ad4303aa6b?s=96&d=mm&r=g","url":"https:\/\/secure.gravatar.com\/avatar\/e0a867bdedb85fd243eadf09663511f96fc81e0720a4a42581f334ad4303aa6b?s=96&d=mm&r=g","contentUrl":"https:\/\/secure.gravatar.com\/avatar\/e0a867bdedb85fd243eadf09663511f96fc81e0720a4a42581f334ad4303aa6b?s=96&d=mm&r=g","caption":"Reda\u00e7\u00e3o"}}]}},"amp_enabled":true,"_links":{"self":[{"href":"https:\/\/www.notibras.com\/site\/wp-json\/wp\/v2\/posts\/384143","targetHints":{"allow":["GET"]}}],"collection":[{"href":"https:\/\/www.notibras.com\/site\/wp-json\/wp\/v2\/posts"}],"about":[{"href":"https:\/\/www.notibras.com\/site\/wp-json\/wp\/v2\/types\/post"}],"author":[{"embeddable":true,"href":"https:\/\/www.notibras.com\/site\/wp-json\/wp\/v2\/users\/2"}],"replies":[{"embeddable":true,"href":"https:\/\/www.notibras.com\/site\/wp-json\/wp\/v2\/comments?post=384143"}],"version-history":[{"count":2,"href":"https:\/\/www.notibras.com\/site\/wp-json\/wp\/v2\/posts\/384143\/revisions"}],"predecessor-version":[{"id":384148,"href":"https:\/\/www.notibras.com\/site\/wp-json\/wp\/v2\/posts\/384143\/revisions\/384148"}],"wp:featuredmedia":[{"embeddable":true,"href":"https:\/\/www.notibras.com\/site\/wp-json\/wp\/v2\/media\/384145"}],"wp:attachment":[{"href":"https:\/\/www.notibras.com\/site\/wp-json\/wp\/v2\/media?parent=384143"}],"wp:term":[{"taxonomy":"category","embeddable":true,"href":"https:\/\/www.notibras.com\/site\/wp-json\/wp\/v2\/categories?post=384143"},{"taxonomy":"post_tag","embeddable":true,"href":"https:\/\/www.notibras.com\/site\/wp-json\/wp\/v2\/tags?post=384143"}],"curies":[{"name":"wp","href":"https:\/\/api.w.org\/{rel}","templated":true}]}}