{"id":384146,"date":"2026-02-22T02:15:33","date_gmt":"2026-02-22T05:15:33","guid":{"rendered":"https:\/\/www.notibras.com\/site\/?p=384146"},"modified":"2026-02-22T02:24:56","modified_gmt":"2026-02-22T05:24:56","slug":"criticas-ao-planalto-escondem-desequilibrio-bilionario-em-minas","status":"publish","type":"post","link":"https:\/\/www.notibras.com\/site\/criticas-ao-planalto-escondem-desequilibrio-bilionario-em-minas\/","title":{"rendered":"Cr\u00edticas ao Planalto escondem desequil\u00edbrio bilion\u00e1rio em Minas"},"content":{"rendered":"<p>Em Minas Gerais, Romeu Zema encerra sua gest\u00e3o com um rombo bilion\u00e1rio nas contas p\u00fablicas: s\u00e3o mais de 11 bilh\u00f5es de reais. O dado contrasta com o discurso adotado pelo governador, que se apresenta como s\u00edmbolo de austeridade e equil\u00edbrio fiscal. Ao final do mandato, por\u00e9m, o que fica \u00e9 a pergunta sobre como se constr\u00f3i a imagem de gestor eficiente diante de n\u00fameros que revelam um cen\u00e1rio de forte desequil\u00edbrio.<\/p>\n<p>O contraste se torna ainda mais evidente quando Zema direciona cr\u00edticas ao governo federal cobrando responsabilidade fiscal e rigor na condu\u00e7\u00e3o das contas p\u00fablicas. \u00c9 leg\u00edtimo defender equil\u00edbrio or\u00e7ament\u00e1rio, ali\u00e1s, \u00e9 desej\u00e1vel. Mas a coer\u00eancia exige que esse princ\u00edpio seja aplicado tamb\u00e9m \u00e0 pr\u00f3pria administra\u00e7\u00e3o. Quando Zema mostra um discurso diferente da pr\u00e1tica, a narrativa da responsabilidade perde for\u00e7a e vira ret\u00f3rica vazia.<\/p>\n<p>Agora, lan\u00e7ado como candidato \u00e0 Presid\u00eancia da Rep\u00fablica, o governador tenta ampliar seu projeto pol\u00edtico para al\u00e9m das terras mineiras. A quest\u00e3o que surge \u00e9 se o modelo que deixa um rombo de 11 bilh\u00f5es em Minas \u00e9 o mesmo que ele pretende aplicar ao restante do pa\u00eds. O debate eleitoral certamente passar\u00e1 por essa an\u00e1lise: experi\u00eancia administrativa se mede por resultados concretos.<\/p>\n","protected":false},"excerpt":{"rendered":"<p>Em Minas Gerais, Romeu Zema encerra sua gest\u00e3o com um rombo bilion\u00e1rio nas contas p\u00fablicas: s\u00e3o mais de 11 bilh\u00f5es de reais. O dado contrasta com o discurso adotado pelo governador, que se apresenta como s\u00edmbolo de austeridade e equil\u00edbrio fiscal. Ao final do mandato, por\u00e9m, o que fica \u00e9 a pergunta sobre como se [&hellip;]<\/p>\n","protected":false},"author":21,"featured_media":384150,"comment_status":"closed","ping_status":"closed","sticky":false,"template":"","format":"standard","meta":{"_acf_changed":false,"footnotes":""},"categories":[235],"tags":[],"class_list":["post-384146","post","type-post","status-publish","format-standard","has-post-thumbnail","hentry","category-dona-irene"],"acf":[],"yoast_head":"<!-- This site is optimized with the Yoast SEO plugin v27.2 - https:\/\/yoast.com\/product\/yoast-seo-wordpress\/ -->\n<title>Cr\u00edticas ao Planalto escondem desequil\u00edbrio bilion\u00e1rio em Minas - Notibras<\/title>\n<meta name=\"robots\" content=\"index, follow, max-snippet:-1, max-image-preview:large, max-video-preview:-1\" \/>\n<link rel=\"canonical\" href=\"https:\/\/www.notibras.com\/site\/criticas-ao-planalto-escondem-desequilibrio-bilionario-em-minas\/\" \/>\n<meta property=\"og:locale\" content=\"pt_BR\" \/>\n<meta property=\"og:type\" content=\"article\" \/>\n<meta property=\"og:title\" content=\"Cr\u00edticas ao Planalto escondem desequil\u00edbrio bilion\u00e1rio em Minas - Notibras\" \/>\n<meta property=\"og:description\" content=\"Em Minas Gerais, Romeu Zema encerra sua gest\u00e3o com um rombo bilion\u00e1rio nas contas p\u00fablicas: s\u00e3o mais de 11 bilh\u00f5es de reais. O dado contrasta com o discurso adotado pelo governador, que se apresenta como s\u00edmbolo de austeridade e equil\u00edbrio fiscal. Ao final do mandato, por\u00e9m, o que fica \u00e9 a pergunta sobre como se [&hellip;]\" \/>\n<meta property=\"og:url\" content=\"https:\/\/www.notibras.com\/site\/criticas-ao-planalto-escondem-desequilibrio-bilionario-em-minas\/\" \/>\n<meta property=\"og:site_name\" content=\"Notibras\" \/>\n<meta property=\"article:publisher\" content=\"https:\/\/www.facebook.com\/notibras\/\" \/>\n<meta property=\"article:published_time\" content=\"2026-02-22T05:15:33+00:00\" \/>\n<meta property=\"article:modified_time\" content=\"2026-02-22T05:24:56+00:00\" \/>\n<meta property=\"og:image\" content=\"https:\/\/www.notibras.com\/site\/wp-content\/uploads\/2026\/02\/Zema-almoco-Lide-25set2023-848x477-1.webp\" \/>\n\t<meta property=\"og:image:width\" content=\"848\" \/>\n\t<meta property=\"og:image:height\" content=\"477\" \/>\n\t<meta property=\"og:image:type\" content=\"image\/webp\" \/>\n<meta name=\"author\" content=\"Eduardo Mart\u00ednez\" \/>\n<meta name=\"twitter:card\" content=\"summary_large_image\" \/>\n<meta name=\"twitter:creator\" content=\"@Notibras\" \/>\n<meta name=\"twitter:site\" content=\"@Notibras\" \/>\n<meta name=\"twitter:label1\" content=\"Escrito por\" \/>\n\t<meta name=\"twitter:data1\" content=\"Eduardo Mart\u00ednez\" \/>\n\t<meta name=\"twitter:label2\" content=\"Est. tempo de leitura\" \/>\n\t<meta name=\"twitter:data2\" content=\"2 minutos\" \/>\n<script type=\"application\/ld+json\" class=\"yoast-schema-graph\">{\"@context\":\"https:\/\/schema.org\",\"@graph\":[{\"@type\":\"Article\",\"@id\":\"https:\/\/www.notibras.com\/site\/criticas-ao-planalto-escondem-desequilibrio-bilionario-em-minas\/#article\",\"isPartOf\":{\"@id\":\"https:\/\/www.notibras.com\/site\/criticas-ao-planalto-escondem-desequilibrio-bilionario-em-minas\/\"},\"author\":{\"name\":\"Eduardo Mart\u00ednez\",\"@id\":\"https:\/\/www.notibras.com\/site\/#\/schema\/person\/5b7fabf2aedc3ada2105f03b22b4d3dd\"},\"headline\":\"Cr\u00edticas ao Planalto escondem desequil\u00edbrio bilion\u00e1rio em Minas\",\"datePublished\":\"2026-02-22T05:15:33+00:00\",\"dateModified\":\"2026-02-22T05:24:56+00:00\",\"mainEntityOfPage\":{\"@id\":\"https:\/\/www.notibras.com\/site\/criticas-ao-planalto-escondem-desequilibrio-bilionario-em-minas\/\"},\"wordCount\":238,\"publisher\":{\"@id\":\"https:\/\/www.notibras.com\/site\/#organization\"},\"image\":{\"@id\":\"https:\/\/www.notibras.com\/site\/criticas-ao-planalto-escondem-desequilibrio-bilionario-em-minas\/#primaryimage\"},\"thumbnailUrl\":\"https:\/\/www.notibras.com\/site\/wp-content\/uploads\/2026\/02\/Zema-almoco-Lide-25set2023-848x477-1.webp\",\"articleSection\":[\"Dona Irene\"],\"inLanguage\":\"pt-BR\"},{\"@type\":\"WebPage\",\"@id\":\"https:\/\/www.notibras.com\/site\/criticas-ao-planalto-escondem-desequilibrio-bilionario-em-minas\/\",\"url\":\"https:\/\/www.notibras.com\/site\/criticas-ao-planalto-escondem-desequilibrio-bilionario-em-minas\/\",\"name\":\"Cr\u00edticas ao Planalto escondem desequil\u00edbrio bilion\u00e1rio em Minas - Notibras\",\"isPartOf\":{\"@id\":\"https:\/\/www.notibras.com\/site\/#website\"},\"primaryImageOfPage\":{\"@id\":\"https:\/\/www.notibras.com\/site\/criticas-ao-planalto-escondem-desequilibrio-bilionario-em-minas\/#primaryimage\"},\"image\":{\"@id\":\"https:\/\/www.notibras.com\/site\/criticas-ao-planalto-escondem-desequilibrio-bilionario-em-minas\/#primaryimage\"},\"thumbnailUrl\":\"https:\/\/www.notibras.com\/site\/wp-content\/uploads\/2026\/02\/Zema-almoco-Lide-25set2023-848x477-1.webp\",\"datePublished\":\"2026-02-22T05:15:33+00:00\",\"dateModified\":\"2026-02-22T05:24:56+00:00\",\"breadcrumb\":{\"@id\":\"https:\/\/www.notibras.com\/site\/criticas-ao-planalto-escondem-desequilibrio-bilionario-em-minas\/#breadcrumb\"},\"inLanguage\":\"pt-BR\",\"potentialAction\":[{\"@type\":\"ReadAction\",\"target\":[\"https:\/\/www.notibras.com\/site\/criticas-ao-planalto-escondem-desequilibrio-bilionario-em-minas\/\"]}]},{\"@type\":\"ImageObject\",\"inLanguage\":\"pt-BR\",\"@id\":\"https:\/\/www.notibras.com\/site\/criticas-ao-planalto-escondem-desequilibrio-bilionario-em-minas\/#primaryimage\",\"url\":\"https:\/\/www.notibras.com\/site\/wp-content\/uploads\/2026\/02\/Zema-almoco-Lide-25set2023-848x477-1.webp\",\"contentUrl\":\"https:\/\/www.notibras.com\/site\/wp-content\/uploads\/2026\/02\/Zema-almoco-Lide-25set2023-848x477-1.webp\",\"width\":848,\"height\":477},{\"@type\":\"BreadcrumbList\",\"@id\":\"https:\/\/www.notibras.com\/site\/criticas-ao-planalto-escondem-desequilibrio-bilionario-em-minas\/#breadcrumb\",\"itemListElement\":[{\"@type\":\"ListItem\",\"position\":1,\"name\":\"In\u00edcio\",\"item\":\"https:\/\/www.notibras.com\/site\/\"},{\"@type\":\"ListItem\",\"position\":2,\"name\":\"Cr\u00edticas ao Planalto escondem desequil\u00edbrio bilion\u00e1rio em Minas\"}]},{\"@type\":\"WebSite\",\"@id\":\"https:\/\/www.notibras.com\/site\/#website\",\"url\":\"https:\/\/www.notibras.com\/site\/\",\"name\":\"Notibras\",\"description\":\"Not\u00edcias de Bras\u00edlia, do Brasil e do Mundo\",\"publisher\":{\"@id\":\"https:\/\/www.notibras.com\/site\/#organization\"},\"potentialAction\":[{\"@type\":\"SearchAction\",\"target\":{\"@type\":\"EntryPoint\",\"urlTemplate\":\"https:\/\/www.notibras.com\/site\/?s={search_term_string}\"},\"query-input\":{\"@type\":\"PropertyValueSpecification\",\"valueRequired\":true,\"valueName\":\"search_term_string\"}}],\"inLanguage\":\"pt-BR\"},{\"@type\":\"Organization\",\"@id\":\"https:\/\/www.notibras.com\/site\/#organization\",\"name\":\"Grupo Notibras de Comunica\u00e7\u00e3o\",\"url\":\"https:\/\/www.notibras.com\/site\/\",\"logo\":{\"@type\":\"ImageObject\",\"inLanguage\":\"pt-BR\",\"@id\":\"https:\/\/www.notibras.com\/site\/#\/schema\/logo\/image\/\",\"url\":\"https:\/\/www.notibras.com\/site\/wp-content\/uploads\/2023\/01\/notibras23.png\",\"contentUrl\":\"https:\/\/www.notibras.com\/site\/wp-content\/uploads\/2023\/01\/notibras23.png\",\"width\":350,\"height\":87,\"caption\":\"Grupo Notibras de Comunica\u00e7\u00e3o\"},\"image\":{\"@id\":\"https:\/\/www.notibras.com\/site\/#\/schema\/logo\/image\/\"},\"sameAs\":[\"https:\/\/www.facebook.com\/notibras\/\",\"https:\/\/x.com\/Notibras\",\"https:\/\/www.instagram.com\/notibras\/\"]},{\"@type\":\"Person\",\"@id\":\"https:\/\/www.notibras.com\/site\/#\/schema\/person\/5b7fabf2aedc3ada2105f03b22b4d3dd\",\"name\":\"Eduardo Mart\u00ednez\",\"image\":{\"@type\":\"ImageObject\",\"inLanguage\":\"pt-BR\",\"@id\":\"https:\/\/secure.gravatar.com\/avatar\/7902f906289926289cbcda644b5197c796b893c6ffd7b9a536a42d290f7704a0?s=96&d=mm&r=g\",\"url\":\"https:\/\/secure.gravatar.com\/avatar\/7902f906289926289cbcda644b5197c796b893c6ffd7b9a536a42d290f7704a0?s=96&d=mm&r=g\",\"contentUrl\":\"https:\/\/secure.gravatar.com\/avatar\/7902f906289926289cbcda644b5197c796b893c6ffd7b9a536a42d290f7704a0?s=96&d=mm&r=g\",\"caption\":\"Eduardo Mart\u00ednez\"}}]}<\/script>\n<!-- \/ Yoast SEO plugin. -->","yoast_head_json":{"title":"Cr\u00edticas ao Planalto escondem desequil\u00edbrio bilion\u00e1rio em Minas - Notibras","robots":{"index":"index","follow":"follow","max-snippet":"max-snippet:-1","max-image-preview":"max-image-preview:large","max-video-preview":"max-video-preview:-1"},"canonical":"https:\/\/www.notibras.com\/site\/criticas-ao-planalto-escondem-desequilibrio-bilionario-em-minas\/","og_locale":"pt_BR","og_type":"article","og_title":"Cr\u00edticas ao Planalto escondem desequil\u00edbrio bilion\u00e1rio em Minas - Notibras","og_description":"Em Minas Gerais, Romeu Zema encerra sua gest\u00e3o com um rombo bilion\u00e1rio nas contas p\u00fablicas: s\u00e3o mais de 11 bilh\u00f5es de reais. O dado contrasta com o discurso adotado pelo governador, que se apresenta como s\u00edmbolo de austeridade e equil\u00edbrio fiscal. Ao final do mandato, por\u00e9m, o que fica \u00e9 a pergunta sobre como se [&hellip;]","og_url":"https:\/\/www.notibras.com\/site\/criticas-ao-planalto-escondem-desequilibrio-bilionario-em-minas\/","og_site_name":"Notibras","article_publisher":"https:\/\/www.facebook.com\/notibras\/","article_published_time":"2026-02-22T05:15:33+00:00","article_modified_time":"2026-02-22T05:24:56+00:00","og_image":[{"width":848,"height":477,"url":"https:\/\/www.notibras.com\/site\/wp-content\/uploads\/2026\/02\/Zema-almoco-Lide-25set2023-848x477-1.webp","type":"image\/webp"}],"author":"Eduardo Mart\u00ednez","twitter_card":"summary_large_image","twitter_creator":"@Notibras","twitter_site":"@Notibras","twitter_misc":{"Escrito por":"Eduardo Mart\u00ednez","Est. tempo de leitura":"2 minutos"},"schema":{"@context":"https:\/\/schema.org","@graph":[{"@type":"Article","@id":"https:\/\/www.notibras.com\/site\/criticas-ao-planalto-escondem-desequilibrio-bilionario-em-minas\/#article","isPartOf":{"@id":"https:\/\/www.notibras.com\/site\/criticas-ao-planalto-escondem-desequilibrio-bilionario-em-minas\/"},"author":{"name":"Eduardo Mart\u00ednez","@id":"https:\/\/www.notibras.com\/site\/#\/schema\/person\/5b7fabf2aedc3ada2105f03b22b4d3dd"},"headline":"Cr\u00edticas ao Planalto escondem desequil\u00edbrio bilion\u00e1rio em Minas","datePublished":"2026-02-22T05:15:33+00:00","dateModified":"2026-02-22T05:24:56+00:00","mainEntityOfPage":{"@id":"https:\/\/www.notibras.com\/site\/criticas-ao-planalto-escondem-desequilibrio-bilionario-em-minas\/"},"wordCount":238,"publisher":{"@id":"https:\/\/www.notibras.com\/site\/#organization"},"image":{"@id":"https:\/\/www.notibras.com\/site\/criticas-ao-planalto-escondem-desequilibrio-bilionario-em-minas\/#primaryimage"},"thumbnailUrl":"https:\/\/www.notibras.com\/site\/wp-content\/uploads\/2026\/02\/Zema-almoco-Lide-25set2023-848x477-1.webp","articleSection":["Dona Irene"],"inLanguage":"pt-BR"},{"@type":"WebPage","@id":"https:\/\/www.notibras.com\/site\/criticas-ao-planalto-escondem-desequilibrio-bilionario-em-minas\/","url":"https:\/\/www.notibras.com\/site\/criticas-ao-planalto-escondem-desequilibrio-bilionario-em-minas\/","name":"Cr\u00edticas ao Planalto escondem desequil\u00edbrio bilion\u00e1rio em Minas - Notibras","isPartOf":{"@id":"https:\/\/www.notibras.com\/site\/#website"},"primaryImageOfPage":{"@id":"https:\/\/www.notibras.com\/site\/criticas-ao-planalto-escondem-desequilibrio-bilionario-em-minas\/#primaryimage"},"image":{"@id":"https:\/\/www.notibras.com\/site\/criticas-ao-planalto-escondem-desequilibrio-bilionario-em-minas\/#primaryimage"},"thumbnailUrl":"https:\/\/www.notibras.com\/site\/wp-content\/uploads\/2026\/02\/Zema-almoco-Lide-25set2023-848x477-1.webp","datePublished":"2026-02-22T05:15:33+00:00","dateModified":"2026-02-22T05:24:56+00:00","breadcrumb":{"@id":"https:\/\/www.notibras.com\/site\/criticas-ao-planalto-escondem-desequilibrio-bilionario-em-minas\/#breadcrumb"},"inLanguage":"pt-BR","potentialAction":[{"@type":"ReadAction","target":["https:\/\/www.notibras.com\/site\/criticas-ao-planalto-escondem-desequilibrio-bilionario-em-minas\/"]}]},{"@type":"ImageObject","inLanguage":"pt-BR","@id":"https:\/\/www.notibras.com\/site\/criticas-ao-planalto-escondem-desequilibrio-bilionario-em-minas\/#primaryimage","url":"https:\/\/www.notibras.com\/site\/wp-content\/uploads\/2026\/02\/Zema-almoco-Lide-25set2023-848x477-1.webp","contentUrl":"https:\/\/www.notibras.com\/site\/wp-content\/uploads\/2026\/02\/Zema-almoco-Lide-25set2023-848x477-1.webp","width":848,"height":477},{"@type":"BreadcrumbList","@id":"https:\/\/www.notibras.com\/site\/criticas-ao-planalto-escondem-desequilibrio-bilionario-em-minas\/#breadcrumb","itemListElement":[{"@type":"ListItem","position":1,"name":"In\u00edcio","item":"https:\/\/www.notibras.com\/site\/"},{"@type":"ListItem","position":2,"name":"Cr\u00edticas ao Planalto escondem desequil\u00edbrio bilion\u00e1rio em Minas"}]},{"@type":"WebSite","@id":"https:\/\/www.notibras.com\/site\/#website","url":"https:\/\/www.notibras.com\/site\/","name":"Notibras","description":"Not\u00edcias de Bras\u00edlia, do Brasil e do Mundo","publisher":{"@id":"https:\/\/www.notibras.com\/site\/#organization"},"potentialAction":[{"@type":"SearchAction","target":{"@type":"EntryPoint","urlTemplate":"https:\/\/www.notibras.com\/site\/?s={search_term_string}"},"query-input":{"@type":"PropertyValueSpecification","valueRequired":true,"valueName":"search_term_string"}}],"inLanguage":"pt-BR"},{"@type":"Organization","@id":"https:\/\/www.notibras.com\/site\/#organization","name":"Grupo Notibras de Comunica\u00e7\u00e3o","url":"https:\/\/www.notibras.com\/site\/","logo":{"@type":"ImageObject","inLanguage":"pt-BR","@id":"https:\/\/www.notibras.com\/site\/#\/schema\/logo\/image\/","url":"https:\/\/www.notibras.com\/site\/wp-content\/uploads\/2023\/01\/notibras23.png","contentUrl":"https:\/\/www.notibras.com\/site\/wp-content\/uploads\/2023\/01\/notibras23.png","width":350,"height":87,"caption":"Grupo Notibras de Comunica\u00e7\u00e3o"},"image":{"@id":"https:\/\/www.notibras.com\/site\/#\/schema\/logo\/image\/"},"sameAs":["https:\/\/www.facebook.com\/notibras\/","https:\/\/x.com\/Notibras","https:\/\/www.instagram.com\/notibras\/"]},{"@type":"Person","@id":"https:\/\/www.notibras.com\/site\/#\/schema\/person\/5b7fabf2aedc3ada2105f03b22b4d3dd","name":"Eduardo Mart\u00ednez","image":{"@type":"ImageObject","inLanguage":"pt-BR","@id":"https:\/\/secure.gravatar.com\/avatar\/7902f906289926289cbcda644b5197c796b893c6ffd7b9a536a42d290f7704a0?s=96&d=mm&r=g","url":"https:\/\/secure.gravatar.com\/avatar\/7902f906289926289cbcda644b5197c796b893c6ffd7b9a536a42d290f7704a0?s=96&d=mm&r=g","contentUrl":"https:\/\/secure.gravatar.com\/avatar\/7902f906289926289cbcda644b5197c796b893c6ffd7b9a536a42d290f7704a0?s=96&d=mm&r=g","caption":"Eduardo Mart\u00ednez"}}]}},"amp_enabled":true,"_links":{"self":[{"href":"https:\/\/www.notibras.com\/site\/wp-json\/wp\/v2\/posts\/384146","targetHints":{"allow":["GET"]}}],"collection":[{"href":"https:\/\/www.notibras.com\/site\/wp-json\/wp\/v2\/posts"}],"about":[{"href":"https:\/\/www.notibras.com\/site\/wp-json\/wp\/v2\/types\/post"}],"author":[{"embeddable":true,"href":"https:\/\/www.notibras.com\/site\/wp-json\/wp\/v2\/users\/21"}],"replies":[{"embeddable":true,"href":"https:\/\/www.notibras.com\/site\/wp-json\/wp\/v2\/comments?post=384146"}],"version-history":[{"count":3,"href":"https:\/\/www.notibras.com\/site\/wp-json\/wp\/v2\/posts\/384146\/revisions"}],"predecessor-version":[{"id":384187,"href":"https:\/\/www.notibras.com\/site\/wp-json\/wp\/v2\/posts\/384146\/revisions\/384187"}],"wp:featuredmedia":[{"embeddable":true,"href":"https:\/\/www.notibras.com\/site\/wp-json\/wp\/v2\/media\/384150"}],"wp:attachment":[{"href":"https:\/\/www.notibras.com\/site\/wp-json\/wp\/v2\/media?parent=384146"}],"wp:term":[{"taxonomy":"category","embeddable":true,"href":"https:\/\/www.notibras.com\/site\/wp-json\/wp\/v2\/categories?post=384146"},{"taxonomy":"post_tag","embeddable":true,"href":"https:\/\/www.notibras.com\/site\/wp-json\/wp\/v2\/tags?post=384146"}],"curies":[{"name":"wp","href":"https:\/\/api.w.org\/{rel}","templated":true}]}}