{"id":384153,"date":"2026-02-22T00:45:22","date_gmt":"2026-02-22T03:45:22","guid":{"rendered":"https:\/\/www.notibras.com\/site\/?p=384153"},"modified":"2026-02-21T23:19:06","modified_gmt":"2026-02-22T02:19:06","slug":"carro-da-vacina-levou-imunizacao-no-sabado-21","status":"publish","type":"post","link":"https:\/\/www.notibras.com\/site\/carro-da-vacina-levou-imunizacao-no-sabado-21\/","title":{"rendered":"Carro da Vacina levou imuniza\u00e7\u00e3o no s\u00e1bado (21)"},"content":{"rendered":"<p>Neste s\u00e1bado (21), moradores de S\u00e3o Sebasti\u00e3o contaram com os servi\u00e7os do Carro da Vacina na Pra\u00e7a do Reggae, um dos pontos mais movimentados da cidade. A iniciativa da Secretaria de Sa\u00fade do Distrito Federal (SES-DF) disponibilizou vacinas do calend\u00e1rio infantil e adulto (exceto BCG e dengue), al\u00e9m de testes r\u00e1pidos para infec\u00e7\u00f5es sexualmente transmiss\u00edveis (IST) e orienta\u00e7\u00f5es de sa\u00fade. Ao todo, 154 doses de imunizantes foram aplicadas e 128 testes r\u00e1pidos realizados.<\/p>\n<p>A pra\u00e7a, conhecida por reunir moradores ao longo de todo o dia e concentrar intenso fluxo no com\u00e9rcio local, foi escolhida estrategicamente como parada do ve\u00edculo da SES-DF neste s\u00e1bado para ampliar o acesso da popula\u00e7\u00e3o aos servi\u00e7os de sa\u00fade.<\/p>\n<p>Moradora da Vila S\u00e3o Jos\u00e9, Rosimeire Auxiliadora Abrantes aproveitou a oportunidade para atualizar a caderneta com as vacinas contra hepatite e Covid-19. \u201cCostumo vir todos os dias para tomar meu caf\u00e9 e vi o Carro da Vacina estacionado aqui. Depois de consultar meu CPF, a enfermeira informou que eu estava com duas vacinas em atraso\u201d, relatou. Para ela, a iniciativa facilita o acesso: \u201c\u00c0s vezes procuramos o centro de sa\u00fade e h\u00e1 muita demanda. Aqui, eu achei \u00f3timo e r\u00e1pido\u201d.<\/p>\n<p>O estudante Jo\u00e3o Vitor Vieira, de 23 anos, que tamb\u00e9m aproveitou a a\u00e7\u00e3o, destacou a import\u00e2ncia de manter o esquema vacinal atualizado. \u201cApesar da desinforma\u00e7\u00e3o que circula sobre vacinas, acho muito importante se vacinar e se prevenir de todas as doen\u00e7as poss\u00edveis\u201d, afirmou.<\/p>\n<p>Respons\u00e1vel pela a\u00e7\u00e3o deste s\u00e1bado, a enfermeira Patriciana Ribeiro ressaltou que a vacina\u00e7\u00e3o \u00e9 uma das principais estrat\u00e9gias para prevenir doen\u00e7as causadas por v\u00edrus e bact\u00e9rias, al\u00e9m de reduzir casos graves e hospitaliza\u00e7\u00f5es. \u201cManter o esquema vacinal em dia contribui para diminuir a incid\u00eancia de doen\u00e7as imunopreven\u00edveis e os impactos no sistema de sa\u00fade\u201d, explicou.<\/p>\n<p><strong>A\u00e7\u00e3o itinerante<\/strong><\/p>\n<p>A regi\u00e3o de sa\u00fade Leste, que abrange Parano\u00e1, Itapo\u00e3, S\u00e3o Sebasti\u00e3o, Jardim Bot\u00e2nico e Jardins Mangueiral, passou a contar com o Carro da Vacina desde o ano passado. Desde o in\u00edcio das atividades, o servi\u00e7o itinerante j\u00e1 percorreu diversos pontos estrat\u00e9gicos e tem sido bem recebido pela popula\u00e7\u00e3o.<\/p>\n<p>O Carro da Vacina \u00e9 uma estrat\u00e9gia da SES-DF para ampliar a cobertura vacinal e levar imuniza\u00e7\u00e3o diretamente \u00e0s comunidades, especialmente \u00e0quelas com menor acesso \u00e0s unidades b\u00e1sicas de sa\u00fade (UBSs). A proposta \u00e9 facilitar o atendimento e alcan\u00e7ar pessoas que, por diferentes motivos, n\u00e3o conseguem comparecer \u00e0s unidades fixas de sa\u00fade.<\/p>\n","protected":false},"excerpt":{"rendered":"<p>Neste s\u00e1bado (21), moradores de S\u00e3o Sebasti\u00e3o contaram com os servi\u00e7os do Carro da Vacina na Pra\u00e7a do Reggae, um dos pontos mais movimentados da cidade. A iniciativa da Secretaria de Sa\u00fade do Distrito Federal (SES-DF) disponibilizou vacinas do calend\u00e1rio infantil e adulto (exceto BCG e dengue), al\u00e9m de testes r\u00e1pidos para infec\u00e7\u00f5es sexualmente transmiss\u00edveis [&hellip;]<\/p>\n","protected":false},"author":21,"featured_media":384154,"comment_status":"closed","ping_status":"closed","sticky":false,"template":"","format":"standard","meta":{"_acf_changed":false,"footnotes":""},"categories":[161],"tags":[],"class_list":["post-384153","post","type-post","status-publish","format-standard","has-post-thumbnail","hentry","category-quadradinho-em-foco"],"acf":[],"yoast_head":"<!-- This site is optimized with the Yoast SEO plugin v27.2 - https:\/\/yoast.com\/product\/yoast-seo-wordpress\/ -->\n<title>Carro da Vacina levou imuniza\u00e7\u00e3o no s\u00e1bado (21) - Notibras<\/title>\n<meta name=\"robots\" content=\"index, follow, max-snippet:-1, max-image-preview:large, max-video-preview:-1\" \/>\n<link rel=\"canonical\" href=\"https:\/\/www.notibras.com\/site\/carro-da-vacina-levou-imunizacao-no-sabado-21\/\" \/>\n<meta property=\"og:locale\" content=\"pt_BR\" \/>\n<meta property=\"og:type\" content=\"article\" \/>\n<meta property=\"og:title\" content=\"Carro da Vacina levou imuniza\u00e7\u00e3o no s\u00e1bado (21) - Notibras\" \/>\n<meta property=\"og:description\" content=\"Neste s\u00e1bado (21), moradores de S\u00e3o Sebasti\u00e3o contaram com os servi\u00e7os do Carro da Vacina na Pra\u00e7a do Reggae, um dos pontos mais movimentados da cidade. A iniciativa da Secretaria de Sa\u00fade do Distrito Federal (SES-DF) disponibilizou vacinas do calend\u00e1rio infantil e adulto (exceto BCG e dengue), al\u00e9m de testes r\u00e1pidos para infec\u00e7\u00f5es sexualmente transmiss\u00edveis [&hellip;]\" \/>\n<meta property=\"og:url\" content=\"https:\/\/www.notibras.com\/site\/carro-da-vacina-levou-imunizacao-no-sabado-21\/\" \/>\n<meta property=\"og:site_name\" content=\"Notibras\" \/>\n<meta property=\"article:publisher\" content=\"https:\/\/www.facebook.com\/notibras\/\" \/>\n<meta property=\"article:published_time\" content=\"2026-02-22T03:45:22+00:00\" \/>\n<meta property=\"og:image\" content=\"https:\/\/www.notibras.com\/site\/wp-content\/uploads\/2026\/02\/WhatsApp-Image-2026-02-21-at-23.14.27.jpeg\" \/>\n\t<meta property=\"og:image:width\" content=\"1600\" \/>\n\t<meta property=\"og:image:height\" content=\"1066\" \/>\n\t<meta property=\"og:image:type\" content=\"image\/jpeg\" \/>\n<meta name=\"author\" content=\"Eduardo Mart\u00ednez\" \/>\n<meta name=\"twitter:card\" content=\"summary_large_image\" \/>\n<meta name=\"twitter:creator\" content=\"@Notibras\" \/>\n<meta name=\"twitter:site\" content=\"@Notibras\" \/>\n<meta name=\"twitter:label1\" content=\"Escrito por\" \/>\n\t<meta name=\"twitter:data1\" content=\"Eduardo Mart\u00ednez\" \/>\n\t<meta name=\"twitter:label2\" content=\"Est. tempo de leitura\" \/>\n\t<meta name=\"twitter:data2\" content=\"3 minutos\" \/>\n<script type=\"application\/ld+json\" class=\"yoast-schema-graph\">{\"@context\":\"https:\/\/schema.org\",\"@graph\":[{\"@type\":\"Article\",\"@id\":\"https:\/\/www.notibras.com\/site\/carro-da-vacina-levou-imunizacao-no-sabado-21\/#article\",\"isPartOf\":{\"@id\":\"https:\/\/www.notibras.com\/site\/carro-da-vacina-levou-imunizacao-no-sabado-21\/\"},\"author\":{\"name\":\"Eduardo Mart\u00ednez\",\"@id\":\"https:\/\/www.notibras.com\/site\/#\/schema\/person\/5b7fabf2aedc3ada2105f03b22b4d3dd\"},\"headline\":\"Carro da Vacina levou imuniza\u00e7\u00e3o no s\u00e1bado (21)\",\"datePublished\":\"2026-02-22T03:45:22+00:00\",\"mainEntityOfPage\":{\"@id\":\"https:\/\/www.notibras.com\/site\/carro-da-vacina-levou-imunizacao-no-sabado-21\/\"},\"wordCount\":457,\"publisher\":{\"@id\":\"https:\/\/www.notibras.com\/site\/#organization\"},\"image\":{\"@id\":\"https:\/\/www.notibras.com\/site\/carro-da-vacina-levou-imunizacao-no-sabado-21\/#primaryimage\"},\"thumbnailUrl\":\"https:\/\/www.notibras.com\/site\/wp-content\/uploads\/2026\/02\/WhatsApp-Image-2026-02-21-at-23.14.27.jpeg\",\"articleSection\":[\"Quadradinho em Foco\"],\"inLanguage\":\"pt-BR\"},{\"@type\":\"WebPage\",\"@id\":\"https:\/\/www.notibras.com\/site\/carro-da-vacina-levou-imunizacao-no-sabado-21\/\",\"url\":\"https:\/\/www.notibras.com\/site\/carro-da-vacina-levou-imunizacao-no-sabado-21\/\",\"name\":\"Carro da Vacina levou imuniza\u00e7\u00e3o no s\u00e1bado (21) - Notibras\",\"isPartOf\":{\"@id\":\"https:\/\/www.notibras.com\/site\/#website\"},\"primaryImageOfPage\":{\"@id\":\"https:\/\/www.notibras.com\/site\/carro-da-vacina-levou-imunizacao-no-sabado-21\/#primaryimage\"},\"image\":{\"@id\":\"https:\/\/www.notibras.com\/site\/carro-da-vacina-levou-imunizacao-no-sabado-21\/#primaryimage\"},\"thumbnailUrl\":\"https:\/\/www.notibras.com\/site\/wp-content\/uploads\/2026\/02\/WhatsApp-Image-2026-02-21-at-23.14.27.jpeg\",\"datePublished\":\"2026-02-22T03:45:22+00:00\",\"breadcrumb\":{\"@id\":\"https:\/\/www.notibras.com\/site\/carro-da-vacina-levou-imunizacao-no-sabado-21\/#breadcrumb\"},\"inLanguage\":\"pt-BR\",\"potentialAction\":[{\"@type\":\"ReadAction\",\"target\":[\"https:\/\/www.notibras.com\/site\/carro-da-vacina-levou-imunizacao-no-sabado-21\/\"]}]},{\"@type\":\"ImageObject\",\"inLanguage\":\"pt-BR\",\"@id\":\"https:\/\/www.notibras.com\/site\/carro-da-vacina-levou-imunizacao-no-sabado-21\/#primaryimage\",\"url\":\"https:\/\/www.notibras.com\/site\/wp-content\/uploads\/2026\/02\/WhatsApp-Image-2026-02-21-at-23.14.27.jpeg\",\"contentUrl\":\"https:\/\/www.notibras.com\/site\/wp-content\/uploads\/2026\/02\/WhatsApp-Image-2026-02-21-at-23.14.27.jpeg\",\"width\":1600,\"height\":1066},{\"@type\":\"BreadcrumbList\",\"@id\":\"https:\/\/www.notibras.com\/site\/carro-da-vacina-levou-imunizacao-no-sabado-21\/#breadcrumb\",\"itemListElement\":[{\"@type\":\"ListItem\",\"position\":1,\"name\":\"In\u00edcio\",\"item\":\"https:\/\/www.notibras.com\/site\/\"},{\"@type\":\"ListItem\",\"position\":2,\"name\":\"Carro da Vacina levou imuniza\u00e7\u00e3o no s\u00e1bado (21)\"}]},{\"@type\":\"WebSite\",\"@id\":\"https:\/\/www.notibras.com\/site\/#website\",\"url\":\"https:\/\/www.notibras.com\/site\/\",\"name\":\"Notibras\",\"description\":\"Not\u00edcias de Bras\u00edlia, do Brasil e do Mundo\",\"publisher\":{\"@id\":\"https:\/\/www.notibras.com\/site\/#organization\"},\"potentialAction\":[{\"@type\":\"SearchAction\",\"target\":{\"@type\":\"EntryPoint\",\"urlTemplate\":\"https:\/\/www.notibras.com\/site\/?s={search_term_string}\"},\"query-input\":{\"@type\":\"PropertyValueSpecification\",\"valueRequired\":true,\"valueName\":\"search_term_string\"}}],\"inLanguage\":\"pt-BR\"},{\"@type\":\"Organization\",\"@id\":\"https:\/\/www.notibras.com\/site\/#organization\",\"name\":\"Grupo Notibras de Comunica\u00e7\u00e3o\",\"url\":\"https:\/\/www.notibras.com\/site\/\",\"logo\":{\"@type\":\"ImageObject\",\"inLanguage\":\"pt-BR\",\"@id\":\"https:\/\/www.notibras.com\/site\/#\/schema\/logo\/image\/\",\"url\":\"https:\/\/www.notibras.com\/site\/wp-content\/uploads\/2023\/01\/notibras23.png\",\"contentUrl\":\"https:\/\/www.notibras.com\/site\/wp-content\/uploads\/2023\/01\/notibras23.png\",\"width\":350,\"height\":87,\"caption\":\"Grupo Notibras de Comunica\u00e7\u00e3o\"},\"image\":{\"@id\":\"https:\/\/www.notibras.com\/site\/#\/schema\/logo\/image\/\"},\"sameAs\":[\"https:\/\/www.facebook.com\/notibras\/\",\"https:\/\/x.com\/Notibras\",\"https:\/\/www.instagram.com\/notibras\/\"]},{\"@type\":\"Person\",\"@id\":\"https:\/\/www.notibras.com\/site\/#\/schema\/person\/5b7fabf2aedc3ada2105f03b22b4d3dd\",\"name\":\"Eduardo Mart\u00ednez\",\"image\":{\"@type\":\"ImageObject\",\"inLanguage\":\"pt-BR\",\"@id\":\"https:\/\/secure.gravatar.com\/avatar\/7902f906289926289cbcda644b5197c796b893c6ffd7b9a536a42d290f7704a0?s=96&d=mm&r=g\",\"url\":\"https:\/\/secure.gravatar.com\/avatar\/7902f906289926289cbcda644b5197c796b893c6ffd7b9a536a42d290f7704a0?s=96&d=mm&r=g\",\"contentUrl\":\"https:\/\/secure.gravatar.com\/avatar\/7902f906289926289cbcda644b5197c796b893c6ffd7b9a536a42d290f7704a0?s=96&d=mm&r=g\",\"caption\":\"Eduardo Mart\u00ednez\"}}]}<\/script>\n<!-- \/ Yoast SEO plugin. -->","yoast_head_json":{"title":"Carro da Vacina levou imuniza\u00e7\u00e3o no s\u00e1bado (21) - Notibras","robots":{"index":"index","follow":"follow","max-snippet":"max-snippet:-1","max-image-preview":"max-image-preview:large","max-video-preview":"max-video-preview:-1"},"canonical":"https:\/\/www.notibras.com\/site\/carro-da-vacina-levou-imunizacao-no-sabado-21\/","og_locale":"pt_BR","og_type":"article","og_title":"Carro da Vacina levou imuniza\u00e7\u00e3o no s\u00e1bado (21) - Notibras","og_description":"Neste s\u00e1bado (21), moradores de S\u00e3o Sebasti\u00e3o contaram com os servi\u00e7os do Carro da Vacina na Pra\u00e7a do Reggae, um dos pontos mais movimentados da cidade. A iniciativa da Secretaria de Sa\u00fade do Distrito Federal (SES-DF) disponibilizou vacinas do calend\u00e1rio infantil e adulto (exceto BCG e dengue), al\u00e9m de testes r\u00e1pidos para infec\u00e7\u00f5es sexualmente transmiss\u00edveis [&hellip;]","og_url":"https:\/\/www.notibras.com\/site\/carro-da-vacina-levou-imunizacao-no-sabado-21\/","og_site_name":"Notibras","article_publisher":"https:\/\/www.facebook.com\/notibras\/","article_published_time":"2026-02-22T03:45:22+00:00","og_image":[{"width":1600,"height":1066,"url":"https:\/\/www.notibras.com\/site\/wp-content\/uploads\/2026\/02\/WhatsApp-Image-2026-02-21-at-23.14.27.jpeg","type":"image\/jpeg"}],"author":"Eduardo Mart\u00ednez","twitter_card":"summary_large_image","twitter_creator":"@Notibras","twitter_site":"@Notibras","twitter_misc":{"Escrito por":"Eduardo Mart\u00ednez","Est. tempo de leitura":"3 minutos"},"schema":{"@context":"https:\/\/schema.org","@graph":[{"@type":"Article","@id":"https:\/\/www.notibras.com\/site\/carro-da-vacina-levou-imunizacao-no-sabado-21\/#article","isPartOf":{"@id":"https:\/\/www.notibras.com\/site\/carro-da-vacina-levou-imunizacao-no-sabado-21\/"},"author":{"name":"Eduardo Mart\u00ednez","@id":"https:\/\/www.notibras.com\/site\/#\/schema\/person\/5b7fabf2aedc3ada2105f03b22b4d3dd"},"headline":"Carro da Vacina levou imuniza\u00e7\u00e3o no s\u00e1bado (21)","datePublished":"2026-02-22T03:45:22+00:00","mainEntityOfPage":{"@id":"https:\/\/www.notibras.com\/site\/carro-da-vacina-levou-imunizacao-no-sabado-21\/"},"wordCount":457,"publisher":{"@id":"https:\/\/www.notibras.com\/site\/#organization"},"image":{"@id":"https:\/\/www.notibras.com\/site\/carro-da-vacina-levou-imunizacao-no-sabado-21\/#primaryimage"},"thumbnailUrl":"https:\/\/www.notibras.com\/site\/wp-content\/uploads\/2026\/02\/WhatsApp-Image-2026-02-21-at-23.14.27.jpeg","articleSection":["Quadradinho em Foco"],"inLanguage":"pt-BR"},{"@type":"WebPage","@id":"https:\/\/www.notibras.com\/site\/carro-da-vacina-levou-imunizacao-no-sabado-21\/","url":"https:\/\/www.notibras.com\/site\/carro-da-vacina-levou-imunizacao-no-sabado-21\/","name":"Carro da Vacina levou imuniza\u00e7\u00e3o no s\u00e1bado (21) - Notibras","isPartOf":{"@id":"https:\/\/www.notibras.com\/site\/#website"},"primaryImageOfPage":{"@id":"https:\/\/www.notibras.com\/site\/carro-da-vacina-levou-imunizacao-no-sabado-21\/#primaryimage"},"image":{"@id":"https:\/\/www.notibras.com\/site\/carro-da-vacina-levou-imunizacao-no-sabado-21\/#primaryimage"},"thumbnailUrl":"https:\/\/www.notibras.com\/site\/wp-content\/uploads\/2026\/02\/WhatsApp-Image-2026-02-21-at-23.14.27.jpeg","datePublished":"2026-02-22T03:45:22+00:00","breadcrumb":{"@id":"https:\/\/www.notibras.com\/site\/carro-da-vacina-levou-imunizacao-no-sabado-21\/#breadcrumb"},"inLanguage":"pt-BR","potentialAction":[{"@type":"ReadAction","target":["https:\/\/www.notibras.com\/site\/carro-da-vacina-levou-imunizacao-no-sabado-21\/"]}]},{"@type":"ImageObject","inLanguage":"pt-BR","@id":"https:\/\/www.notibras.com\/site\/carro-da-vacina-levou-imunizacao-no-sabado-21\/#primaryimage","url":"https:\/\/www.notibras.com\/site\/wp-content\/uploads\/2026\/02\/WhatsApp-Image-2026-02-21-at-23.14.27.jpeg","contentUrl":"https:\/\/www.notibras.com\/site\/wp-content\/uploads\/2026\/02\/WhatsApp-Image-2026-02-21-at-23.14.27.jpeg","width":1600,"height":1066},{"@type":"BreadcrumbList","@id":"https:\/\/www.notibras.com\/site\/carro-da-vacina-levou-imunizacao-no-sabado-21\/#breadcrumb","itemListElement":[{"@type":"ListItem","position":1,"name":"In\u00edcio","item":"https:\/\/www.notibras.com\/site\/"},{"@type":"ListItem","position":2,"name":"Carro da Vacina levou imuniza\u00e7\u00e3o no s\u00e1bado (21)"}]},{"@type":"WebSite","@id":"https:\/\/www.notibras.com\/site\/#website","url":"https:\/\/www.notibras.com\/site\/","name":"Notibras","description":"Not\u00edcias de Bras\u00edlia, do Brasil e do Mundo","publisher":{"@id":"https:\/\/www.notibras.com\/site\/#organization"},"potentialAction":[{"@type":"SearchAction","target":{"@type":"EntryPoint","urlTemplate":"https:\/\/www.notibras.com\/site\/?s={search_term_string}"},"query-input":{"@type":"PropertyValueSpecification","valueRequired":true,"valueName":"search_term_string"}}],"inLanguage":"pt-BR"},{"@type":"Organization","@id":"https:\/\/www.notibras.com\/site\/#organization","name":"Grupo Notibras de Comunica\u00e7\u00e3o","url":"https:\/\/www.notibras.com\/site\/","logo":{"@type":"ImageObject","inLanguage":"pt-BR","@id":"https:\/\/www.notibras.com\/site\/#\/schema\/logo\/image\/","url":"https:\/\/www.notibras.com\/site\/wp-content\/uploads\/2023\/01\/notibras23.png","contentUrl":"https:\/\/www.notibras.com\/site\/wp-content\/uploads\/2023\/01\/notibras23.png","width":350,"height":87,"caption":"Grupo Notibras de Comunica\u00e7\u00e3o"},"image":{"@id":"https:\/\/www.notibras.com\/site\/#\/schema\/logo\/image\/"},"sameAs":["https:\/\/www.facebook.com\/notibras\/","https:\/\/x.com\/Notibras","https:\/\/www.instagram.com\/notibras\/"]},{"@type":"Person","@id":"https:\/\/www.notibras.com\/site\/#\/schema\/person\/5b7fabf2aedc3ada2105f03b22b4d3dd","name":"Eduardo Mart\u00ednez","image":{"@type":"ImageObject","inLanguage":"pt-BR","@id":"https:\/\/secure.gravatar.com\/avatar\/7902f906289926289cbcda644b5197c796b893c6ffd7b9a536a42d290f7704a0?s=96&d=mm&r=g","url":"https:\/\/secure.gravatar.com\/avatar\/7902f906289926289cbcda644b5197c796b893c6ffd7b9a536a42d290f7704a0?s=96&d=mm&r=g","contentUrl":"https:\/\/secure.gravatar.com\/avatar\/7902f906289926289cbcda644b5197c796b893c6ffd7b9a536a42d290f7704a0?s=96&d=mm&r=g","caption":"Eduardo Mart\u00ednez"}}]}},"amp_enabled":true,"_links":{"self":[{"href":"https:\/\/www.notibras.com\/site\/wp-json\/wp\/v2\/posts\/384153","targetHints":{"allow":["GET"]}}],"collection":[{"href":"https:\/\/www.notibras.com\/site\/wp-json\/wp\/v2\/posts"}],"about":[{"href":"https:\/\/www.notibras.com\/site\/wp-json\/wp\/v2\/types\/post"}],"author":[{"embeddable":true,"href":"https:\/\/www.notibras.com\/site\/wp-json\/wp\/v2\/users\/21"}],"replies":[{"embeddable":true,"href":"https:\/\/www.notibras.com\/site\/wp-json\/wp\/v2\/comments?post=384153"}],"version-history":[{"count":3,"href":"https:\/\/www.notibras.com\/site\/wp-json\/wp\/v2\/posts\/384153\/revisions"}],"predecessor-version":[{"id":384157,"href":"https:\/\/www.notibras.com\/site\/wp-json\/wp\/v2\/posts\/384153\/revisions\/384157"}],"wp:featuredmedia":[{"embeddable":true,"href":"https:\/\/www.notibras.com\/site\/wp-json\/wp\/v2\/media\/384154"}],"wp:attachment":[{"href":"https:\/\/www.notibras.com\/site\/wp-json\/wp\/v2\/media?parent=384153"}],"wp:term":[{"taxonomy":"category","embeddable":true,"href":"https:\/\/www.notibras.com\/site\/wp-json\/wp\/v2\/categories?post=384153"},{"taxonomy":"post_tag","embeddable":true,"href":"https:\/\/www.notibras.com\/site\/wp-json\/wp\/v2\/tags?post=384153"}],"curies":[{"name":"wp","href":"https:\/\/api.w.org\/{rel}","templated":true}]}}