{"id":384158,"date":"2026-02-22T01:47:41","date_gmt":"2026-02-22T04:47:41","guid":{"rendered":"https:\/\/www.notibras.com\/site\/?p=384158"},"modified":"2026-02-21T23:49:00","modified_gmt":"2026-02-22T02:49:00","slug":"quem-ofende-via-fake-merece-ser-ofendido-na-sapucai","status":"publish","type":"post","link":"https:\/\/www.notibras.com\/site\/quem-ofende-via-fake-merece-ser-ofendido-na-sapucai\/","title":{"rendered":"Quem ofende via fake merece ser ofendido na Sapuca\u00ed"},"content":{"rendered":"<p>A tarefa pode n\u00e3o ser f\u00e1cil, mas n\u00e3o \u00e9 imposs\u00edvel, como n\u00e3o foi mostrar ao ex-presidente e seus seguidores que a maioria do eleitor brasileiro n\u00e3o compactua com o atraso pol\u00edtico pretendido por ele. O Brasil de hoje n\u00e3o aceita mais compromissos exclusivos com banqueiros e empres\u00e1rios, tampouco com a elite conservadora e, por consequ\u00eancia, exploradora. Depois de quatro anos alijado de todo o processo evolutivo do pa\u00eds, o trabalhador tamb\u00e9m quer participar das decis\u00f5es. \u00c9 esta a proposta que interessa ao povo.<\/p>\n<p>O problema \u00e9 que a receita dos projetos vanguardistas n\u00e3o \u00e9 a mesma de um p\u00e3o caseiro. Muito mais do que a inelegibilidade e pris\u00e3o do mito da casa de farinha, h\u00e1 necessidade de expurgos mais eloquentes no combate ao nazifascismo do s\u00e9culo 21 que, conforme o ministro do Supremo Tribunal Fl\u00e1vio Dino, mata crian\u00e7as em escolas, destr\u00f3i pr\u00e9dios p\u00fablicos e se acha autorizado a agredir pessoas, p\u00fablicas ou n\u00e3o, apenas por quest\u00f5es pol\u00edticas. Sei que n\u00e3o adianta pregar contra o \u00f3dio disseminando \u00f3dio.<\/p>\n<p>No entanto, tamb\u00e9m sei que n\u00e3o h\u00e1 hip\u00f3tese de pacificar o pa\u00eds com tantos bolsonaristas soltos e armados por a\u00ed. Da\u00ed, a raz\u00e3o do apoio da massa ao freio do presidente Lula \u00e0 corrida armamentista criada, estimulada e financiada pelo ex-presidente banido da vida p\u00fablica. Portanto, que n\u00e3o fiquemos somente no Jair. O Brasil \u00e9 de todos, desde que esse todo deseje efetivamente se dissociar da selvageria insana gerada pelos pseudos salvadores da p\u00e1tria.<\/p>\n<p>Considerando que as agress\u00f5es aos diferentes n\u00e3o devem ser avaliadas como fato isolado, que elevemos \u00e0 pot\u00eancia m\u00e1xima a tese de que toda a\u00e7\u00e3o gera uma rea\u00e7\u00e3o. Embora pensem da forma exclusivamente cr\u00edtica, o derrotado enredo da rebaixada Acad\u00eamicos de Niter\u00f3i foi uma resposta art\u00edstica e p\u00fablica a todos os improp\u00e9rios dirigidos pelos insalubres bolsonaristas \u00e0s minorias ou \u00e0s inc\u00f4modas autoridades do pa\u00eds. Entre fantasias e alegorias enlatadas, a\u00a0<i>Globo Lixo<\/i>\u00a0mostrou tudo de ponta a ponta da avenida. Portanto, nada como ofender na Marqu\u00eas de Sapuca\u00ed todos os que adoram ofender via fake news ou se escondendo na escurid\u00e3o da internet.<\/p>\n<p>N\u00f3s e o Poder P\u00fablico n\u00e3o podemos permitir que desordeiros ofendam pessoas nas ruas e nas redes sociais apenas por quest\u00f5es pol\u00edticas ou visando a interesses escusos. Por isso, longe de querer fazer pol\u00edtica, endosso e replico a decis\u00e3o do STF Federal que, recentemente, divulgou a lista de sites e p\u00e1ginas que criminosamente espalhavam (e espalham) fake news, v\u00edrus alimentado pela direita radical e que precisa ser extinto, pois trata-se de uma amea\u00e7a \u00e0 democracia e \u00e0 verdadeira informa\u00e7\u00e3o e que, por extens\u00e3o, causa danos reais \u00e0 sociedade. Da extensa lista extra\u00edda do processo contra as fake news, destacam-se as \u201corganiza\u00e7\u00f5es\u201d\u00a0<i>Pela Ordem (YouTube), Pleno News, Jornal da Cidade Online, Pav\u00e3o Misterioso, Ter\u00e7a Livre, Bloco Movimento Brasil, Gazeta Informante, Di\u00e1rio do Brasil e Expresso Di\u00e1rio.<\/i><\/p>\n<p>N\u00e3o menos nocivos s\u00e3o o <i>Di\u00e1rio online, Br Not\u00edcias, Canal Gama, Riachuelo em A\u00e7\u00e3o, Opini\u00e3o Cr\u00edtica, Jornal 21 Brasil, Grande Ponto, Presidente Bolsonaro, Agora Not\u00edcias Brasil, Imprensa Viva, Rep\u00fablica de Curitiba, O Alerta, 1News, Folha Pol\u00edtica, Seu Mizuka, Portal BR7, Verdade Estampada, Critica News, Gazeta Brasil, Ibuzz online, Jacar\u00e9 de Tanga, Senso Incomum, Vista P\u00e1tria, Bruno Jonssen, Dr Marcelo Fraz\u00e3o, Folha do Brasil, Folha Pol\u00edtica, Questione-se, Bombeiros DF, Enzuh, Endireita Gandu, Te Atualizei, Renova M\u00eddia, Paula Marisa, Giro de Not\u00edcias, Bernardo P k<\/i><i><span lang=\"ZH-CN\">\u00fc<\/span><\/i><i>ster, Denne Souza, Alexandre Garcia, Ravox Brasil, O Conservador, Revista Oeste, Jovem Pan, Pingos nos Is, Gustavo Gayer Canal&#8230; <\/i><\/p>\n<p>Como abomino todas, seja ou n\u00e3o Lula, fecho com qualquer um que prometa trabalhar para derrotar a viol\u00eancia desmedida e imbecilizada dos defensores bolsonarismo.<\/p>\n<p>&#8230;&#8230;..<\/p>\n<p><strong>Misael Igreja \u00e9 analista de Notibras para assuntos pol\u00edticos, econ\u00f4micos e sociais<\/strong><\/p>\n","protected":false},"excerpt":{"rendered":"<p>A tarefa pode n\u00e3o ser f\u00e1cil, mas n\u00e3o \u00e9 imposs\u00edvel, como n\u00e3o foi mostrar ao ex-presidente e seus seguidores que a maioria do eleitor brasileiro n\u00e3o compactua com o atraso pol\u00edtico pretendido por ele. O Brasil de hoje n\u00e3o aceita mais compromissos exclusivos com banqueiros e empres\u00e1rios, tampouco com a elite conservadora e, por consequ\u00eancia, [&hellip;]<\/p>\n","protected":false},"author":2,"featured_media":325240,"comment_status":"closed","ping_status":"closed","sticky":false,"template":"","format":"standard","meta":{"_acf_changed":false,"footnotes":""},"categories":[16],"tags":[],"class_list":["post-384158","post","type-post","status-publish","format-standard","has-post-thumbnail","hentry","category-brasil"],"acf":[],"yoast_head":"<!-- This site is optimized with the Yoast SEO plugin v27.2 - https:\/\/yoast.com\/product\/yoast-seo-wordpress\/ -->\n<title>Quem ofende via fake merece ser ofendido na Sapuca\u00ed - Notibras<\/title>\n<meta name=\"robots\" content=\"index, follow, max-snippet:-1, max-image-preview:large, max-video-preview:-1\" \/>\n<link rel=\"canonical\" href=\"https:\/\/www.notibras.com\/site\/quem-ofende-via-fake-merece-ser-ofendido-na-sapucai\/\" \/>\n<meta property=\"og:locale\" content=\"pt_BR\" \/>\n<meta property=\"og:type\" content=\"article\" \/>\n<meta property=\"og:title\" content=\"Quem ofende via fake merece ser ofendido na Sapuca\u00ed - Notibras\" \/>\n<meta property=\"og:description\" content=\"A tarefa pode n\u00e3o ser f\u00e1cil, mas n\u00e3o \u00e9 imposs\u00edvel, como n\u00e3o foi mostrar ao ex-presidente e seus seguidores que a maioria do eleitor brasileiro n\u00e3o compactua com o atraso pol\u00edtico pretendido por ele. O Brasil de hoje n\u00e3o aceita mais compromissos exclusivos com banqueiros e empres\u00e1rios, tampouco com a elite conservadora e, por consequ\u00eancia, [&hellip;]\" \/>\n<meta property=\"og:url\" content=\"https:\/\/www.notibras.com\/site\/quem-ofende-via-fake-merece-ser-ofendido-na-sapucai\/\" \/>\n<meta property=\"og:site_name\" content=\"Notibras\" \/>\n<meta property=\"article:publisher\" content=\"https:\/\/www.facebook.com\/notibras\/\" \/>\n<meta property=\"article:published_time\" content=\"2026-02-22T04:47:41+00:00\" \/>\n<meta property=\"og:image\" content=\"https:\/\/www.notibras.com\/site\/wp-content\/uploads\/2024\/03\/IA.imagem-1.jpeg\" \/>\n\t<meta property=\"og:image:width\" content=\"1400\" \/>\n\t<meta property=\"og:image:height\" content=\"1000\" \/>\n\t<meta property=\"og:image:type\" content=\"image\/jpeg\" \/>\n<meta name=\"author\" content=\"Reda\u00e7\u00e3o\" \/>\n<meta name=\"twitter:card\" content=\"summary_large_image\" \/>\n<meta name=\"twitter:creator\" content=\"@Notibras\" \/>\n<meta name=\"twitter:site\" content=\"@Notibras\" \/>\n<meta name=\"twitter:label1\" content=\"Escrito por\" \/>\n\t<meta name=\"twitter:data1\" content=\"Reda\u00e7\u00e3o\" \/>\n\t<meta name=\"twitter:label2\" content=\"Est. tempo de leitura\" \/>\n\t<meta name=\"twitter:data2\" content=\"4 minutos\" \/>\n<script type=\"application\/ld+json\" class=\"yoast-schema-graph\">{\"@context\":\"https:\/\/schema.org\",\"@graph\":[{\"@type\":\"Article\",\"@id\":\"https:\/\/www.notibras.com\/site\/quem-ofende-via-fake-merece-ser-ofendido-na-sapucai\/#article\",\"isPartOf\":{\"@id\":\"https:\/\/www.notibras.com\/site\/quem-ofende-via-fake-merece-ser-ofendido-na-sapucai\/\"},\"author\":{\"name\":\"Reda\u00e7\u00e3o\",\"@id\":\"https:\/\/www.notibras.com\/site\/#\/schema\/person\/36ab0979449956132d3e5b517ea76ac8\"},\"headline\":\"Quem ofende via fake merece ser ofendido na Sapuca\u00ed\",\"datePublished\":\"2026-02-22T04:47:41+00:00\",\"mainEntityOfPage\":{\"@id\":\"https:\/\/www.notibras.com\/site\/quem-ofende-via-fake-merece-ser-ofendido-na-sapucai\/\"},\"wordCount\":690,\"publisher\":{\"@id\":\"https:\/\/www.notibras.com\/site\/#organization\"},\"image\":{\"@id\":\"https:\/\/www.notibras.com\/site\/quem-ofende-via-fake-merece-ser-ofendido-na-sapucai\/#primaryimage\"},\"thumbnailUrl\":\"https:\/\/www.notibras.com\/site\/wp-content\/uploads\/2024\/03\/IA.imagem-1.jpeg\",\"articleSection\":[\"Brasil\"],\"inLanguage\":\"pt-BR\"},{\"@type\":\"WebPage\",\"@id\":\"https:\/\/www.notibras.com\/site\/quem-ofende-via-fake-merece-ser-ofendido-na-sapucai\/\",\"url\":\"https:\/\/www.notibras.com\/site\/quem-ofende-via-fake-merece-ser-ofendido-na-sapucai\/\",\"name\":\"Quem ofende via fake merece ser ofendido na Sapuca\u00ed - Notibras\",\"isPartOf\":{\"@id\":\"https:\/\/www.notibras.com\/site\/#website\"},\"primaryImageOfPage\":{\"@id\":\"https:\/\/www.notibras.com\/site\/quem-ofende-via-fake-merece-ser-ofendido-na-sapucai\/#primaryimage\"},\"image\":{\"@id\":\"https:\/\/www.notibras.com\/site\/quem-ofende-via-fake-merece-ser-ofendido-na-sapucai\/#primaryimage\"},\"thumbnailUrl\":\"https:\/\/www.notibras.com\/site\/wp-content\/uploads\/2024\/03\/IA.imagem-1.jpeg\",\"datePublished\":\"2026-02-22T04:47:41+00:00\",\"breadcrumb\":{\"@id\":\"https:\/\/www.notibras.com\/site\/quem-ofende-via-fake-merece-ser-ofendido-na-sapucai\/#breadcrumb\"},\"inLanguage\":\"pt-BR\",\"potentialAction\":[{\"@type\":\"ReadAction\",\"target\":[\"https:\/\/www.notibras.com\/site\/quem-ofende-via-fake-merece-ser-ofendido-na-sapucai\/\"]}]},{\"@type\":\"ImageObject\",\"inLanguage\":\"pt-BR\",\"@id\":\"https:\/\/www.notibras.com\/site\/quem-ofende-via-fake-merece-ser-ofendido-na-sapucai\/#primaryimage\",\"url\":\"https:\/\/www.notibras.com\/site\/wp-content\/uploads\/2024\/03\/IA.imagem-1.jpeg\",\"contentUrl\":\"https:\/\/www.notibras.com\/site\/wp-content\/uploads\/2024\/03\/IA.imagem-1.jpeg\",\"width\":1400,\"height\":1000,\"caption\":\"Deep fake AI Written on Blue Key of Metallic Keyboard. Finger pressing key.\"},{\"@type\":\"BreadcrumbList\",\"@id\":\"https:\/\/www.notibras.com\/site\/quem-ofende-via-fake-merece-ser-ofendido-na-sapucai\/#breadcrumb\",\"itemListElement\":[{\"@type\":\"ListItem\",\"position\":1,\"name\":\"In\u00edcio\",\"item\":\"https:\/\/www.notibras.com\/site\/\"},{\"@type\":\"ListItem\",\"position\":2,\"name\":\"Quem ofende via fake merece ser ofendido na Sapuca\u00ed\"}]},{\"@type\":\"WebSite\",\"@id\":\"https:\/\/www.notibras.com\/site\/#website\",\"url\":\"https:\/\/www.notibras.com\/site\/\",\"name\":\"Notibras\",\"description\":\"Not\u00edcias de Bras\u00edlia, do Brasil e do Mundo\",\"publisher\":{\"@id\":\"https:\/\/www.notibras.com\/site\/#organization\"},\"potentialAction\":[{\"@type\":\"SearchAction\",\"target\":{\"@type\":\"EntryPoint\",\"urlTemplate\":\"https:\/\/www.notibras.com\/site\/?s={search_term_string}\"},\"query-input\":{\"@type\":\"PropertyValueSpecification\",\"valueRequired\":true,\"valueName\":\"search_term_string\"}}],\"inLanguage\":\"pt-BR\"},{\"@type\":\"Organization\",\"@id\":\"https:\/\/www.notibras.com\/site\/#organization\",\"name\":\"Grupo Notibras de Comunica\u00e7\u00e3o\",\"url\":\"https:\/\/www.notibras.com\/site\/\",\"logo\":{\"@type\":\"ImageObject\",\"inLanguage\":\"pt-BR\",\"@id\":\"https:\/\/www.notibras.com\/site\/#\/schema\/logo\/image\/\",\"url\":\"https:\/\/www.notibras.com\/site\/wp-content\/uploads\/2023\/01\/notibras23.png\",\"contentUrl\":\"https:\/\/www.notibras.com\/site\/wp-content\/uploads\/2023\/01\/notibras23.png\",\"width\":350,\"height\":87,\"caption\":\"Grupo Notibras de Comunica\u00e7\u00e3o\"},\"image\":{\"@id\":\"https:\/\/www.notibras.com\/site\/#\/schema\/logo\/image\/\"},\"sameAs\":[\"https:\/\/www.facebook.com\/notibras\/\",\"https:\/\/x.com\/Notibras\",\"https:\/\/www.instagram.com\/notibras\/\"]},{\"@type\":\"Person\",\"@id\":\"https:\/\/www.notibras.com\/site\/#\/schema\/person\/36ab0979449956132d3e5b517ea76ac8\",\"name\":\"Reda\u00e7\u00e3o\",\"image\":{\"@type\":\"ImageObject\",\"inLanguage\":\"pt-BR\",\"@id\":\"https:\/\/secure.gravatar.com\/avatar\/e0a867bdedb85fd243eadf09663511f96fc81e0720a4a42581f334ad4303aa6b?s=96&d=mm&r=g\",\"url\":\"https:\/\/secure.gravatar.com\/avatar\/e0a867bdedb85fd243eadf09663511f96fc81e0720a4a42581f334ad4303aa6b?s=96&d=mm&r=g\",\"contentUrl\":\"https:\/\/secure.gravatar.com\/avatar\/e0a867bdedb85fd243eadf09663511f96fc81e0720a4a42581f334ad4303aa6b?s=96&d=mm&r=g\",\"caption\":\"Reda\u00e7\u00e3o\"}}]}<\/script>\n<!-- \/ Yoast SEO plugin. -->","yoast_head_json":{"title":"Quem ofende via fake merece ser ofendido na Sapuca\u00ed - Notibras","robots":{"index":"index","follow":"follow","max-snippet":"max-snippet:-1","max-image-preview":"max-image-preview:large","max-video-preview":"max-video-preview:-1"},"canonical":"https:\/\/www.notibras.com\/site\/quem-ofende-via-fake-merece-ser-ofendido-na-sapucai\/","og_locale":"pt_BR","og_type":"article","og_title":"Quem ofende via fake merece ser ofendido na Sapuca\u00ed - Notibras","og_description":"A tarefa pode n\u00e3o ser f\u00e1cil, mas n\u00e3o \u00e9 imposs\u00edvel, como n\u00e3o foi mostrar ao ex-presidente e seus seguidores que a maioria do eleitor brasileiro n\u00e3o compactua com o atraso pol\u00edtico pretendido por ele. O Brasil de hoje n\u00e3o aceita mais compromissos exclusivos com banqueiros e empres\u00e1rios, tampouco com a elite conservadora e, por consequ\u00eancia, [&hellip;]","og_url":"https:\/\/www.notibras.com\/site\/quem-ofende-via-fake-merece-ser-ofendido-na-sapucai\/","og_site_name":"Notibras","article_publisher":"https:\/\/www.facebook.com\/notibras\/","article_published_time":"2026-02-22T04:47:41+00:00","og_image":[{"width":1400,"height":1000,"url":"https:\/\/www.notibras.com\/site\/wp-content\/uploads\/2024\/03\/IA.imagem-1.jpeg","type":"image\/jpeg"}],"author":"Reda\u00e7\u00e3o","twitter_card":"summary_large_image","twitter_creator":"@Notibras","twitter_site":"@Notibras","twitter_misc":{"Escrito por":"Reda\u00e7\u00e3o","Est. tempo de leitura":"4 minutos"},"schema":{"@context":"https:\/\/schema.org","@graph":[{"@type":"Article","@id":"https:\/\/www.notibras.com\/site\/quem-ofende-via-fake-merece-ser-ofendido-na-sapucai\/#article","isPartOf":{"@id":"https:\/\/www.notibras.com\/site\/quem-ofende-via-fake-merece-ser-ofendido-na-sapucai\/"},"author":{"name":"Reda\u00e7\u00e3o","@id":"https:\/\/www.notibras.com\/site\/#\/schema\/person\/36ab0979449956132d3e5b517ea76ac8"},"headline":"Quem ofende via fake merece ser ofendido na Sapuca\u00ed","datePublished":"2026-02-22T04:47:41+00:00","mainEntityOfPage":{"@id":"https:\/\/www.notibras.com\/site\/quem-ofende-via-fake-merece-ser-ofendido-na-sapucai\/"},"wordCount":690,"publisher":{"@id":"https:\/\/www.notibras.com\/site\/#organization"},"image":{"@id":"https:\/\/www.notibras.com\/site\/quem-ofende-via-fake-merece-ser-ofendido-na-sapucai\/#primaryimage"},"thumbnailUrl":"https:\/\/www.notibras.com\/site\/wp-content\/uploads\/2024\/03\/IA.imagem-1.jpeg","articleSection":["Brasil"],"inLanguage":"pt-BR"},{"@type":"WebPage","@id":"https:\/\/www.notibras.com\/site\/quem-ofende-via-fake-merece-ser-ofendido-na-sapucai\/","url":"https:\/\/www.notibras.com\/site\/quem-ofende-via-fake-merece-ser-ofendido-na-sapucai\/","name":"Quem ofende via fake merece ser ofendido na Sapuca\u00ed - Notibras","isPartOf":{"@id":"https:\/\/www.notibras.com\/site\/#website"},"primaryImageOfPage":{"@id":"https:\/\/www.notibras.com\/site\/quem-ofende-via-fake-merece-ser-ofendido-na-sapucai\/#primaryimage"},"image":{"@id":"https:\/\/www.notibras.com\/site\/quem-ofende-via-fake-merece-ser-ofendido-na-sapucai\/#primaryimage"},"thumbnailUrl":"https:\/\/www.notibras.com\/site\/wp-content\/uploads\/2024\/03\/IA.imagem-1.jpeg","datePublished":"2026-02-22T04:47:41+00:00","breadcrumb":{"@id":"https:\/\/www.notibras.com\/site\/quem-ofende-via-fake-merece-ser-ofendido-na-sapucai\/#breadcrumb"},"inLanguage":"pt-BR","potentialAction":[{"@type":"ReadAction","target":["https:\/\/www.notibras.com\/site\/quem-ofende-via-fake-merece-ser-ofendido-na-sapucai\/"]}]},{"@type":"ImageObject","inLanguage":"pt-BR","@id":"https:\/\/www.notibras.com\/site\/quem-ofende-via-fake-merece-ser-ofendido-na-sapucai\/#primaryimage","url":"https:\/\/www.notibras.com\/site\/wp-content\/uploads\/2024\/03\/IA.imagem-1.jpeg","contentUrl":"https:\/\/www.notibras.com\/site\/wp-content\/uploads\/2024\/03\/IA.imagem-1.jpeg","width":1400,"height":1000,"caption":"Deep fake AI Written on Blue Key of Metallic Keyboard. Finger pressing key."},{"@type":"BreadcrumbList","@id":"https:\/\/www.notibras.com\/site\/quem-ofende-via-fake-merece-ser-ofendido-na-sapucai\/#breadcrumb","itemListElement":[{"@type":"ListItem","position":1,"name":"In\u00edcio","item":"https:\/\/www.notibras.com\/site\/"},{"@type":"ListItem","position":2,"name":"Quem ofende via fake merece ser ofendido na Sapuca\u00ed"}]},{"@type":"WebSite","@id":"https:\/\/www.notibras.com\/site\/#website","url":"https:\/\/www.notibras.com\/site\/","name":"Notibras","description":"Not\u00edcias de Bras\u00edlia, do Brasil e do Mundo","publisher":{"@id":"https:\/\/www.notibras.com\/site\/#organization"},"potentialAction":[{"@type":"SearchAction","target":{"@type":"EntryPoint","urlTemplate":"https:\/\/www.notibras.com\/site\/?s={search_term_string}"},"query-input":{"@type":"PropertyValueSpecification","valueRequired":true,"valueName":"search_term_string"}}],"inLanguage":"pt-BR"},{"@type":"Organization","@id":"https:\/\/www.notibras.com\/site\/#organization","name":"Grupo Notibras de Comunica\u00e7\u00e3o","url":"https:\/\/www.notibras.com\/site\/","logo":{"@type":"ImageObject","inLanguage":"pt-BR","@id":"https:\/\/www.notibras.com\/site\/#\/schema\/logo\/image\/","url":"https:\/\/www.notibras.com\/site\/wp-content\/uploads\/2023\/01\/notibras23.png","contentUrl":"https:\/\/www.notibras.com\/site\/wp-content\/uploads\/2023\/01\/notibras23.png","width":350,"height":87,"caption":"Grupo Notibras de Comunica\u00e7\u00e3o"},"image":{"@id":"https:\/\/www.notibras.com\/site\/#\/schema\/logo\/image\/"},"sameAs":["https:\/\/www.facebook.com\/notibras\/","https:\/\/x.com\/Notibras","https:\/\/www.instagram.com\/notibras\/"]},{"@type":"Person","@id":"https:\/\/www.notibras.com\/site\/#\/schema\/person\/36ab0979449956132d3e5b517ea76ac8","name":"Reda\u00e7\u00e3o","image":{"@type":"ImageObject","inLanguage":"pt-BR","@id":"https:\/\/secure.gravatar.com\/avatar\/e0a867bdedb85fd243eadf09663511f96fc81e0720a4a42581f334ad4303aa6b?s=96&d=mm&r=g","url":"https:\/\/secure.gravatar.com\/avatar\/e0a867bdedb85fd243eadf09663511f96fc81e0720a4a42581f334ad4303aa6b?s=96&d=mm&r=g","contentUrl":"https:\/\/secure.gravatar.com\/avatar\/e0a867bdedb85fd243eadf09663511f96fc81e0720a4a42581f334ad4303aa6b?s=96&d=mm&r=g","caption":"Reda\u00e7\u00e3o"}}]}},"amp_enabled":true,"_links":{"self":[{"href":"https:\/\/www.notibras.com\/site\/wp-json\/wp\/v2\/posts\/384158","targetHints":{"allow":["GET"]}}],"collection":[{"href":"https:\/\/www.notibras.com\/site\/wp-json\/wp\/v2\/posts"}],"about":[{"href":"https:\/\/www.notibras.com\/site\/wp-json\/wp\/v2\/types\/post"}],"author":[{"embeddable":true,"href":"https:\/\/www.notibras.com\/site\/wp-json\/wp\/v2\/users\/2"}],"replies":[{"embeddable":true,"href":"https:\/\/www.notibras.com\/site\/wp-json\/wp\/v2\/comments?post=384158"}],"version-history":[{"count":2,"href":"https:\/\/www.notibras.com\/site\/wp-json\/wp\/v2\/posts\/384158\/revisions"}],"predecessor-version":[{"id":384164,"href":"https:\/\/www.notibras.com\/site\/wp-json\/wp\/v2\/posts\/384158\/revisions\/384164"}],"wp:featuredmedia":[{"embeddable":true,"href":"https:\/\/www.notibras.com\/site\/wp-json\/wp\/v2\/media\/325240"}],"wp:attachment":[{"href":"https:\/\/www.notibras.com\/site\/wp-json\/wp\/v2\/media?parent=384158"}],"wp:term":[{"taxonomy":"category","embeddable":true,"href":"https:\/\/www.notibras.com\/site\/wp-json\/wp\/v2\/categories?post=384158"},{"taxonomy":"post_tag","embeddable":true,"href":"https:\/\/www.notibras.com\/site\/wp-json\/wp\/v2\/tags?post=384158"}],"curies":[{"name":"wp","href":"https:\/\/api.w.org\/{rel}","templated":true}]}}