{"id":384159,"date":"2026-02-22T00:30:18","date_gmt":"2026-02-22T03:30:18","guid":{"rendered":"https:\/\/www.notibras.com\/site\/?p=384159"},"modified":"2026-02-22T00:17:44","modified_gmt":"2026-02-22T03:17:44","slug":"programacao-especial-no-mes-das-mulheres-2026","status":"publish","type":"post","link":"https:\/\/www.notibras.com\/site\/programacao-especial-no-mes-das-mulheres-2026\/","title":{"rendered":"Programa\u00e7\u00e3o especial no M\u00eas das Mulheres 2026"},"content":{"rendered":"<p>A Escola de Governo do Distrito Federal (Egov), unidade da Secretaria de Economia (Seec-DF), realiza ao longo de mar\u00e7o uma programa\u00e7\u00e3o especial em celebra\u00e7\u00e3o ao M\u00eas das Mulheres 2026. A iniciativa reafirma o compromisso do Governo do Distrito Federal com a valoriza\u00e7\u00e3o feminina, a promo\u00e7\u00e3o da equidade de g\u00eanero e o fortalecimento da participa\u00e7\u00e3o das mulheres nos espa\u00e7os de decis\u00e3o e lideran\u00e7a no servi\u00e7o p\u00fablico.<\/p>\n<p>A agenda re\u00fane a\u00e7\u00f5es formativas estrat\u00e9gicas que integram seguran\u00e7a, desenvolvimento profissional e equil\u00edbrio emocional, alinhadas \u00e0s diretrizes de moderniza\u00e7\u00e3o e qualifica\u00e7\u00e3o permanente da administra\u00e7\u00e3o p\u00fablica.<\/p>\n<p>Confira abaixo as atividades programadas.<\/p>\n<p><strong>Curso \u2013 Defesa pessoal para mulheres<\/strong><\/p>\n<p>\u2022 De 2 a 6 de mar\u00e7o, das 8h \u00e0s 12h<br \/>\n\u2022 Instrutores: Israel Carrara e Jos\u00e9 Carlos Amaral<br \/>\n\u2022 A capacita\u00e7\u00e3o oferece t\u00e9cnicas de autoprote\u00e7\u00e3o, preven\u00e7\u00e3o de riscos e fortalecimento da autoconfian\u00e7a, ampliando a seguran\u00e7a e a autonomia das participantes.<\/p>\n<p><strong>Palestra \u2013 Mulheres: como equilibrar seus pap\u00e9is sem perder o equil\u00edbrio?<\/strong><\/p>\n<p>\u2022 4 de mar\u00e7o, das 14h30 \u00e0s 16h30<br \/>\n\u2022 Instrutora: Sane Alessandra<br \/>\n\u2022 O encontro promove reflex\u00f5es sobre os m\u00faltiplos pap\u00e9is exercidos pelas mulheres na sociedade contempor\u00e2nea e apresenta estrat\u00e9gias para manter a sa\u00fade emocional e o desempenho profissional qualificado.<\/p>\n<p><strong>Curso \u2013 Mulheres e seus pap\u00e9is: gest\u00e3o do tempo e equil\u00edbrio<\/strong><\/p>\n<p>\u2022 De 16 a 20 de mar\u00e7o, das 8h \u00e0s 12h<br \/>\n\u2022 Instrutora: Sane Alessandra<br \/>\n\u2022 A forma\u00e7\u00e3o aborda planejamento, organiza\u00e7\u00e3o e intelig\u00eancia emocional como ferramentas essenciais para ampliar a produtividade e a qualidade de vida.<\/p>\n<p>Para a diretora-executiva da Egov, Juliana Tolentino, a programa\u00e7\u00e3o vai al\u00e9m de uma a\u00e7\u00e3o simb\u00f3lica: \u201cA promo\u00e7\u00e3o da equidade de g\u00eanero \u00e9 uma diretriz institucional e uma responsabilidade do Estado. Ao investir na forma\u00e7\u00e3o, na seguran\u00e7a e no desenvolvimento das mulheres servidoras, fortalecemos a capacidade do servi\u00e7o p\u00fablico de entregar pol\u00edticas mais eficientes, sens\u00edveis e transformadoras. A Egov, como unidade estrat\u00e9gica da Secretaria de Economia, atua diretamente na constru\u00e7\u00e3o de uma administra\u00e7\u00e3o mais inclusiva, moderna e comprometida com resultados\u201d.<\/p>\n<p>As inscri\u00e7\u00f5es est\u00e3o abertas no <a href=\"https:\/\/egov.df.gov.br\/\">site oficial da Egov<\/a>, com vagas limitadas.<\/p>\n<p>A iniciativa integra o conjunto de a\u00e7\u00f5es do Governo do Distrito Federal voltadas \u00e0 valoriza\u00e7\u00e3o das mulheres e \u00e0 consolida\u00e7\u00e3o de uma cultura institucional baseada na equidade, no respeito e na excel\u00eancia do servi\u00e7o p\u00fablico.<\/p>\n","protected":false},"excerpt":{"rendered":"<p>A Escola de Governo do Distrito Federal (Egov), unidade da Secretaria de Economia (Seec-DF), realiza ao longo de mar\u00e7o uma programa\u00e7\u00e3o especial em celebra\u00e7\u00e3o ao M\u00eas das Mulheres 2026. A iniciativa reafirma o compromisso do Governo do Distrito Federal com a valoriza\u00e7\u00e3o feminina, a promo\u00e7\u00e3o da equidade de g\u00eanero e o fortalecimento da participa\u00e7\u00e3o das [&hellip;]<\/p>\n","protected":false},"author":21,"featured_media":384160,"comment_status":"closed","ping_status":"closed","sticky":false,"template":"","format":"standard","meta":{"_acf_changed":false,"footnotes":""},"categories":[161],"tags":[],"class_list":["post-384159","post","type-post","status-publish","format-standard","has-post-thumbnail","hentry","category-quadradinho-em-foco"],"acf":[],"yoast_head":"<!-- This site is optimized with the Yoast SEO plugin v27.2 - https:\/\/yoast.com\/product\/yoast-seo-wordpress\/ -->\n<title>Programa\u00e7\u00e3o especial no M\u00eas das Mulheres 2026 - Notibras<\/title>\n<meta name=\"robots\" content=\"index, follow, max-snippet:-1, max-image-preview:large, max-video-preview:-1\" \/>\n<link rel=\"canonical\" href=\"https:\/\/www.notibras.com\/site\/programacao-especial-no-mes-das-mulheres-2026\/\" \/>\n<meta property=\"og:locale\" content=\"pt_BR\" \/>\n<meta property=\"og:type\" content=\"article\" \/>\n<meta property=\"og:title\" content=\"Programa\u00e7\u00e3o especial no M\u00eas das Mulheres 2026 - Notibras\" \/>\n<meta property=\"og:description\" content=\"A Escola de Governo do Distrito Federal (Egov), unidade da Secretaria de Economia (Seec-DF), realiza ao longo de mar\u00e7o uma programa\u00e7\u00e3o especial em celebra\u00e7\u00e3o ao M\u00eas das Mulheres 2026. A iniciativa reafirma o compromisso do Governo do Distrito Federal com a valoriza\u00e7\u00e3o feminina, a promo\u00e7\u00e3o da equidade de g\u00eanero e o fortalecimento da participa\u00e7\u00e3o das [&hellip;]\" \/>\n<meta property=\"og:url\" content=\"https:\/\/www.notibras.com\/site\/programacao-especial-no-mes-das-mulheres-2026\/\" \/>\n<meta property=\"og:site_name\" content=\"Notibras\" \/>\n<meta property=\"article:publisher\" content=\"https:\/\/www.facebook.com\/notibras\/\" \/>\n<meta property=\"article:published_time\" content=\"2026-02-22T03:30:18+00:00\" \/>\n<meta property=\"og:image\" content=\"https:\/\/www.notibras.com\/site\/wp-content\/uploads\/2026\/02\/WhatsApp-Image-2026-02-21-at-16.22.02.jpeg\" \/>\n\t<meta property=\"og:image:width\" content=\"1600\" \/>\n\t<meta property=\"og:image:height\" content=\"1066\" \/>\n\t<meta property=\"og:image:type\" content=\"image\/jpeg\" \/>\n<meta name=\"author\" content=\"Eduardo Mart\u00ednez\" \/>\n<meta name=\"twitter:card\" content=\"summary_large_image\" \/>\n<meta name=\"twitter:creator\" content=\"@Notibras\" \/>\n<meta name=\"twitter:site\" content=\"@Notibras\" \/>\n<meta name=\"twitter:label1\" content=\"Escrito por\" \/>\n\t<meta name=\"twitter:data1\" content=\"Eduardo Mart\u00ednez\" \/>\n\t<meta name=\"twitter:label2\" content=\"Est. tempo de leitura\" \/>\n\t<meta name=\"twitter:data2\" content=\"3 minutos\" \/>\n<script type=\"application\/ld+json\" class=\"yoast-schema-graph\">{\"@context\":\"https:\/\/schema.org\",\"@graph\":[{\"@type\":\"Article\",\"@id\":\"https:\/\/www.notibras.com\/site\/programacao-especial-no-mes-das-mulheres-2026\/#article\",\"isPartOf\":{\"@id\":\"https:\/\/www.notibras.com\/site\/programacao-especial-no-mes-das-mulheres-2026\/\"},\"author\":{\"name\":\"Eduardo Mart\u00ednez\",\"@id\":\"https:\/\/www.notibras.com\/site\/#\/schema\/person\/5b7fabf2aedc3ada2105f03b22b4d3dd\"},\"headline\":\"Programa\u00e7\u00e3o especial no M\u00eas das Mulheres 2026\",\"datePublished\":\"2026-02-22T03:30:18+00:00\",\"mainEntityOfPage\":{\"@id\":\"https:\/\/www.notibras.com\/site\/programacao-especial-no-mes-das-mulheres-2026\/\"},\"wordCount\":421,\"publisher\":{\"@id\":\"https:\/\/www.notibras.com\/site\/#organization\"},\"image\":{\"@id\":\"https:\/\/www.notibras.com\/site\/programacao-especial-no-mes-das-mulheres-2026\/#primaryimage\"},\"thumbnailUrl\":\"https:\/\/www.notibras.com\/site\/wp-content\/uploads\/2026\/02\/WhatsApp-Image-2026-02-21-at-16.22.02.jpeg\",\"articleSection\":[\"Quadradinho em Foco\"],\"inLanguage\":\"pt-BR\"},{\"@type\":\"WebPage\",\"@id\":\"https:\/\/www.notibras.com\/site\/programacao-especial-no-mes-das-mulheres-2026\/\",\"url\":\"https:\/\/www.notibras.com\/site\/programacao-especial-no-mes-das-mulheres-2026\/\",\"name\":\"Programa\u00e7\u00e3o especial no M\u00eas das Mulheres 2026 - Notibras\",\"isPartOf\":{\"@id\":\"https:\/\/www.notibras.com\/site\/#website\"},\"primaryImageOfPage\":{\"@id\":\"https:\/\/www.notibras.com\/site\/programacao-especial-no-mes-das-mulheres-2026\/#primaryimage\"},\"image\":{\"@id\":\"https:\/\/www.notibras.com\/site\/programacao-especial-no-mes-das-mulheres-2026\/#primaryimage\"},\"thumbnailUrl\":\"https:\/\/www.notibras.com\/site\/wp-content\/uploads\/2026\/02\/WhatsApp-Image-2026-02-21-at-16.22.02.jpeg\",\"datePublished\":\"2026-02-22T03:30:18+00:00\",\"breadcrumb\":{\"@id\":\"https:\/\/www.notibras.com\/site\/programacao-especial-no-mes-das-mulheres-2026\/#breadcrumb\"},\"inLanguage\":\"pt-BR\",\"potentialAction\":[{\"@type\":\"ReadAction\",\"target\":[\"https:\/\/www.notibras.com\/site\/programacao-especial-no-mes-das-mulheres-2026\/\"]}]},{\"@type\":\"ImageObject\",\"inLanguage\":\"pt-BR\",\"@id\":\"https:\/\/www.notibras.com\/site\/programacao-especial-no-mes-das-mulheres-2026\/#primaryimage\",\"url\":\"https:\/\/www.notibras.com\/site\/wp-content\/uploads\/2026\/02\/WhatsApp-Image-2026-02-21-at-16.22.02.jpeg\",\"contentUrl\":\"https:\/\/www.notibras.com\/site\/wp-content\/uploads\/2026\/02\/WhatsApp-Image-2026-02-21-at-16.22.02.jpeg\",\"width\":1600,\"height\":1066},{\"@type\":\"BreadcrumbList\",\"@id\":\"https:\/\/www.notibras.com\/site\/programacao-especial-no-mes-das-mulheres-2026\/#breadcrumb\",\"itemListElement\":[{\"@type\":\"ListItem\",\"position\":1,\"name\":\"In\u00edcio\",\"item\":\"https:\/\/www.notibras.com\/site\/\"},{\"@type\":\"ListItem\",\"position\":2,\"name\":\"Programa\u00e7\u00e3o especial no M\u00eas das Mulheres 2026\"}]},{\"@type\":\"WebSite\",\"@id\":\"https:\/\/www.notibras.com\/site\/#website\",\"url\":\"https:\/\/www.notibras.com\/site\/\",\"name\":\"Notibras\",\"description\":\"Not\u00edcias de Bras\u00edlia, do Brasil e do Mundo\",\"publisher\":{\"@id\":\"https:\/\/www.notibras.com\/site\/#organization\"},\"potentialAction\":[{\"@type\":\"SearchAction\",\"target\":{\"@type\":\"EntryPoint\",\"urlTemplate\":\"https:\/\/www.notibras.com\/site\/?s={search_term_string}\"},\"query-input\":{\"@type\":\"PropertyValueSpecification\",\"valueRequired\":true,\"valueName\":\"search_term_string\"}}],\"inLanguage\":\"pt-BR\"},{\"@type\":\"Organization\",\"@id\":\"https:\/\/www.notibras.com\/site\/#organization\",\"name\":\"Grupo Notibras de Comunica\u00e7\u00e3o\",\"url\":\"https:\/\/www.notibras.com\/site\/\",\"logo\":{\"@type\":\"ImageObject\",\"inLanguage\":\"pt-BR\",\"@id\":\"https:\/\/www.notibras.com\/site\/#\/schema\/logo\/image\/\",\"url\":\"https:\/\/www.notibras.com\/site\/wp-content\/uploads\/2023\/01\/notibras23.png\",\"contentUrl\":\"https:\/\/www.notibras.com\/site\/wp-content\/uploads\/2023\/01\/notibras23.png\",\"width\":350,\"height\":87,\"caption\":\"Grupo Notibras de Comunica\u00e7\u00e3o\"},\"image\":{\"@id\":\"https:\/\/www.notibras.com\/site\/#\/schema\/logo\/image\/\"},\"sameAs\":[\"https:\/\/www.facebook.com\/notibras\/\",\"https:\/\/x.com\/Notibras\",\"https:\/\/www.instagram.com\/notibras\/\"]},{\"@type\":\"Person\",\"@id\":\"https:\/\/www.notibras.com\/site\/#\/schema\/person\/5b7fabf2aedc3ada2105f03b22b4d3dd\",\"name\":\"Eduardo Mart\u00ednez\",\"image\":{\"@type\":\"ImageObject\",\"inLanguage\":\"pt-BR\",\"@id\":\"https:\/\/secure.gravatar.com\/avatar\/7902f906289926289cbcda644b5197c796b893c6ffd7b9a536a42d290f7704a0?s=96&d=mm&r=g\",\"url\":\"https:\/\/secure.gravatar.com\/avatar\/7902f906289926289cbcda644b5197c796b893c6ffd7b9a536a42d290f7704a0?s=96&d=mm&r=g\",\"contentUrl\":\"https:\/\/secure.gravatar.com\/avatar\/7902f906289926289cbcda644b5197c796b893c6ffd7b9a536a42d290f7704a0?s=96&d=mm&r=g\",\"caption\":\"Eduardo Mart\u00ednez\"}}]}<\/script>\n<!-- \/ Yoast SEO plugin. -->","yoast_head_json":{"title":"Programa\u00e7\u00e3o especial no M\u00eas das Mulheres 2026 - Notibras","robots":{"index":"index","follow":"follow","max-snippet":"max-snippet:-1","max-image-preview":"max-image-preview:large","max-video-preview":"max-video-preview:-1"},"canonical":"https:\/\/www.notibras.com\/site\/programacao-especial-no-mes-das-mulheres-2026\/","og_locale":"pt_BR","og_type":"article","og_title":"Programa\u00e7\u00e3o especial no M\u00eas das Mulheres 2026 - Notibras","og_description":"A Escola de Governo do Distrito Federal (Egov), unidade da Secretaria de Economia (Seec-DF), realiza ao longo de mar\u00e7o uma programa\u00e7\u00e3o especial em celebra\u00e7\u00e3o ao M\u00eas das Mulheres 2026. A iniciativa reafirma o compromisso do Governo do Distrito Federal com a valoriza\u00e7\u00e3o feminina, a promo\u00e7\u00e3o da equidade de g\u00eanero e o fortalecimento da participa\u00e7\u00e3o das [&hellip;]","og_url":"https:\/\/www.notibras.com\/site\/programacao-especial-no-mes-das-mulheres-2026\/","og_site_name":"Notibras","article_publisher":"https:\/\/www.facebook.com\/notibras\/","article_published_time":"2026-02-22T03:30:18+00:00","og_image":[{"width":1600,"height":1066,"url":"https:\/\/www.notibras.com\/site\/wp-content\/uploads\/2026\/02\/WhatsApp-Image-2026-02-21-at-16.22.02.jpeg","type":"image\/jpeg"}],"author":"Eduardo Mart\u00ednez","twitter_card":"summary_large_image","twitter_creator":"@Notibras","twitter_site":"@Notibras","twitter_misc":{"Escrito por":"Eduardo Mart\u00ednez","Est. tempo de leitura":"3 minutos"},"schema":{"@context":"https:\/\/schema.org","@graph":[{"@type":"Article","@id":"https:\/\/www.notibras.com\/site\/programacao-especial-no-mes-das-mulheres-2026\/#article","isPartOf":{"@id":"https:\/\/www.notibras.com\/site\/programacao-especial-no-mes-das-mulheres-2026\/"},"author":{"name":"Eduardo Mart\u00ednez","@id":"https:\/\/www.notibras.com\/site\/#\/schema\/person\/5b7fabf2aedc3ada2105f03b22b4d3dd"},"headline":"Programa\u00e7\u00e3o especial no M\u00eas das Mulheres 2026","datePublished":"2026-02-22T03:30:18+00:00","mainEntityOfPage":{"@id":"https:\/\/www.notibras.com\/site\/programacao-especial-no-mes-das-mulheres-2026\/"},"wordCount":421,"publisher":{"@id":"https:\/\/www.notibras.com\/site\/#organization"},"image":{"@id":"https:\/\/www.notibras.com\/site\/programacao-especial-no-mes-das-mulheres-2026\/#primaryimage"},"thumbnailUrl":"https:\/\/www.notibras.com\/site\/wp-content\/uploads\/2026\/02\/WhatsApp-Image-2026-02-21-at-16.22.02.jpeg","articleSection":["Quadradinho em Foco"],"inLanguage":"pt-BR"},{"@type":"WebPage","@id":"https:\/\/www.notibras.com\/site\/programacao-especial-no-mes-das-mulheres-2026\/","url":"https:\/\/www.notibras.com\/site\/programacao-especial-no-mes-das-mulheres-2026\/","name":"Programa\u00e7\u00e3o especial no M\u00eas das Mulheres 2026 - Notibras","isPartOf":{"@id":"https:\/\/www.notibras.com\/site\/#website"},"primaryImageOfPage":{"@id":"https:\/\/www.notibras.com\/site\/programacao-especial-no-mes-das-mulheres-2026\/#primaryimage"},"image":{"@id":"https:\/\/www.notibras.com\/site\/programacao-especial-no-mes-das-mulheres-2026\/#primaryimage"},"thumbnailUrl":"https:\/\/www.notibras.com\/site\/wp-content\/uploads\/2026\/02\/WhatsApp-Image-2026-02-21-at-16.22.02.jpeg","datePublished":"2026-02-22T03:30:18+00:00","breadcrumb":{"@id":"https:\/\/www.notibras.com\/site\/programacao-especial-no-mes-das-mulheres-2026\/#breadcrumb"},"inLanguage":"pt-BR","potentialAction":[{"@type":"ReadAction","target":["https:\/\/www.notibras.com\/site\/programacao-especial-no-mes-das-mulheres-2026\/"]}]},{"@type":"ImageObject","inLanguage":"pt-BR","@id":"https:\/\/www.notibras.com\/site\/programacao-especial-no-mes-das-mulheres-2026\/#primaryimage","url":"https:\/\/www.notibras.com\/site\/wp-content\/uploads\/2026\/02\/WhatsApp-Image-2026-02-21-at-16.22.02.jpeg","contentUrl":"https:\/\/www.notibras.com\/site\/wp-content\/uploads\/2026\/02\/WhatsApp-Image-2026-02-21-at-16.22.02.jpeg","width":1600,"height":1066},{"@type":"BreadcrumbList","@id":"https:\/\/www.notibras.com\/site\/programacao-especial-no-mes-das-mulheres-2026\/#breadcrumb","itemListElement":[{"@type":"ListItem","position":1,"name":"In\u00edcio","item":"https:\/\/www.notibras.com\/site\/"},{"@type":"ListItem","position":2,"name":"Programa\u00e7\u00e3o especial no M\u00eas das Mulheres 2026"}]},{"@type":"WebSite","@id":"https:\/\/www.notibras.com\/site\/#website","url":"https:\/\/www.notibras.com\/site\/","name":"Notibras","description":"Not\u00edcias de Bras\u00edlia, do Brasil e do Mundo","publisher":{"@id":"https:\/\/www.notibras.com\/site\/#organization"},"potentialAction":[{"@type":"SearchAction","target":{"@type":"EntryPoint","urlTemplate":"https:\/\/www.notibras.com\/site\/?s={search_term_string}"},"query-input":{"@type":"PropertyValueSpecification","valueRequired":true,"valueName":"search_term_string"}}],"inLanguage":"pt-BR"},{"@type":"Organization","@id":"https:\/\/www.notibras.com\/site\/#organization","name":"Grupo Notibras de Comunica\u00e7\u00e3o","url":"https:\/\/www.notibras.com\/site\/","logo":{"@type":"ImageObject","inLanguage":"pt-BR","@id":"https:\/\/www.notibras.com\/site\/#\/schema\/logo\/image\/","url":"https:\/\/www.notibras.com\/site\/wp-content\/uploads\/2023\/01\/notibras23.png","contentUrl":"https:\/\/www.notibras.com\/site\/wp-content\/uploads\/2023\/01\/notibras23.png","width":350,"height":87,"caption":"Grupo Notibras de Comunica\u00e7\u00e3o"},"image":{"@id":"https:\/\/www.notibras.com\/site\/#\/schema\/logo\/image\/"},"sameAs":["https:\/\/www.facebook.com\/notibras\/","https:\/\/x.com\/Notibras","https:\/\/www.instagram.com\/notibras\/"]},{"@type":"Person","@id":"https:\/\/www.notibras.com\/site\/#\/schema\/person\/5b7fabf2aedc3ada2105f03b22b4d3dd","name":"Eduardo Mart\u00ednez","image":{"@type":"ImageObject","inLanguage":"pt-BR","@id":"https:\/\/secure.gravatar.com\/avatar\/7902f906289926289cbcda644b5197c796b893c6ffd7b9a536a42d290f7704a0?s=96&d=mm&r=g","url":"https:\/\/secure.gravatar.com\/avatar\/7902f906289926289cbcda644b5197c796b893c6ffd7b9a536a42d290f7704a0?s=96&d=mm&r=g","contentUrl":"https:\/\/secure.gravatar.com\/avatar\/7902f906289926289cbcda644b5197c796b893c6ffd7b9a536a42d290f7704a0?s=96&d=mm&r=g","caption":"Eduardo Mart\u00ednez"}}]}},"amp_enabled":true,"_links":{"self":[{"href":"https:\/\/www.notibras.com\/site\/wp-json\/wp\/v2\/posts\/384159","targetHints":{"allow":["GET"]}}],"collection":[{"href":"https:\/\/www.notibras.com\/site\/wp-json\/wp\/v2\/posts"}],"about":[{"href":"https:\/\/www.notibras.com\/site\/wp-json\/wp\/v2\/types\/post"}],"author":[{"embeddable":true,"href":"https:\/\/www.notibras.com\/site\/wp-json\/wp\/v2\/users\/21"}],"replies":[{"embeddable":true,"href":"https:\/\/www.notibras.com\/site\/wp-json\/wp\/v2\/comments?post=384159"}],"version-history":[{"count":2,"href":"https:\/\/www.notibras.com\/site\/wp-json\/wp\/v2\/posts\/384159\/revisions"}],"predecessor-version":[{"id":384162,"href":"https:\/\/www.notibras.com\/site\/wp-json\/wp\/v2\/posts\/384159\/revisions\/384162"}],"wp:featuredmedia":[{"embeddable":true,"href":"https:\/\/www.notibras.com\/site\/wp-json\/wp\/v2\/media\/384160"}],"wp:attachment":[{"href":"https:\/\/www.notibras.com\/site\/wp-json\/wp\/v2\/media?parent=384159"}],"wp:term":[{"taxonomy":"category","embeddable":true,"href":"https:\/\/www.notibras.com\/site\/wp-json\/wp\/v2\/categories?post=384159"},{"taxonomy":"post_tag","embeddable":true,"href":"https:\/\/www.notibras.com\/site\/wp-json\/wp\/v2\/tags?post=384159"}],"curies":[{"name":"wp","href":"https:\/\/api.w.org\/{rel}","templated":true}]}}