{"id":384168,"date":"2026-02-24T00:30:26","date_gmt":"2026-02-24T03:30:26","guid":{"rendered":"https:\/\/www.notibras.com\/site\/?p=384168"},"modified":"2026-02-22T01:26:42","modified_gmt":"2026-02-22T04:26:42","slug":"empatia-e-lacracao","status":"publish","type":"post","link":"https:\/\/www.notibras.com\/site\/empatia-e-lacracao\/","title":{"rendered":"Empatia e lacra\u00e7\u00e3o"},"content":{"rendered":"<p>&#8220;Eu sou porque n\u00f3s somos.&#8221;<br \/>\n(UBUNTU, palavra africana de empatia e amor)<\/p>\n<p>Era do &#8220;J\u00e1 era&#8221; e do desgaste.<\/p>\n<p>Empatia virou termo de viraliza\u00e7\u00e3o t\u00e3o desvalorizado que aparece nas redes das Bigtechs como forma de lacra\u00e7\u00e3o.<\/p>\n<p>Lacrar, Lacrar, Lacrar at\u00e9 n\u00e3o poder mais!<\/p>\n<p>Vivemos o dia a dia com uma postura despreparada e ansiosa, como se a vida nos devesse a concretiza\u00e7\u00e3o de cada desejo sonhado.<\/p>\n<p>Somos arquitetos de sonhos ancorados em p\u00f3 de fuma\u00e7a, nuvens de areia, e, ao mesmo tempo, perambulamos tontos com lanternas toscas \u00e0 procura de alguma luz.<\/p>\n<p>Estamos sempre descendo a grande onda \u00e0 espera da queda, da &#8220;vaca&#8221;, da torre de \u00e1gua salgada que afoga e quebra todos os dias a nossa velha prancha de surfar a vida.<\/p>\n<p>Sonhamos com &#8220;cousas concretas&#8221;; com o amor e com a paz absolutos, com o sucesso, a sa\u00fade plena e muito dinheiro no bolso, como se fosse f\u00e1cil.<\/p>\n<p>N\u00e3o \u00e9; na verdade, na vida de cada um &#8220;n\u00e3o h\u00e1 almo\u00e7o gr\u00e1tis&#8221;.<\/p>\n<p>Entretanto, esquecemos &#8211; ou fingimos esquecer -, que a realidade \u00e9 uma tela turva, um vitral digital a ser estilha\u00e7ado em fragmentos de fatos dos quais ficar\u00e3o apenas as narrativas, as fic\u00e7\u00f5es.<\/p>\n<p>O que chamamos de Realidade, n\u00e3o se apresenta como uma foto iluminada, mas como um painel de m\u00faltiplas interpreta\u00e7\u00f5es, onde cada ser animado ou inanimado projeta sonhos e sombras.<\/p>\n<p>Insistimos na \u00f3ptica bipolar: sucesso\/fracasso, brilho\/opaco, quente\/frio, finito\/infinito.<\/p>\n<p>E seguimos&#8230; pintores de molduras de isopor, fr\u00e1geis, leitosas e desbotadas nos esquecendo do todo do quadro, via de regra, pastoso, mistura, de cores indefinidas e repleta de desafios.<\/p>\n<p>Definitivamente, viver n\u00e3o \u00e9 brincadeira, n\u00e3o!<\/p>\n<p>E A TAL DA EMPATIA?<\/p>\n<p>Pois ent\u00e3o, a palavra UBUNTU, de origem africana, tribal, milenar, representa exatamente a Empatia: &#8220;Eu sou porque n\u00f3s somos&#8221;.<\/p>\n<p>Todos os dias deixamos de pratic\u00e1-la na vida real.<\/p>\n<p>E quanto mais alta a \u00e1rvore, maior o tombo do galho.<\/p>\n<p>O mergulho no abismo \u00e9 o centro da vertigem real e desumana.<\/p>\n<p>Passados os anos, percebemos segredos que facilitam: sonhar, sim, mas com os p\u00e9s presos no barro das estradas movedi\u00e7as. N\u00e3o perder a imagina\u00e7\u00e3o, o sonho, por\u00e9m dominando a fina linha que separa realidade e fic\u00e7\u00e3o.<\/p>\n<p>A incerteza talvez seja o princ\u00edpio que nos move como seres carentes de desafios drogados de adrenalina.<\/p>\n<p>E assim vamos pregando, costurando nossas estrelas de purpurina e brocados brilhantes no teto finito de um c\u00e9u concreto a qual chamamos de &#8220;viver&#8221;. At\u00e9 que todo o mist\u00e9rio se dissipe magicamente feito fuma\u00e7a de nossas inf\u00e2ncias.<\/p>\n<p>Mais Empatia, menos Lacra\u00e7\u00e3o!<\/p>\n<p><strong>&#8230;&#8230;&#8230;&#8230;&#8230;&#8230;&#8230;&#8230;&#8230;&#8230;&#8230;&#8230;<\/strong><\/p>\n<p><strong>Gilberto Motta \u00e9 escritor, jornalista e professor\/pesquisador. Nasceu e cresceu at\u00e9 a adolesc\u00eancia num circo teatro dos pais rodando pelo Brasil; estudou e tornou-se mestre e docente de comunica\u00e7\u00e3o social. Vive na pequena Guarda do Emba\u00fa\/SC, de onde escreve suas garrafas de antialgorismos n\u00e1ufragos.<\/strong><\/p>\n","protected":false},"excerpt":{"rendered":"<p>&#8220;Eu sou porque n\u00f3s somos.&#8221; (UBUNTU, palavra africana de empatia e amor) Era do &#8220;J\u00e1 era&#8221; e do desgaste. Empatia virou termo de viraliza\u00e7\u00e3o t\u00e3o desvalorizado que aparece nas redes das Bigtechs como forma de lacra\u00e7\u00e3o. Lacrar, Lacrar, Lacrar at\u00e9 n\u00e3o poder mais! Vivemos o dia a dia com uma postura despreparada e ansiosa, como [&hellip;]<\/p>\n","protected":false},"author":21,"featured_media":384169,"comment_status":"closed","ping_status":"closed","sticky":false,"template":"","format":"standard","meta":{"_acf_changed":false,"footnotes":""},"categories":[234],"tags":[],"class_list":["post-384168","post","type-post","status-publish","format-standard","has-post-thumbnail","hentry","category-cafe-literario"],"acf":[],"yoast_head":"<!-- This site is optimized with the Yoast SEO plugin v27.2 - https:\/\/yoast.com\/product\/yoast-seo-wordpress\/ -->\n<title>Empatia e lacra\u00e7\u00e3o - Notibras<\/title>\n<meta name=\"robots\" content=\"index, follow, max-snippet:-1, max-image-preview:large, max-video-preview:-1\" \/>\n<link rel=\"canonical\" href=\"https:\/\/www.notibras.com\/site\/empatia-e-lacracao\/\" \/>\n<meta property=\"og:locale\" content=\"pt_BR\" \/>\n<meta property=\"og:type\" content=\"article\" \/>\n<meta property=\"og:title\" content=\"Empatia e lacra\u00e7\u00e3o - Notibras\" \/>\n<meta property=\"og:description\" content=\"&#8220;Eu sou porque n\u00f3s somos.&#8221; (UBUNTU, palavra africana de empatia e amor) Era do &#8220;J\u00e1 era&#8221; e do desgaste. Empatia virou termo de viraliza\u00e7\u00e3o t\u00e3o desvalorizado que aparece nas redes das Bigtechs como forma de lacra\u00e7\u00e3o. Lacrar, Lacrar, Lacrar at\u00e9 n\u00e3o poder mais! Vivemos o dia a dia com uma postura despreparada e ansiosa, como [&hellip;]\" \/>\n<meta property=\"og:url\" content=\"https:\/\/www.notibras.com\/site\/empatia-e-lacracao\/\" \/>\n<meta property=\"og:site_name\" content=\"Notibras\" \/>\n<meta property=\"article:publisher\" content=\"https:\/\/www.facebook.com\/notibras\/\" \/>\n<meta property=\"article:published_time\" content=\"2026-02-24T03:30:26+00:00\" \/>\n<meta property=\"og:image\" content=\"https:\/\/www.notibras.com\/site\/wp-content\/uploads\/2026\/02\/image-37.png\" \/>\n\t<meta property=\"og:image:width\" content=\"720\" \/>\n\t<meta property=\"og:image:height\" content=\"900\" \/>\n\t<meta property=\"og:image:type\" content=\"image\/png\" \/>\n<meta name=\"author\" content=\"Eduardo Mart\u00ednez\" \/>\n<meta name=\"twitter:card\" content=\"summary_large_image\" \/>\n<meta name=\"twitter:creator\" content=\"@Notibras\" \/>\n<meta name=\"twitter:site\" content=\"@Notibras\" \/>\n<meta name=\"twitter:label1\" content=\"Escrito por\" \/>\n\t<meta name=\"twitter:data1\" content=\"Eduardo Mart\u00ednez\" \/>\n\t<meta name=\"twitter:label2\" content=\"Est. tempo de leitura\" \/>\n\t<meta name=\"twitter:data2\" content=\"3 minutos\" \/>\n<script type=\"application\/ld+json\" class=\"yoast-schema-graph\">{\"@context\":\"https:\/\/schema.org\",\"@graph\":[{\"@type\":\"Article\",\"@id\":\"https:\/\/www.notibras.com\/site\/empatia-e-lacracao\/#article\",\"isPartOf\":{\"@id\":\"https:\/\/www.notibras.com\/site\/empatia-e-lacracao\/\"},\"author\":{\"name\":\"Eduardo Mart\u00ednez\",\"@id\":\"https:\/\/www.notibras.com\/site\/#\/schema\/person\/5b7fabf2aedc3ada2105f03b22b4d3dd\"},\"headline\":\"Empatia e lacra\u00e7\u00e3o\",\"datePublished\":\"2026-02-24T03:30:26+00:00\",\"mainEntityOfPage\":{\"@id\":\"https:\/\/www.notibras.com\/site\/empatia-e-lacracao\/\"},\"wordCount\":504,\"publisher\":{\"@id\":\"https:\/\/www.notibras.com\/site\/#organization\"},\"image\":{\"@id\":\"https:\/\/www.notibras.com\/site\/empatia-e-lacracao\/#primaryimage\"},\"thumbnailUrl\":\"https:\/\/www.notibras.com\/site\/wp-content\/uploads\/2026\/02\/image-37.png\",\"articleSection\":[\"Caf\u00e9 Liter\u00e1rio\"],\"inLanguage\":\"pt-BR\"},{\"@type\":\"WebPage\",\"@id\":\"https:\/\/www.notibras.com\/site\/empatia-e-lacracao\/\",\"url\":\"https:\/\/www.notibras.com\/site\/empatia-e-lacracao\/\",\"name\":\"Empatia e lacra\u00e7\u00e3o - Notibras\",\"isPartOf\":{\"@id\":\"https:\/\/www.notibras.com\/site\/#website\"},\"primaryImageOfPage\":{\"@id\":\"https:\/\/www.notibras.com\/site\/empatia-e-lacracao\/#primaryimage\"},\"image\":{\"@id\":\"https:\/\/www.notibras.com\/site\/empatia-e-lacracao\/#primaryimage\"},\"thumbnailUrl\":\"https:\/\/www.notibras.com\/site\/wp-content\/uploads\/2026\/02\/image-37.png\",\"datePublished\":\"2026-02-24T03:30:26+00:00\",\"breadcrumb\":{\"@id\":\"https:\/\/www.notibras.com\/site\/empatia-e-lacracao\/#breadcrumb\"},\"inLanguage\":\"pt-BR\",\"potentialAction\":[{\"@type\":\"ReadAction\",\"target\":[\"https:\/\/www.notibras.com\/site\/empatia-e-lacracao\/\"]}]},{\"@type\":\"ImageObject\",\"inLanguage\":\"pt-BR\",\"@id\":\"https:\/\/www.notibras.com\/site\/empatia-e-lacracao\/#primaryimage\",\"url\":\"https:\/\/www.notibras.com\/site\/wp-content\/uploads\/2026\/02\/image-37.png\",\"contentUrl\":\"https:\/\/www.notibras.com\/site\/wp-content\/uploads\/2026\/02\/image-37.png\",\"width\":720,\"height\":900},{\"@type\":\"BreadcrumbList\",\"@id\":\"https:\/\/www.notibras.com\/site\/empatia-e-lacracao\/#breadcrumb\",\"itemListElement\":[{\"@type\":\"ListItem\",\"position\":1,\"name\":\"In\u00edcio\",\"item\":\"https:\/\/www.notibras.com\/site\/\"},{\"@type\":\"ListItem\",\"position\":2,\"name\":\"Empatia e lacra\u00e7\u00e3o\"}]},{\"@type\":\"WebSite\",\"@id\":\"https:\/\/www.notibras.com\/site\/#website\",\"url\":\"https:\/\/www.notibras.com\/site\/\",\"name\":\"Notibras\",\"description\":\"Not\u00edcias de Bras\u00edlia, do Brasil e do Mundo\",\"publisher\":{\"@id\":\"https:\/\/www.notibras.com\/site\/#organization\"},\"potentialAction\":[{\"@type\":\"SearchAction\",\"target\":{\"@type\":\"EntryPoint\",\"urlTemplate\":\"https:\/\/www.notibras.com\/site\/?s={search_term_string}\"},\"query-input\":{\"@type\":\"PropertyValueSpecification\",\"valueRequired\":true,\"valueName\":\"search_term_string\"}}],\"inLanguage\":\"pt-BR\"},{\"@type\":\"Organization\",\"@id\":\"https:\/\/www.notibras.com\/site\/#organization\",\"name\":\"Grupo Notibras de Comunica\u00e7\u00e3o\",\"url\":\"https:\/\/www.notibras.com\/site\/\",\"logo\":{\"@type\":\"ImageObject\",\"inLanguage\":\"pt-BR\",\"@id\":\"https:\/\/www.notibras.com\/site\/#\/schema\/logo\/image\/\",\"url\":\"https:\/\/www.notibras.com\/site\/wp-content\/uploads\/2023\/01\/notibras23.png\",\"contentUrl\":\"https:\/\/www.notibras.com\/site\/wp-content\/uploads\/2023\/01\/notibras23.png\",\"width\":350,\"height\":87,\"caption\":\"Grupo Notibras de Comunica\u00e7\u00e3o\"},\"image\":{\"@id\":\"https:\/\/www.notibras.com\/site\/#\/schema\/logo\/image\/\"},\"sameAs\":[\"https:\/\/www.facebook.com\/notibras\/\",\"https:\/\/x.com\/Notibras\",\"https:\/\/www.instagram.com\/notibras\/\"]},{\"@type\":\"Person\",\"@id\":\"https:\/\/www.notibras.com\/site\/#\/schema\/person\/5b7fabf2aedc3ada2105f03b22b4d3dd\",\"name\":\"Eduardo Mart\u00ednez\",\"image\":{\"@type\":\"ImageObject\",\"inLanguage\":\"pt-BR\",\"@id\":\"https:\/\/secure.gravatar.com\/avatar\/7902f906289926289cbcda644b5197c796b893c6ffd7b9a536a42d290f7704a0?s=96&d=mm&r=g\",\"url\":\"https:\/\/secure.gravatar.com\/avatar\/7902f906289926289cbcda644b5197c796b893c6ffd7b9a536a42d290f7704a0?s=96&d=mm&r=g\",\"contentUrl\":\"https:\/\/secure.gravatar.com\/avatar\/7902f906289926289cbcda644b5197c796b893c6ffd7b9a536a42d290f7704a0?s=96&d=mm&r=g\",\"caption\":\"Eduardo Mart\u00ednez\"}}]}<\/script>\n<!-- \/ Yoast SEO plugin. -->","yoast_head_json":{"title":"Empatia e lacra\u00e7\u00e3o - Notibras","robots":{"index":"index","follow":"follow","max-snippet":"max-snippet:-1","max-image-preview":"max-image-preview:large","max-video-preview":"max-video-preview:-1"},"canonical":"https:\/\/www.notibras.com\/site\/empatia-e-lacracao\/","og_locale":"pt_BR","og_type":"article","og_title":"Empatia e lacra\u00e7\u00e3o - Notibras","og_description":"&#8220;Eu sou porque n\u00f3s somos.&#8221; (UBUNTU, palavra africana de empatia e amor) Era do &#8220;J\u00e1 era&#8221; e do desgaste. Empatia virou termo de viraliza\u00e7\u00e3o t\u00e3o desvalorizado que aparece nas redes das Bigtechs como forma de lacra\u00e7\u00e3o. Lacrar, Lacrar, Lacrar at\u00e9 n\u00e3o poder mais! Vivemos o dia a dia com uma postura despreparada e ansiosa, como [&hellip;]","og_url":"https:\/\/www.notibras.com\/site\/empatia-e-lacracao\/","og_site_name":"Notibras","article_publisher":"https:\/\/www.facebook.com\/notibras\/","article_published_time":"2026-02-24T03:30:26+00:00","og_image":[{"width":720,"height":900,"url":"https:\/\/www.notibras.com\/site\/wp-content\/uploads\/2026\/02\/image-37.png","type":"image\/png"}],"author":"Eduardo Mart\u00ednez","twitter_card":"summary_large_image","twitter_creator":"@Notibras","twitter_site":"@Notibras","twitter_misc":{"Escrito por":"Eduardo Mart\u00ednez","Est. tempo de leitura":"3 minutos"},"schema":{"@context":"https:\/\/schema.org","@graph":[{"@type":"Article","@id":"https:\/\/www.notibras.com\/site\/empatia-e-lacracao\/#article","isPartOf":{"@id":"https:\/\/www.notibras.com\/site\/empatia-e-lacracao\/"},"author":{"name":"Eduardo Mart\u00ednez","@id":"https:\/\/www.notibras.com\/site\/#\/schema\/person\/5b7fabf2aedc3ada2105f03b22b4d3dd"},"headline":"Empatia e lacra\u00e7\u00e3o","datePublished":"2026-02-24T03:30:26+00:00","mainEntityOfPage":{"@id":"https:\/\/www.notibras.com\/site\/empatia-e-lacracao\/"},"wordCount":504,"publisher":{"@id":"https:\/\/www.notibras.com\/site\/#organization"},"image":{"@id":"https:\/\/www.notibras.com\/site\/empatia-e-lacracao\/#primaryimage"},"thumbnailUrl":"https:\/\/www.notibras.com\/site\/wp-content\/uploads\/2026\/02\/image-37.png","articleSection":["Caf\u00e9 Liter\u00e1rio"],"inLanguage":"pt-BR"},{"@type":"WebPage","@id":"https:\/\/www.notibras.com\/site\/empatia-e-lacracao\/","url":"https:\/\/www.notibras.com\/site\/empatia-e-lacracao\/","name":"Empatia e lacra\u00e7\u00e3o - Notibras","isPartOf":{"@id":"https:\/\/www.notibras.com\/site\/#website"},"primaryImageOfPage":{"@id":"https:\/\/www.notibras.com\/site\/empatia-e-lacracao\/#primaryimage"},"image":{"@id":"https:\/\/www.notibras.com\/site\/empatia-e-lacracao\/#primaryimage"},"thumbnailUrl":"https:\/\/www.notibras.com\/site\/wp-content\/uploads\/2026\/02\/image-37.png","datePublished":"2026-02-24T03:30:26+00:00","breadcrumb":{"@id":"https:\/\/www.notibras.com\/site\/empatia-e-lacracao\/#breadcrumb"},"inLanguage":"pt-BR","potentialAction":[{"@type":"ReadAction","target":["https:\/\/www.notibras.com\/site\/empatia-e-lacracao\/"]}]},{"@type":"ImageObject","inLanguage":"pt-BR","@id":"https:\/\/www.notibras.com\/site\/empatia-e-lacracao\/#primaryimage","url":"https:\/\/www.notibras.com\/site\/wp-content\/uploads\/2026\/02\/image-37.png","contentUrl":"https:\/\/www.notibras.com\/site\/wp-content\/uploads\/2026\/02\/image-37.png","width":720,"height":900},{"@type":"BreadcrumbList","@id":"https:\/\/www.notibras.com\/site\/empatia-e-lacracao\/#breadcrumb","itemListElement":[{"@type":"ListItem","position":1,"name":"In\u00edcio","item":"https:\/\/www.notibras.com\/site\/"},{"@type":"ListItem","position":2,"name":"Empatia e lacra\u00e7\u00e3o"}]},{"@type":"WebSite","@id":"https:\/\/www.notibras.com\/site\/#website","url":"https:\/\/www.notibras.com\/site\/","name":"Notibras","description":"Not\u00edcias de Bras\u00edlia, do Brasil e do Mundo","publisher":{"@id":"https:\/\/www.notibras.com\/site\/#organization"},"potentialAction":[{"@type":"SearchAction","target":{"@type":"EntryPoint","urlTemplate":"https:\/\/www.notibras.com\/site\/?s={search_term_string}"},"query-input":{"@type":"PropertyValueSpecification","valueRequired":true,"valueName":"search_term_string"}}],"inLanguage":"pt-BR"},{"@type":"Organization","@id":"https:\/\/www.notibras.com\/site\/#organization","name":"Grupo Notibras de Comunica\u00e7\u00e3o","url":"https:\/\/www.notibras.com\/site\/","logo":{"@type":"ImageObject","inLanguage":"pt-BR","@id":"https:\/\/www.notibras.com\/site\/#\/schema\/logo\/image\/","url":"https:\/\/www.notibras.com\/site\/wp-content\/uploads\/2023\/01\/notibras23.png","contentUrl":"https:\/\/www.notibras.com\/site\/wp-content\/uploads\/2023\/01\/notibras23.png","width":350,"height":87,"caption":"Grupo Notibras de Comunica\u00e7\u00e3o"},"image":{"@id":"https:\/\/www.notibras.com\/site\/#\/schema\/logo\/image\/"},"sameAs":["https:\/\/www.facebook.com\/notibras\/","https:\/\/x.com\/Notibras","https:\/\/www.instagram.com\/notibras\/"]},{"@type":"Person","@id":"https:\/\/www.notibras.com\/site\/#\/schema\/person\/5b7fabf2aedc3ada2105f03b22b4d3dd","name":"Eduardo Mart\u00ednez","image":{"@type":"ImageObject","inLanguage":"pt-BR","@id":"https:\/\/secure.gravatar.com\/avatar\/7902f906289926289cbcda644b5197c796b893c6ffd7b9a536a42d290f7704a0?s=96&d=mm&r=g","url":"https:\/\/secure.gravatar.com\/avatar\/7902f906289926289cbcda644b5197c796b893c6ffd7b9a536a42d290f7704a0?s=96&d=mm&r=g","contentUrl":"https:\/\/secure.gravatar.com\/avatar\/7902f906289926289cbcda644b5197c796b893c6ffd7b9a536a42d290f7704a0?s=96&d=mm&r=g","caption":"Eduardo Mart\u00ednez"}}]}},"amp_enabled":true,"_links":{"self":[{"href":"https:\/\/www.notibras.com\/site\/wp-json\/wp\/v2\/posts\/384168","targetHints":{"allow":["GET"]}}],"collection":[{"href":"https:\/\/www.notibras.com\/site\/wp-json\/wp\/v2\/posts"}],"about":[{"href":"https:\/\/www.notibras.com\/site\/wp-json\/wp\/v2\/types\/post"}],"author":[{"embeddable":true,"href":"https:\/\/www.notibras.com\/site\/wp-json\/wp\/v2\/users\/21"}],"replies":[{"embeddable":true,"href":"https:\/\/www.notibras.com\/site\/wp-json\/wp\/v2\/comments?post=384168"}],"version-history":[{"count":2,"href":"https:\/\/www.notibras.com\/site\/wp-json\/wp\/v2\/posts\/384168\/revisions"}],"predecessor-version":[{"id":384171,"href":"https:\/\/www.notibras.com\/site\/wp-json\/wp\/v2\/posts\/384168\/revisions\/384171"}],"wp:featuredmedia":[{"embeddable":true,"href":"https:\/\/www.notibras.com\/site\/wp-json\/wp\/v2\/media\/384169"}],"wp:attachment":[{"href":"https:\/\/www.notibras.com\/site\/wp-json\/wp\/v2\/media?parent=384168"}],"wp:term":[{"taxonomy":"category","embeddable":true,"href":"https:\/\/www.notibras.com\/site\/wp-json\/wp\/v2\/categories?post=384168"},{"taxonomy":"post_tag","embeddable":true,"href":"https:\/\/www.notibras.com\/site\/wp-json\/wp\/v2\/tags?post=384168"}],"curies":[{"name":"wp","href":"https:\/\/api.w.org\/{rel}","templated":true}]}}