{"id":384180,"date":"2026-02-26T00:30:31","date_gmt":"2026-02-26T03:30:31","guid":{"rendered":"https:\/\/www.notibras.com\/site\/?p=384180"},"modified":"2026-02-22T02:18:52","modified_gmt":"2026-02-22T05:18:52","slug":"o-homem-avestruz","status":"publish","type":"post","link":"https:\/\/www.notibras.com\/site\/o-homem-avestruz\/","title":{"rendered":"O homem-avestruz"},"content":{"rendered":"<p>Na fauna do macho, o homem-avestruz acorda para mais um dia.<\/p>\n<p>Sacode o rabo de penacho, alonga as pernas e finalmente tira a cabe\u00e7a para fora da areia onde vive enterrada.<\/p>\n<p>O macho-alfa n\u00e3o quer ver o que se passa.<\/p>\n<p>Para ele &#8220;o que eu acho e determino&#8221; basta.<\/p>\n<p>O homem-bosta.<\/p>\n<p>Pasta.<\/p>\n<p>MISOGINIA \u00c9 CONSTRU\u00c7\u00c3O SOCIAL<\/p>\n<p>Escrevo aqui uma cr\u00f4nica e n\u00e3o um ensaio acad\u00eamico. Mas se faz necess\u00e1rio algumas refer\u00eancias hist\u00f3ricas.<\/p>\n<p>Misoginia n\u00e3o \u00e9 natural nem espont\u00e2neo.<\/p>\n<p>\u00c9 constru\u00e7\u00e3o social e, de certa forma, TODOS n\u00f3s seres planet\u00e1rios temos alguma participa\u00e7\u00e3o nesta aberra\u00e7\u00e3o.<\/p>\n<p>Chocados?<\/p>\n<p>Calma; vamos refletir juntos:<\/p>\n<p>A misoginia \u00e9 \u00f3dio contra as mulheres e a raiz de uma sociedade em que homens s\u00e3o valorizados e mulheres s\u00e3o humilhadas, e desvalorizadas.<\/p>\n<p>Os resultados milenares s\u00e3o terr\u00edveis:<\/p>\n<p>-feminic\u00eddios\/assassinatos de mulheres,<\/p>\n<p>-esc\u00e1rnio,<\/p>\n<p>-viol\u00eancia f\u00edsica e simb\u00f3lica,<\/p>\n<p>-objetifica\u00e7\u00e3o, entre outros crimes.<\/p>\n<p>O psic\u00f3logo Contardo Caligaris, em suas an\u00e1lises, descreve a misoginia como &#8220;\u00f3dio estrutural constru\u00eddo ao longo de mil\u00eanios, enraizado na cultura e n\u00e3o natural. O rancor\/\u00f3dio \u00e0s mulheres reflete o medo masculino do pr\u00f3prio desejo e da fragilidade, com o feminino sendo historicamente demonizado e responsabilizado pelas frustra\u00e7\u00f5es masculinas&#8221;.<\/p>\n<p>Percebem?<\/p>\n<p>\u00c9 a imposi\u00e7\u00e3o do mito judaico-crist\u00e3o de Eva; sim, &#8220;aquela que conversa e domar a serpente e pela v\u00edbora \u00e9 domada. O primeiro pecado, queda fundamental&#8221;.<\/p>\n<p>A civiliza\u00e7\u00e3o foi constru\u00edda h\u00e1 cerca de 3 mil anos sobre o \u00f3dio masculino (de homens e por incr\u00edvel que pare\u00e7a, tamb\u00e9m de algumas mulheres-avestruz!).<\/p>\n<p>Viol\u00eancia e Honra.<\/p>\n<p>Para o criminoso mis\u00f3gino (bilh\u00f5es que acordam todas as manh\u00e3s e v\u00e3o para o trabalho, caminham pelas ruas e fingem conviver em fam\u00edlia e sociedade), a viol\u00eancia, agress\u00f5es f\u00edsicas e mentais e assassinatos contra as mulheres s\u00e3o frequentemente justificados pela manuten\u00e7\u00e3o de um ego masculino e uma honra ferida, disfar\u00e7ando a misoginia como rea\u00e7\u00e3o a trai\u00e7\u00e3o ou desentendimentos.<\/p>\n<p>Pronto, o caldeir\u00e3o da sopa mis\u00f3gina criminosa do homem-avestruz est\u00e1 &#8220;no ponto exato&#8221;; e \u00e9 servida todos os minutos transformando as mulheres em coisas, em avestruzes, baratas, lacraias que precisam e MERECEM serem pisadas, exterminadas.<\/p>\n<p>DONA DE SEU CORPO, DA MENTE E DOS DESEJOS<\/p>\n<p>Educa\u00e7\u00e3o\/conhecimento, independ\u00eancia profissional e financeira \u00e9 a base de todas as outras independ\u00eancias femininas.<\/p>\n<p>Ela garante escolha, voz e sa\u00edda segura.<\/p>\n<p>Homem que teme mulher independente n\u00e3o quer parceria.<\/p>\n<p>Quer algu\u00e9m menor para se sentir maior.<\/p>\n<p>A misoginia \u00e9 o resultado de s\u00e9culos e s\u00e9culos de uma constru\u00e7\u00e3o social injusta, podre, canalha e criminosa: a base da falta de car\u00e1ter do homem-avestruz.<\/p>\n<p>O homem-avestruz termina o expediente de mais um dia sem sentido no grande escrit\u00f3rio ou mesmo no Bar do Man\u00e9, na subida do morro. Ele volta para a casa (os que ainda a tem e a algum n\u00facleo parecido com aquilo a que entendemos como fam\u00edlia) e grita:<\/p>\n<p>&#8220;Querida: cheguei. Te lava bem que hoje eu vou te usar&#8221;.<\/p>\n<p>A noite termina com gritos, baforadas, chutes e tapas na puta da cara. E os filhos pequenos chorando apavorados correndo para a casa dos vizinhos. Tudo &#8220;normal&#8221; e sem Boletim de Ocorr\u00eancia (BO), afinal, TODAS est\u00e3o pagando pela &#8220;queda inicial&#8221; da tal da Eva.<\/p>\n<p>E La nave v\u00e1&#8230;<\/p>\n<p>SQN&#8230; *(S\u00f3 que n\u00e3o)<\/p>\n<p><strong>&#8230;&#8230;&#8230;&#8230;&#8230;&#8230;&#8230;&#8230;&#8230;..<\/strong><\/p>\n<p><strong>Gilberto Motta \u00e9 escritor, jornalista, professor\/pesquisador e vive na Guarda do Emba\u00fa, vilazinha de pescadores no litoral de SC.<\/strong><\/p>\n","protected":false},"excerpt":{"rendered":"<p>Na fauna do macho, o homem-avestruz acorda para mais um dia. Sacode o rabo de penacho, alonga as pernas e finalmente tira a cabe\u00e7a para fora da areia onde vive enterrada. O macho-alfa n\u00e3o quer ver o que se passa. Para ele &#8220;o que eu acho e determino&#8221; basta. O homem-bosta. Pasta. MISOGINIA \u00c9 CONSTRU\u00c7\u00c3O [&hellip;]<\/p>\n","protected":false},"author":21,"featured_media":384181,"comment_status":"closed","ping_status":"closed","sticky":false,"template":"","format":"standard","meta":{"_acf_changed":false,"footnotes":""},"categories":[234],"tags":[],"class_list":["post-384180","post","type-post","status-publish","format-standard","has-post-thumbnail","hentry","category-cafe-literario"],"acf":[],"yoast_head":"<!-- This site is optimized with the Yoast SEO plugin v27.2 - https:\/\/yoast.com\/product\/yoast-seo-wordpress\/ -->\n<title>O homem-avestruz - Notibras<\/title>\n<meta name=\"robots\" content=\"index, follow, max-snippet:-1, max-image-preview:large, max-video-preview:-1\" \/>\n<link rel=\"canonical\" href=\"https:\/\/www.notibras.com\/site\/o-homem-avestruz\/\" \/>\n<meta property=\"og:locale\" content=\"pt_BR\" \/>\n<meta property=\"og:type\" content=\"article\" \/>\n<meta property=\"og:title\" content=\"O homem-avestruz - Notibras\" \/>\n<meta property=\"og:description\" content=\"Na fauna do macho, o homem-avestruz acorda para mais um dia. Sacode o rabo de penacho, alonga as pernas e finalmente tira a cabe\u00e7a para fora da areia onde vive enterrada. O macho-alfa n\u00e3o quer ver o que se passa. Para ele &#8220;o que eu acho e determino&#8221; basta. O homem-bosta. Pasta. MISOGINIA \u00c9 CONSTRU\u00c7\u00c3O [&hellip;]\" \/>\n<meta property=\"og:url\" content=\"https:\/\/www.notibras.com\/site\/o-homem-avestruz\/\" \/>\n<meta property=\"og:site_name\" content=\"Notibras\" \/>\n<meta property=\"article:publisher\" content=\"https:\/\/www.facebook.com\/notibras\/\" \/>\n<meta property=\"article:published_time\" content=\"2026-02-26T03:30:31+00:00\" \/>\n<meta property=\"og:image\" content=\"https:\/\/www.notibras.com\/site\/wp-content\/uploads\/2026\/02\/image-40.png\" \/>\n\t<meta property=\"og:image:width\" content=\"720\" \/>\n\t<meta property=\"og:image:height\" content=\"701\" \/>\n\t<meta property=\"og:image:type\" content=\"image\/png\" \/>\n<meta name=\"author\" content=\"Eduardo Mart\u00ednez\" \/>\n<meta name=\"twitter:card\" content=\"summary_large_image\" \/>\n<meta name=\"twitter:creator\" content=\"@Notibras\" \/>\n<meta name=\"twitter:site\" content=\"@Notibras\" \/>\n<meta name=\"twitter:label1\" content=\"Escrito por\" \/>\n\t<meta name=\"twitter:data1\" content=\"Eduardo Mart\u00ednez\" \/>\n\t<meta name=\"twitter:label2\" content=\"Est. tempo de leitura\" \/>\n\t<meta name=\"twitter:data2\" content=\"4 minutos\" \/>\n<script type=\"application\/ld+json\" class=\"yoast-schema-graph\">{\"@context\":\"https:\/\/schema.org\",\"@graph\":[{\"@type\":\"Article\",\"@id\":\"https:\/\/www.notibras.com\/site\/o-homem-avestruz\/#article\",\"isPartOf\":{\"@id\":\"https:\/\/www.notibras.com\/site\/o-homem-avestruz\/\"},\"author\":{\"name\":\"Eduardo Mart\u00ednez\",\"@id\":\"https:\/\/www.notibras.com\/site\/#\/schema\/person\/5b7fabf2aedc3ada2105f03b22b4d3dd\"},\"headline\":\"O homem-avestruz\",\"datePublished\":\"2026-02-26T03:30:31+00:00\",\"mainEntityOfPage\":{\"@id\":\"https:\/\/www.notibras.com\/site\/o-homem-avestruz\/\"},\"wordCount\":606,\"publisher\":{\"@id\":\"https:\/\/www.notibras.com\/site\/#organization\"},\"image\":{\"@id\":\"https:\/\/www.notibras.com\/site\/o-homem-avestruz\/#primaryimage\"},\"thumbnailUrl\":\"https:\/\/www.notibras.com\/site\/wp-content\/uploads\/2026\/02\/image-40.png\",\"articleSection\":[\"Caf\u00e9 Liter\u00e1rio\"],\"inLanguage\":\"pt-BR\"},{\"@type\":\"WebPage\",\"@id\":\"https:\/\/www.notibras.com\/site\/o-homem-avestruz\/\",\"url\":\"https:\/\/www.notibras.com\/site\/o-homem-avestruz\/\",\"name\":\"O homem-avestruz - Notibras\",\"isPartOf\":{\"@id\":\"https:\/\/www.notibras.com\/site\/#website\"},\"primaryImageOfPage\":{\"@id\":\"https:\/\/www.notibras.com\/site\/o-homem-avestruz\/#primaryimage\"},\"image\":{\"@id\":\"https:\/\/www.notibras.com\/site\/o-homem-avestruz\/#primaryimage\"},\"thumbnailUrl\":\"https:\/\/www.notibras.com\/site\/wp-content\/uploads\/2026\/02\/image-40.png\",\"datePublished\":\"2026-02-26T03:30:31+00:00\",\"breadcrumb\":{\"@id\":\"https:\/\/www.notibras.com\/site\/o-homem-avestruz\/#breadcrumb\"},\"inLanguage\":\"pt-BR\",\"potentialAction\":[{\"@type\":\"ReadAction\",\"target\":[\"https:\/\/www.notibras.com\/site\/o-homem-avestruz\/\"]}]},{\"@type\":\"ImageObject\",\"inLanguage\":\"pt-BR\",\"@id\":\"https:\/\/www.notibras.com\/site\/o-homem-avestruz\/#primaryimage\",\"url\":\"https:\/\/www.notibras.com\/site\/wp-content\/uploads\/2026\/02\/image-40.png\",\"contentUrl\":\"https:\/\/www.notibras.com\/site\/wp-content\/uploads\/2026\/02\/image-40.png\",\"width\":720,\"height\":701},{\"@type\":\"BreadcrumbList\",\"@id\":\"https:\/\/www.notibras.com\/site\/o-homem-avestruz\/#breadcrumb\",\"itemListElement\":[{\"@type\":\"ListItem\",\"position\":1,\"name\":\"In\u00edcio\",\"item\":\"https:\/\/www.notibras.com\/site\/\"},{\"@type\":\"ListItem\",\"position\":2,\"name\":\"O homem-avestruz\"}]},{\"@type\":\"WebSite\",\"@id\":\"https:\/\/www.notibras.com\/site\/#website\",\"url\":\"https:\/\/www.notibras.com\/site\/\",\"name\":\"Notibras\",\"description\":\"Not\u00edcias de Bras\u00edlia, do Brasil e do Mundo\",\"publisher\":{\"@id\":\"https:\/\/www.notibras.com\/site\/#organization\"},\"potentialAction\":[{\"@type\":\"SearchAction\",\"target\":{\"@type\":\"EntryPoint\",\"urlTemplate\":\"https:\/\/www.notibras.com\/site\/?s={search_term_string}\"},\"query-input\":{\"@type\":\"PropertyValueSpecification\",\"valueRequired\":true,\"valueName\":\"search_term_string\"}}],\"inLanguage\":\"pt-BR\"},{\"@type\":\"Organization\",\"@id\":\"https:\/\/www.notibras.com\/site\/#organization\",\"name\":\"Grupo Notibras de Comunica\u00e7\u00e3o\",\"url\":\"https:\/\/www.notibras.com\/site\/\",\"logo\":{\"@type\":\"ImageObject\",\"inLanguage\":\"pt-BR\",\"@id\":\"https:\/\/www.notibras.com\/site\/#\/schema\/logo\/image\/\",\"url\":\"https:\/\/www.notibras.com\/site\/wp-content\/uploads\/2023\/01\/notibras23.png\",\"contentUrl\":\"https:\/\/www.notibras.com\/site\/wp-content\/uploads\/2023\/01\/notibras23.png\",\"width\":350,\"height\":87,\"caption\":\"Grupo Notibras de Comunica\u00e7\u00e3o\"},\"image\":{\"@id\":\"https:\/\/www.notibras.com\/site\/#\/schema\/logo\/image\/\"},\"sameAs\":[\"https:\/\/www.facebook.com\/notibras\/\",\"https:\/\/x.com\/Notibras\",\"https:\/\/www.instagram.com\/notibras\/\"]},{\"@type\":\"Person\",\"@id\":\"https:\/\/www.notibras.com\/site\/#\/schema\/person\/5b7fabf2aedc3ada2105f03b22b4d3dd\",\"name\":\"Eduardo Mart\u00ednez\",\"image\":{\"@type\":\"ImageObject\",\"inLanguage\":\"pt-BR\",\"@id\":\"https:\/\/secure.gravatar.com\/avatar\/7902f906289926289cbcda644b5197c796b893c6ffd7b9a536a42d290f7704a0?s=96&d=mm&r=g\",\"url\":\"https:\/\/secure.gravatar.com\/avatar\/7902f906289926289cbcda644b5197c796b893c6ffd7b9a536a42d290f7704a0?s=96&d=mm&r=g\",\"contentUrl\":\"https:\/\/secure.gravatar.com\/avatar\/7902f906289926289cbcda644b5197c796b893c6ffd7b9a536a42d290f7704a0?s=96&d=mm&r=g\",\"caption\":\"Eduardo Mart\u00ednez\"}}]}<\/script>\n<!-- \/ Yoast SEO plugin. -->","yoast_head_json":{"title":"O homem-avestruz - Notibras","robots":{"index":"index","follow":"follow","max-snippet":"max-snippet:-1","max-image-preview":"max-image-preview:large","max-video-preview":"max-video-preview:-1"},"canonical":"https:\/\/www.notibras.com\/site\/o-homem-avestruz\/","og_locale":"pt_BR","og_type":"article","og_title":"O homem-avestruz - Notibras","og_description":"Na fauna do macho, o homem-avestruz acorda para mais um dia. Sacode o rabo de penacho, alonga as pernas e finalmente tira a cabe\u00e7a para fora da areia onde vive enterrada. O macho-alfa n\u00e3o quer ver o que se passa. Para ele &#8220;o que eu acho e determino&#8221; basta. O homem-bosta. Pasta. MISOGINIA \u00c9 CONSTRU\u00c7\u00c3O [&hellip;]","og_url":"https:\/\/www.notibras.com\/site\/o-homem-avestruz\/","og_site_name":"Notibras","article_publisher":"https:\/\/www.facebook.com\/notibras\/","article_published_time":"2026-02-26T03:30:31+00:00","og_image":[{"width":720,"height":701,"url":"https:\/\/www.notibras.com\/site\/wp-content\/uploads\/2026\/02\/image-40.png","type":"image\/png"}],"author":"Eduardo Mart\u00ednez","twitter_card":"summary_large_image","twitter_creator":"@Notibras","twitter_site":"@Notibras","twitter_misc":{"Escrito por":"Eduardo Mart\u00ednez","Est. tempo de leitura":"4 minutos"},"schema":{"@context":"https:\/\/schema.org","@graph":[{"@type":"Article","@id":"https:\/\/www.notibras.com\/site\/o-homem-avestruz\/#article","isPartOf":{"@id":"https:\/\/www.notibras.com\/site\/o-homem-avestruz\/"},"author":{"name":"Eduardo Mart\u00ednez","@id":"https:\/\/www.notibras.com\/site\/#\/schema\/person\/5b7fabf2aedc3ada2105f03b22b4d3dd"},"headline":"O homem-avestruz","datePublished":"2026-02-26T03:30:31+00:00","mainEntityOfPage":{"@id":"https:\/\/www.notibras.com\/site\/o-homem-avestruz\/"},"wordCount":606,"publisher":{"@id":"https:\/\/www.notibras.com\/site\/#organization"},"image":{"@id":"https:\/\/www.notibras.com\/site\/o-homem-avestruz\/#primaryimage"},"thumbnailUrl":"https:\/\/www.notibras.com\/site\/wp-content\/uploads\/2026\/02\/image-40.png","articleSection":["Caf\u00e9 Liter\u00e1rio"],"inLanguage":"pt-BR"},{"@type":"WebPage","@id":"https:\/\/www.notibras.com\/site\/o-homem-avestruz\/","url":"https:\/\/www.notibras.com\/site\/o-homem-avestruz\/","name":"O homem-avestruz - Notibras","isPartOf":{"@id":"https:\/\/www.notibras.com\/site\/#website"},"primaryImageOfPage":{"@id":"https:\/\/www.notibras.com\/site\/o-homem-avestruz\/#primaryimage"},"image":{"@id":"https:\/\/www.notibras.com\/site\/o-homem-avestruz\/#primaryimage"},"thumbnailUrl":"https:\/\/www.notibras.com\/site\/wp-content\/uploads\/2026\/02\/image-40.png","datePublished":"2026-02-26T03:30:31+00:00","breadcrumb":{"@id":"https:\/\/www.notibras.com\/site\/o-homem-avestruz\/#breadcrumb"},"inLanguage":"pt-BR","potentialAction":[{"@type":"ReadAction","target":["https:\/\/www.notibras.com\/site\/o-homem-avestruz\/"]}]},{"@type":"ImageObject","inLanguage":"pt-BR","@id":"https:\/\/www.notibras.com\/site\/o-homem-avestruz\/#primaryimage","url":"https:\/\/www.notibras.com\/site\/wp-content\/uploads\/2026\/02\/image-40.png","contentUrl":"https:\/\/www.notibras.com\/site\/wp-content\/uploads\/2026\/02\/image-40.png","width":720,"height":701},{"@type":"BreadcrumbList","@id":"https:\/\/www.notibras.com\/site\/o-homem-avestruz\/#breadcrumb","itemListElement":[{"@type":"ListItem","position":1,"name":"In\u00edcio","item":"https:\/\/www.notibras.com\/site\/"},{"@type":"ListItem","position":2,"name":"O homem-avestruz"}]},{"@type":"WebSite","@id":"https:\/\/www.notibras.com\/site\/#website","url":"https:\/\/www.notibras.com\/site\/","name":"Notibras","description":"Not\u00edcias de Bras\u00edlia, do Brasil e do Mundo","publisher":{"@id":"https:\/\/www.notibras.com\/site\/#organization"},"potentialAction":[{"@type":"SearchAction","target":{"@type":"EntryPoint","urlTemplate":"https:\/\/www.notibras.com\/site\/?s={search_term_string}"},"query-input":{"@type":"PropertyValueSpecification","valueRequired":true,"valueName":"search_term_string"}}],"inLanguage":"pt-BR"},{"@type":"Organization","@id":"https:\/\/www.notibras.com\/site\/#organization","name":"Grupo Notibras de Comunica\u00e7\u00e3o","url":"https:\/\/www.notibras.com\/site\/","logo":{"@type":"ImageObject","inLanguage":"pt-BR","@id":"https:\/\/www.notibras.com\/site\/#\/schema\/logo\/image\/","url":"https:\/\/www.notibras.com\/site\/wp-content\/uploads\/2023\/01\/notibras23.png","contentUrl":"https:\/\/www.notibras.com\/site\/wp-content\/uploads\/2023\/01\/notibras23.png","width":350,"height":87,"caption":"Grupo Notibras de Comunica\u00e7\u00e3o"},"image":{"@id":"https:\/\/www.notibras.com\/site\/#\/schema\/logo\/image\/"},"sameAs":["https:\/\/www.facebook.com\/notibras\/","https:\/\/x.com\/Notibras","https:\/\/www.instagram.com\/notibras\/"]},{"@type":"Person","@id":"https:\/\/www.notibras.com\/site\/#\/schema\/person\/5b7fabf2aedc3ada2105f03b22b4d3dd","name":"Eduardo Mart\u00ednez","image":{"@type":"ImageObject","inLanguage":"pt-BR","@id":"https:\/\/secure.gravatar.com\/avatar\/7902f906289926289cbcda644b5197c796b893c6ffd7b9a536a42d290f7704a0?s=96&d=mm&r=g","url":"https:\/\/secure.gravatar.com\/avatar\/7902f906289926289cbcda644b5197c796b893c6ffd7b9a536a42d290f7704a0?s=96&d=mm&r=g","contentUrl":"https:\/\/secure.gravatar.com\/avatar\/7902f906289926289cbcda644b5197c796b893c6ffd7b9a536a42d290f7704a0?s=96&d=mm&r=g","caption":"Eduardo Mart\u00ednez"}}]}},"amp_enabled":true,"_links":{"self":[{"href":"https:\/\/www.notibras.com\/site\/wp-json\/wp\/v2\/posts\/384180","targetHints":{"allow":["GET"]}}],"collection":[{"href":"https:\/\/www.notibras.com\/site\/wp-json\/wp\/v2\/posts"}],"about":[{"href":"https:\/\/www.notibras.com\/site\/wp-json\/wp\/v2\/types\/post"}],"author":[{"embeddable":true,"href":"https:\/\/www.notibras.com\/site\/wp-json\/wp\/v2\/users\/21"}],"replies":[{"embeddable":true,"href":"https:\/\/www.notibras.com\/site\/wp-json\/wp\/v2\/comments?post=384180"}],"version-history":[{"count":3,"href":"https:\/\/www.notibras.com\/site\/wp-json\/wp\/v2\/posts\/384180\/revisions"}],"predecessor-version":[{"id":384185,"href":"https:\/\/www.notibras.com\/site\/wp-json\/wp\/v2\/posts\/384180\/revisions\/384185"}],"wp:featuredmedia":[{"embeddable":true,"href":"https:\/\/www.notibras.com\/site\/wp-json\/wp\/v2\/media\/384181"}],"wp:attachment":[{"href":"https:\/\/www.notibras.com\/site\/wp-json\/wp\/v2\/media?parent=384180"}],"wp:term":[{"taxonomy":"category","embeddable":true,"href":"https:\/\/www.notibras.com\/site\/wp-json\/wp\/v2\/categories?post=384180"},{"taxonomy":"post_tag","embeddable":true,"href":"https:\/\/www.notibras.com\/site\/wp-json\/wp\/v2\/tags?post=384180"}],"curies":[{"name":"wp","href":"https:\/\/api.w.org\/{rel}","templated":true}]}}