{"id":384186,"date":"2026-02-24T00:00:59","date_gmt":"2026-02-24T03:00:59","guid":{"rendered":"https:\/\/www.notibras.com\/site\/?p=384186"},"modified":"2026-02-22T02:26:27","modified_gmt":"2026-02-22T05:26:27","slug":"um-rapaz-sem-nocao","status":"publish","type":"post","link":"https:\/\/www.notibras.com\/site\/um-rapaz-sem-nocao\/","title":{"rendered":"Um rapaz sem-no\u00e7\u00e3o"},"content":{"rendered":"<p>Observei, em Piadas e contos (j\u00e1 publicado por <strong>Notibras<\/strong>), que era uma pena n\u00e3o poder basear um texto na piada do Nhonhoco, \u201cobra-prima do humor da 6\u00aa s\u00e9rie\u201d. Mas depois pensei, por que n\u00e3o? O resultado est\u00e1 aqui.<\/p>\n<p>Se os pais de Nuno tivessem permanecido em Portugal, ele seria um parvo. Mas o casal deixou a terrinha para se fixar em plagas tupiniquins, e ele cresceu para se tornar um bobo, um ot\u00e1rio ou alguns termos mais cabeludos para designar um carinha sem no\u00e7\u00e3o.<\/p>\n<p>A rigor, seu problema n\u00e3o era bobice ou otarice, e sim credulidade. Nuno tinha v\u00e1rios amigos, confiava neles \u2013 e a tigrada usava e abusava do pobre portuga.<\/p>\n<p>Aos 17 anos, com a explos\u00e3o de horm\u00f4nios dessa fase da vida, o problema se agravou. Nuno e a namoradinha um ano mais jovem sonhavam em ir pra cama, seria a primeira vez dela, s\u00f3 que ele n\u00e3o sabia como encaminhar a coisa. Tinha uma vaga desconfian\u00e7a de que n\u00e3o pegaria bem dizer-lhe:<\/p>\n<p>&#8211; D\u00e1-me (conservava uma reg\u00eancia lusitana casti\u00e7a) a\/o &#8230; \u2013 e designar a parte do corpo da mo\u00e7oila por onde iniciaria os tr\u00e2mites. E tinha quase certeza de que n\u00e3o seria adequado deixar uns trocos na mesinha da cabeceira, como costumava fazer com as profissionais do vucovuco que por vezes visitava. Desesperado, pediu conselhos aos amigos \u2013 e ouviu barbaridades.<\/p>\n<p>Um deles chegou a dizer-lhe:<\/p>\n<p>&#8211; Tu apaga a luz e tira toda a roupa. Depois acende e, com o bicho apontando pra ela, d\u00e1 uma risada de monstro, Uar uar uar, bate no peito que nem um gorila e berra, T\u00e1 na hora da on\u00e7a beber \u00e1gua!<\/p>\n<p>Para sorte da mo\u00e7a, depois de analisar bem os pr\u00f3s e contras, o luso rejeitou a sugest\u00e3o.<\/p>\n<p>Outros amigos deram-lhe conselhos para enfrentar o problema das ere\u00e7\u00f5es frequentes, useiras e vezeiras em uma fase na qual ver uma saia, ou a batina de uma freira \u2013 at\u00e9 mesmo de um padre \u2013 \u00e9 motivo de excita\u00e7\u00e3o. Uma das instru\u00e7\u00f5es que fez mais sentido estipulava:<\/p>\n<p>&#8211; Tu precisa distrair a fera. Ent\u00e3o pergunta a ela algo como, \u201cSenhorita, tem visto dom Eduardo, pr\u00edncipe da Rurit\u00e2nia?\u201d Enquanto ela se distrai, pensando em qual dos Eduardos que conhece pertence \u00e0 realeza, tu coloca o tro\u00e7o pra cima, encostado \u00e0 barriga. E pensa na tua v\u00f3 nua, isso \u00e9 tiro e queda pra baixar.<\/p>\n<p>Certa vez, ao pegar um \u00f4nibus lotado, Nuno foi apresentado ao traseiro de uma jovem. Baixinha, feinha, jeito de crente, mas sabem como \u00e9, ele vivia na ponta dos cascos, qualquer prazer divertia. Ele jura que foi por acaso, n\u00e3o para usufruir da encoxada; seja como for, ao se tocar l\u00e1 embaixo, percebeu que sua braguilha estava aberta. Para fech\u00e1-la, teria de mover a m\u00e3o entre sua cal\u00e7a e a bunda da rapariga, havia grandes chances de levar um tap\u00e3o no meio dos cornos.<\/p>\n<p>Naquele momento, vagou um lugar ao lado e a mo\u00e7a sentou rapidinho. E passou a olhar fixo pra ele, ou melhor, para sua cintura \u2013 a rigor, para sua virilha.<\/p>\n<p>Constrangido, lembrou-se das instru\u00e7\u00f5es para \u201cdistrair a fera\u201d, o que lhe daria tempo para fechar a barguilha. Mas descartou o \u201cpr\u00edncipe da Rurit\u00e2nia\u201d, nunca que aquela crentinha iria conhecer algu\u00e9m da realeza. Ent\u00e3o improvisou. Sorriu pra ela e perguntou:<\/p>\n<p>&#8211; Oi. Voc\u00ea conhece Nhonhoco?<\/p>\n<p>Os olhos da jovem lan\u00e7aram chispas. A resposta foi imediata, cortante como uma l\u00e2mina:<\/p>\n<p>&#8211; Conhe\u00e7o sim. E se botar pra fora, come\u00e7o a gritar e tu vai ser linchado!<\/p>\n","protected":false},"excerpt":{"rendered":"<p>Observei, em Piadas e contos (j\u00e1 publicado por Notibras), que era uma pena n\u00e3o poder basear um texto na piada do Nhonhoco, \u201cobra-prima do humor da 6\u00aa s\u00e9rie\u201d. Mas depois pensei, por que n\u00e3o? O resultado est\u00e1 aqui. Se os pais de Nuno tivessem permanecido em Portugal, ele seria um parvo. Mas o casal deixou [&hellip;]<\/p>\n","protected":false},"author":21,"featured_media":384188,"comment_status":"closed","ping_status":"closed","sticky":false,"template":"","format":"standard","meta":{"_acf_changed":false,"footnotes":""},"categories":[234],"tags":[],"class_list":["post-384186","post","type-post","status-publish","format-standard","has-post-thumbnail","hentry","category-cafe-literario"],"acf":[],"yoast_head":"<!-- This site is optimized with the Yoast SEO plugin v27.2 - https:\/\/yoast.com\/product\/yoast-seo-wordpress\/ -->\n<title>Um rapaz sem-no\u00e7\u00e3o - Notibras<\/title>\n<meta name=\"robots\" content=\"index, follow, max-snippet:-1, max-image-preview:large, max-video-preview:-1\" \/>\n<link rel=\"canonical\" href=\"https:\/\/www.notibras.com\/site\/um-rapaz-sem-nocao\/\" \/>\n<meta property=\"og:locale\" content=\"pt_BR\" \/>\n<meta property=\"og:type\" content=\"article\" \/>\n<meta property=\"og:title\" content=\"Um rapaz sem-no\u00e7\u00e3o - Notibras\" \/>\n<meta property=\"og:description\" content=\"Observei, em Piadas e contos (j\u00e1 publicado por Notibras), que era uma pena n\u00e3o poder basear um texto na piada do Nhonhoco, \u201cobra-prima do humor da 6\u00aa s\u00e9rie\u201d. Mas depois pensei, por que n\u00e3o? O resultado est\u00e1 aqui. Se os pais de Nuno tivessem permanecido em Portugal, ele seria um parvo. Mas o casal deixou [&hellip;]\" \/>\n<meta property=\"og:url\" content=\"https:\/\/www.notibras.com\/site\/um-rapaz-sem-nocao\/\" \/>\n<meta property=\"og:site_name\" content=\"Notibras\" \/>\n<meta property=\"article:publisher\" content=\"https:\/\/www.facebook.com\/notibras\/\" \/>\n<meta property=\"article:published_time\" content=\"2026-02-24T03:00:59+00:00\" \/>\n<meta property=\"og:image\" content=\"https:\/\/www.notibras.com\/site\/wp-content\/uploads\/2026\/02\/WhatsApp-Image-2026-02-22-at-02.25.15.jpeg\" \/>\n\t<meta property=\"og:image:width\" content=\"1024\" \/>\n\t<meta property=\"og:image:height\" content=\"1024\" \/>\n\t<meta property=\"og:image:type\" content=\"image\/jpeg\" \/>\n<meta name=\"author\" content=\"Eduardo Mart\u00ednez\" \/>\n<meta name=\"twitter:card\" content=\"summary_large_image\" \/>\n<meta name=\"twitter:creator\" content=\"@Notibras\" \/>\n<meta name=\"twitter:site\" content=\"@Notibras\" \/>\n<meta name=\"twitter:label1\" content=\"Escrito por\" \/>\n\t<meta name=\"twitter:data1\" content=\"Eduardo Mart\u00ednez\" \/>\n\t<meta name=\"twitter:label2\" content=\"Est. tempo de leitura\" \/>\n\t<meta name=\"twitter:data2\" content=\"4 minutos\" \/>\n<script type=\"application\/ld+json\" class=\"yoast-schema-graph\">{\"@context\":\"https:\/\/schema.org\",\"@graph\":[{\"@type\":\"Article\",\"@id\":\"https:\/\/www.notibras.com\/site\/um-rapaz-sem-nocao\/#article\",\"isPartOf\":{\"@id\":\"https:\/\/www.notibras.com\/site\/um-rapaz-sem-nocao\/\"},\"author\":{\"name\":\"Eduardo Mart\u00ednez\",\"@id\":\"https:\/\/www.notibras.com\/site\/#\/schema\/person\/5b7fabf2aedc3ada2105f03b22b4d3dd\"},\"headline\":\"Um rapaz sem-no\u00e7\u00e3o\",\"datePublished\":\"2026-02-24T03:00:59+00:00\",\"mainEntityOfPage\":{\"@id\":\"https:\/\/www.notibras.com\/site\/um-rapaz-sem-nocao\/\"},\"wordCount\":616,\"publisher\":{\"@id\":\"https:\/\/www.notibras.com\/site\/#organization\"},\"image\":{\"@id\":\"https:\/\/www.notibras.com\/site\/um-rapaz-sem-nocao\/#primaryimage\"},\"thumbnailUrl\":\"https:\/\/www.notibras.com\/site\/wp-content\/uploads\/2026\/02\/WhatsApp-Image-2026-02-22-at-02.25.15.jpeg\",\"articleSection\":[\"Caf\u00e9 Liter\u00e1rio\"],\"inLanguage\":\"pt-BR\"},{\"@type\":\"WebPage\",\"@id\":\"https:\/\/www.notibras.com\/site\/um-rapaz-sem-nocao\/\",\"url\":\"https:\/\/www.notibras.com\/site\/um-rapaz-sem-nocao\/\",\"name\":\"Um rapaz sem-no\u00e7\u00e3o - Notibras\",\"isPartOf\":{\"@id\":\"https:\/\/www.notibras.com\/site\/#website\"},\"primaryImageOfPage\":{\"@id\":\"https:\/\/www.notibras.com\/site\/um-rapaz-sem-nocao\/#primaryimage\"},\"image\":{\"@id\":\"https:\/\/www.notibras.com\/site\/um-rapaz-sem-nocao\/#primaryimage\"},\"thumbnailUrl\":\"https:\/\/www.notibras.com\/site\/wp-content\/uploads\/2026\/02\/WhatsApp-Image-2026-02-22-at-02.25.15.jpeg\",\"datePublished\":\"2026-02-24T03:00:59+00:00\",\"breadcrumb\":{\"@id\":\"https:\/\/www.notibras.com\/site\/um-rapaz-sem-nocao\/#breadcrumb\"},\"inLanguage\":\"pt-BR\",\"potentialAction\":[{\"@type\":\"ReadAction\",\"target\":[\"https:\/\/www.notibras.com\/site\/um-rapaz-sem-nocao\/\"]}]},{\"@type\":\"ImageObject\",\"inLanguage\":\"pt-BR\",\"@id\":\"https:\/\/www.notibras.com\/site\/um-rapaz-sem-nocao\/#primaryimage\",\"url\":\"https:\/\/www.notibras.com\/site\/wp-content\/uploads\/2026\/02\/WhatsApp-Image-2026-02-22-at-02.25.15.jpeg\",\"contentUrl\":\"https:\/\/www.notibras.com\/site\/wp-content\/uploads\/2026\/02\/WhatsApp-Image-2026-02-22-at-02.25.15.jpeg\",\"width\":1024,\"height\":1024},{\"@type\":\"BreadcrumbList\",\"@id\":\"https:\/\/www.notibras.com\/site\/um-rapaz-sem-nocao\/#breadcrumb\",\"itemListElement\":[{\"@type\":\"ListItem\",\"position\":1,\"name\":\"In\u00edcio\",\"item\":\"https:\/\/www.notibras.com\/site\/\"},{\"@type\":\"ListItem\",\"position\":2,\"name\":\"Um rapaz sem-no\u00e7\u00e3o\"}]},{\"@type\":\"WebSite\",\"@id\":\"https:\/\/www.notibras.com\/site\/#website\",\"url\":\"https:\/\/www.notibras.com\/site\/\",\"name\":\"Notibras\",\"description\":\"Not\u00edcias de Bras\u00edlia, do Brasil e do Mundo\",\"publisher\":{\"@id\":\"https:\/\/www.notibras.com\/site\/#organization\"},\"potentialAction\":[{\"@type\":\"SearchAction\",\"target\":{\"@type\":\"EntryPoint\",\"urlTemplate\":\"https:\/\/www.notibras.com\/site\/?s={search_term_string}\"},\"query-input\":{\"@type\":\"PropertyValueSpecification\",\"valueRequired\":true,\"valueName\":\"search_term_string\"}}],\"inLanguage\":\"pt-BR\"},{\"@type\":\"Organization\",\"@id\":\"https:\/\/www.notibras.com\/site\/#organization\",\"name\":\"Grupo Notibras de Comunica\u00e7\u00e3o\",\"url\":\"https:\/\/www.notibras.com\/site\/\",\"logo\":{\"@type\":\"ImageObject\",\"inLanguage\":\"pt-BR\",\"@id\":\"https:\/\/www.notibras.com\/site\/#\/schema\/logo\/image\/\",\"url\":\"https:\/\/www.notibras.com\/site\/wp-content\/uploads\/2023\/01\/notibras23.png\",\"contentUrl\":\"https:\/\/www.notibras.com\/site\/wp-content\/uploads\/2023\/01\/notibras23.png\",\"width\":350,\"height\":87,\"caption\":\"Grupo Notibras de Comunica\u00e7\u00e3o\"},\"image\":{\"@id\":\"https:\/\/www.notibras.com\/site\/#\/schema\/logo\/image\/\"},\"sameAs\":[\"https:\/\/www.facebook.com\/notibras\/\",\"https:\/\/x.com\/Notibras\",\"https:\/\/www.instagram.com\/notibras\/\"]},{\"@type\":\"Person\",\"@id\":\"https:\/\/www.notibras.com\/site\/#\/schema\/person\/5b7fabf2aedc3ada2105f03b22b4d3dd\",\"name\":\"Eduardo Mart\u00ednez\",\"image\":{\"@type\":\"ImageObject\",\"inLanguage\":\"pt-BR\",\"@id\":\"https:\/\/secure.gravatar.com\/avatar\/7902f906289926289cbcda644b5197c796b893c6ffd7b9a536a42d290f7704a0?s=96&d=mm&r=g\",\"url\":\"https:\/\/secure.gravatar.com\/avatar\/7902f906289926289cbcda644b5197c796b893c6ffd7b9a536a42d290f7704a0?s=96&d=mm&r=g\",\"contentUrl\":\"https:\/\/secure.gravatar.com\/avatar\/7902f906289926289cbcda644b5197c796b893c6ffd7b9a536a42d290f7704a0?s=96&d=mm&r=g\",\"caption\":\"Eduardo Mart\u00ednez\"}}]}<\/script>\n<!-- \/ Yoast SEO plugin. -->","yoast_head_json":{"title":"Um rapaz sem-no\u00e7\u00e3o - Notibras","robots":{"index":"index","follow":"follow","max-snippet":"max-snippet:-1","max-image-preview":"max-image-preview:large","max-video-preview":"max-video-preview:-1"},"canonical":"https:\/\/www.notibras.com\/site\/um-rapaz-sem-nocao\/","og_locale":"pt_BR","og_type":"article","og_title":"Um rapaz sem-no\u00e7\u00e3o - Notibras","og_description":"Observei, em Piadas e contos (j\u00e1 publicado por Notibras), que era uma pena n\u00e3o poder basear um texto na piada do Nhonhoco, \u201cobra-prima do humor da 6\u00aa s\u00e9rie\u201d. Mas depois pensei, por que n\u00e3o? O resultado est\u00e1 aqui. Se os pais de Nuno tivessem permanecido em Portugal, ele seria um parvo. Mas o casal deixou [&hellip;]","og_url":"https:\/\/www.notibras.com\/site\/um-rapaz-sem-nocao\/","og_site_name":"Notibras","article_publisher":"https:\/\/www.facebook.com\/notibras\/","article_published_time":"2026-02-24T03:00:59+00:00","og_image":[{"width":1024,"height":1024,"url":"https:\/\/www.notibras.com\/site\/wp-content\/uploads\/2026\/02\/WhatsApp-Image-2026-02-22-at-02.25.15.jpeg","type":"image\/jpeg"}],"author":"Eduardo Mart\u00ednez","twitter_card":"summary_large_image","twitter_creator":"@Notibras","twitter_site":"@Notibras","twitter_misc":{"Escrito por":"Eduardo Mart\u00ednez","Est. tempo de leitura":"4 minutos"},"schema":{"@context":"https:\/\/schema.org","@graph":[{"@type":"Article","@id":"https:\/\/www.notibras.com\/site\/um-rapaz-sem-nocao\/#article","isPartOf":{"@id":"https:\/\/www.notibras.com\/site\/um-rapaz-sem-nocao\/"},"author":{"name":"Eduardo Mart\u00ednez","@id":"https:\/\/www.notibras.com\/site\/#\/schema\/person\/5b7fabf2aedc3ada2105f03b22b4d3dd"},"headline":"Um rapaz sem-no\u00e7\u00e3o","datePublished":"2026-02-24T03:00:59+00:00","mainEntityOfPage":{"@id":"https:\/\/www.notibras.com\/site\/um-rapaz-sem-nocao\/"},"wordCount":616,"publisher":{"@id":"https:\/\/www.notibras.com\/site\/#organization"},"image":{"@id":"https:\/\/www.notibras.com\/site\/um-rapaz-sem-nocao\/#primaryimage"},"thumbnailUrl":"https:\/\/www.notibras.com\/site\/wp-content\/uploads\/2026\/02\/WhatsApp-Image-2026-02-22-at-02.25.15.jpeg","articleSection":["Caf\u00e9 Liter\u00e1rio"],"inLanguage":"pt-BR"},{"@type":"WebPage","@id":"https:\/\/www.notibras.com\/site\/um-rapaz-sem-nocao\/","url":"https:\/\/www.notibras.com\/site\/um-rapaz-sem-nocao\/","name":"Um rapaz sem-no\u00e7\u00e3o - Notibras","isPartOf":{"@id":"https:\/\/www.notibras.com\/site\/#website"},"primaryImageOfPage":{"@id":"https:\/\/www.notibras.com\/site\/um-rapaz-sem-nocao\/#primaryimage"},"image":{"@id":"https:\/\/www.notibras.com\/site\/um-rapaz-sem-nocao\/#primaryimage"},"thumbnailUrl":"https:\/\/www.notibras.com\/site\/wp-content\/uploads\/2026\/02\/WhatsApp-Image-2026-02-22-at-02.25.15.jpeg","datePublished":"2026-02-24T03:00:59+00:00","breadcrumb":{"@id":"https:\/\/www.notibras.com\/site\/um-rapaz-sem-nocao\/#breadcrumb"},"inLanguage":"pt-BR","potentialAction":[{"@type":"ReadAction","target":["https:\/\/www.notibras.com\/site\/um-rapaz-sem-nocao\/"]}]},{"@type":"ImageObject","inLanguage":"pt-BR","@id":"https:\/\/www.notibras.com\/site\/um-rapaz-sem-nocao\/#primaryimage","url":"https:\/\/www.notibras.com\/site\/wp-content\/uploads\/2026\/02\/WhatsApp-Image-2026-02-22-at-02.25.15.jpeg","contentUrl":"https:\/\/www.notibras.com\/site\/wp-content\/uploads\/2026\/02\/WhatsApp-Image-2026-02-22-at-02.25.15.jpeg","width":1024,"height":1024},{"@type":"BreadcrumbList","@id":"https:\/\/www.notibras.com\/site\/um-rapaz-sem-nocao\/#breadcrumb","itemListElement":[{"@type":"ListItem","position":1,"name":"In\u00edcio","item":"https:\/\/www.notibras.com\/site\/"},{"@type":"ListItem","position":2,"name":"Um rapaz sem-no\u00e7\u00e3o"}]},{"@type":"WebSite","@id":"https:\/\/www.notibras.com\/site\/#website","url":"https:\/\/www.notibras.com\/site\/","name":"Notibras","description":"Not\u00edcias de Bras\u00edlia, do Brasil e do Mundo","publisher":{"@id":"https:\/\/www.notibras.com\/site\/#organization"},"potentialAction":[{"@type":"SearchAction","target":{"@type":"EntryPoint","urlTemplate":"https:\/\/www.notibras.com\/site\/?s={search_term_string}"},"query-input":{"@type":"PropertyValueSpecification","valueRequired":true,"valueName":"search_term_string"}}],"inLanguage":"pt-BR"},{"@type":"Organization","@id":"https:\/\/www.notibras.com\/site\/#organization","name":"Grupo Notibras de Comunica\u00e7\u00e3o","url":"https:\/\/www.notibras.com\/site\/","logo":{"@type":"ImageObject","inLanguage":"pt-BR","@id":"https:\/\/www.notibras.com\/site\/#\/schema\/logo\/image\/","url":"https:\/\/www.notibras.com\/site\/wp-content\/uploads\/2023\/01\/notibras23.png","contentUrl":"https:\/\/www.notibras.com\/site\/wp-content\/uploads\/2023\/01\/notibras23.png","width":350,"height":87,"caption":"Grupo Notibras de Comunica\u00e7\u00e3o"},"image":{"@id":"https:\/\/www.notibras.com\/site\/#\/schema\/logo\/image\/"},"sameAs":["https:\/\/www.facebook.com\/notibras\/","https:\/\/x.com\/Notibras","https:\/\/www.instagram.com\/notibras\/"]},{"@type":"Person","@id":"https:\/\/www.notibras.com\/site\/#\/schema\/person\/5b7fabf2aedc3ada2105f03b22b4d3dd","name":"Eduardo Mart\u00ednez","image":{"@type":"ImageObject","inLanguage":"pt-BR","@id":"https:\/\/secure.gravatar.com\/avatar\/7902f906289926289cbcda644b5197c796b893c6ffd7b9a536a42d290f7704a0?s=96&d=mm&r=g","url":"https:\/\/secure.gravatar.com\/avatar\/7902f906289926289cbcda644b5197c796b893c6ffd7b9a536a42d290f7704a0?s=96&d=mm&r=g","contentUrl":"https:\/\/secure.gravatar.com\/avatar\/7902f906289926289cbcda644b5197c796b893c6ffd7b9a536a42d290f7704a0?s=96&d=mm&r=g","caption":"Eduardo Mart\u00ednez"}}]}},"amp_enabled":true,"_links":{"self":[{"href":"https:\/\/www.notibras.com\/site\/wp-json\/wp\/v2\/posts\/384186","targetHints":{"allow":["GET"]}}],"collection":[{"href":"https:\/\/www.notibras.com\/site\/wp-json\/wp\/v2\/posts"}],"about":[{"href":"https:\/\/www.notibras.com\/site\/wp-json\/wp\/v2\/types\/post"}],"author":[{"embeddable":true,"href":"https:\/\/www.notibras.com\/site\/wp-json\/wp\/v2\/users\/21"}],"replies":[{"embeddable":true,"href":"https:\/\/www.notibras.com\/site\/wp-json\/wp\/v2\/comments?post=384186"}],"version-history":[{"count":2,"href":"https:\/\/www.notibras.com\/site\/wp-json\/wp\/v2\/posts\/384186\/revisions"}],"predecessor-version":[{"id":384190,"href":"https:\/\/www.notibras.com\/site\/wp-json\/wp\/v2\/posts\/384186\/revisions\/384190"}],"wp:featuredmedia":[{"embeddable":true,"href":"https:\/\/www.notibras.com\/site\/wp-json\/wp\/v2\/media\/384188"}],"wp:attachment":[{"href":"https:\/\/www.notibras.com\/site\/wp-json\/wp\/v2\/media?parent=384186"}],"wp:term":[{"taxonomy":"category","embeddable":true,"href":"https:\/\/www.notibras.com\/site\/wp-json\/wp\/v2\/categories?post=384186"},{"taxonomy":"post_tag","embeddable":true,"href":"https:\/\/www.notibras.com\/site\/wp-json\/wp\/v2\/tags?post=384186"}],"curies":[{"name":"wp","href":"https:\/\/api.w.org\/{rel}","templated":true}]}}