{"id":384191,"date":"2026-02-25T00:00:13","date_gmt":"2026-02-25T03:00:13","guid":{"rendered":"https:\/\/www.notibras.com\/site\/?p=384191"},"modified":"2026-02-22T02:34:36","modified_gmt":"2026-02-22T05:34:36","slug":"uma-versao-bem-comportada-de-um-conto-pesadito","status":"publish","type":"post","link":"https:\/\/www.notibras.com\/site\/uma-versao-bem-comportada-de-um-conto-pesadito\/","title":{"rendered":"Uma vers\u00e3o bem-comportada de um conto pesadito"},"content":{"rendered":"<p>Escrevo contos er\u00f3ticos. \u00c2ngela gostou de um deles.<\/p>\n<p>Ela curtiu, agradeci e xavequei legal. Em seguida procurei no Face por ela, vi v\u00e1rias mulheres com o mesmo nome. Pedi amizade \u00e0 que achei mais atraente \u2013 uma jovem negra com um sorriso lindo, radiante \u2013, torcendo para que n\u00e3o estivesse teclando com a gata errada. Mas, gra\u00e7as aos deuses, era ela mesma. Foi assim que come\u00e7ou.<\/p>\n<p>O lance seguinte veio dela: uma mensagem simp\u00e1tica dizendo que adorava meus contos. Respondi gentilmente, elogiando a beleza e em especial o sorriso dela. E lastimando n\u00e3o poder elogiar mais, pois n\u00e3o tinha visto o seu corpo.<\/p>\n<p>&#8211; Voc\u00ea quer que mande uma foto? S\u00f3 de calcinha? Ou nua? \u2013 perguntou.<\/p>\n<p>&#8211; QUERO!! \u2013 respondi babando. Por sorte n\u00e3o est\u00e1vamos usando v\u00eddeo, ela n\u00e3o viu o espet\u00e1culo deprimente da baba escorrendo por meu queixo e lambuzando minha barba. Fui em frente:<\/p>\n<p>&#8211; Como agradecimento, vou escrever um conto er\u00f3tico s\u00f3 pra voc\u00ea. \u2013 Ela se derreteu toda.<\/p>\n<p>Ela estava nua na foto. Babei de novo com a vis\u00e3o de seus seios lindos e bundinha provocante. A\u00ed fiz a minha parte, convoquei as musas do erotismo e da sacanagem (s\u00e3o mo\u00e7oilas diferentes) para me inspirarem e mandei ver. Para surpresa minha, o conto saiu melhor que o esperado, tudo sugestivo, com pouqu\u00edssimas passagens ostensivas. No mesmo dia, mandei para ela o texto.<\/p>\n<p>\u00c2ngela delirou de prazer.<\/p>\n<p>&#8211; Nunca ningu\u00e9m escreveu um conto pra mim antes, tes\u00e3o (eu fora promovido).<\/p>\n<p>&#8211; Voc\u00ea merece muito mais, deusa do erotismo (eu tamb\u00e9m a promovera). Agora, amor, a gente precisa se encontrar.<\/p>\n<p>&#8211; Pensei que voc\u00ea nunca fosse pedir \u2013 respondeu com um risinho malicioso.<\/p>\n<p>Outro favor dos deuses: mor\u00e1vamos no mesmo estado, a pouco mais de uma hora um do outro, eu no Rio e \u00c2ngela em Nova Friburgo. No dia seguinte, subi a serra fluminense. Hav\u00edamos marcado no come\u00e7o da pracinha central de Friburgo. Parei o carro, desci e a avistei sentada num banco. Corri em sua dire\u00e7\u00e3o. Ela me reconheceu de imediato.<\/p>\n<p>&#8211; Guilherme! \u2013 exclamou com um sorriso radioso.<\/p>\n<p>&#8211; \u00c2ngela! \u2013 sorri de volta.<\/p>\n<p>Em seguida nos olhamos, s\u00e9rios, e come\u00e7amos a nos beijar.<\/p>\n<p>Ela colou o corpo no meu e pareceu se abandonar em meus bra\u00e7os, mas estava bem ativa, sua l\u00edngua se enroscava furiosamente na minha. Eu estava quase explodindo de desejo.<\/p>\n<p>Minutos (que pareceram horas) depois, interrompi o beijo para perguntar, em voz rouca:<\/p>\n<p>&#8211; Vamos pra um hotel?<\/p>\n<p>&#8211; Vamos&#8230; \u2013 ela sussurrou.<\/p>\n<p>Dez minutos depois, est\u00e1vamos preenchendo a ficha do hotel. E a\u00ed a coisa pegou fogo.<\/p>\n<p>Foi uma transa deliciosa. Findos os trabalhos, desabei, \u00c2ngela, por\u00e9m, queria mais. Inebriada de prazer, os olhos semicerrados, murmurou:<\/p>\n<p>&#8211; Agora me pega por tr\u00e1s, Murilo.<\/p>\n<p>Murilo???!!!<\/p>\n<p>Minha express\u00e3o mudou, e ela percebeu o que havia dito.<\/p>\n<p>&#8211; Ah, que vergonha! Desculpa, amor! \u2013 falou sem gra\u00e7a. E explicou. \u2013 Murilo \u00e9 o nome do meu ex, sempre faz\u00edamos por tr\u00e1s, ele gostava e eu adoro.<\/p>\n<p>Coloquei-a de quatro na cama, com alguma brutalidade (mas n\u00e3o muita, no fundo achei engra\u00e7ado o ato falho) e falei, aparentando severidade:<\/p>\n<p>&#8211; Vou pegar sim, vaca traidora. E pode me chamar de Murilo, se isso te der tes\u00e3o.<\/p>\n<p>Foi o que ela fez. E foi uma del\u00edcia.<\/p>\n<p>Ent\u00e3o \u00e9 isso a\u00ed. Quando \u00c2ngela e eu transamos, na trilogia barba-cabelo-bigode, os dois primeiros epis\u00f3dios correm por conta deste humilde escriba. Mas, pro bigode, o Murilo \u00e9 simbolicamente convocado (apenas simbolicamente, n\u00e3o gosto muito de festinhas) e pisa na avenida, saudando o p\u00fablico e pedindo passagem.<\/p>\n<p>Fazer o qu\u00ea? Ningu\u00e9m \u00e9 perfeito.<\/p>\n","protected":false},"excerpt":{"rendered":"<p>Escrevo contos er\u00f3ticos. \u00c2ngela gostou de um deles. Ela curtiu, agradeci e xavequei legal. Em seguida procurei no Face por ela, vi v\u00e1rias mulheres com o mesmo nome. Pedi amizade \u00e0 que achei mais atraente \u2013 uma jovem negra com um sorriso lindo, radiante \u2013, torcendo para que n\u00e3o estivesse teclando com a gata errada. [&hellip;]<\/p>\n","protected":false},"author":21,"featured_media":384192,"comment_status":"closed","ping_status":"closed","sticky":false,"template":"","format":"standard","meta":{"_acf_changed":false,"footnotes":""},"categories":[234],"tags":[],"class_list":["post-384191","post","type-post","status-publish","format-standard","has-post-thumbnail","hentry","category-cafe-literario"],"acf":[],"yoast_head":"<!-- This site is optimized with the Yoast SEO plugin v27.2 - https:\/\/yoast.com\/product\/yoast-seo-wordpress\/ -->\n<title>Uma vers\u00e3o bem-comportada de um conto pesadito - Notibras<\/title>\n<meta name=\"robots\" content=\"index, follow, max-snippet:-1, max-image-preview:large, max-video-preview:-1\" \/>\n<link rel=\"canonical\" href=\"https:\/\/www.notibras.com\/site\/uma-versao-bem-comportada-de-um-conto-pesadito\/\" \/>\n<meta property=\"og:locale\" content=\"pt_BR\" \/>\n<meta property=\"og:type\" content=\"article\" \/>\n<meta property=\"og:title\" content=\"Uma vers\u00e3o bem-comportada de um conto pesadito - Notibras\" \/>\n<meta property=\"og:description\" content=\"Escrevo contos er\u00f3ticos. \u00c2ngela gostou de um deles. Ela curtiu, agradeci e xavequei legal. Em seguida procurei no Face por ela, vi v\u00e1rias mulheres com o mesmo nome. Pedi amizade \u00e0 que achei mais atraente \u2013 uma jovem negra com um sorriso lindo, radiante \u2013, torcendo para que n\u00e3o estivesse teclando com a gata errada. [&hellip;]\" \/>\n<meta property=\"og:url\" content=\"https:\/\/www.notibras.com\/site\/uma-versao-bem-comportada-de-um-conto-pesadito\/\" \/>\n<meta property=\"og:site_name\" content=\"Notibras\" \/>\n<meta property=\"article:publisher\" content=\"https:\/\/www.facebook.com\/notibras\/\" \/>\n<meta property=\"article:published_time\" content=\"2026-02-25T03:00:13+00:00\" \/>\n<meta property=\"og:image\" content=\"https:\/\/www.notibras.com\/site\/wp-content\/uploads\/2026\/02\/WhatsApp-Image-2026-02-22-at-02.33.41.jpeg\" \/>\n\t<meta property=\"og:image:width\" content=\"1024\" \/>\n\t<meta property=\"og:image:height\" content=\"1024\" \/>\n\t<meta property=\"og:image:type\" content=\"image\/jpeg\" \/>\n<meta name=\"author\" content=\"Eduardo Mart\u00ednez\" \/>\n<meta name=\"twitter:card\" content=\"summary_large_image\" \/>\n<meta name=\"twitter:creator\" content=\"@Notibras\" \/>\n<meta name=\"twitter:site\" content=\"@Notibras\" \/>\n<meta name=\"twitter:label1\" content=\"Escrito por\" \/>\n\t<meta name=\"twitter:data1\" content=\"Eduardo Mart\u00ednez\" \/>\n\t<meta name=\"twitter:label2\" content=\"Est. tempo de leitura\" \/>\n\t<meta name=\"twitter:data2\" content=\"4 minutos\" \/>\n<script type=\"application\/ld+json\" class=\"yoast-schema-graph\">{\"@context\":\"https:\/\/schema.org\",\"@graph\":[{\"@type\":\"Article\",\"@id\":\"https:\/\/www.notibras.com\/site\/uma-versao-bem-comportada-de-um-conto-pesadito\/#article\",\"isPartOf\":{\"@id\":\"https:\/\/www.notibras.com\/site\/uma-versao-bem-comportada-de-um-conto-pesadito\/\"},\"author\":{\"name\":\"Eduardo Mart\u00ednez\",\"@id\":\"https:\/\/www.notibras.com\/site\/#\/schema\/person\/5b7fabf2aedc3ada2105f03b22b4d3dd\"},\"headline\":\"Uma vers\u00e3o bem-comportada de um conto pesadito\",\"datePublished\":\"2026-02-25T03:00:13+00:00\",\"mainEntityOfPage\":{\"@id\":\"https:\/\/www.notibras.com\/site\/uma-versao-bem-comportada-de-um-conto-pesadito\/\"},\"wordCount\":632,\"publisher\":{\"@id\":\"https:\/\/www.notibras.com\/site\/#organization\"},\"image\":{\"@id\":\"https:\/\/www.notibras.com\/site\/uma-versao-bem-comportada-de-um-conto-pesadito\/#primaryimage\"},\"thumbnailUrl\":\"https:\/\/www.notibras.com\/site\/wp-content\/uploads\/2026\/02\/WhatsApp-Image-2026-02-22-at-02.33.41.jpeg\",\"articleSection\":[\"Caf\u00e9 Liter\u00e1rio\"],\"inLanguage\":\"pt-BR\"},{\"@type\":\"WebPage\",\"@id\":\"https:\/\/www.notibras.com\/site\/uma-versao-bem-comportada-de-um-conto-pesadito\/\",\"url\":\"https:\/\/www.notibras.com\/site\/uma-versao-bem-comportada-de-um-conto-pesadito\/\",\"name\":\"Uma vers\u00e3o bem-comportada de um conto pesadito - Notibras\",\"isPartOf\":{\"@id\":\"https:\/\/www.notibras.com\/site\/#website\"},\"primaryImageOfPage\":{\"@id\":\"https:\/\/www.notibras.com\/site\/uma-versao-bem-comportada-de-um-conto-pesadito\/#primaryimage\"},\"image\":{\"@id\":\"https:\/\/www.notibras.com\/site\/uma-versao-bem-comportada-de-um-conto-pesadito\/#primaryimage\"},\"thumbnailUrl\":\"https:\/\/www.notibras.com\/site\/wp-content\/uploads\/2026\/02\/WhatsApp-Image-2026-02-22-at-02.33.41.jpeg\",\"datePublished\":\"2026-02-25T03:00:13+00:00\",\"breadcrumb\":{\"@id\":\"https:\/\/www.notibras.com\/site\/uma-versao-bem-comportada-de-um-conto-pesadito\/#breadcrumb\"},\"inLanguage\":\"pt-BR\",\"potentialAction\":[{\"@type\":\"ReadAction\",\"target\":[\"https:\/\/www.notibras.com\/site\/uma-versao-bem-comportada-de-um-conto-pesadito\/\"]}]},{\"@type\":\"ImageObject\",\"inLanguage\":\"pt-BR\",\"@id\":\"https:\/\/www.notibras.com\/site\/uma-versao-bem-comportada-de-um-conto-pesadito\/#primaryimage\",\"url\":\"https:\/\/www.notibras.com\/site\/wp-content\/uploads\/2026\/02\/WhatsApp-Image-2026-02-22-at-02.33.41.jpeg\",\"contentUrl\":\"https:\/\/www.notibras.com\/site\/wp-content\/uploads\/2026\/02\/WhatsApp-Image-2026-02-22-at-02.33.41.jpeg\",\"width\":1024,\"height\":1024},{\"@type\":\"BreadcrumbList\",\"@id\":\"https:\/\/www.notibras.com\/site\/uma-versao-bem-comportada-de-um-conto-pesadito\/#breadcrumb\",\"itemListElement\":[{\"@type\":\"ListItem\",\"position\":1,\"name\":\"In\u00edcio\",\"item\":\"https:\/\/www.notibras.com\/site\/\"},{\"@type\":\"ListItem\",\"position\":2,\"name\":\"Uma vers\u00e3o bem-comportada de um conto pesadito\"}]},{\"@type\":\"WebSite\",\"@id\":\"https:\/\/www.notibras.com\/site\/#website\",\"url\":\"https:\/\/www.notibras.com\/site\/\",\"name\":\"Notibras\",\"description\":\"Not\u00edcias de Bras\u00edlia, do Brasil e do Mundo\",\"publisher\":{\"@id\":\"https:\/\/www.notibras.com\/site\/#organization\"},\"potentialAction\":[{\"@type\":\"SearchAction\",\"target\":{\"@type\":\"EntryPoint\",\"urlTemplate\":\"https:\/\/www.notibras.com\/site\/?s={search_term_string}\"},\"query-input\":{\"@type\":\"PropertyValueSpecification\",\"valueRequired\":true,\"valueName\":\"search_term_string\"}}],\"inLanguage\":\"pt-BR\"},{\"@type\":\"Organization\",\"@id\":\"https:\/\/www.notibras.com\/site\/#organization\",\"name\":\"Grupo Notibras de Comunica\u00e7\u00e3o\",\"url\":\"https:\/\/www.notibras.com\/site\/\",\"logo\":{\"@type\":\"ImageObject\",\"inLanguage\":\"pt-BR\",\"@id\":\"https:\/\/www.notibras.com\/site\/#\/schema\/logo\/image\/\",\"url\":\"https:\/\/www.notibras.com\/site\/wp-content\/uploads\/2023\/01\/notibras23.png\",\"contentUrl\":\"https:\/\/www.notibras.com\/site\/wp-content\/uploads\/2023\/01\/notibras23.png\",\"width\":350,\"height\":87,\"caption\":\"Grupo Notibras de Comunica\u00e7\u00e3o\"},\"image\":{\"@id\":\"https:\/\/www.notibras.com\/site\/#\/schema\/logo\/image\/\"},\"sameAs\":[\"https:\/\/www.facebook.com\/notibras\/\",\"https:\/\/x.com\/Notibras\",\"https:\/\/www.instagram.com\/notibras\/\"]},{\"@type\":\"Person\",\"@id\":\"https:\/\/www.notibras.com\/site\/#\/schema\/person\/5b7fabf2aedc3ada2105f03b22b4d3dd\",\"name\":\"Eduardo Mart\u00ednez\",\"image\":{\"@type\":\"ImageObject\",\"inLanguage\":\"pt-BR\",\"@id\":\"https:\/\/secure.gravatar.com\/avatar\/7902f906289926289cbcda644b5197c796b893c6ffd7b9a536a42d290f7704a0?s=96&d=mm&r=g\",\"url\":\"https:\/\/secure.gravatar.com\/avatar\/7902f906289926289cbcda644b5197c796b893c6ffd7b9a536a42d290f7704a0?s=96&d=mm&r=g\",\"contentUrl\":\"https:\/\/secure.gravatar.com\/avatar\/7902f906289926289cbcda644b5197c796b893c6ffd7b9a536a42d290f7704a0?s=96&d=mm&r=g\",\"caption\":\"Eduardo Mart\u00ednez\"}}]}<\/script>\n<!-- \/ Yoast SEO plugin. -->","yoast_head_json":{"title":"Uma vers\u00e3o bem-comportada de um conto pesadito - Notibras","robots":{"index":"index","follow":"follow","max-snippet":"max-snippet:-1","max-image-preview":"max-image-preview:large","max-video-preview":"max-video-preview:-1"},"canonical":"https:\/\/www.notibras.com\/site\/uma-versao-bem-comportada-de-um-conto-pesadito\/","og_locale":"pt_BR","og_type":"article","og_title":"Uma vers\u00e3o bem-comportada de um conto pesadito - Notibras","og_description":"Escrevo contos er\u00f3ticos. \u00c2ngela gostou de um deles. Ela curtiu, agradeci e xavequei legal. Em seguida procurei no Face por ela, vi v\u00e1rias mulheres com o mesmo nome. Pedi amizade \u00e0 que achei mais atraente \u2013 uma jovem negra com um sorriso lindo, radiante \u2013, torcendo para que n\u00e3o estivesse teclando com a gata errada. [&hellip;]","og_url":"https:\/\/www.notibras.com\/site\/uma-versao-bem-comportada-de-um-conto-pesadito\/","og_site_name":"Notibras","article_publisher":"https:\/\/www.facebook.com\/notibras\/","article_published_time":"2026-02-25T03:00:13+00:00","og_image":[{"width":1024,"height":1024,"url":"https:\/\/www.notibras.com\/site\/wp-content\/uploads\/2026\/02\/WhatsApp-Image-2026-02-22-at-02.33.41.jpeg","type":"image\/jpeg"}],"author":"Eduardo Mart\u00ednez","twitter_card":"summary_large_image","twitter_creator":"@Notibras","twitter_site":"@Notibras","twitter_misc":{"Escrito por":"Eduardo Mart\u00ednez","Est. tempo de leitura":"4 minutos"},"schema":{"@context":"https:\/\/schema.org","@graph":[{"@type":"Article","@id":"https:\/\/www.notibras.com\/site\/uma-versao-bem-comportada-de-um-conto-pesadito\/#article","isPartOf":{"@id":"https:\/\/www.notibras.com\/site\/uma-versao-bem-comportada-de-um-conto-pesadito\/"},"author":{"name":"Eduardo Mart\u00ednez","@id":"https:\/\/www.notibras.com\/site\/#\/schema\/person\/5b7fabf2aedc3ada2105f03b22b4d3dd"},"headline":"Uma vers\u00e3o bem-comportada de um conto pesadito","datePublished":"2026-02-25T03:00:13+00:00","mainEntityOfPage":{"@id":"https:\/\/www.notibras.com\/site\/uma-versao-bem-comportada-de-um-conto-pesadito\/"},"wordCount":632,"publisher":{"@id":"https:\/\/www.notibras.com\/site\/#organization"},"image":{"@id":"https:\/\/www.notibras.com\/site\/uma-versao-bem-comportada-de-um-conto-pesadito\/#primaryimage"},"thumbnailUrl":"https:\/\/www.notibras.com\/site\/wp-content\/uploads\/2026\/02\/WhatsApp-Image-2026-02-22-at-02.33.41.jpeg","articleSection":["Caf\u00e9 Liter\u00e1rio"],"inLanguage":"pt-BR"},{"@type":"WebPage","@id":"https:\/\/www.notibras.com\/site\/uma-versao-bem-comportada-de-um-conto-pesadito\/","url":"https:\/\/www.notibras.com\/site\/uma-versao-bem-comportada-de-um-conto-pesadito\/","name":"Uma vers\u00e3o bem-comportada de um conto pesadito - Notibras","isPartOf":{"@id":"https:\/\/www.notibras.com\/site\/#website"},"primaryImageOfPage":{"@id":"https:\/\/www.notibras.com\/site\/uma-versao-bem-comportada-de-um-conto-pesadito\/#primaryimage"},"image":{"@id":"https:\/\/www.notibras.com\/site\/uma-versao-bem-comportada-de-um-conto-pesadito\/#primaryimage"},"thumbnailUrl":"https:\/\/www.notibras.com\/site\/wp-content\/uploads\/2026\/02\/WhatsApp-Image-2026-02-22-at-02.33.41.jpeg","datePublished":"2026-02-25T03:00:13+00:00","breadcrumb":{"@id":"https:\/\/www.notibras.com\/site\/uma-versao-bem-comportada-de-um-conto-pesadito\/#breadcrumb"},"inLanguage":"pt-BR","potentialAction":[{"@type":"ReadAction","target":["https:\/\/www.notibras.com\/site\/uma-versao-bem-comportada-de-um-conto-pesadito\/"]}]},{"@type":"ImageObject","inLanguage":"pt-BR","@id":"https:\/\/www.notibras.com\/site\/uma-versao-bem-comportada-de-um-conto-pesadito\/#primaryimage","url":"https:\/\/www.notibras.com\/site\/wp-content\/uploads\/2026\/02\/WhatsApp-Image-2026-02-22-at-02.33.41.jpeg","contentUrl":"https:\/\/www.notibras.com\/site\/wp-content\/uploads\/2026\/02\/WhatsApp-Image-2026-02-22-at-02.33.41.jpeg","width":1024,"height":1024},{"@type":"BreadcrumbList","@id":"https:\/\/www.notibras.com\/site\/uma-versao-bem-comportada-de-um-conto-pesadito\/#breadcrumb","itemListElement":[{"@type":"ListItem","position":1,"name":"In\u00edcio","item":"https:\/\/www.notibras.com\/site\/"},{"@type":"ListItem","position":2,"name":"Uma vers\u00e3o bem-comportada de um conto pesadito"}]},{"@type":"WebSite","@id":"https:\/\/www.notibras.com\/site\/#website","url":"https:\/\/www.notibras.com\/site\/","name":"Notibras","description":"Not\u00edcias de Bras\u00edlia, do Brasil e do Mundo","publisher":{"@id":"https:\/\/www.notibras.com\/site\/#organization"},"potentialAction":[{"@type":"SearchAction","target":{"@type":"EntryPoint","urlTemplate":"https:\/\/www.notibras.com\/site\/?s={search_term_string}"},"query-input":{"@type":"PropertyValueSpecification","valueRequired":true,"valueName":"search_term_string"}}],"inLanguage":"pt-BR"},{"@type":"Organization","@id":"https:\/\/www.notibras.com\/site\/#organization","name":"Grupo Notibras de Comunica\u00e7\u00e3o","url":"https:\/\/www.notibras.com\/site\/","logo":{"@type":"ImageObject","inLanguage":"pt-BR","@id":"https:\/\/www.notibras.com\/site\/#\/schema\/logo\/image\/","url":"https:\/\/www.notibras.com\/site\/wp-content\/uploads\/2023\/01\/notibras23.png","contentUrl":"https:\/\/www.notibras.com\/site\/wp-content\/uploads\/2023\/01\/notibras23.png","width":350,"height":87,"caption":"Grupo Notibras de Comunica\u00e7\u00e3o"},"image":{"@id":"https:\/\/www.notibras.com\/site\/#\/schema\/logo\/image\/"},"sameAs":["https:\/\/www.facebook.com\/notibras\/","https:\/\/x.com\/Notibras","https:\/\/www.instagram.com\/notibras\/"]},{"@type":"Person","@id":"https:\/\/www.notibras.com\/site\/#\/schema\/person\/5b7fabf2aedc3ada2105f03b22b4d3dd","name":"Eduardo Mart\u00ednez","image":{"@type":"ImageObject","inLanguage":"pt-BR","@id":"https:\/\/secure.gravatar.com\/avatar\/7902f906289926289cbcda644b5197c796b893c6ffd7b9a536a42d290f7704a0?s=96&d=mm&r=g","url":"https:\/\/secure.gravatar.com\/avatar\/7902f906289926289cbcda644b5197c796b893c6ffd7b9a536a42d290f7704a0?s=96&d=mm&r=g","contentUrl":"https:\/\/secure.gravatar.com\/avatar\/7902f906289926289cbcda644b5197c796b893c6ffd7b9a536a42d290f7704a0?s=96&d=mm&r=g","caption":"Eduardo Mart\u00ednez"}}]}},"amp_enabled":true,"_links":{"self":[{"href":"https:\/\/www.notibras.com\/site\/wp-json\/wp\/v2\/posts\/384191","targetHints":{"allow":["GET"]}}],"collection":[{"href":"https:\/\/www.notibras.com\/site\/wp-json\/wp\/v2\/posts"}],"about":[{"href":"https:\/\/www.notibras.com\/site\/wp-json\/wp\/v2\/types\/post"}],"author":[{"embeddable":true,"href":"https:\/\/www.notibras.com\/site\/wp-json\/wp\/v2\/users\/21"}],"replies":[{"embeddable":true,"href":"https:\/\/www.notibras.com\/site\/wp-json\/wp\/v2\/comments?post=384191"}],"version-history":[{"count":2,"href":"https:\/\/www.notibras.com\/site\/wp-json\/wp\/v2\/posts\/384191\/revisions"}],"predecessor-version":[{"id":384194,"href":"https:\/\/www.notibras.com\/site\/wp-json\/wp\/v2\/posts\/384191\/revisions\/384194"}],"wp:featuredmedia":[{"embeddable":true,"href":"https:\/\/www.notibras.com\/site\/wp-json\/wp\/v2\/media\/384192"}],"wp:attachment":[{"href":"https:\/\/www.notibras.com\/site\/wp-json\/wp\/v2\/media?parent=384191"}],"wp:term":[{"taxonomy":"category","embeddable":true,"href":"https:\/\/www.notibras.com\/site\/wp-json\/wp\/v2\/categories?post=384191"},{"taxonomy":"post_tag","embeddable":true,"href":"https:\/\/www.notibras.com\/site\/wp-json\/wp\/v2\/tags?post=384191"}],"curies":[{"name":"wp","href":"https:\/\/api.w.org\/{rel}","templated":true}]}}