{"id":384196,"date":"2026-02-22T02:40:40","date_gmt":"2026-02-22T05:40:40","guid":{"rendered":"https:\/\/www.notibras.com\/site\/?p=384196"},"modified":"2026-02-22T02:40:40","modified_gmt":"2026-02-22T05:40:40","slug":"vida-no-sertao-esconde-pobreza-e-desigualdade","status":"publish","type":"post","link":"https:\/\/www.notibras.com\/site\/vida-no-sertao-esconde-pobreza-e-desigualdade\/","title":{"rendered":"Vida no sert\u00e3o esconde pobreza e desigualdade"},"content":{"rendered":"<p>A vida no sert\u00e3o nordestino sempre foi marcada por contrastes profundos. De um lado, a seca castigando a terra rachada; do outro, um povo que aprendeu a resistir com f\u00e9, trabalho e coragem. No cen\u00e1rio \u00e1rido do interior, onde a chuva \u00e9 b\u00ean\u00e7\u00e3o aguardada com esperan\u00e7a, construiu-se uma hist\u00f3ria de luta e supera\u00e7\u00e3o.<\/p>\n<p>O clima do sert\u00e3o \u00e9 caracterizado por longos per\u00edodos de estiagem. A vegeta\u00e7\u00e3o t\u00edpica da Caatinga resiste como pode, adaptada ao calor intenso e \u00e0 escassez de \u00e1gua. Para o sertanejo, cada ano \u00e9 uma inc\u00f3gnita: haver\u00e1 inverno suficiente para encher os a\u00e7udes e garantir a colheita?<\/p>\n<p>Historicamente, as grandes secas deixaram marcas profundas na economia e na vida social da regi\u00e3o. A falta de \u00e1gua compromete planta\u00e7\u00f5es, reduz rebanhos e for\u00e7a muitas fam\u00edlias a buscarem alternativas em outras cidades.<\/p>\n<p>A escassez h\u00eddrica sempre esteve ligada \u00e0s dificuldades econ\u00f4micas. Pequenos agricultores dependem da chuva para plantar milho, feij\u00e3o e mandioca. Quando ela n\u00e3o vem, o sustento da fam\u00edlia fica amea\u00e7ado.<\/p>\n<p>Apesar das dificuldades, pol\u00edticas p\u00fablicas e programas sociais ao longo das d\u00e9cadas ajudaram a amenizar parte dos impactos, promovendo cisternas, perfura\u00e7\u00e3o de po\u00e7os e incentivo \u00e0 agricultura familiar.<\/p>\n<p>Se a seca \u00e9 s\u00edmbolo de adversidade, a for\u00e7a do povo sertanejo \u00e9 s\u00edmbolo de resist\u00eancia. No sert\u00e3o, aprende-se desde cedo que \u00e9 preciso lutar. A solidariedade entre vizinhos, o compartilhamento de \u00e1gua e alimento, e a f\u00e9 inabal\u00e1vel fazem parte do cotidiano.<\/p>\n<p>O sertanejo transforma dificuldade em aprendizado. Planta quando pode, cria animais adaptados ao clima e reinventa estrat\u00e9gias para sobreviver. A esperan\u00e7a renasce a cada sinal de nuvem no horizonte.<\/p>\n<p>A chegada das primeiras chuvas muda tudo: o ch\u00e3o ganha cor, o verde surge na paisagem e o sorriso volta ao rosto do agricultor. A terra, antes castigada, responde com vida. \u00c9 um espet\u00e1culo silencioso, mas carregado de emo\u00e7\u00e3o.<\/p>\n<p>A vida no sert\u00e3o \u00e9, acima de tudo, uma hist\u00f3ria de resist\u00eancia. Entre a seca e a pobreza, florescem coragem, dignidade e uma for\u00e7a que atravessa gera\u00e7\u00f5es. O sert\u00e3o ensina que, mesmo diante das maiores adversidades, \u00e9 poss\u00edvel manter a esperan\u00e7a.<\/p>\n","protected":false},"excerpt":{"rendered":"<p>A vida no sert\u00e3o nordestino sempre foi marcada por contrastes profundos. De um lado, a seca castigando a terra rachada; do outro, um povo que aprendeu a resistir com f\u00e9, trabalho e coragem. No cen\u00e1rio \u00e1rido do interior, onde a chuva \u00e9 b\u00ean\u00e7\u00e3o aguardada com esperan\u00e7a, construiu-se uma hist\u00f3ria de luta e supera\u00e7\u00e3o. O clima [&hellip;]<\/p>\n","protected":false},"author":2,"featured_media":384198,"comment_status":"closed","ping_status":"closed","sticky":false,"template":"","format":"standard","meta":{"_acf_changed":false,"footnotes":""},"categories":[165],"tags":[],"class_list":["post-384196","post","type-post","status-publish","format-standard","has-post-thumbnail","hentry","category-nordeste"],"acf":[],"yoast_head":"<!-- This site is optimized with the Yoast SEO plugin v27.2 - https:\/\/yoast.com\/product\/yoast-seo-wordpress\/ -->\n<title>Vida no sert\u00e3o esconde pobreza e desigualdade - Notibras<\/title>\n<meta name=\"robots\" content=\"index, follow, max-snippet:-1, max-image-preview:large, max-video-preview:-1\" \/>\n<link rel=\"canonical\" href=\"https:\/\/www.notibras.com\/site\/vida-no-sertao-esconde-pobreza-e-desigualdade\/\" \/>\n<meta property=\"og:locale\" content=\"pt_BR\" \/>\n<meta property=\"og:type\" content=\"article\" \/>\n<meta property=\"og:title\" content=\"Vida no sert\u00e3o esconde pobreza e desigualdade - Notibras\" \/>\n<meta property=\"og:description\" content=\"A vida no sert\u00e3o nordestino sempre foi marcada por contrastes profundos. De um lado, a seca castigando a terra rachada; do outro, um povo que aprendeu a resistir com f\u00e9, trabalho e coragem. No cen\u00e1rio \u00e1rido do interior, onde a chuva \u00e9 b\u00ean\u00e7\u00e3o aguardada com esperan\u00e7a, construiu-se uma hist\u00f3ria de luta e supera\u00e7\u00e3o. O clima [&hellip;]\" \/>\n<meta property=\"og:url\" content=\"https:\/\/www.notibras.com\/site\/vida-no-sertao-esconde-pobreza-e-desigualdade\/\" \/>\n<meta property=\"og:site_name\" content=\"Notibras\" \/>\n<meta property=\"article:publisher\" content=\"https:\/\/www.facebook.com\/notibras\/\" \/>\n<meta property=\"article:published_time\" content=\"2026-02-22T05:40:40+00:00\" \/>\n<meta property=\"og:image\" content=\"https:\/\/www.notibras.com\/site\/wp-content\/uploads\/2026\/02\/465dfdbf-1b65-4bb6-82ca-02c686b783c5.jpg\" \/>\n\t<meta property=\"og:image:width\" content=\"984\" \/>\n\t<meta property=\"og:image:height\" content=\"692\" \/>\n\t<meta property=\"og:image:type\" content=\"image\/jpeg\" \/>\n<meta name=\"author\" content=\"Reda\u00e7\u00e3o\" \/>\n<meta name=\"twitter:card\" content=\"summary_large_image\" \/>\n<meta name=\"twitter:creator\" content=\"@Notibras\" \/>\n<meta name=\"twitter:site\" content=\"@Notibras\" \/>\n<meta name=\"twitter:label1\" content=\"Escrito por\" \/>\n\t<meta name=\"twitter:data1\" content=\"Reda\u00e7\u00e3o\" \/>\n\t<meta name=\"twitter:label2\" content=\"Est. tempo de leitura\" \/>\n\t<meta name=\"twitter:data2\" content=\"3 minutos\" \/>\n<script type=\"application\/ld+json\" class=\"yoast-schema-graph\">{\"@context\":\"https:\/\/schema.org\",\"@graph\":[{\"@type\":\"Article\",\"@id\":\"https:\/\/www.notibras.com\/site\/vida-no-sertao-esconde-pobreza-e-desigualdade\/#article\",\"isPartOf\":{\"@id\":\"https:\/\/www.notibras.com\/site\/vida-no-sertao-esconde-pobreza-e-desigualdade\/\"},\"author\":{\"name\":\"Reda\u00e7\u00e3o\",\"@id\":\"https:\/\/www.notibras.com\/site\/#\/schema\/person\/36ab0979449956132d3e5b517ea76ac8\"},\"headline\":\"Vida no sert\u00e3o esconde pobreza e desigualdade\",\"datePublished\":\"2026-02-22T05:40:40+00:00\",\"mainEntityOfPage\":{\"@id\":\"https:\/\/www.notibras.com\/site\/vida-no-sertao-esconde-pobreza-e-desigualdade\/\"},\"wordCount\":387,\"publisher\":{\"@id\":\"https:\/\/www.notibras.com\/site\/#organization\"},\"image\":{\"@id\":\"https:\/\/www.notibras.com\/site\/vida-no-sertao-esconde-pobreza-e-desigualdade\/#primaryimage\"},\"thumbnailUrl\":\"https:\/\/www.notibras.com\/site\/wp-content\/uploads\/2026\/02\/465dfdbf-1b65-4bb6-82ca-02c686b783c5.jpg\",\"articleSection\":[\"Nordeste\"],\"inLanguage\":\"pt-BR\"},{\"@type\":\"WebPage\",\"@id\":\"https:\/\/www.notibras.com\/site\/vida-no-sertao-esconde-pobreza-e-desigualdade\/\",\"url\":\"https:\/\/www.notibras.com\/site\/vida-no-sertao-esconde-pobreza-e-desigualdade\/\",\"name\":\"Vida no sert\u00e3o esconde pobreza e desigualdade - Notibras\",\"isPartOf\":{\"@id\":\"https:\/\/www.notibras.com\/site\/#website\"},\"primaryImageOfPage\":{\"@id\":\"https:\/\/www.notibras.com\/site\/vida-no-sertao-esconde-pobreza-e-desigualdade\/#primaryimage\"},\"image\":{\"@id\":\"https:\/\/www.notibras.com\/site\/vida-no-sertao-esconde-pobreza-e-desigualdade\/#primaryimage\"},\"thumbnailUrl\":\"https:\/\/www.notibras.com\/site\/wp-content\/uploads\/2026\/02\/465dfdbf-1b65-4bb6-82ca-02c686b783c5.jpg\",\"datePublished\":\"2026-02-22T05:40:40+00:00\",\"breadcrumb\":{\"@id\":\"https:\/\/www.notibras.com\/site\/vida-no-sertao-esconde-pobreza-e-desigualdade\/#breadcrumb\"},\"inLanguage\":\"pt-BR\",\"potentialAction\":[{\"@type\":\"ReadAction\",\"target\":[\"https:\/\/www.notibras.com\/site\/vida-no-sertao-esconde-pobreza-e-desigualdade\/\"]}]},{\"@type\":\"ImageObject\",\"inLanguage\":\"pt-BR\",\"@id\":\"https:\/\/www.notibras.com\/site\/vida-no-sertao-esconde-pobreza-e-desigualdade\/#primaryimage\",\"url\":\"https:\/\/www.notibras.com\/site\/wp-content\/uploads\/2026\/02\/465dfdbf-1b65-4bb6-82ca-02c686b783c5.jpg\",\"contentUrl\":\"https:\/\/www.notibras.com\/site\/wp-content\/uploads\/2026\/02\/465dfdbf-1b65-4bb6-82ca-02c686b783c5.jpg\",\"width\":984,\"height\":692},{\"@type\":\"BreadcrumbList\",\"@id\":\"https:\/\/www.notibras.com\/site\/vida-no-sertao-esconde-pobreza-e-desigualdade\/#breadcrumb\",\"itemListElement\":[{\"@type\":\"ListItem\",\"position\":1,\"name\":\"In\u00edcio\",\"item\":\"https:\/\/www.notibras.com\/site\/\"},{\"@type\":\"ListItem\",\"position\":2,\"name\":\"Vida no sert\u00e3o esconde pobreza e desigualdade\"}]},{\"@type\":\"WebSite\",\"@id\":\"https:\/\/www.notibras.com\/site\/#website\",\"url\":\"https:\/\/www.notibras.com\/site\/\",\"name\":\"Notibras\",\"description\":\"Not\u00edcias de Bras\u00edlia, do Brasil e do Mundo\",\"publisher\":{\"@id\":\"https:\/\/www.notibras.com\/site\/#organization\"},\"potentialAction\":[{\"@type\":\"SearchAction\",\"target\":{\"@type\":\"EntryPoint\",\"urlTemplate\":\"https:\/\/www.notibras.com\/site\/?s={search_term_string}\"},\"query-input\":{\"@type\":\"PropertyValueSpecification\",\"valueRequired\":true,\"valueName\":\"search_term_string\"}}],\"inLanguage\":\"pt-BR\"},{\"@type\":\"Organization\",\"@id\":\"https:\/\/www.notibras.com\/site\/#organization\",\"name\":\"Grupo Notibras de Comunica\u00e7\u00e3o\",\"url\":\"https:\/\/www.notibras.com\/site\/\",\"logo\":{\"@type\":\"ImageObject\",\"inLanguage\":\"pt-BR\",\"@id\":\"https:\/\/www.notibras.com\/site\/#\/schema\/logo\/image\/\",\"url\":\"https:\/\/www.notibras.com\/site\/wp-content\/uploads\/2023\/01\/notibras23.png\",\"contentUrl\":\"https:\/\/www.notibras.com\/site\/wp-content\/uploads\/2023\/01\/notibras23.png\",\"width\":350,\"height\":87,\"caption\":\"Grupo Notibras de Comunica\u00e7\u00e3o\"},\"image\":{\"@id\":\"https:\/\/www.notibras.com\/site\/#\/schema\/logo\/image\/\"},\"sameAs\":[\"https:\/\/www.facebook.com\/notibras\/\",\"https:\/\/x.com\/Notibras\",\"https:\/\/www.instagram.com\/notibras\/\"]},{\"@type\":\"Person\",\"@id\":\"https:\/\/www.notibras.com\/site\/#\/schema\/person\/36ab0979449956132d3e5b517ea76ac8\",\"name\":\"Reda\u00e7\u00e3o\",\"image\":{\"@type\":\"ImageObject\",\"inLanguage\":\"pt-BR\",\"@id\":\"https:\/\/secure.gravatar.com\/avatar\/e0a867bdedb85fd243eadf09663511f96fc81e0720a4a42581f334ad4303aa6b?s=96&d=mm&r=g\",\"url\":\"https:\/\/secure.gravatar.com\/avatar\/e0a867bdedb85fd243eadf09663511f96fc81e0720a4a42581f334ad4303aa6b?s=96&d=mm&r=g\",\"contentUrl\":\"https:\/\/secure.gravatar.com\/avatar\/e0a867bdedb85fd243eadf09663511f96fc81e0720a4a42581f334ad4303aa6b?s=96&d=mm&r=g\",\"caption\":\"Reda\u00e7\u00e3o\"}}]}<\/script>\n<!-- \/ Yoast SEO plugin. -->","yoast_head_json":{"title":"Vida no sert\u00e3o esconde pobreza e desigualdade - Notibras","robots":{"index":"index","follow":"follow","max-snippet":"max-snippet:-1","max-image-preview":"max-image-preview:large","max-video-preview":"max-video-preview:-1"},"canonical":"https:\/\/www.notibras.com\/site\/vida-no-sertao-esconde-pobreza-e-desigualdade\/","og_locale":"pt_BR","og_type":"article","og_title":"Vida no sert\u00e3o esconde pobreza e desigualdade - Notibras","og_description":"A vida no sert\u00e3o nordestino sempre foi marcada por contrastes profundos. De um lado, a seca castigando a terra rachada; do outro, um povo que aprendeu a resistir com f\u00e9, trabalho e coragem. No cen\u00e1rio \u00e1rido do interior, onde a chuva \u00e9 b\u00ean\u00e7\u00e3o aguardada com esperan\u00e7a, construiu-se uma hist\u00f3ria de luta e supera\u00e7\u00e3o. O clima [&hellip;]","og_url":"https:\/\/www.notibras.com\/site\/vida-no-sertao-esconde-pobreza-e-desigualdade\/","og_site_name":"Notibras","article_publisher":"https:\/\/www.facebook.com\/notibras\/","article_published_time":"2026-02-22T05:40:40+00:00","og_image":[{"width":984,"height":692,"url":"https:\/\/www.notibras.com\/site\/wp-content\/uploads\/2026\/02\/465dfdbf-1b65-4bb6-82ca-02c686b783c5.jpg","type":"image\/jpeg"}],"author":"Reda\u00e7\u00e3o","twitter_card":"summary_large_image","twitter_creator":"@Notibras","twitter_site":"@Notibras","twitter_misc":{"Escrito por":"Reda\u00e7\u00e3o","Est. tempo de leitura":"3 minutos"},"schema":{"@context":"https:\/\/schema.org","@graph":[{"@type":"Article","@id":"https:\/\/www.notibras.com\/site\/vida-no-sertao-esconde-pobreza-e-desigualdade\/#article","isPartOf":{"@id":"https:\/\/www.notibras.com\/site\/vida-no-sertao-esconde-pobreza-e-desigualdade\/"},"author":{"name":"Reda\u00e7\u00e3o","@id":"https:\/\/www.notibras.com\/site\/#\/schema\/person\/36ab0979449956132d3e5b517ea76ac8"},"headline":"Vida no sert\u00e3o esconde pobreza e desigualdade","datePublished":"2026-02-22T05:40:40+00:00","mainEntityOfPage":{"@id":"https:\/\/www.notibras.com\/site\/vida-no-sertao-esconde-pobreza-e-desigualdade\/"},"wordCount":387,"publisher":{"@id":"https:\/\/www.notibras.com\/site\/#organization"},"image":{"@id":"https:\/\/www.notibras.com\/site\/vida-no-sertao-esconde-pobreza-e-desigualdade\/#primaryimage"},"thumbnailUrl":"https:\/\/www.notibras.com\/site\/wp-content\/uploads\/2026\/02\/465dfdbf-1b65-4bb6-82ca-02c686b783c5.jpg","articleSection":["Nordeste"],"inLanguage":"pt-BR"},{"@type":"WebPage","@id":"https:\/\/www.notibras.com\/site\/vida-no-sertao-esconde-pobreza-e-desigualdade\/","url":"https:\/\/www.notibras.com\/site\/vida-no-sertao-esconde-pobreza-e-desigualdade\/","name":"Vida no sert\u00e3o esconde pobreza e desigualdade - Notibras","isPartOf":{"@id":"https:\/\/www.notibras.com\/site\/#website"},"primaryImageOfPage":{"@id":"https:\/\/www.notibras.com\/site\/vida-no-sertao-esconde-pobreza-e-desigualdade\/#primaryimage"},"image":{"@id":"https:\/\/www.notibras.com\/site\/vida-no-sertao-esconde-pobreza-e-desigualdade\/#primaryimage"},"thumbnailUrl":"https:\/\/www.notibras.com\/site\/wp-content\/uploads\/2026\/02\/465dfdbf-1b65-4bb6-82ca-02c686b783c5.jpg","datePublished":"2026-02-22T05:40:40+00:00","breadcrumb":{"@id":"https:\/\/www.notibras.com\/site\/vida-no-sertao-esconde-pobreza-e-desigualdade\/#breadcrumb"},"inLanguage":"pt-BR","potentialAction":[{"@type":"ReadAction","target":["https:\/\/www.notibras.com\/site\/vida-no-sertao-esconde-pobreza-e-desigualdade\/"]}]},{"@type":"ImageObject","inLanguage":"pt-BR","@id":"https:\/\/www.notibras.com\/site\/vida-no-sertao-esconde-pobreza-e-desigualdade\/#primaryimage","url":"https:\/\/www.notibras.com\/site\/wp-content\/uploads\/2026\/02\/465dfdbf-1b65-4bb6-82ca-02c686b783c5.jpg","contentUrl":"https:\/\/www.notibras.com\/site\/wp-content\/uploads\/2026\/02\/465dfdbf-1b65-4bb6-82ca-02c686b783c5.jpg","width":984,"height":692},{"@type":"BreadcrumbList","@id":"https:\/\/www.notibras.com\/site\/vida-no-sertao-esconde-pobreza-e-desigualdade\/#breadcrumb","itemListElement":[{"@type":"ListItem","position":1,"name":"In\u00edcio","item":"https:\/\/www.notibras.com\/site\/"},{"@type":"ListItem","position":2,"name":"Vida no sert\u00e3o esconde pobreza e desigualdade"}]},{"@type":"WebSite","@id":"https:\/\/www.notibras.com\/site\/#website","url":"https:\/\/www.notibras.com\/site\/","name":"Notibras","description":"Not\u00edcias de Bras\u00edlia, do Brasil e do Mundo","publisher":{"@id":"https:\/\/www.notibras.com\/site\/#organization"},"potentialAction":[{"@type":"SearchAction","target":{"@type":"EntryPoint","urlTemplate":"https:\/\/www.notibras.com\/site\/?s={search_term_string}"},"query-input":{"@type":"PropertyValueSpecification","valueRequired":true,"valueName":"search_term_string"}}],"inLanguage":"pt-BR"},{"@type":"Organization","@id":"https:\/\/www.notibras.com\/site\/#organization","name":"Grupo Notibras de Comunica\u00e7\u00e3o","url":"https:\/\/www.notibras.com\/site\/","logo":{"@type":"ImageObject","inLanguage":"pt-BR","@id":"https:\/\/www.notibras.com\/site\/#\/schema\/logo\/image\/","url":"https:\/\/www.notibras.com\/site\/wp-content\/uploads\/2023\/01\/notibras23.png","contentUrl":"https:\/\/www.notibras.com\/site\/wp-content\/uploads\/2023\/01\/notibras23.png","width":350,"height":87,"caption":"Grupo Notibras de Comunica\u00e7\u00e3o"},"image":{"@id":"https:\/\/www.notibras.com\/site\/#\/schema\/logo\/image\/"},"sameAs":["https:\/\/www.facebook.com\/notibras\/","https:\/\/x.com\/Notibras","https:\/\/www.instagram.com\/notibras\/"]},{"@type":"Person","@id":"https:\/\/www.notibras.com\/site\/#\/schema\/person\/36ab0979449956132d3e5b517ea76ac8","name":"Reda\u00e7\u00e3o","image":{"@type":"ImageObject","inLanguage":"pt-BR","@id":"https:\/\/secure.gravatar.com\/avatar\/e0a867bdedb85fd243eadf09663511f96fc81e0720a4a42581f334ad4303aa6b?s=96&d=mm&r=g","url":"https:\/\/secure.gravatar.com\/avatar\/e0a867bdedb85fd243eadf09663511f96fc81e0720a4a42581f334ad4303aa6b?s=96&d=mm&r=g","contentUrl":"https:\/\/secure.gravatar.com\/avatar\/e0a867bdedb85fd243eadf09663511f96fc81e0720a4a42581f334ad4303aa6b?s=96&d=mm&r=g","caption":"Reda\u00e7\u00e3o"}}]}},"amp_enabled":true,"_links":{"self":[{"href":"https:\/\/www.notibras.com\/site\/wp-json\/wp\/v2\/posts\/384196","targetHints":{"allow":["GET"]}}],"collection":[{"href":"https:\/\/www.notibras.com\/site\/wp-json\/wp\/v2\/posts"}],"about":[{"href":"https:\/\/www.notibras.com\/site\/wp-json\/wp\/v2\/types\/post"}],"author":[{"embeddable":true,"href":"https:\/\/www.notibras.com\/site\/wp-json\/wp\/v2\/users\/2"}],"replies":[{"embeddable":true,"href":"https:\/\/www.notibras.com\/site\/wp-json\/wp\/v2\/comments?post=384196"}],"version-history":[{"count":1,"href":"https:\/\/www.notibras.com\/site\/wp-json\/wp\/v2\/posts\/384196\/revisions"}],"predecessor-version":[{"id":384199,"href":"https:\/\/www.notibras.com\/site\/wp-json\/wp\/v2\/posts\/384196\/revisions\/384199"}],"wp:featuredmedia":[{"embeddable":true,"href":"https:\/\/www.notibras.com\/site\/wp-json\/wp\/v2\/media\/384198"}],"wp:attachment":[{"href":"https:\/\/www.notibras.com\/site\/wp-json\/wp\/v2\/media?parent=384196"}],"wp:term":[{"taxonomy":"category","embeddable":true,"href":"https:\/\/www.notibras.com\/site\/wp-json\/wp\/v2\/categories?post=384196"},{"taxonomy":"post_tag","embeddable":true,"href":"https:\/\/www.notibras.com\/site\/wp-json\/wp\/v2\/tags?post=384196"}],"curies":[{"name":"wp","href":"https:\/\/api.w.org\/{rel}","templated":true}]}}