{"id":384226,"date":"2026-02-22T00:00:19","date_gmt":"2026-02-22T03:00:19","guid":{"rendered":"https:\/\/www.notibras.com\/site\/?p=384226"},"modified":"2026-02-22T09:53:48","modified_gmt":"2026-02-22T12:53:48","slug":"indigenas-protestam-contra-privatizacao-de-hidrovias","status":"publish","type":"post","link":"https:\/\/www.notibras.com\/site\/indigenas-protestam-contra-privatizacao-de-hidrovias\/","title":{"rendered":"Ind\u00edgenas protestam contra privatiza\u00e7\u00e3o de hidrovias"},"content":{"rendered":"<p>Um grupo de ind\u00edgenas ocupou o escrit\u00f3rio do terminal que a multinacional Cargill opera no Porto de Santar\u00e9m, no Par\u00e1. Segundo o Conselho Ind\u00edgena Tapaj\u00f3s e Arapiuns (Cita), o ato faz parte da s\u00e9rie de protestos que h\u00e1 mais de um m\u00eas o movimento ind\u00edgena vem promovendo contra o Decreto n\u00ba 12.600, de agosto de 2025, que inclui as hidrovias dos rios Madeira, Tocantins e Tapaj\u00f3s no Programa Nacional de Desestatiza\u00e7\u00e3o (PND).<\/p>\n<p>Enquanto representantes de comunidades ind\u00edgenas paraenses e mato-grossenses ligadas \u00e0 Cita bloqueavam o acesso ao terminal, a cerca de 3,2 mil quil\u00f4metros dali, em S\u00e3o Paulo, ambientalistas e integrantes de entidades sociais protestavam diante do escrit\u00f3rio central da Cargill, bloqueando duas faixas da Avenida Chucri Zaidan, na Vila S\u00e3o Francisco, na zona sul da capital paulista.<\/p>\n<p>Em nota, a multinacional classificou as duas a\u00e7\u00f5es deste s\u00e1bado como \u201cviolentas\u201d. Segundo a assessoria da Cargill, h\u00e1 30 dias os manifestantes bloqueiam o acesso de caminh\u00f5es ao terminal portu\u00e1rio de Santar\u00e9m, apesar de a Justi\u00e7a j\u00e1 ter determinado a desocupa\u00e7\u00e3o da \u00e1rea.<\/p>\n<p>Ainda de acordo com a assessoria da empresa, diante da iminente ocupa\u00e7\u00e3o do terminal paraense, os funcion\u00e1rios que estavam trabalhando buscaram abrigo em um local fechado onde permaneceram em seguran\u00e7a at\u00e9 serem retirados do local.<\/p>\n<p>N\u00e3o h\u00e1, at\u00e9 o momento, registros de trabalhadores ou manifestantes feridos, e a empresa informou estar checando se m\u00e1quinas ou equipamentos foram depredados.<\/p>\n<p>\u201cAl\u00e9m disso, a companhia, que j\u00e1 tem ordem judicial [favor\u00e1vel] \u00e0 desocupa\u00e7\u00e3o [do terminal], segue em contato com as autoridades para que as provid\u00eancias para a desocupa\u00e7\u00e3o sejam tomadas de forma ordeira e segura\u201d, acrescentou a Cargill.<\/p>\n<p><strong>Indigna\u00e7\u00e3o<\/strong><br \/>\nPelas redes sociais, o Conselho Ind\u00edgenas Tapaj\u00f3s e Arapiuns afirmou que a ocupa\u00e7\u00e3o do escrit\u00f3rio da multinacional ap\u00f3s mais de 30 dias acampados diante do terminal paraense foi motivada pela indigna\u00e7\u00e3o frente a n\u00e3o revoga\u00e7\u00e3o integral do Decreto n\u00ba 12.600, cujos efeitos \u201camea\u00e7am a qualidade da \u00e1gua, a pesca, a soberania alimentar e a integridade da floresta\u201d.<\/p>\n<p>\u201cEstamos aqui porque defendemos o direito de existir\u201d, afirmou o Cita, argumentando que, durante a ocupa\u00e7\u00e3o do p\u00e1tio do terminal, no \u00faltimo m\u00eas, chegou a liberar, \u201cde forma pac\u00edfica e organizada\u201d, as vias de acesso e os espa\u00e7os necess\u00e1rios \u00e0 opera\u00e7\u00e3o de carga e descarga.<\/p>\n<p>\u201cN\u00e3o queremos tratar essa quest\u00e3o como caso de pol\u00edcia. Nossa luta n\u00e3o \u00e9 de seguran\u00e7a p\u00fablica, mas de justi\u00e7a socioambiental, responsabilidade constitucional e direitos humanos.\u201d<\/p>\n<p>A entidade ind\u00edgena disse ainda que cobra das autoridades federais respons\u00e1veis, explica\u00e7\u00f5es sobre os crit\u00e9rios adotados para autorizar a \u201cprivatiza\u00e7\u00e3o dos rios da regi\u00e3o\u201d, bem como a realiza\u00e7\u00e3o de estudos para avaliar eventuais impactos sociais, ambientais e culturais decorrentes dos empreendimentos.<\/p>\n<p>\u201cPermaneceremos mobilizados at\u00e9 que haja compromisso concreto com a revoga\u00e7\u00e3o do Decreto n\u00ba 12.600 e com a garantia de consulta pr\u00e9via, livre, informada e de boa-f\u00e9 antes de decidirem sobre qualquer empreendimento que avance sobre nossos corpos e nossos territ\u00f3rios\u201d, concluiu a Cita.<\/p>\n<p>Em nota enviada \u00e0 Ag\u00eancia Brasil, a Secretaria-Geral da Presid\u00eancia da Rep\u00fablica informou estar acompanhando a mobiliza\u00e7\u00e3o dos povos ind\u00edgenas do Par\u00e1 e do Mato Grosso.<\/p>\n<p>A pasta afirmou que reconhece e defende o direito a manifesta\u00e7\u00f5es pac\u00edficas e reiterou o compromisso de, junto com outros \u00f3rg\u00e3os federais, consultar, previamente, as comunidades que vivem sob a \u00e1rea de influ\u00eancia dos empreendimentos sobre os eventuais impactos sociambientais.<\/p>\n<p>\u201cAs condi\u00e7\u00f5es t\u00e9cnicas para a instala\u00e7\u00e3o de um grupo de trabalho interministerial \u2013 com a participa\u00e7\u00e3o de \u00f3rg\u00e3os federais e representantes indicados pelos povos ind\u00edgenas da regi\u00e3o, para organizar e conduzir os processos de consulta &#8211; j\u00e1 est\u00e3o garantidas e, conforme acordado em reuni\u00e3o com as lideran\u00e7as do movimento, aguarda o aval dessas lideran\u00e7as, no momento em que julgarem adequado&#8221;, assegurou a secretaria-geral.<\/p>\n<p><strong>Dragagem suspensa e consulta p\u00fablica<\/strong><br \/>\nNo \u00faltimo dia 6, quando organiza\u00e7\u00f5es ind\u00edgenas e sociais j\u00e1 protestavam em diferentes localidades do pa\u00eds, o governo federal anunciou a suspens\u00e3o do processo de sele\u00e7\u00e3o e contrata\u00e7\u00e3o de uma empresa para realizar a dragagem do Rio Tapaj\u00f3s, no Par\u00e1.<\/p>\n<p>Na ocasi\u00e3o, o governo federal informou, por meio de uma nota, que a suspens\u00e3o das obras era um \u201cgesto de negocia\u00e7\u00e3o\u201d, ainda que a dragagem n\u00e3o tivesse rela\u00e7\u00e3o direta com o projeto de conceder a hidrovia \u00e0 explora\u00e7\u00e3o comercial privada.<\/p>\n<p>&#8220;\u00c9 importante mencionar que as obras de dragagem anunciadas pelo Minist\u00e9rio de Portos e Aeroportos constituem a\u00e7\u00e3o de rotina, feitas igualmente em anos anteriores, e respondem \u00e0 necessidade de garantir o tr\u00e1fego fluvi\u00e1rio na Hidrovia do Tapaj\u00f3s diante dos per\u00edodos de baixa das \u00e1guas&#8221;, argumentou o governo.<\/p>\n<p>Al\u00e9m disso, assumiu outros dois compromissos: instituir um grupo de trabalho interministerial com a participa\u00e7\u00e3o de \u00f3rg\u00e3os e entidades da administra\u00e7\u00e3o p\u00fablica federal e de representantes indicados pelos povos ind\u00edgenas da regi\u00e3o, para discutir, sistematizar e orientar os processos de consulta pr\u00e9via \u00e0s comunidades afetadas; e apresentar um cronograma para realizar as consultas, definido em comum acordo com a entidades representativas.<\/p>\n<p>Em novembro do ano passado, o ministro da Secretaria-Geral da Presid\u00eancia, Guilherme Boulos, j\u00e1 tinha assumido o compromisso de consultar os povos do Rio Tapaj\u00f3s sobre a destina\u00e7\u00e3o das hidrovias.<\/p>\n<p>\u201cTemos o compromisso, e o governo federal far\u00e1, em rela\u00e7\u00e3o ao Tapaj\u00f3s, uma consulta livre, pr\u00e9via e informada a todos os povos da regi\u00e3o, antes de implementar qualquer projeto no rio. E n\u00f3s, da Secretaria-Geral da Presid\u00eancia da Rep\u00fablica, criaremos uma mesa de di\u00e1logo com todos esses povos, para receb\u00ea-los em Bras\u00edlia e construir a solu\u00e7\u00e3o.\u201d<\/p>\n<p>Na \u00e9poca, os ind\u00edgenas protestarem durante a 30\u00aa Confer\u00eancia das Na\u00e7\u00f5es Unidas Sobre Mudan\u00e7as Clim\u00e1ticas (COP30).<\/p>\n<p>Tamb\u00e9m em novembro, a Casa Civil garantiu que n\u00e3o faria qualquer interven\u00e7\u00e3o nos rios Tapaj\u00f3s, Madeira e Tocantins sem o devido processo de licenciamento ambiental, incluindo a realiza\u00e7\u00e3o de estudos de impacto.<\/p>\n<p>\u201c\u00c9 compromisso deste governo garantir ao longo do processo de estudo e licenciamento uma consulta pr\u00e9via, livre e Informada \u00e0s comunidades locais, ind\u00edgenas, quilombolas e ribeirinhos, seguindo a Conven\u00e7\u00e3o 169 da OIT [Organiza\u00e7\u00e3o Internacional do Trabalho], da qual o Brasil \u00e9 signat\u00e1rio.\u201d<\/p>\n<p>De acordo com a Casa Civil, o prop\u00f3sito de transferir para a iniciativa privada a responsabilidade pela manuten\u00e7\u00e3o da navegabilidade das hidrovias seria para garantir \u201cum escoamento mais seguro e ambientalmente protegido\u201d.<\/p>\n","protected":false},"excerpt":{"rendered":"<p>Um grupo de ind\u00edgenas ocupou o escrit\u00f3rio do terminal que a multinacional Cargill opera no Porto de Santar\u00e9m, no Par\u00e1. Segundo o Conselho Ind\u00edgena Tapaj\u00f3s e Arapiuns (Cita), o ato faz parte da s\u00e9rie de protestos que h\u00e1 mais de um m\u00eas o movimento ind\u00edgena vem promovendo contra o Decreto n\u00ba 12.600, de agosto de [&hellip;]<\/p>\n","protected":false},"author":2,"featured_media":384227,"comment_status":"closed","ping_status":"closed","sticky":false,"template":"","format":"standard","meta":{"_acf_changed":false,"footnotes":""},"categories":[16],"tags":[],"class_list":["post-384226","post","type-post","status-publish","format-standard","has-post-thumbnail","hentry","category-brasil"],"acf":[],"yoast_head":"<!-- This site is optimized with the Yoast SEO plugin v27.2 - https:\/\/yoast.com\/product\/yoast-seo-wordpress\/ -->\n<title>Ind\u00edgenas protestam contra privatiza\u00e7\u00e3o de hidrovias - Notibras<\/title>\n<meta name=\"robots\" content=\"index, follow, max-snippet:-1, max-image-preview:large, max-video-preview:-1\" \/>\n<link rel=\"canonical\" href=\"https:\/\/www.notibras.com\/site\/indigenas-protestam-contra-privatizacao-de-hidrovias\/\" \/>\n<meta property=\"og:locale\" content=\"pt_BR\" \/>\n<meta property=\"og:type\" content=\"article\" \/>\n<meta property=\"og:title\" content=\"Ind\u00edgenas protestam contra privatiza\u00e7\u00e3o de hidrovias - Notibras\" \/>\n<meta property=\"og:description\" content=\"Um grupo de ind\u00edgenas ocupou o escrit\u00f3rio do terminal que a multinacional Cargill opera no Porto de Santar\u00e9m, no Par\u00e1. Segundo o Conselho Ind\u00edgena Tapaj\u00f3s e Arapiuns (Cita), o ato faz parte da s\u00e9rie de protestos que h\u00e1 mais de um m\u00eas o movimento ind\u00edgena vem promovendo contra o Decreto n\u00ba 12.600, de agosto de [&hellip;]\" \/>\n<meta property=\"og:url\" content=\"https:\/\/www.notibras.com\/site\/indigenas-protestam-contra-privatizacao-de-hidrovias\/\" \/>\n<meta property=\"og:site_name\" content=\"Notibras\" \/>\n<meta property=\"article:publisher\" content=\"https:\/\/www.facebook.com\/notibras\/\" \/>\n<meta property=\"article:published_time\" content=\"2026-02-22T03:00:19+00:00\" \/>\n<meta property=\"article:modified_time\" content=\"2026-02-22T12:53:48+00:00\" \/>\n<meta property=\"og:image\" content=\"https:\/\/www.notibras.com\/site\/wp-content\/uploads\/2026\/02\/img-5761.jpg-1-_copiar.webp\" \/>\n\t<meta property=\"og:image:width\" content=\"1170\" \/>\n\t<meta property=\"og:image:height\" content=\"700\" \/>\n\t<meta property=\"og:image:type\" content=\"image\/webp\" \/>\n<meta name=\"author\" content=\"Reda\u00e7\u00e3o\" \/>\n<meta name=\"twitter:card\" content=\"summary_large_image\" \/>\n<meta name=\"twitter:creator\" content=\"@Notibras\" \/>\n<meta name=\"twitter:site\" content=\"@Notibras\" \/>\n<meta name=\"twitter:label1\" content=\"Escrito por\" \/>\n\t<meta name=\"twitter:data1\" content=\"Reda\u00e7\u00e3o\" \/>\n\t<meta name=\"twitter:label2\" content=\"Est. tempo de leitura\" \/>\n\t<meta name=\"twitter:data2\" content=\"6 minutos\" \/>\n<script type=\"application\/ld+json\" class=\"yoast-schema-graph\">{\"@context\":\"https:\/\/schema.org\",\"@graph\":[{\"@type\":\"Article\",\"@id\":\"https:\/\/www.notibras.com\/site\/indigenas-protestam-contra-privatizacao-de-hidrovias\/#article\",\"isPartOf\":{\"@id\":\"https:\/\/www.notibras.com\/site\/indigenas-protestam-contra-privatizacao-de-hidrovias\/\"},\"author\":{\"name\":\"Reda\u00e7\u00e3o\",\"@id\":\"https:\/\/www.notibras.com\/site\/#\/schema\/person\/36ab0979449956132d3e5b517ea76ac8\"},\"headline\":\"Ind\u00edgenas protestam contra privatiza\u00e7\u00e3o de hidrovias\",\"datePublished\":\"2026-02-22T03:00:19+00:00\",\"dateModified\":\"2026-02-22T12:53:48+00:00\",\"mainEntityOfPage\":{\"@id\":\"https:\/\/www.notibras.com\/site\/indigenas-protestam-contra-privatizacao-de-hidrovias\/\"},\"wordCount\":1140,\"publisher\":{\"@id\":\"https:\/\/www.notibras.com\/site\/#organization\"},\"image\":{\"@id\":\"https:\/\/www.notibras.com\/site\/indigenas-protestam-contra-privatizacao-de-hidrovias\/#primaryimage\"},\"thumbnailUrl\":\"https:\/\/www.notibras.com\/site\/wp-content\/uploads\/2026\/02\/img-5761.jpg-1-_copiar.webp\",\"articleSection\":[\"Brasil\"],\"inLanguage\":\"pt-BR\"},{\"@type\":\"WebPage\",\"@id\":\"https:\/\/www.notibras.com\/site\/indigenas-protestam-contra-privatizacao-de-hidrovias\/\",\"url\":\"https:\/\/www.notibras.com\/site\/indigenas-protestam-contra-privatizacao-de-hidrovias\/\",\"name\":\"Ind\u00edgenas protestam contra privatiza\u00e7\u00e3o de hidrovias - Notibras\",\"isPartOf\":{\"@id\":\"https:\/\/www.notibras.com\/site\/#website\"},\"primaryImageOfPage\":{\"@id\":\"https:\/\/www.notibras.com\/site\/indigenas-protestam-contra-privatizacao-de-hidrovias\/#primaryimage\"},\"image\":{\"@id\":\"https:\/\/www.notibras.com\/site\/indigenas-protestam-contra-privatizacao-de-hidrovias\/#primaryimage\"},\"thumbnailUrl\":\"https:\/\/www.notibras.com\/site\/wp-content\/uploads\/2026\/02\/img-5761.jpg-1-_copiar.webp\",\"datePublished\":\"2026-02-22T03:00:19+00:00\",\"dateModified\":\"2026-02-22T12:53:48+00:00\",\"breadcrumb\":{\"@id\":\"https:\/\/www.notibras.com\/site\/indigenas-protestam-contra-privatizacao-de-hidrovias\/#breadcrumb\"},\"inLanguage\":\"pt-BR\",\"potentialAction\":[{\"@type\":\"ReadAction\",\"target\":[\"https:\/\/www.notibras.com\/site\/indigenas-protestam-contra-privatizacao-de-hidrovias\/\"]}]},{\"@type\":\"ImageObject\",\"inLanguage\":\"pt-BR\",\"@id\":\"https:\/\/www.notibras.com\/site\/indigenas-protestam-contra-privatizacao-de-hidrovias\/#primaryimage\",\"url\":\"https:\/\/www.notibras.com\/site\/wp-content\/uploads\/2026\/02\/img-5761.jpg-1-_copiar.webp\",\"contentUrl\":\"https:\/\/www.notibras.com\/site\/wp-content\/uploads\/2026\/02\/img-5761.jpg-1-_copiar.webp\",\"width\":1170,\"height\":700},{\"@type\":\"BreadcrumbList\",\"@id\":\"https:\/\/www.notibras.com\/site\/indigenas-protestam-contra-privatizacao-de-hidrovias\/#breadcrumb\",\"itemListElement\":[{\"@type\":\"ListItem\",\"position\":1,\"name\":\"In\u00edcio\",\"item\":\"https:\/\/www.notibras.com\/site\/\"},{\"@type\":\"ListItem\",\"position\":2,\"name\":\"Ind\u00edgenas protestam contra privatiza\u00e7\u00e3o de hidrovias\"}]},{\"@type\":\"WebSite\",\"@id\":\"https:\/\/www.notibras.com\/site\/#website\",\"url\":\"https:\/\/www.notibras.com\/site\/\",\"name\":\"Notibras\",\"description\":\"Not\u00edcias de Bras\u00edlia, do Brasil e do Mundo\",\"publisher\":{\"@id\":\"https:\/\/www.notibras.com\/site\/#organization\"},\"potentialAction\":[{\"@type\":\"SearchAction\",\"target\":{\"@type\":\"EntryPoint\",\"urlTemplate\":\"https:\/\/www.notibras.com\/site\/?s={search_term_string}\"},\"query-input\":{\"@type\":\"PropertyValueSpecification\",\"valueRequired\":true,\"valueName\":\"search_term_string\"}}],\"inLanguage\":\"pt-BR\"},{\"@type\":\"Organization\",\"@id\":\"https:\/\/www.notibras.com\/site\/#organization\",\"name\":\"Grupo Notibras de Comunica\u00e7\u00e3o\",\"url\":\"https:\/\/www.notibras.com\/site\/\",\"logo\":{\"@type\":\"ImageObject\",\"inLanguage\":\"pt-BR\",\"@id\":\"https:\/\/www.notibras.com\/site\/#\/schema\/logo\/image\/\",\"url\":\"https:\/\/www.notibras.com\/site\/wp-content\/uploads\/2023\/01\/notibras23.png\",\"contentUrl\":\"https:\/\/www.notibras.com\/site\/wp-content\/uploads\/2023\/01\/notibras23.png\",\"width\":350,\"height\":87,\"caption\":\"Grupo Notibras de Comunica\u00e7\u00e3o\"},\"image\":{\"@id\":\"https:\/\/www.notibras.com\/site\/#\/schema\/logo\/image\/\"},\"sameAs\":[\"https:\/\/www.facebook.com\/notibras\/\",\"https:\/\/x.com\/Notibras\",\"https:\/\/www.instagram.com\/notibras\/\"]},{\"@type\":\"Person\",\"@id\":\"https:\/\/www.notibras.com\/site\/#\/schema\/person\/36ab0979449956132d3e5b517ea76ac8\",\"name\":\"Reda\u00e7\u00e3o\",\"image\":{\"@type\":\"ImageObject\",\"inLanguage\":\"pt-BR\",\"@id\":\"https:\/\/secure.gravatar.com\/avatar\/e0a867bdedb85fd243eadf09663511f96fc81e0720a4a42581f334ad4303aa6b?s=96&d=mm&r=g\",\"url\":\"https:\/\/secure.gravatar.com\/avatar\/e0a867bdedb85fd243eadf09663511f96fc81e0720a4a42581f334ad4303aa6b?s=96&d=mm&r=g\",\"contentUrl\":\"https:\/\/secure.gravatar.com\/avatar\/e0a867bdedb85fd243eadf09663511f96fc81e0720a4a42581f334ad4303aa6b?s=96&d=mm&r=g\",\"caption\":\"Reda\u00e7\u00e3o\"}}]}<\/script>\n<!-- \/ Yoast SEO plugin. -->","yoast_head_json":{"title":"Ind\u00edgenas protestam contra privatiza\u00e7\u00e3o de hidrovias - Notibras","robots":{"index":"index","follow":"follow","max-snippet":"max-snippet:-1","max-image-preview":"max-image-preview:large","max-video-preview":"max-video-preview:-1"},"canonical":"https:\/\/www.notibras.com\/site\/indigenas-protestam-contra-privatizacao-de-hidrovias\/","og_locale":"pt_BR","og_type":"article","og_title":"Ind\u00edgenas protestam contra privatiza\u00e7\u00e3o de hidrovias - Notibras","og_description":"Um grupo de ind\u00edgenas ocupou o escrit\u00f3rio do terminal que a multinacional Cargill opera no Porto de Santar\u00e9m, no Par\u00e1. Segundo o Conselho Ind\u00edgena Tapaj\u00f3s e Arapiuns (Cita), o ato faz parte da s\u00e9rie de protestos que h\u00e1 mais de um m\u00eas o movimento ind\u00edgena vem promovendo contra o Decreto n\u00ba 12.600, de agosto de [&hellip;]","og_url":"https:\/\/www.notibras.com\/site\/indigenas-protestam-contra-privatizacao-de-hidrovias\/","og_site_name":"Notibras","article_publisher":"https:\/\/www.facebook.com\/notibras\/","article_published_time":"2026-02-22T03:00:19+00:00","article_modified_time":"2026-02-22T12:53:48+00:00","og_image":[{"width":1170,"height":700,"url":"https:\/\/www.notibras.com\/site\/wp-content\/uploads\/2026\/02\/img-5761.jpg-1-_copiar.webp","type":"image\/webp"}],"author":"Reda\u00e7\u00e3o","twitter_card":"summary_large_image","twitter_creator":"@Notibras","twitter_site":"@Notibras","twitter_misc":{"Escrito por":"Reda\u00e7\u00e3o","Est. tempo de leitura":"6 minutos"},"schema":{"@context":"https:\/\/schema.org","@graph":[{"@type":"Article","@id":"https:\/\/www.notibras.com\/site\/indigenas-protestam-contra-privatizacao-de-hidrovias\/#article","isPartOf":{"@id":"https:\/\/www.notibras.com\/site\/indigenas-protestam-contra-privatizacao-de-hidrovias\/"},"author":{"name":"Reda\u00e7\u00e3o","@id":"https:\/\/www.notibras.com\/site\/#\/schema\/person\/36ab0979449956132d3e5b517ea76ac8"},"headline":"Ind\u00edgenas protestam contra privatiza\u00e7\u00e3o de hidrovias","datePublished":"2026-02-22T03:00:19+00:00","dateModified":"2026-02-22T12:53:48+00:00","mainEntityOfPage":{"@id":"https:\/\/www.notibras.com\/site\/indigenas-protestam-contra-privatizacao-de-hidrovias\/"},"wordCount":1140,"publisher":{"@id":"https:\/\/www.notibras.com\/site\/#organization"},"image":{"@id":"https:\/\/www.notibras.com\/site\/indigenas-protestam-contra-privatizacao-de-hidrovias\/#primaryimage"},"thumbnailUrl":"https:\/\/www.notibras.com\/site\/wp-content\/uploads\/2026\/02\/img-5761.jpg-1-_copiar.webp","articleSection":["Brasil"],"inLanguage":"pt-BR"},{"@type":"WebPage","@id":"https:\/\/www.notibras.com\/site\/indigenas-protestam-contra-privatizacao-de-hidrovias\/","url":"https:\/\/www.notibras.com\/site\/indigenas-protestam-contra-privatizacao-de-hidrovias\/","name":"Ind\u00edgenas protestam contra privatiza\u00e7\u00e3o de hidrovias - Notibras","isPartOf":{"@id":"https:\/\/www.notibras.com\/site\/#website"},"primaryImageOfPage":{"@id":"https:\/\/www.notibras.com\/site\/indigenas-protestam-contra-privatizacao-de-hidrovias\/#primaryimage"},"image":{"@id":"https:\/\/www.notibras.com\/site\/indigenas-protestam-contra-privatizacao-de-hidrovias\/#primaryimage"},"thumbnailUrl":"https:\/\/www.notibras.com\/site\/wp-content\/uploads\/2026\/02\/img-5761.jpg-1-_copiar.webp","datePublished":"2026-02-22T03:00:19+00:00","dateModified":"2026-02-22T12:53:48+00:00","breadcrumb":{"@id":"https:\/\/www.notibras.com\/site\/indigenas-protestam-contra-privatizacao-de-hidrovias\/#breadcrumb"},"inLanguage":"pt-BR","potentialAction":[{"@type":"ReadAction","target":["https:\/\/www.notibras.com\/site\/indigenas-protestam-contra-privatizacao-de-hidrovias\/"]}]},{"@type":"ImageObject","inLanguage":"pt-BR","@id":"https:\/\/www.notibras.com\/site\/indigenas-protestam-contra-privatizacao-de-hidrovias\/#primaryimage","url":"https:\/\/www.notibras.com\/site\/wp-content\/uploads\/2026\/02\/img-5761.jpg-1-_copiar.webp","contentUrl":"https:\/\/www.notibras.com\/site\/wp-content\/uploads\/2026\/02\/img-5761.jpg-1-_copiar.webp","width":1170,"height":700},{"@type":"BreadcrumbList","@id":"https:\/\/www.notibras.com\/site\/indigenas-protestam-contra-privatizacao-de-hidrovias\/#breadcrumb","itemListElement":[{"@type":"ListItem","position":1,"name":"In\u00edcio","item":"https:\/\/www.notibras.com\/site\/"},{"@type":"ListItem","position":2,"name":"Ind\u00edgenas protestam contra privatiza\u00e7\u00e3o de hidrovias"}]},{"@type":"WebSite","@id":"https:\/\/www.notibras.com\/site\/#website","url":"https:\/\/www.notibras.com\/site\/","name":"Notibras","description":"Not\u00edcias de Bras\u00edlia, do Brasil e do Mundo","publisher":{"@id":"https:\/\/www.notibras.com\/site\/#organization"},"potentialAction":[{"@type":"SearchAction","target":{"@type":"EntryPoint","urlTemplate":"https:\/\/www.notibras.com\/site\/?s={search_term_string}"},"query-input":{"@type":"PropertyValueSpecification","valueRequired":true,"valueName":"search_term_string"}}],"inLanguage":"pt-BR"},{"@type":"Organization","@id":"https:\/\/www.notibras.com\/site\/#organization","name":"Grupo Notibras de Comunica\u00e7\u00e3o","url":"https:\/\/www.notibras.com\/site\/","logo":{"@type":"ImageObject","inLanguage":"pt-BR","@id":"https:\/\/www.notibras.com\/site\/#\/schema\/logo\/image\/","url":"https:\/\/www.notibras.com\/site\/wp-content\/uploads\/2023\/01\/notibras23.png","contentUrl":"https:\/\/www.notibras.com\/site\/wp-content\/uploads\/2023\/01\/notibras23.png","width":350,"height":87,"caption":"Grupo Notibras de Comunica\u00e7\u00e3o"},"image":{"@id":"https:\/\/www.notibras.com\/site\/#\/schema\/logo\/image\/"},"sameAs":["https:\/\/www.facebook.com\/notibras\/","https:\/\/x.com\/Notibras","https:\/\/www.instagram.com\/notibras\/"]},{"@type":"Person","@id":"https:\/\/www.notibras.com\/site\/#\/schema\/person\/36ab0979449956132d3e5b517ea76ac8","name":"Reda\u00e7\u00e3o","image":{"@type":"ImageObject","inLanguage":"pt-BR","@id":"https:\/\/secure.gravatar.com\/avatar\/e0a867bdedb85fd243eadf09663511f96fc81e0720a4a42581f334ad4303aa6b?s=96&d=mm&r=g","url":"https:\/\/secure.gravatar.com\/avatar\/e0a867bdedb85fd243eadf09663511f96fc81e0720a4a42581f334ad4303aa6b?s=96&d=mm&r=g","contentUrl":"https:\/\/secure.gravatar.com\/avatar\/e0a867bdedb85fd243eadf09663511f96fc81e0720a4a42581f334ad4303aa6b?s=96&d=mm&r=g","caption":"Reda\u00e7\u00e3o"}}]}},"amp_enabled":true,"_links":{"self":[{"href":"https:\/\/www.notibras.com\/site\/wp-json\/wp\/v2\/posts\/384226","targetHints":{"allow":["GET"]}}],"collection":[{"href":"https:\/\/www.notibras.com\/site\/wp-json\/wp\/v2\/posts"}],"about":[{"href":"https:\/\/www.notibras.com\/site\/wp-json\/wp\/v2\/types\/post"}],"author":[{"embeddable":true,"href":"https:\/\/www.notibras.com\/site\/wp-json\/wp\/v2\/users\/2"}],"replies":[{"embeddable":true,"href":"https:\/\/www.notibras.com\/site\/wp-json\/wp\/v2\/comments?post=384226"}],"version-history":[{"count":1,"href":"https:\/\/www.notibras.com\/site\/wp-json\/wp\/v2\/posts\/384226\/revisions"}],"predecessor-version":[{"id":384228,"href":"https:\/\/www.notibras.com\/site\/wp-json\/wp\/v2\/posts\/384226\/revisions\/384228"}],"wp:featuredmedia":[{"embeddable":true,"href":"https:\/\/www.notibras.com\/site\/wp-json\/wp\/v2\/media\/384227"}],"wp:attachment":[{"href":"https:\/\/www.notibras.com\/site\/wp-json\/wp\/v2\/media?parent=384226"}],"wp:term":[{"taxonomy":"category","embeddable":true,"href":"https:\/\/www.notibras.com\/site\/wp-json\/wp\/v2\/categories?post=384226"},{"taxonomy":"post_tag","embeddable":true,"href":"https:\/\/www.notibras.com\/site\/wp-json\/wp\/v2\/tags?post=384226"}],"curies":[{"name":"wp","href":"https:\/\/api.w.org\/{rel}","templated":true}]}}