{"id":384243,"date":"2026-02-23T00:30:20","date_gmt":"2026-02-23T03:30:20","guid":{"rendered":"https:\/\/www.notibras.com\/site\/?p=384243"},"modified":"2026-02-22T19:27:28","modified_gmt":"2026-02-22T22:27:28","slug":"horizonte","status":"publish","type":"post","link":"https:\/\/www.notibras.com\/site\/horizonte\/","title":{"rendered":"Horizonte"},"content":{"rendered":"<p>Horizonte.<\/p>\n<p>A perder de vista diluindo-se no vasto azul do c\u00e9u e do mar.<\/p>\n<p>Respira fundo alegrando-se com o mundo.<\/p>\n<p>Havia um sentimento de si que o fazia acreditar, lutar e resistir ao que viesse.<\/p>\n<p>Ela deixara-o mas o mundo permanece, impreterivelmente permanente como uma vig\u00edlia a que temos de assistir, sempre e sempre, enquanto houver luz do sol e luz interior para viver e resistir, viver, o que quer que isso seja, \u00e9 o que temos defronte\u2026<\/p>\n<p>Horizonte.<\/p>\n<p>A perder de vista diluindo-se no vasto azul do c\u00e9u e do mar.<\/p>\n<p>Estar ali era n\u00e3o estar.<\/p>\n<p>V\u00ea-la na vela acesa tr\u00e9mula da sua imagina\u00e7\u00e3o.<\/p>\n<p>V\u00ea-la a passar e a ser e a existir num tempo, que n\u00e3o era tempo mas um lembro, uma coisa assim com ela dentro dele, diluindo-se no vasto azul do c\u00e9u do mar\u2026<\/p>\n<p>Sentiu perder-se o olhar a imaginar, a v\u00ea-la vivendo-a com a imagina\u00e7\u00e3o.<\/p>\n<p>N\u00e3o, n\u00e3o te quero mais, \u00e9s demais, excessivo, cheio de arrog\u00e2ncia e agressivo, um ser solit\u00e1rio e sem esperan\u00e7a\u2026<\/p>\n<p>N\u00e3o, n\u00e3o te quero mais\u2026<\/p>\n<p>Amar \u00e9 uma dan\u00e7a. Quando finda a m\u00fasica acaba e estamos s\u00f3s a um canto, imaginando como seria, como seria se tudo fosse diferente e j\u00e1 n\u00e3o houvesse tanta e excessiva gente com os seus ru\u00eddos, como tudo seria diferente se n\u00e3o tiv\u00e9ssemos ouvidos e fossemos apenas muda cena, em mudos cen\u00e1rios de seda, levemente sonhados a oiros numa cama de dossel palaciana, girando e girando em ciclos sucessivos de encanto, amor e permanente sentir ausente.<\/p>\n<p>Como tudo seria diferente, como tudo seria diferente, sem ter este mundo defronte, apenas, apenas ir al\u00e9m do monte\u2026<\/p>\n<p>Horizonte.<\/p>\n<p>A perder de vista diluindo-se no vasto azul do c\u00e9u e do mar.<\/p>\n<p>Respira fundo mas ainda se encontra num estado em que apenas se est\u00e1 a lembrar.<\/p>\n<p>Como uma dupla vis\u00e3o.<\/p>\n<p>Exteriormente v\u00ea o mundo c\u00e3o e interiormente o mundo como televis\u00e3o, mudando de imagem permanentemente, sucessivamente, at\u00e9 se tornar um sentir, um ir, um senti-la permanentemente presente e a fugir.<\/p>\n<p>Ausente agora, s\u00f3 imagem e o mundo l\u00e1 fora.<\/p>\n<p>Com a brisa a agitar-se dentro daquela m\u00e1gica hora.<\/p>\n<p>A agitar-se impermanente como todo o mundo e todas as coisas, impermanente como todo o mundo e todas as coisas.<\/p>\n<p>Ela e o tempo, as palavras dela levadas pelo vento, segredadas em recorda\u00e7\u00f5es douradas entre ilhas e jardins de encanto.<\/p>\n<p>E deslumbrava-o agora aquela tarde estendendo-se ao sol com um di\u00e1fano manto defronte.<\/p>\n<p>Horizonte.<\/p>\n<p>A perder de vista diluindo-se no vasto azul do c\u00e9u e do mar.<\/p>\n<p>O amor pode ser morte que mata devagar.<\/p>\n<p>Sufocava de saudades.<\/p>\n<p>De v\u00ea-la chegar com a Primavera e as rosas.<\/p>\n<p>De ouvir as suas doces prosas entre o sil\u00eancio, a m\u00fasica breve e o vento s\u00fabito das pessoas em redor.<\/p>\n<p>Era amor.<\/p>\n<p>Desde o princ\u00edpio.<\/p>\n<p>Via-a como um sonho prolongando-se na realidade f\u00edsica.<\/p>\n<p>Algu\u00e9m que o libertava da solid\u00e3o interior de ter de ser exterior com o mundo.<\/p>\n<p>Que o libertava com as suas palavras do seu sil\u00eancio mudo feito de um sentir abstracto.<\/p>\n<p>Ele era um cacto.<\/p>\n<p>Com espinhos por fora e \u00e1gua por dentro.<\/p>\n<p>Estava ao sol no deserto incerto cacto que era na geral espera.<\/p>\n<p>Esperava a morte nascendo a cada dia para uma nova forma de a ver.<\/p>\n<p>Para que n\u00e3o fosse vazia a maneira de a conceber.<\/p>\n<p>Com aquela dama fugira simplesmente do t\u00e9dio de viver.<\/p>\n<p>De ter de ser sempre o mesmo com o fim no fim a arder.<\/p>\n<p>Ela, com a sua voz de leite e mel, levara-o, levara-o dali para fundos para\u00edsos do nunca antes visto.<\/p>\n<p>N\u00e3o, dizia ele, n\u00e3o, resisto\u2026<\/p>\n<p>Ainda tenho o mundo defronte\u2026 Ainda tenho o mundo defronte\u2026<\/p>\n<p>Horizonte.<\/p>\n<p>A perder de vista diluindo-se no vasto azul do c\u00e9u e do mar.<\/p>\n<p>Respira fundo olhando o mundo devagar.<\/p>\n<p>Como se contemplasse cada momento, ausente no presente, aqui e agora.<\/p>\n<p>O passado e o futuro que se queime todo nesta hora.<\/p>\n<p>Quero-a, desejo-a com a minha boca proferindo palavras em bodas de sangue.<\/p>\n<p>Beijava-a agora e a toda a hora se o destino n\u00e3o ma tivesse levado\u2026<\/p>\n<p>E desatou a sangrar com a alma, cabelos ao vento desalmado, olhando as sombras por entre a luz do mundo defronte.<\/p>\n<p>Horizonte.<\/p>\n<p>A perder de vista diluindo-se no vasto azul do c\u00e9u e do mar.<\/p>\n<p>Que s\u00edtio era aquele, o promont\u00f3rio do fim?<\/p>\n<p>Naquele lugar parecia que o mundo o esquecera para sempre, solit\u00e1rio entre o ausente e o vazio planar das gaivotas das praias em redor.<\/p>\n<p>O que era o amor sen\u00e3o um piano a tocar?<\/p>\n<p>A tocar indefinivelmente esbatendo as suas cores e as suas melodias no azul do c\u00e9u e no sol da sua mente.<\/p>\n<p>Tocava um piano sozinho no promont\u00f3rio do seu destino indefinivelmente, numa aus\u00eancia ao vento quente.<\/p>\n<p>Como se tudo o que vivera fosse apenas o que lhe aparecera em sucessivas cenas de votadas ao esquecimento, actos esquecidos aquecidos sob a luz do momento.<\/p>\n<p>Quem era sem ela todo aquele aqui?<\/p>\n<p>Um peda\u00e7o de viver que de s\u00fabito a lembrar perdi, a esquecer-me pelo vento fora, pelo mundo defronte\u2026<\/p>\n<p>Horizonte.<\/p>\n<p>A perder de vista diluindo-se no vasto azul do c\u00e9u e do mar.<\/p>\n<p>Viver seria\u2026 Amar.<\/p>\n<p>T\u00ea-la de volta.<\/p>\n<p>Voltar a unir-se ao calor da sua carne como uma vida que nasce e que morre e revolta e revolta para de novo aqui ter.<\/p>\n<p>O amor que \u00e9 calor da sua carne unida ao sabor de viver.<\/p>\n<p>E havia para\u00edsos perdidos na sua pele, no seu perfume de mulher casta.<\/p>\n<p>Algo que era mais do que viver, que diz\u00ea-lo era pouco e n\u00e3o basta.<\/p>\n<p>\u00d3 o azul da luz na \u00e1gua a reflectir.<\/p>\n<p>Era como um doce cegar em que lentamente nos deixamos ir.<\/p>\n<p>Amar era isso, um consentir.<\/p>\n<p>Um consentir do peda\u00e7o de destino que Deus nos deu para abrir e inaugurar um novo peda\u00e7o de aqui haver c\u00e9u.<\/p>\n<p>Aqui nesta peregrina terra do engano.<\/p>\n<p>Onde tudo \u00e9 dor por fim na ilus\u00e3o da dor que ainda emano.<\/p>\n<p>Quero amar mais do que a vibra\u00e7\u00e3o daquele sol a girar, gritar de amor, uivar\u2026<\/p>\n<p>Mas dela s\u00f3 me fica a lembran\u00e7a como um fogo lento a consumir-se.<\/p>\n<p>Lembro-me dela como se ainda a possu\u00edsse, sob a minha pele que dura tanto neste exterior, que \u00e9 apenas uma sens\u00edvel afina\u00e7\u00e3o pela dor.<\/p>\n<p>E a doce m\u00e3o da natureza castiga-nos e mostra-nos a beleza como caminho.<\/p>\n<p>Viver seria equilibrar-se entre a dor o furor de vencer o destino.<\/p>\n<p>Al\u00e9m da morte s\u00f3 talvez o amor transfigurado, o sol que vence a escurid\u00e3o em auroras acima de qualquer fado.<\/p>\n<p>Viver ser\u00e1 estar isolado estando permanentemente acompanhado, sen\u00e3o por gente por pensamentos com gente dentro, falando num novo mundo inominado, falando segredos que se ouvem estando tudo calado\u2026<\/p>\n<p>Na aus\u00eancia e na dist\u00e2ncia\u2026<\/p>\n<p>Enquanto o mundo se desenrola defronte\u2026<\/p>\n<p>Horizonte.<\/p>\n<p>A perder de vista diluindo-se no vasto azul do c\u00e9u e do mar.<\/p>\n<p>A enganar-me devagar.<\/p>\n<p>Com as suas hist\u00f3rias de um mundo melhor.<\/p>\n<p>Com as suas lendas de que n\u00e3o h\u00e1 dor.<\/p>\n<p>E eu a amar. Perdidamente\u2026<\/p>\n<p>A amar uma imagem que tenho dela esquecida na minha mente.<\/p>\n<p>Agitando-se como uma vela tr\u00e9mula ao vento.<\/p>\n<p>O que vivi com ela \u00e9 apenas um lembrar, uma f\u00edmbria no manto do meu pensamento\u2026<\/p>\n<p>E tudo passa e passou e passar\u00e1.<\/p>\n<p>Olho o mar despeda\u00e7ando-se em ondas sem fim.<\/p>\n<p>No promont\u00f3rio de mim com a vida acabada.<\/p>\n<p>Olho o mar defronte e o c\u00e9u sou eu a sumir-me no horizonte.<\/p>\n<p>Como esta gaivota que passa.<\/p>\n<p>A solid\u00e3o de n\u00e3o a ter deixou-me para sempre fora de gra\u00e7a.<\/p>\n<p>Almejando voltar para o mundo que existia quando nela sentia o amar, o amor, os beijos nas praias da ansiedade, as m\u00e3os enla\u00e7adas e as peles suadas em ardores e calores de nua liberdade\u2026<\/p>\n<p>Quem me sou agora sen\u00e3o um promont\u00f3rio frio que sofre vazio o bater das ondas da saudade?<\/p>\n<p>\u00d3 meu amor e o fim, n\u00e3o concebo a exist\u00eancia sem ela ser uma extens\u00e3o de mim.<\/p>\n<p>Que se dane toda a ret\u00f3rica da multid\u00e3o que apenas existe para comer.<\/p>\n<p>Eu amo-a mais que o sol e as ondas de todo o mar a bater em mim matando-me devagar nestas horas lentas onde lento estou a definhar.<\/p>\n<p>Falta-me o sol e o seu brilho na minha fronte.<\/p>\n<p>Sem ela apenas existo como um uivo ao luar ermo num monte\u2026<\/p>\n<p>Horizonte.<\/p>\n<p>A perder de vista diluindo-se no vasto azul do c\u00e9u e do mar.<\/p>\n<p>A matar-me devagar como o amor que me n\u00e3o d\u00e1 \u00e1gua.<\/p>\n<p>Tenho sede de me vingar de algu\u00e9m por me ter posto assim, talvez os anjos do destino sejam os culpados do desatino que sou em mim\u2026<\/p>\n<p>Porque sofro eu meu Deus que me falta a minha metade?<\/p>\n<p>Era nela que tudo tinha, que em beijos sorvia o travo da liberdade.<\/p>\n<p>Agora, o que vejo defronte?<\/p>\n<p>A solid\u00e3o aumentando no horizonte e a perder-se na dist\u00e2ncia.<\/p>\n<p>Toda a minha vida perdeu o rumo e agora sou apenas vento em pensamento, err\u00e2ncia\u2026<\/p>\n<p>Para onde mais ir sen\u00e3o para os para\u00edsos a sumir da minha inf\u00e2ncia?<\/p>\n<p>E as crian\u00e7as voltavam a brincar ao seu redor.<\/p>\n<p>E velho olhou os netos e naquele vasto horizonte voltou a encontrar o amor, florindo como uma flor, a rosa \u00e9 amor\u2026<\/p>\n<p>Era ela na aus\u00eancia que lhe falava numa janela do seu pensamento, oculta numa t\u00e9nue cor do momento\u2026<\/p>\n<p>Houve um rodopio no vento e tudo voltou a ser apenas o que tinha defronte.<\/p>\n<p>Horizonte.<\/p>\n<p>A perder de vista diluindo-se no vasto azul do c\u00e9u e do mar.<\/p>\n<p>Voltou a viver, respirou devagar, e brincou com os netos at\u00e9 sorrir vagamente como quem triunfa devagar.<\/p>\n<p>E as rosas ao vento floriram discretamente sob aquele t\u00e9nue sol quente e ali o tempo deixara de ser tempo, permanentemente\u2026<\/p>\n","protected":false},"excerpt":{"rendered":"<p>Horizonte. A perder de vista diluindo-se no vasto azul do c\u00e9u e do mar. Respira fundo alegrando-se com o mundo. Havia um sentimento de si que o fazia acreditar, lutar e resistir ao que viesse. Ela deixara-o mas o mundo permanece, impreterivelmente permanente como uma vig\u00edlia a que temos de assistir, sempre e sempre, enquanto [&hellip;]<\/p>\n","protected":false},"author":21,"featured_media":384244,"comment_status":"closed","ping_status":"closed","sticky":false,"template":"","format":"standard","meta":{"_acf_changed":false,"footnotes":""},"categories":[234],"tags":[],"class_list":["post-384243","post","type-post","status-publish","format-standard","has-post-thumbnail","hentry","category-cafe-literario"],"acf":[],"yoast_head":"<!-- This site is optimized with the Yoast SEO plugin v27.2 - https:\/\/yoast.com\/product\/yoast-seo-wordpress\/ -->\n<title>Horizonte - Notibras<\/title>\n<meta name=\"robots\" content=\"index, follow, max-snippet:-1, max-image-preview:large, max-video-preview:-1\" \/>\n<link rel=\"canonical\" href=\"https:\/\/www.notibras.com\/site\/horizonte\/\" \/>\n<meta property=\"og:locale\" content=\"pt_BR\" \/>\n<meta property=\"og:type\" content=\"article\" \/>\n<meta property=\"og:title\" content=\"Horizonte - Notibras\" \/>\n<meta property=\"og:description\" content=\"Horizonte. A perder de vista diluindo-se no vasto azul do c\u00e9u e do mar. Respira fundo alegrando-se com o mundo. Havia um sentimento de si que o fazia acreditar, lutar e resistir ao que viesse. Ela deixara-o mas o mundo permanece, impreterivelmente permanente como uma vig\u00edlia a que temos de assistir, sempre e sempre, enquanto [&hellip;]\" \/>\n<meta property=\"og:url\" content=\"https:\/\/www.notibras.com\/site\/horizonte\/\" \/>\n<meta property=\"og:site_name\" content=\"Notibras\" \/>\n<meta property=\"article:publisher\" content=\"https:\/\/www.facebook.com\/notibras\/\" \/>\n<meta property=\"article:published_time\" content=\"2026-02-23T03:30:20+00:00\" \/>\n<meta property=\"og:image\" content=\"https:\/\/www.notibras.com\/site\/wp-content\/uploads\/2026\/02\/6e7819d6-15bd-42a8-af97-84cd92a18c79.jpg\" \/>\n\t<meta property=\"og:image:width\" content=\"1023\" \/>\n\t<meta property=\"og:image:height\" content=\"945\" \/>\n\t<meta property=\"og:image:type\" content=\"image\/jpeg\" \/>\n<meta name=\"author\" content=\"Eduardo Mart\u00ednez\" \/>\n<meta name=\"twitter:card\" content=\"summary_large_image\" \/>\n<meta name=\"twitter:creator\" content=\"@Notibras\" \/>\n<meta name=\"twitter:site\" content=\"@Notibras\" \/>\n<meta name=\"twitter:label1\" content=\"Escrito por\" \/>\n\t<meta name=\"twitter:data1\" content=\"Eduardo Mart\u00ednez\" \/>\n\t<meta name=\"twitter:label2\" content=\"Est. tempo de leitura\" \/>\n\t<meta name=\"twitter:data2\" content=\"10 minutos\" \/>\n<script type=\"application\/ld+json\" class=\"yoast-schema-graph\">{\"@context\":\"https:\/\/schema.org\",\"@graph\":[{\"@type\":\"Article\",\"@id\":\"https:\/\/www.notibras.com\/site\/horizonte\/#article\",\"isPartOf\":{\"@id\":\"https:\/\/www.notibras.com\/site\/horizonte\/\"},\"author\":{\"name\":\"Eduardo Mart\u00ednez\",\"@id\":\"https:\/\/www.notibras.com\/site\/#\/schema\/person\/5b7fabf2aedc3ada2105f03b22b4d3dd\"},\"headline\":\"Horizonte\",\"datePublished\":\"2026-02-23T03:30:20+00:00\",\"mainEntityOfPage\":{\"@id\":\"https:\/\/www.notibras.com\/site\/horizonte\/\"},\"wordCount\":1723,\"publisher\":{\"@id\":\"https:\/\/www.notibras.com\/site\/#organization\"},\"image\":{\"@id\":\"https:\/\/www.notibras.com\/site\/horizonte\/#primaryimage\"},\"thumbnailUrl\":\"https:\/\/www.notibras.com\/site\/wp-content\/uploads\/2026\/02\/6e7819d6-15bd-42a8-af97-84cd92a18c79.jpg\",\"articleSection\":[\"Caf\u00e9 Liter\u00e1rio\"],\"inLanguage\":\"pt-BR\"},{\"@type\":\"WebPage\",\"@id\":\"https:\/\/www.notibras.com\/site\/horizonte\/\",\"url\":\"https:\/\/www.notibras.com\/site\/horizonte\/\",\"name\":\"Horizonte - Notibras\",\"isPartOf\":{\"@id\":\"https:\/\/www.notibras.com\/site\/#website\"},\"primaryImageOfPage\":{\"@id\":\"https:\/\/www.notibras.com\/site\/horizonte\/#primaryimage\"},\"image\":{\"@id\":\"https:\/\/www.notibras.com\/site\/horizonte\/#primaryimage\"},\"thumbnailUrl\":\"https:\/\/www.notibras.com\/site\/wp-content\/uploads\/2026\/02\/6e7819d6-15bd-42a8-af97-84cd92a18c79.jpg\",\"datePublished\":\"2026-02-23T03:30:20+00:00\",\"breadcrumb\":{\"@id\":\"https:\/\/www.notibras.com\/site\/horizonte\/#breadcrumb\"},\"inLanguage\":\"pt-BR\",\"potentialAction\":[{\"@type\":\"ReadAction\",\"target\":[\"https:\/\/www.notibras.com\/site\/horizonte\/\"]}]},{\"@type\":\"ImageObject\",\"inLanguage\":\"pt-BR\",\"@id\":\"https:\/\/www.notibras.com\/site\/horizonte\/#primaryimage\",\"url\":\"https:\/\/www.notibras.com\/site\/wp-content\/uploads\/2026\/02\/6e7819d6-15bd-42a8-af97-84cd92a18c79.jpg\",\"contentUrl\":\"https:\/\/www.notibras.com\/site\/wp-content\/uploads\/2026\/02\/6e7819d6-15bd-42a8-af97-84cd92a18c79.jpg\",\"width\":1023,\"height\":945},{\"@type\":\"BreadcrumbList\",\"@id\":\"https:\/\/www.notibras.com\/site\/horizonte\/#breadcrumb\",\"itemListElement\":[{\"@type\":\"ListItem\",\"position\":1,\"name\":\"In\u00edcio\",\"item\":\"https:\/\/www.notibras.com\/site\/\"},{\"@type\":\"ListItem\",\"position\":2,\"name\":\"Horizonte\"}]},{\"@type\":\"WebSite\",\"@id\":\"https:\/\/www.notibras.com\/site\/#website\",\"url\":\"https:\/\/www.notibras.com\/site\/\",\"name\":\"Notibras\",\"description\":\"Not\u00edcias de Bras\u00edlia, do Brasil e do Mundo\",\"publisher\":{\"@id\":\"https:\/\/www.notibras.com\/site\/#organization\"},\"potentialAction\":[{\"@type\":\"SearchAction\",\"target\":{\"@type\":\"EntryPoint\",\"urlTemplate\":\"https:\/\/www.notibras.com\/site\/?s={search_term_string}\"},\"query-input\":{\"@type\":\"PropertyValueSpecification\",\"valueRequired\":true,\"valueName\":\"search_term_string\"}}],\"inLanguage\":\"pt-BR\"},{\"@type\":\"Organization\",\"@id\":\"https:\/\/www.notibras.com\/site\/#organization\",\"name\":\"Grupo Notibras de Comunica\u00e7\u00e3o\",\"url\":\"https:\/\/www.notibras.com\/site\/\",\"logo\":{\"@type\":\"ImageObject\",\"inLanguage\":\"pt-BR\",\"@id\":\"https:\/\/www.notibras.com\/site\/#\/schema\/logo\/image\/\",\"url\":\"https:\/\/www.notibras.com\/site\/wp-content\/uploads\/2023\/01\/notibras23.png\",\"contentUrl\":\"https:\/\/www.notibras.com\/site\/wp-content\/uploads\/2023\/01\/notibras23.png\",\"width\":350,\"height\":87,\"caption\":\"Grupo Notibras de Comunica\u00e7\u00e3o\"},\"image\":{\"@id\":\"https:\/\/www.notibras.com\/site\/#\/schema\/logo\/image\/\"},\"sameAs\":[\"https:\/\/www.facebook.com\/notibras\/\",\"https:\/\/x.com\/Notibras\",\"https:\/\/www.instagram.com\/notibras\/\"]},{\"@type\":\"Person\",\"@id\":\"https:\/\/www.notibras.com\/site\/#\/schema\/person\/5b7fabf2aedc3ada2105f03b22b4d3dd\",\"name\":\"Eduardo Mart\u00ednez\",\"image\":{\"@type\":\"ImageObject\",\"inLanguage\":\"pt-BR\",\"@id\":\"https:\/\/secure.gravatar.com\/avatar\/7902f906289926289cbcda644b5197c796b893c6ffd7b9a536a42d290f7704a0?s=96&d=mm&r=g\",\"url\":\"https:\/\/secure.gravatar.com\/avatar\/7902f906289926289cbcda644b5197c796b893c6ffd7b9a536a42d290f7704a0?s=96&d=mm&r=g\",\"contentUrl\":\"https:\/\/secure.gravatar.com\/avatar\/7902f906289926289cbcda644b5197c796b893c6ffd7b9a536a42d290f7704a0?s=96&d=mm&r=g\",\"caption\":\"Eduardo Mart\u00ednez\"}}]}<\/script>\n<!-- \/ Yoast SEO plugin. -->","yoast_head_json":{"title":"Horizonte - Notibras","robots":{"index":"index","follow":"follow","max-snippet":"max-snippet:-1","max-image-preview":"max-image-preview:large","max-video-preview":"max-video-preview:-1"},"canonical":"https:\/\/www.notibras.com\/site\/horizonte\/","og_locale":"pt_BR","og_type":"article","og_title":"Horizonte - Notibras","og_description":"Horizonte. A perder de vista diluindo-se no vasto azul do c\u00e9u e do mar. Respira fundo alegrando-se com o mundo. Havia um sentimento de si que o fazia acreditar, lutar e resistir ao que viesse. Ela deixara-o mas o mundo permanece, impreterivelmente permanente como uma vig\u00edlia a que temos de assistir, sempre e sempre, enquanto [&hellip;]","og_url":"https:\/\/www.notibras.com\/site\/horizonte\/","og_site_name":"Notibras","article_publisher":"https:\/\/www.facebook.com\/notibras\/","article_published_time":"2026-02-23T03:30:20+00:00","og_image":[{"width":1023,"height":945,"url":"https:\/\/www.notibras.com\/site\/wp-content\/uploads\/2026\/02\/6e7819d6-15bd-42a8-af97-84cd92a18c79.jpg","type":"image\/jpeg"}],"author":"Eduardo Mart\u00ednez","twitter_card":"summary_large_image","twitter_creator":"@Notibras","twitter_site":"@Notibras","twitter_misc":{"Escrito por":"Eduardo Mart\u00ednez","Est. tempo de leitura":"10 minutos"},"schema":{"@context":"https:\/\/schema.org","@graph":[{"@type":"Article","@id":"https:\/\/www.notibras.com\/site\/horizonte\/#article","isPartOf":{"@id":"https:\/\/www.notibras.com\/site\/horizonte\/"},"author":{"name":"Eduardo Mart\u00ednez","@id":"https:\/\/www.notibras.com\/site\/#\/schema\/person\/5b7fabf2aedc3ada2105f03b22b4d3dd"},"headline":"Horizonte","datePublished":"2026-02-23T03:30:20+00:00","mainEntityOfPage":{"@id":"https:\/\/www.notibras.com\/site\/horizonte\/"},"wordCount":1723,"publisher":{"@id":"https:\/\/www.notibras.com\/site\/#organization"},"image":{"@id":"https:\/\/www.notibras.com\/site\/horizonte\/#primaryimage"},"thumbnailUrl":"https:\/\/www.notibras.com\/site\/wp-content\/uploads\/2026\/02\/6e7819d6-15bd-42a8-af97-84cd92a18c79.jpg","articleSection":["Caf\u00e9 Liter\u00e1rio"],"inLanguage":"pt-BR"},{"@type":"WebPage","@id":"https:\/\/www.notibras.com\/site\/horizonte\/","url":"https:\/\/www.notibras.com\/site\/horizonte\/","name":"Horizonte - Notibras","isPartOf":{"@id":"https:\/\/www.notibras.com\/site\/#website"},"primaryImageOfPage":{"@id":"https:\/\/www.notibras.com\/site\/horizonte\/#primaryimage"},"image":{"@id":"https:\/\/www.notibras.com\/site\/horizonte\/#primaryimage"},"thumbnailUrl":"https:\/\/www.notibras.com\/site\/wp-content\/uploads\/2026\/02\/6e7819d6-15bd-42a8-af97-84cd92a18c79.jpg","datePublished":"2026-02-23T03:30:20+00:00","breadcrumb":{"@id":"https:\/\/www.notibras.com\/site\/horizonte\/#breadcrumb"},"inLanguage":"pt-BR","potentialAction":[{"@type":"ReadAction","target":["https:\/\/www.notibras.com\/site\/horizonte\/"]}]},{"@type":"ImageObject","inLanguage":"pt-BR","@id":"https:\/\/www.notibras.com\/site\/horizonte\/#primaryimage","url":"https:\/\/www.notibras.com\/site\/wp-content\/uploads\/2026\/02\/6e7819d6-15bd-42a8-af97-84cd92a18c79.jpg","contentUrl":"https:\/\/www.notibras.com\/site\/wp-content\/uploads\/2026\/02\/6e7819d6-15bd-42a8-af97-84cd92a18c79.jpg","width":1023,"height":945},{"@type":"BreadcrumbList","@id":"https:\/\/www.notibras.com\/site\/horizonte\/#breadcrumb","itemListElement":[{"@type":"ListItem","position":1,"name":"In\u00edcio","item":"https:\/\/www.notibras.com\/site\/"},{"@type":"ListItem","position":2,"name":"Horizonte"}]},{"@type":"WebSite","@id":"https:\/\/www.notibras.com\/site\/#website","url":"https:\/\/www.notibras.com\/site\/","name":"Notibras","description":"Not\u00edcias de Bras\u00edlia, do Brasil e do Mundo","publisher":{"@id":"https:\/\/www.notibras.com\/site\/#organization"},"potentialAction":[{"@type":"SearchAction","target":{"@type":"EntryPoint","urlTemplate":"https:\/\/www.notibras.com\/site\/?s={search_term_string}"},"query-input":{"@type":"PropertyValueSpecification","valueRequired":true,"valueName":"search_term_string"}}],"inLanguage":"pt-BR"},{"@type":"Organization","@id":"https:\/\/www.notibras.com\/site\/#organization","name":"Grupo Notibras de Comunica\u00e7\u00e3o","url":"https:\/\/www.notibras.com\/site\/","logo":{"@type":"ImageObject","inLanguage":"pt-BR","@id":"https:\/\/www.notibras.com\/site\/#\/schema\/logo\/image\/","url":"https:\/\/www.notibras.com\/site\/wp-content\/uploads\/2023\/01\/notibras23.png","contentUrl":"https:\/\/www.notibras.com\/site\/wp-content\/uploads\/2023\/01\/notibras23.png","width":350,"height":87,"caption":"Grupo Notibras de Comunica\u00e7\u00e3o"},"image":{"@id":"https:\/\/www.notibras.com\/site\/#\/schema\/logo\/image\/"},"sameAs":["https:\/\/www.facebook.com\/notibras\/","https:\/\/x.com\/Notibras","https:\/\/www.instagram.com\/notibras\/"]},{"@type":"Person","@id":"https:\/\/www.notibras.com\/site\/#\/schema\/person\/5b7fabf2aedc3ada2105f03b22b4d3dd","name":"Eduardo Mart\u00ednez","image":{"@type":"ImageObject","inLanguage":"pt-BR","@id":"https:\/\/secure.gravatar.com\/avatar\/7902f906289926289cbcda644b5197c796b893c6ffd7b9a536a42d290f7704a0?s=96&d=mm&r=g","url":"https:\/\/secure.gravatar.com\/avatar\/7902f906289926289cbcda644b5197c796b893c6ffd7b9a536a42d290f7704a0?s=96&d=mm&r=g","contentUrl":"https:\/\/secure.gravatar.com\/avatar\/7902f906289926289cbcda644b5197c796b893c6ffd7b9a536a42d290f7704a0?s=96&d=mm&r=g","caption":"Eduardo Mart\u00ednez"}}]}},"amp_enabled":true,"_links":{"self":[{"href":"https:\/\/www.notibras.com\/site\/wp-json\/wp\/v2\/posts\/384243","targetHints":{"allow":["GET"]}}],"collection":[{"href":"https:\/\/www.notibras.com\/site\/wp-json\/wp\/v2\/posts"}],"about":[{"href":"https:\/\/www.notibras.com\/site\/wp-json\/wp\/v2\/types\/post"}],"author":[{"embeddable":true,"href":"https:\/\/www.notibras.com\/site\/wp-json\/wp\/v2\/users\/21"}],"replies":[{"embeddable":true,"href":"https:\/\/www.notibras.com\/site\/wp-json\/wp\/v2\/comments?post=384243"}],"version-history":[{"count":2,"href":"https:\/\/www.notibras.com\/site\/wp-json\/wp\/v2\/posts\/384243\/revisions"}],"predecessor-version":[{"id":384246,"href":"https:\/\/www.notibras.com\/site\/wp-json\/wp\/v2\/posts\/384243\/revisions\/384246"}],"wp:featuredmedia":[{"embeddable":true,"href":"https:\/\/www.notibras.com\/site\/wp-json\/wp\/v2\/media\/384244"}],"wp:attachment":[{"href":"https:\/\/www.notibras.com\/site\/wp-json\/wp\/v2\/media?parent=384243"}],"wp:term":[{"taxonomy":"category","embeddable":true,"href":"https:\/\/www.notibras.com\/site\/wp-json\/wp\/v2\/categories?post=384243"},{"taxonomy":"post_tag","embeddable":true,"href":"https:\/\/www.notibras.com\/site\/wp-json\/wp\/v2\/tags?post=384243"}],"curies":[{"name":"wp","href":"https:\/\/api.w.org\/{rel}","templated":true}]}}