{"id":384247,"date":"2026-02-23T00:15:43","date_gmt":"2026-02-23T03:15:43","guid":{"rendered":"https:\/\/www.notibras.com\/site\/?p=384247"},"modified":"2026-02-22T19:41:29","modified_gmt":"2026-02-22T22:41:29","slug":"o-profeta-a-lapis","status":"publish","type":"post","link":"https:\/\/www.notibras.com\/site\/o-profeta-a-lapis\/","title":{"rendered":"O profeta a l\u00e1pis"},"content":{"rendered":"<p>Gerv\u00e1sio, tipo devoto que era, tinha o maior medo de ser descoberto. N\u00e3o que ele roubasse ou matasse ou cometesse algum outro crime, isto \u00e9, pelo menos n\u00e3o aqueles que constam do C\u00f3digo Penal. No entanto, se seus atos n\u00e3o poderiam ser julgados pela justi\u00e7a do homem, ele n\u00e3o tinha tanta certeza em rela\u00e7\u00e3o ao julgamento divino.<\/p>\n<p>O pecado do sujeito era a paix\u00e3o por escrever contos repletos de maldades. Mas n\u00e3o pense voc\u00ea que fossem hist\u00f3rias depravadas, mas de terror. Ali\u00e1s, n\u00e3o era exatamente em terror que se encaixaria suas prefer\u00eancias. Horror seria a palavra mais apropriada, tamanho o banho de sangue e atrocidades.<\/p>\n<p>O contista tamb\u00e9m n\u00e3o gostava de teclar suas tramas, seja no computador, seja at\u00e9 mesmo na antiga E. Remington, rel\u00edquia herdada do av\u00f4. Preferia fazer apontamentos a l\u00e1pis em folhas soltas, que, eram trancadas aos calhama\u00e7os no fundo do arm\u00e1rio de ferro no galp\u00e3o, repleto de quinquilharias, da propriedade.<\/p>\n<p>Dono da padaria mais frequentada do bairro, Gerv\u00e1sio logo percebeu que tinha jeito com o p\u00fablico. Tanto \u00e9 que, n\u00e3o tardou, come\u00e7ou a frequentar com mais perseveran\u00e7a a igreja. N\u00e3o que fosse assim t\u00e3o religioso, era mais situa\u00e7\u00e3o de aprender melhor com o pastor Ulisses como manejar os fi\u00e9is. De t\u00e3o sagaz, logo se tornou um dos oradores e, dali a pouco, l\u00edder do louvor.<\/p>\n<p>Tamanha eloqu\u00eancia, Gerv\u00e1sio come\u00e7ou a causar inveja no pastor, que percebeu que as ovelhas, as suas ovelhas, e por quem ele havia tanto lutado, estavam mais interessadas nas palavras do seu substituto. Por isso, Ulisses, que andava econ\u00f4mico nos cultos, come\u00e7ou a estic\u00e1-los at\u00e9 onde a voz permitia.<\/p>\n<p>Fumante inveterado, o pregador andava quase sem f\u00f4lego e com a voz t\u00e3o maltratada, que as palavras quase n\u00e3o eram entendidas pelos fi\u00e9is. Por conta desse imprevisto, ele n\u00e3o teve escolha e cedeu cada vez mais espa\u00e7o para Gerv\u00e1sio, que tomou gosto pela coisa.<\/p>\n<p>Nessas idas e vindas do titular da igreja, eis que o substituto, talvez na \u00e2nsia de se apossar de vez do p\u00falpito, resolveu colocar o nome do advers\u00e1rio em seus contos. Obviamente, seria personagem com destino n\u00e3o muito feliz. L\u00e1pis e papel na m\u00e3o, come\u00e7ou a escrever sofregamente.<\/p>\n<p>&#8220;&#8230; e assim, Ulisses, n\u00e3o suportando mais a dor de continuar vivendo, resolveu se encontrar com a morte. Pegou a faca mais cega na gaveta cheia de aranhas da cozinha e come\u00e7ou a cortar a pr\u00f3pria garganta. A dor foi tamanha, mas Ulisses sabia que suic\u00eddio era pecado e, por isso, penitenciava-se \u00e0 dor lancinante, enquanto o sangue jorrava pela parede e o piso&#8230;&#8221;<\/p>\n<p>Ap\u00f3s o ponto final, Gerv\u00e1sio se sentiu t\u00e3o regozijado, que adormeceu sem se dar conta. Acordou na manh\u00e3 seguinte, quando constatou que havia perdido a hora de abrir a padaria. Saltou da cama para tomar um banho ligeiro, mas n\u00e3o o fez, pois, ao passar pelo banheiro, gostou do reflexo do seu rosto no espelho. Sorriu. Que os clientes ficassem sem p\u00e3o naquele dia!<\/p>\n<p>Preparou o costumeiro caf\u00e9 sem a\u00e7\u00facar de todas as manh\u00e3s e foi degust\u00e1-lo na varanda. Ficou por ali at\u00e9 esvaziar a garrafa t\u00e9rmica. Quando j\u00e1 ia se levantar, uma prociss\u00e3o chorosa surgiu carregando um caix\u00e3o. Gerv\u00e1sio conhecia aquela gente e foi em sua dire\u00e7\u00e3o. Nem foi preciso perguntar.<\/p>\n<p>\u2014 O pastor Ulisses, irm\u00e3o Gerv\u00e1sio.<\/p>\n<p>\u2014 O que tem ele, irm\u00e3 Cremilda?<\/p>\n<p>\u2014 Uma trag\u00e9dia!<\/p>\n<p>Em solu\u00e7os, a mulher n\u00e3o conseguiu dizer o que teria acontecido, at\u00e9 que Lucr\u00e9cia, talvez a \u00fanica com nervos firmes, desembuchou.<\/p>\n<p>\u2014 O pastor Ulisses se matou. Cortou a garganta com a navalha enquanto fazia a barba. Sangue pra todo lado. N\u00e3o h\u00e1 crist\u00e3o que resista \u00e0quela sangria toda, irm\u00e3o Gerv\u00e1sio.<\/p>\n<p>Gerv\u00e1sio, que j\u00e1 havia aprendido as artimanhas da desfa\u00e7atez, conseguiu esconder a felicidade atr\u00e1s da estampa de lam\u00farias. Tudo fingimento. Conseguiu enganar a todos.<\/p>\n<p>Tomada pela emo\u00e7\u00e3o, as pessoas arrastaram Gerv\u00e1sio para o vel\u00f3rio. C\u00ednico como ele s\u00f3, aceitou a miss\u00e3o de proferir as \u00faltimas palavras para o morto.<\/p>\n<p>O discurso foi longo e comoveu a plateia. N\u00e3o restava d\u00favida de que Gerv\u00e1sio, ou melhor, o pastor Gerv\u00e1sio seria o l\u00edder religioso daquela chusma. E foi o que aconteceu a partir de ent\u00e3o.<\/p>\n<p>Gerv\u00e1sio, h\u00e1 quase seis meses no novo of\u00edcio, decidiu terceirizar a padaria, j\u00e1 que logo percebeu que a nova mercancia era mais rent\u00e1vel. O problema foi que Lucr\u00e9cia, que de boba n\u00e3o tinha nem a cara, notou que a soma dos d\u00edzimos havia diminu\u00eddo consideravelmente. N\u00e3o por causa das doa\u00e7\u00f5es, que at\u00e9 aumentaram. A situa\u00e7\u00e3o era outra.<\/p>\n<p>A mulher, que enfrentava qualquer um \u00e0 unha, foi ter uma conversa com o pastor. O salafr\u00e1rio tentou desconversar, mas foi encurralado. Apavorado, n\u00e3o tinha outra solu\u00e7\u00e3o a n\u00e3o ser recorrer ao dom de selar o destino dos que cruzavam seu caminho.<\/p>\n<p>Gerv\u00e1sio, assim que chegou ao lar, doce lar, tratou de pegar papel e l\u00e1pis. N\u00e3o tardou, j\u00e1 tinha um conto prontinho.<\/p>\n<p>&#8220;&#8230; descuidada que era, talvez pela cacha\u00e7a de m\u00e1 qualidade, Lucr\u00e9cia, na sacada do apartamento 603, onde residia desde que enviuvou, trope\u00e7ou. Pobre mulher, despencou do sexto andar. Espatifou o cr\u00e2nio, miolos espalhados pela cal\u00e7ada&#8230;&#8221;<\/p>\n<p>O pastor adormeceu como um anjo. Sonhou, \u00e9 verdade, tamanho o sorriso estampado no rosto ao despertar. Todavia, n\u00e3o conseguiu se recordar do que havia sonhado. Olhou o rel\u00f3gio e percebeu que j\u00e1 havia passado das dez horas. Tratou de tomar uma ducha antes de tomar o costumeiro caf\u00e9 sem a\u00e7\u00facar.<\/p>\n<p>Vestiu um terno preto na certeza de que iria fazer a ora\u00e7\u00e3o no vel\u00f3rio da finada irm\u00e3 Lucr\u00e9cia. Pegou a b\u00edblia sobre a mesa da sala e saiu. Que Deus tivesse piedade daquela pobre alma, pois do pastor n\u00e3o deveria esperar nada al\u00e9m do que palavras jogadas ao vento.<\/p>\n<p>Gerv\u00e1sio estranhou a falta de prociss\u00e3o na rua. Ser\u00e1 que o corpo da inimiga n\u00e3o havia sido encontrado? Improv\u00e1vel! Ele tinha escrito que os miolos estariam espalhados pela cal\u00e7ada. Imposs\u00edvel tamanha cena passar despercebida.<\/p>\n<p>Decidido a desvendar aquele mist\u00e9rio, foi at\u00e9 o edif\u00edcio onde morava a mulher que j\u00e1 deveria ter se tornado defunta. Na cal\u00e7ada, a cal\u00e7ada onde ao menos as manchas de sangue ainda deveriam estar por ali, Gerv\u00e1sio nada encontrou, a n\u00e3o ser cacos de vidro, certamente do copo de cacha\u00e7a da irm\u00e3 Lucr\u00e9cia.<\/p>\n<p>Inconformado, o sujeito olhou para a sacada do apartamento da advers\u00e1ria. S\u00f3 teve tempo de arregalar os olhos. Lucr\u00e9cia despencou do sexto andar. Por sorte, l\u00e1 estava o pastor, que amorteceu a queda da mulher, que, por milagre, se salvou praticamente ilesa. Quanto ao pastor Gerv\u00e1sio, ele n\u00e3o pode ver seus miolos espalhados na cal\u00e7ada. Que cena horripilante!<\/p>\n<p><strong>\u2026\u2026\u2026\u2026\u2026\u2026\u2026\u2026<\/strong><\/p>\n<p><strong>Eduardo Mart\u00ednez \u00e9 autor do livro \u201957 Contos e Cr\u00f4nicas por um Autor Muito Velho\u2019 (Vencedor do Pr\u00eamio Liter\u00e1rio Clarice Lispector \u2013 2025 na categoria livro de contos).<\/strong><\/p>\n<p><strong>Compre aqui<\/strong><\/p>\n<p><a href=\"https:\/\/www.joanineditora.com.br\/57-contos-e-cronicas-por-um-autor-muito-velho\"><strong>https:\/\/www.joanineditora.com.br\/57-contos-e-cronicas-por-um-autor-muito-velho<\/strong><\/a><\/p>\n","protected":false},"excerpt":{"rendered":"<p>Gerv\u00e1sio, tipo devoto que era, tinha o maior medo de ser descoberto. N\u00e3o que ele roubasse ou matasse ou cometesse algum outro crime, isto \u00e9, pelo menos n\u00e3o aqueles que constam do C\u00f3digo Penal. No entanto, se seus atos n\u00e3o poderiam ser julgados pela justi\u00e7a do homem, ele n\u00e3o tinha tanta certeza em rela\u00e7\u00e3o ao [&hellip;]<\/p>\n","protected":false},"author":21,"featured_media":384248,"comment_status":"closed","ping_status":"closed","sticky":false,"template":"","format":"standard","meta":{"_acf_changed":false,"footnotes":""},"categories":[234],"tags":[],"class_list":["post-384247","post","type-post","status-publish","format-standard","has-post-thumbnail","hentry","category-cafe-literario"],"acf":[],"yoast_head":"<!-- This site is optimized with the Yoast SEO plugin v27.2 - https:\/\/yoast.com\/product\/yoast-seo-wordpress\/ -->\n<title>O profeta a l\u00e1pis - Notibras<\/title>\n<meta name=\"robots\" content=\"index, follow, max-snippet:-1, max-image-preview:large, max-video-preview:-1\" \/>\n<link rel=\"canonical\" href=\"https:\/\/www.notibras.com\/site\/o-profeta-a-lapis\/\" \/>\n<meta property=\"og:locale\" content=\"pt_BR\" \/>\n<meta property=\"og:type\" content=\"article\" \/>\n<meta property=\"og:title\" content=\"O profeta a l\u00e1pis - Notibras\" \/>\n<meta property=\"og:description\" content=\"Gerv\u00e1sio, tipo devoto que era, tinha o maior medo de ser descoberto. N\u00e3o que ele roubasse ou matasse ou cometesse algum outro crime, isto \u00e9, pelo menos n\u00e3o aqueles que constam do C\u00f3digo Penal. No entanto, se seus atos n\u00e3o poderiam ser julgados pela justi\u00e7a do homem, ele n\u00e3o tinha tanta certeza em rela\u00e7\u00e3o ao [&hellip;]\" \/>\n<meta property=\"og:url\" content=\"https:\/\/www.notibras.com\/site\/o-profeta-a-lapis\/\" \/>\n<meta property=\"og:site_name\" content=\"Notibras\" \/>\n<meta property=\"article:publisher\" content=\"https:\/\/www.facebook.com\/notibras\/\" \/>\n<meta property=\"article:published_time\" content=\"2026-02-23T03:15:43+00:00\" \/>\n<meta property=\"og:image\" content=\"https:\/\/www.notibras.com\/site\/wp-content\/uploads\/2026\/02\/WhatsApp-Image-2026-02-22-at-19.35.38.jpeg\" \/>\n\t<meta property=\"og:image:width\" content=\"1024\" \/>\n\t<meta property=\"og:image:height\" content=\"1024\" \/>\n\t<meta property=\"og:image:type\" content=\"image\/jpeg\" \/>\n<meta name=\"author\" content=\"Eduardo Mart\u00ednez\" \/>\n<meta name=\"twitter:card\" content=\"summary_large_image\" \/>\n<meta name=\"twitter:creator\" content=\"@Notibras\" \/>\n<meta name=\"twitter:site\" content=\"@Notibras\" \/>\n<meta name=\"twitter:label1\" content=\"Escrito por\" \/>\n\t<meta name=\"twitter:data1\" content=\"Eduardo Mart\u00ednez\" \/>\n\t<meta name=\"twitter:label2\" content=\"Est. tempo de leitura\" \/>\n\t<meta name=\"twitter:data2\" content=\"7 minutos\" \/>\n<script type=\"application\/ld+json\" class=\"yoast-schema-graph\">{\"@context\":\"https:\/\/schema.org\",\"@graph\":[{\"@type\":\"Article\",\"@id\":\"https:\/\/www.notibras.com\/site\/o-profeta-a-lapis\/#article\",\"isPartOf\":{\"@id\":\"https:\/\/www.notibras.com\/site\/o-profeta-a-lapis\/\"},\"author\":{\"name\":\"Eduardo Mart\u00ednez\",\"@id\":\"https:\/\/www.notibras.com\/site\/#\/schema\/person\/5b7fabf2aedc3ada2105f03b22b4d3dd\"},\"headline\":\"O profeta a l\u00e1pis\",\"datePublished\":\"2026-02-23T03:15:43+00:00\",\"mainEntityOfPage\":{\"@id\":\"https:\/\/www.notibras.com\/site\/o-profeta-a-lapis\/\"},\"wordCount\":1257,\"publisher\":{\"@id\":\"https:\/\/www.notibras.com\/site\/#organization\"},\"image\":{\"@id\":\"https:\/\/www.notibras.com\/site\/o-profeta-a-lapis\/#primaryimage\"},\"thumbnailUrl\":\"https:\/\/www.notibras.com\/site\/wp-content\/uploads\/2026\/02\/WhatsApp-Image-2026-02-22-at-19.35.38.jpeg\",\"articleSection\":[\"Caf\u00e9 Liter\u00e1rio\"],\"inLanguage\":\"pt-BR\"},{\"@type\":\"WebPage\",\"@id\":\"https:\/\/www.notibras.com\/site\/o-profeta-a-lapis\/\",\"url\":\"https:\/\/www.notibras.com\/site\/o-profeta-a-lapis\/\",\"name\":\"O profeta a l\u00e1pis - Notibras\",\"isPartOf\":{\"@id\":\"https:\/\/www.notibras.com\/site\/#website\"},\"primaryImageOfPage\":{\"@id\":\"https:\/\/www.notibras.com\/site\/o-profeta-a-lapis\/#primaryimage\"},\"image\":{\"@id\":\"https:\/\/www.notibras.com\/site\/o-profeta-a-lapis\/#primaryimage\"},\"thumbnailUrl\":\"https:\/\/www.notibras.com\/site\/wp-content\/uploads\/2026\/02\/WhatsApp-Image-2026-02-22-at-19.35.38.jpeg\",\"datePublished\":\"2026-02-23T03:15:43+00:00\",\"breadcrumb\":{\"@id\":\"https:\/\/www.notibras.com\/site\/o-profeta-a-lapis\/#breadcrumb\"},\"inLanguage\":\"pt-BR\",\"potentialAction\":[{\"@type\":\"ReadAction\",\"target\":[\"https:\/\/www.notibras.com\/site\/o-profeta-a-lapis\/\"]}]},{\"@type\":\"ImageObject\",\"inLanguage\":\"pt-BR\",\"@id\":\"https:\/\/www.notibras.com\/site\/o-profeta-a-lapis\/#primaryimage\",\"url\":\"https:\/\/www.notibras.com\/site\/wp-content\/uploads\/2026\/02\/WhatsApp-Image-2026-02-22-at-19.35.38.jpeg\",\"contentUrl\":\"https:\/\/www.notibras.com\/site\/wp-content\/uploads\/2026\/02\/WhatsApp-Image-2026-02-22-at-19.35.38.jpeg\",\"width\":1024,\"height\":1024},{\"@type\":\"BreadcrumbList\",\"@id\":\"https:\/\/www.notibras.com\/site\/o-profeta-a-lapis\/#breadcrumb\",\"itemListElement\":[{\"@type\":\"ListItem\",\"position\":1,\"name\":\"In\u00edcio\",\"item\":\"https:\/\/www.notibras.com\/site\/\"},{\"@type\":\"ListItem\",\"position\":2,\"name\":\"O profeta a l\u00e1pis\"}]},{\"@type\":\"WebSite\",\"@id\":\"https:\/\/www.notibras.com\/site\/#website\",\"url\":\"https:\/\/www.notibras.com\/site\/\",\"name\":\"Notibras\",\"description\":\"Not\u00edcias de Bras\u00edlia, do Brasil e do Mundo\",\"publisher\":{\"@id\":\"https:\/\/www.notibras.com\/site\/#organization\"},\"potentialAction\":[{\"@type\":\"SearchAction\",\"target\":{\"@type\":\"EntryPoint\",\"urlTemplate\":\"https:\/\/www.notibras.com\/site\/?s={search_term_string}\"},\"query-input\":{\"@type\":\"PropertyValueSpecification\",\"valueRequired\":true,\"valueName\":\"search_term_string\"}}],\"inLanguage\":\"pt-BR\"},{\"@type\":\"Organization\",\"@id\":\"https:\/\/www.notibras.com\/site\/#organization\",\"name\":\"Grupo Notibras de Comunica\u00e7\u00e3o\",\"url\":\"https:\/\/www.notibras.com\/site\/\",\"logo\":{\"@type\":\"ImageObject\",\"inLanguage\":\"pt-BR\",\"@id\":\"https:\/\/www.notibras.com\/site\/#\/schema\/logo\/image\/\",\"url\":\"https:\/\/www.notibras.com\/site\/wp-content\/uploads\/2023\/01\/notibras23.png\",\"contentUrl\":\"https:\/\/www.notibras.com\/site\/wp-content\/uploads\/2023\/01\/notibras23.png\",\"width\":350,\"height\":87,\"caption\":\"Grupo Notibras de Comunica\u00e7\u00e3o\"},\"image\":{\"@id\":\"https:\/\/www.notibras.com\/site\/#\/schema\/logo\/image\/\"},\"sameAs\":[\"https:\/\/www.facebook.com\/notibras\/\",\"https:\/\/x.com\/Notibras\",\"https:\/\/www.instagram.com\/notibras\/\"]},{\"@type\":\"Person\",\"@id\":\"https:\/\/www.notibras.com\/site\/#\/schema\/person\/5b7fabf2aedc3ada2105f03b22b4d3dd\",\"name\":\"Eduardo Mart\u00ednez\",\"image\":{\"@type\":\"ImageObject\",\"inLanguage\":\"pt-BR\",\"@id\":\"https:\/\/secure.gravatar.com\/avatar\/7902f906289926289cbcda644b5197c796b893c6ffd7b9a536a42d290f7704a0?s=96&d=mm&r=g\",\"url\":\"https:\/\/secure.gravatar.com\/avatar\/7902f906289926289cbcda644b5197c796b893c6ffd7b9a536a42d290f7704a0?s=96&d=mm&r=g\",\"contentUrl\":\"https:\/\/secure.gravatar.com\/avatar\/7902f906289926289cbcda644b5197c796b893c6ffd7b9a536a42d290f7704a0?s=96&d=mm&r=g\",\"caption\":\"Eduardo Mart\u00ednez\"}}]}<\/script>\n<!-- \/ Yoast SEO plugin. -->","yoast_head_json":{"title":"O profeta a l\u00e1pis - Notibras","robots":{"index":"index","follow":"follow","max-snippet":"max-snippet:-1","max-image-preview":"max-image-preview:large","max-video-preview":"max-video-preview:-1"},"canonical":"https:\/\/www.notibras.com\/site\/o-profeta-a-lapis\/","og_locale":"pt_BR","og_type":"article","og_title":"O profeta a l\u00e1pis - Notibras","og_description":"Gerv\u00e1sio, tipo devoto que era, tinha o maior medo de ser descoberto. N\u00e3o que ele roubasse ou matasse ou cometesse algum outro crime, isto \u00e9, pelo menos n\u00e3o aqueles que constam do C\u00f3digo Penal. No entanto, se seus atos n\u00e3o poderiam ser julgados pela justi\u00e7a do homem, ele n\u00e3o tinha tanta certeza em rela\u00e7\u00e3o ao [&hellip;]","og_url":"https:\/\/www.notibras.com\/site\/o-profeta-a-lapis\/","og_site_name":"Notibras","article_publisher":"https:\/\/www.facebook.com\/notibras\/","article_published_time":"2026-02-23T03:15:43+00:00","og_image":[{"width":1024,"height":1024,"url":"https:\/\/www.notibras.com\/site\/wp-content\/uploads\/2026\/02\/WhatsApp-Image-2026-02-22-at-19.35.38.jpeg","type":"image\/jpeg"}],"author":"Eduardo Mart\u00ednez","twitter_card":"summary_large_image","twitter_creator":"@Notibras","twitter_site":"@Notibras","twitter_misc":{"Escrito por":"Eduardo Mart\u00ednez","Est. tempo de leitura":"7 minutos"},"schema":{"@context":"https:\/\/schema.org","@graph":[{"@type":"Article","@id":"https:\/\/www.notibras.com\/site\/o-profeta-a-lapis\/#article","isPartOf":{"@id":"https:\/\/www.notibras.com\/site\/o-profeta-a-lapis\/"},"author":{"name":"Eduardo Mart\u00ednez","@id":"https:\/\/www.notibras.com\/site\/#\/schema\/person\/5b7fabf2aedc3ada2105f03b22b4d3dd"},"headline":"O profeta a l\u00e1pis","datePublished":"2026-02-23T03:15:43+00:00","mainEntityOfPage":{"@id":"https:\/\/www.notibras.com\/site\/o-profeta-a-lapis\/"},"wordCount":1257,"publisher":{"@id":"https:\/\/www.notibras.com\/site\/#organization"},"image":{"@id":"https:\/\/www.notibras.com\/site\/o-profeta-a-lapis\/#primaryimage"},"thumbnailUrl":"https:\/\/www.notibras.com\/site\/wp-content\/uploads\/2026\/02\/WhatsApp-Image-2026-02-22-at-19.35.38.jpeg","articleSection":["Caf\u00e9 Liter\u00e1rio"],"inLanguage":"pt-BR"},{"@type":"WebPage","@id":"https:\/\/www.notibras.com\/site\/o-profeta-a-lapis\/","url":"https:\/\/www.notibras.com\/site\/o-profeta-a-lapis\/","name":"O profeta a l\u00e1pis - Notibras","isPartOf":{"@id":"https:\/\/www.notibras.com\/site\/#website"},"primaryImageOfPage":{"@id":"https:\/\/www.notibras.com\/site\/o-profeta-a-lapis\/#primaryimage"},"image":{"@id":"https:\/\/www.notibras.com\/site\/o-profeta-a-lapis\/#primaryimage"},"thumbnailUrl":"https:\/\/www.notibras.com\/site\/wp-content\/uploads\/2026\/02\/WhatsApp-Image-2026-02-22-at-19.35.38.jpeg","datePublished":"2026-02-23T03:15:43+00:00","breadcrumb":{"@id":"https:\/\/www.notibras.com\/site\/o-profeta-a-lapis\/#breadcrumb"},"inLanguage":"pt-BR","potentialAction":[{"@type":"ReadAction","target":["https:\/\/www.notibras.com\/site\/o-profeta-a-lapis\/"]}]},{"@type":"ImageObject","inLanguage":"pt-BR","@id":"https:\/\/www.notibras.com\/site\/o-profeta-a-lapis\/#primaryimage","url":"https:\/\/www.notibras.com\/site\/wp-content\/uploads\/2026\/02\/WhatsApp-Image-2026-02-22-at-19.35.38.jpeg","contentUrl":"https:\/\/www.notibras.com\/site\/wp-content\/uploads\/2026\/02\/WhatsApp-Image-2026-02-22-at-19.35.38.jpeg","width":1024,"height":1024},{"@type":"BreadcrumbList","@id":"https:\/\/www.notibras.com\/site\/o-profeta-a-lapis\/#breadcrumb","itemListElement":[{"@type":"ListItem","position":1,"name":"In\u00edcio","item":"https:\/\/www.notibras.com\/site\/"},{"@type":"ListItem","position":2,"name":"O profeta a l\u00e1pis"}]},{"@type":"WebSite","@id":"https:\/\/www.notibras.com\/site\/#website","url":"https:\/\/www.notibras.com\/site\/","name":"Notibras","description":"Not\u00edcias de Bras\u00edlia, do Brasil e do Mundo","publisher":{"@id":"https:\/\/www.notibras.com\/site\/#organization"},"potentialAction":[{"@type":"SearchAction","target":{"@type":"EntryPoint","urlTemplate":"https:\/\/www.notibras.com\/site\/?s={search_term_string}"},"query-input":{"@type":"PropertyValueSpecification","valueRequired":true,"valueName":"search_term_string"}}],"inLanguage":"pt-BR"},{"@type":"Organization","@id":"https:\/\/www.notibras.com\/site\/#organization","name":"Grupo Notibras de Comunica\u00e7\u00e3o","url":"https:\/\/www.notibras.com\/site\/","logo":{"@type":"ImageObject","inLanguage":"pt-BR","@id":"https:\/\/www.notibras.com\/site\/#\/schema\/logo\/image\/","url":"https:\/\/www.notibras.com\/site\/wp-content\/uploads\/2023\/01\/notibras23.png","contentUrl":"https:\/\/www.notibras.com\/site\/wp-content\/uploads\/2023\/01\/notibras23.png","width":350,"height":87,"caption":"Grupo Notibras de Comunica\u00e7\u00e3o"},"image":{"@id":"https:\/\/www.notibras.com\/site\/#\/schema\/logo\/image\/"},"sameAs":["https:\/\/www.facebook.com\/notibras\/","https:\/\/x.com\/Notibras","https:\/\/www.instagram.com\/notibras\/"]},{"@type":"Person","@id":"https:\/\/www.notibras.com\/site\/#\/schema\/person\/5b7fabf2aedc3ada2105f03b22b4d3dd","name":"Eduardo Mart\u00ednez","image":{"@type":"ImageObject","inLanguage":"pt-BR","@id":"https:\/\/secure.gravatar.com\/avatar\/7902f906289926289cbcda644b5197c796b893c6ffd7b9a536a42d290f7704a0?s=96&d=mm&r=g","url":"https:\/\/secure.gravatar.com\/avatar\/7902f906289926289cbcda644b5197c796b893c6ffd7b9a536a42d290f7704a0?s=96&d=mm&r=g","contentUrl":"https:\/\/secure.gravatar.com\/avatar\/7902f906289926289cbcda644b5197c796b893c6ffd7b9a536a42d290f7704a0?s=96&d=mm&r=g","caption":"Eduardo Mart\u00ednez"}}]}},"amp_enabled":true,"_links":{"self":[{"href":"https:\/\/www.notibras.com\/site\/wp-json\/wp\/v2\/posts\/384247","targetHints":{"allow":["GET"]}}],"collection":[{"href":"https:\/\/www.notibras.com\/site\/wp-json\/wp\/v2\/posts"}],"about":[{"href":"https:\/\/www.notibras.com\/site\/wp-json\/wp\/v2\/types\/post"}],"author":[{"embeddable":true,"href":"https:\/\/www.notibras.com\/site\/wp-json\/wp\/v2\/users\/21"}],"replies":[{"embeddable":true,"href":"https:\/\/www.notibras.com\/site\/wp-json\/wp\/v2\/comments?post=384247"}],"version-history":[{"count":2,"href":"https:\/\/www.notibras.com\/site\/wp-json\/wp\/v2\/posts\/384247\/revisions"}],"predecessor-version":[{"id":384250,"href":"https:\/\/www.notibras.com\/site\/wp-json\/wp\/v2\/posts\/384247\/revisions\/384250"}],"wp:featuredmedia":[{"embeddable":true,"href":"https:\/\/www.notibras.com\/site\/wp-json\/wp\/v2\/media\/384248"}],"wp:attachment":[{"href":"https:\/\/www.notibras.com\/site\/wp-json\/wp\/v2\/media?parent=384247"}],"wp:term":[{"taxonomy":"category","embeddable":true,"href":"https:\/\/www.notibras.com\/site\/wp-json\/wp\/v2\/categories?post=384247"},{"taxonomy":"post_tag","embeddable":true,"href":"https:\/\/www.notibras.com\/site\/wp-json\/wp\/v2\/tags?post=384247"}],"curies":[{"name":"wp","href":"https:\/\/api.w.org\/{rel}","templated":true}]}}