{"id":384251,"date":"2026-02-23T01:15:05","date_gmt":"2026-02-23T04:15:05","guid":{"rendered":"https:\/\/www.notibras.com\/site\/?p=384251"},"modified":"2026-02-22T22:23:50","modified_gmt":"2026-02-23T01:23:50","slug":"justica-torna-pedro-turra-reu-por-homicidio-e-aponta-padrao-violento","status":"publish","type":"post","link":"https:\/\/www.notibras.com\/site\/justica-torna-pedro-turra-reu-por-homicidio-e-aponta-padrao-violento\/","title":{"rendered":"Justi\u00e7a torna Pedro Turra r\u00e9u por homic\u00eddio e aponta padr\u00e3o violento"},"content":{"rendered":"<p>A Justi\u00e7a do Distrito Federal aceitou a den\u00fancia do Minist\u00e9rio P\u00fablico contra o ex-piloto Pedro Arthur Turra Basso, de 19 anos, tornando-o r\u00e9u pelo homic\u00eddio de Rodrigo Castanheira, de 16 anos. Ao proferir a decis\u00e3o, o juiz Andr\u00e9 Silva Ribeiro destacou que o hist\u00f3rico do acusado revela um &#8220;padr\u00e3o de comportamento violento&#8221;, o que justifica a manuten\u00e7\u00e3o de sua pris\u00e3o preventiva para garantir a ordem p\u00fablica e a instru\u00e7\u00e3o do processo.<\/p>\n<p>Para o magistrado, a liberdade de Turra representaria um risco, uma vez que ele j\u00e1 responde por outros epis\u00f3dios recentes de agressividade. Entre os registros citados est\u00e3o uma briga em uma pra\u00e7a de \u00c1guas Claras em 2025, uma agress\u00e3o no tr\u00e2nsito contra um homem de 49 anos e a grave den\u00fancia de uma jovem que afirma ter sido torturada pelo ex-piloto com o uso de um taser (arma de choque).<\/p>\n<p>Al\u00e9m do hist\u00f3rico agressivo, a decis\u00e3o judicial aponta ind\u00edcios de uma tentativa de &#8220;alinhamento de narrativas&#8221; entre o r\u00e9u e testemunhas para obstruir o trabalho da Pol\u00edcia Civil do Distrito Federal. Segundo o juiz, essa disposi\u00e7\u00e3o para interferir nas investiga\u00e7\u00f5es compromete a busca pela verdade real, refor\u00e7ando a necessidade de manter o acusado sob cust\u00f3dia no Complexo Penitenci\u00e1rio da Papuda.<\/p>\n<p>Um dos pontos de suspeita sobre a manipula\u00e7\u00e3o do caso envolve depoimentos de amigos de Pedro Turra. Eles afirmaram \u00e0 pol\u00edcia que a v\u00edtima, Rodrigo Castanheira, estaria manuseando um &#8220;canivete&#8221; momentos antes da agress\u00e3o. No entanto, o item n\u00e3o foi visualizado em nenhuma das imagens de c\u00e2meras de seguran\u00e7a analisadas pelos investigadores, sugerindo uma poss\u00edvel estrat\u00e9gia de defesa combinada.<\/p>\n<p>O crime ocorreu no dia 23 de janeiro, em Vicente Pires, quando Pedro agrediu o adolescente com um soco que resultou em traumatismo craniano. Rodrigo permaneceu internado em estado grav\u00edssimo por 16 dias, mas n\u00e3o resistiu aos ferimentos e faleceu. Com o \u00f3bito, o Minist\u00e9rio P\u00fablico reclassificou a acusa\u00e7\u00e3o de les\u00e3o corporal grav\u00edssima para homic\u00eddio doloso, quando h\u00e1 inten\u00e7\u00e3o ou assun\u00e7\u00e3o do risco de matar.<\/p>\n<p>O Minist\u00e9rio P\u00fablico argumenta que o ex-piloto foi ao local do incidente com a inten\u00e7\u00e3o deliberada de iniciar uma briga. Al\u00e9m da condena\u00e7\u00e3o criminal, o \u00f3rg\u00e3o pede que Pedro Turra seja condenado a pagar uma indeniza\u00e7\u00e3o de R$ 400 mil por danos morais \u00e0 fam\u00edlia da v\u00edtima, como forma de repara\u00e7\u00e3o pelo impacto devastador causado pela perda do jovem.<\/p>\n<p>Atualmente, o processo entra na fase de apresenta\u00e7\u00e3o de defesa e produ\u00e7\u00e3o de provas antes do julgamento final. Recentemente, o Tribunal de Justi\u00e7a do Distrito Federal (TJDFT) negou um pedido de habeas corpus impetrado pela defesa do r\u00e9u, mantendo a decis\u00e3o de que ele deve aguardar a senten\u00e7a detido no Centro de Deten\u00e7\u00e3o Provis\u00f3ria (CDP).<\/p>\n<p>Enquanto a defesa de Pedro Turra optou por n\u00e3o se manifestar sobre os detalhes da den\u00fancia, os advogados da fam\u00edlia de Rodrigo Castanheira reiteram que o soco desferido foi a causa direta e \u00fanica da morte. A Pol\u00edcia Civil aguarda agora novas an\u00e1lises do Instituto M\u00e9dico Legal (IML) para consolidar os laudos periciais que far\u00e3o parte do corpo de evid\u00eancias no tribunal.<\/p>\n","protected":false},"excerpt":{"rendered":"<p>A Justi\u00e7a do Distrito Federal aceitou a den\u00fancia do Minist\u00e9rio P\u00fablico contra o ex-piloto Pedro Arthur Turra Basso, de 19 anos, tornando-o r\u00e9u pelo homic\u00eddio de Rodrigo Castanheira, de 16 anos. Ao proferir a decis\u00e3o, o juiz Andr\u00e9 Silva Ribeiro destacou que o hist\u00f3rico do acusado revela um &#8220;padr\u00e3o de comportamento violento&#8221;, o que justifica [&hellip;]<\/p>\n","protected":false},"author":21,"featured_media":384252,"comment_status":"closed","ping_status":"closed","sticky":false,"template":"","format":"standard","meta":{"_acf_changed":false,"footnotes":""},"categories":[161],"tags":[],"class_list":["post-384251","post","type-post","status-publish","format-standard","has-post-thumbnail","hentry","category-quadradinho-em-foco"],"acf":[],"yoast_head":"<!-- This site is optimized with the Yoast SEO plugin v27.2 - https:\/\/yoast.com\/product\/yoast-seo-wordpress\/ -->\n<title>Justi\u00e7a torna Pedro Turra r\u00e9u por homic\u00eddio e aponta padr\u00e3o violento - Notibras<\/title>\n<meta name=\"robots\" content=\"index, follow, max-snippet:-1, max-image-preview:large, max-video-preview:-1\" \/>\n<link rel=\"canonical\" href=\"https:\/\/www.notibras.com\/site\/justica-torna-pedro-turra-reu-por-homicidio-e-aponta-padrao-violento\/\" \/>\n<meta property=\"og:locale\" content=\"pt_BR\" \/>\n<meta property=\"og:type\" content=\"article\" \/>\n<meta property=\"og:title\" content=\"Justi\u00e7a torna Pedro Turra r\u00e9u por homic\u00eddio e aponta padr\u00e3o violento - Notibras\" \/>\n<meta property=\"og:description\" content=\"A Justi\u00e7a do Distrito Federal aceitou a den\u00fancia do Minist\u00e9rio P\u00fablico contra o ex-piloto Pedro Arthur Turra Basso, de 19 anos, tornando-o r\u00e9u pelo homic\u00eddio de Rodrigo Castanheira, de 16 anos. Ao proferir a decis\u00e3o, o juiz Andr\u00e9 Silva Ribeiro destacou que o hist\u00f3rico do acusado revela um &#8220;padr\u00e3o de comportamento violento&#8221;, o que justifica [&hellip;]\" \/>\n<meta property=\"og:url\" content=\"https:\/\/www.notibras.com\/site\/justica-torna-pedro-turra-reu-por-homicidio-e-aponta-padrao-violento\/\" \/>\n<meta property=\"og:site_name\" content=\"Notibras\" \/>\n<meta property=\"article:publisher\" content=\"https:\/\/www.facebook.com\/notibras\/\" \/>\n<meta property=\"article:published_time\" content=\"2026-02-23T04:15:05+00:00\" \/>\n<meta property=\"og:image\" content=\"https:\/\/www.notibras.com\/site\/wp-content\/uploads\/2026\/02\/emboscada-ciume-advogado-da-nova-versao-agressao-piloto-.webp\" \/>\n\t<meta property=\"og:image:width\" content=\"920\" \/>\n\t<meta property=\"og:image:height\" content=\"518\" \/>\n\t<meta property=\"og:image:type\" content=\"image\/webp\" \/>\n<meta name=\"author\" content=\"Eduardo Mart\u00ednez\" \/>\n<meta name=\"twitter:card\" content=\"summary_large_image\" \/>\n<meta name=\"twitter:creator\" content=\"@Notibras\" \/>\n<meta name=\"twitter:site\" content=\"@Notibras\" \/>\n<meta name=\"twitter:label1\" content=\"Escrito por\" \/>\n\t<meta name=\"twitter:data1\" content=\"Eduardo Mart\u00ednez\" \/>\n\t<meta name=\"twitter:label2\" content=\"Est. tempo de leitura\" \/>\n\t<meta name=\"twitter:data2\" content=\"4 minutos\" \/>\n<script type=\"application\/ld+json\" class=\"yoast-schema-graph\">{\"@context\":\"https:\/\/schema.org\",\"@graph\":[{\"@type\":\"Article\",\"@id\":\"https:\/\/www.notibras.com\/site\/justica-torna-pedro-turra-reu-por-homicidio-e-aponta-padrao-violento\/#article\",\"isPartOf\":{\"@id\":\"https:\/\/www.notibras.com\/site\/justica-torna-pedro-turra-reu-por-homicidio-e-aponta-padrao-violento\/\"},\"author\":{\"name\":\"Eduardo Mart\u00ednez\",\"@id\":\"https:\/\/www.notibras.com\/site\/#\/schema\/person\/5b7fabf2aedc3ada2105f03b22b4d3dd\"},\"headline\":\"Justi\u00e7a torna Pedro Turra r\u00e9u por homic\u00eddio e aponta padr\u00e3o violento\",\"datePublished\":\"2026-02-23T04:15:05+00:00\",\"mainEntityOfPage\":{\"@id\":\"https:\/\/www.notibras.com\/site\/justica-torna-pedro-turra-reu-por-homicidio-e-aponta-padrao-violento\/\"},\"wordCount\":582,\"publisher\":{\"@id\":\"https:\/\/www.notibras.com\/site\/#organization\"},\"image\":{\"@id\":\"https:\/\/www.notibras.com\/site\/justica-torna-pedro-turra-reu-por-homicidio-e-aponta-padrao-violento\/#primaryimage\"},\"thumbnailUrl\":\"https:\/\/www.notibras.com\/site\/wp-content\/uploads\/2026\/02\/emboscada-ciume-advogado-da-nova-versao-agressao-piloto-.webp\",\"articleSection\":[\"Quadradinho em Foco\"],\"inLanguage\":\"pt-BR\"},{\"@type\":\"WebPage\",\"@id\":\"https:\/\/www.notibras.com\/site\/justica-torna-pedro-turra-reu-por-homicidio-e-aponta-padrao-violento\/\",\"url\":\"https:\/\/www.notibras.com\/site\/justica-torna-pedro-turra-reu-por-homicidio-e-aponta-padrao-violento\/\",\"name\":\"Justi\u00e7a torna Pedro Turra r\u00e9u por homic\u00eddio e aponta padr\u00e3o violento - Notibras\",\"isPartOf\":{\"@id\":\"https:\/\/www.notibras.com\/site\/#website\"},\"primaryImageOfPage\":{\"@id\":\"https:\/\/www.notibras.com\/site\/justica-torna-pedro-turra-reu-por-homicidio-e-aponta-padrao-violento\/#primaryimage\"},\"image\":{\"@id\":\"https:\/\/www.notibras.com\/site\/justica-torna-pedro-turra-reu-por-homicidio-e-aponta-padrao-violento\/#primaryimage\"},\"thumbnailUrl\":\"https:\/\/www.notibras.com\/site\/wp-content\/uploads\/2026\/02\/emboscada-ciume-advogado-da-nova-versao-agressao-piloto-.webp\",\"datePublished\":\"2026-02-23T04:15:05+00:00\",\"breadcrumb\":{\"@id\":\"https:\/\/www.notibras.com\/site\/justica-torna-pedro-turra-reu-por-homicidio-e-aponta-padrao-violento\/#breadcrumb\"},\"inLanguage\":\"pt-BR\",\"potentialAction\":[{\"@type\":\"ReadAction\",\"target\":[\"https:\/\/www.notibras.com\/site\/justica-torna-pedro-turra-reu-por-homicidio-e-aponta-padrao-violento\/\"]}]},{\"@type\":\"ImageObject\",\"inLanguage\":\"pt-BR\",\"@id\":\"https:\/\/www.notibras.com\/site\/justica-torna-pedro-turra-reu-por-homicidio-e-aponta-padrao-violento\/#primaryimage\",\"url\":\"https:\/\/www.notibras.com\/site\/wp-content\/uploads\/2026\/02\/emboscada-ciume-advogado-da-nova-versao-agressao-piloto-.webp\",\"contentUrl\":\"https:\/\/www.notibras.com\/site\/wp-content\/uploads\/2026\/02\/emboscada-ciume-advogado-da-nova-versao-agressao-piloto-.webp\",\"width\":920,\"height\":518},{\"@type\":\"BreadcrumbList\",\"@id\":\"https:\/\/www.notibras.com\/site\/justica-torna-pedro-turra-reu-por-homicidio-e-aponta-padrao-violento\/#breadcrumb\",\"itemListElement\":[{\"@type\":\"ListItem\",\"position\":1,\"name\":\"In\u00edcio\",\"item\":\"https:\/\/www.notibras.com\/site\/\"},{\"@type\":\"ListItem\",\"position\":2,\"name\":\"Justi\u00e7a torna Pedro Turra r\u00e9u por homic\u00eddio e aponta padr\u00e3o violento\"}]},{\"@type\":\"WebSite\",\"@id\":\"https:\/\/www.notibras.com\/site\/#website\",\"url\":\"https:\/\/www.notibras.com\/site\/\",\"name\":\"Notibras\",\"description\":\"Not\u00edcias de Bras\u00edlia, do Brasil e do Mundo\",\"publisher\":{\"@id\":\"https:\/\/www.notibras.com\/site\/#organization\"},\"potentialAction\":[{\"@type\":\"SearchAction\",\"target\":{\"@type\":\"EntryPoint\",\"urlTemplate\":\"https:\/\/www.notibras.com\/site\/?s={search_term_string}\"},\"query-input\":{\"@type\":\"PropertyValueSpecification\",\"valueRequired\":true,\"valueName\":\"search_term_string\"}}],\"inLanguage\":\"pt-BR\"},{\"@type\":\"Organization\",\"@id\":\"https:\/\/www.notibras.com\/site\/#organization\",\"name\":\"Grupo Notibras de Comunica\u00e7\u00e3o\",\"url\":\"https:\/\/www.notibras.com\/site\/\",\"logo\":{\"@type\":\"ImageObject\",\"inLanguage\":\"pt-BR\",\"@id\":\"https:\/\/www.notibras.com\/site\/#\/schema\/logo\/image\/\",\"url\":\"https:\/\/www.notibras.com\/site\/wp-content\/uploads\/2023\/01\/notibras23.png\",\"contentUrl\":\"https:\/\/www.notibras.com\/site\/wp-content\/uploads\/2023\/01\/notibras23.png\",\"width\":350,\"height\":87,\"caption\":\"Grupo Notibras de Comunica\u00e7\u00e3o\"},\"image\":{\"@id\":\"https:\/\/www.notibras.com\/site\/#\/schema\/logo\/image\/\"},\"sameAs\":[\"https:\/\/www.facebook.com\/notibras\/\",\"https:\/\/x.com\/Notibras\",\"https:\/\/www.instagram.com\/notibras\/\"]},{\"@type\":\"Person\",\"@id\":\"https:\/\/www.notibras.com\/site\/#\/schema\/person\/5b7fabf2aedc3ada2105f03b22b4d3dd\",\"name\":\"Eduardo Mart\u00ednez\",\"image\":{\"@type\":\"ImageObject\",\"inLanguage\":\"pt-BR\",\"@id\":\"https:\/\/secure.gravatar.com\/avatar\/7902f906289926289cbcda644b5197c796b893c6ffd7b9a536a42d290f7704a0?s=96&d=mm&r=g\",\"url\":\"https:\/\/secure.gravatar.com\/avatar\/7902f906289926289cbcda644b5197c796b893c6ffd7b9a536a42d290f7704a0?s=96&d=mm&r=g\",\"contentUrl\":\"https:\/\/secure.gravatar.com\/avatar\/7902f906289926289cbcda644b5197c796b893c6ffd7b9a536a42d290f7704a0?s=96&d=mm&r=g\",\"caption\":\"Eduardo Mart\u00ednez\"}}]}<\/script>\n<!-- \/ Yoast SEO plugin. -->","yoast_head_json":{"title":"Justi\u00e7a torna Pedro Turra r\u00e9u por homic\u00eddio e aponta padr\u00e3o violento - Notibras","robots":{"index":"index","follow":"follow","max-snippet":"max-snippet:-1","max-image-preview":"max-image-preview:large","max-video-preview":"max-video-preview:-1"},"canonical":"https:\/\/www.notibras.com\/site\/justica-torna-pedro-turra-reu-por-homicidio-e-aponta-padrao-violento\/","og_locale":"pt_BR","og_type":"article","og_title":"Justi\u00e7a torna Pedro Turra r\u00e9u por homic\u00eddio e aponta padr\u00e3o violento - Notibras","og_description":"A Justi\u00e7a do Distrito Federal aceitou a den\u00fancia do Minist\u00e9rio P\u00fablico contra o ex-piloto Pedro Arthur Turra Basso, de 19 anos, tornando-o r\u00e9u pelo homic\u00eddio de Rodrigo Castanheira, de 16 anos. Ao proferir a decis\u00e3o, o juiz Andr\u00e9 Silva Ribeiro destacou que o hist\u00f3rico do acusado revela um &#8220;padr\u00e3o de comportamento violento&#8221;, o que justifica [&hellip;]","og_url":"https:\/\/www.notibras.com\/site\/justica-torna-pedro-turra-reu-por-homicidio-e-aponta-padrao-violento\/","og_site_name":"Notibras","article_publisher":"https:\/\/www.facebook.com\/notibras\/","article_published_time":"2026-02-23T04:15:05+00:00","og_image":[{"width":920,"height":518,"url":"https:\/\/www.notibras.com\/site\/wp-content\/uploads\/2026\/02\/emboscada-ciume-advogado-da-nova-versao-agressao-piloto-.webp","type":"image\/webp"}],"author":"Eduardo Mart\u00ednez","twitter_card":"summary_large_image","twitter_creator":"@Notibras","twitter_site":"@Notibras","twitter_misc":{"Escrito por":"Eduardo Mart\u00ednez","Est. tempo de leitura":"4 minutos"},"schema":{"@context":"https:\/\/schema.org","@graph":[{"@type":"Article","@id":"https:\/\/www.notibras.com\/site\/justica-torna-pedro-turra-reu-por-homicidio-e-aponta-padrao-violento\/#article","isPartOf":{"@id":"https:\/\/www.notibras.com\/site\/justica-torna-pedro-turra-reu-por-homicidio-e-aponta-padrao-violento\/"},"author":{"name":"Eduardo Mart\u00ednez","@id":"https:\/\/www.notibras.com\/site\/#\/schema\/person\/5b7fabf2aedc3ada2105f03b22b4d3dd"},"headline":"Justi\u00e7a torna Pedro Turra r\u00e9u por homic\u00eddio e aponta padr\u00e3o violento","datePublished":"2026-02-23T04:15:05+00:00","mainEntityOfPage":{"@id":"https:\/\/www.notibras.com\/site\/justica-torna-pedro-turra-reu-por-homicidio-e-aponta-padrao-violento\/"},"wordCount":582,"publisher":{"@id":"https:\/\/www.notibras.com\/site\/#organization"},"image":{"@id":"https:\/\/www.notibras.com\/site\/justica-torna-pedro-turra-reu-por-homicidio-e-aponta-padrao-violento\/#primaryimage"},"thumbnailUrl":"https:\/\/www.notibras.com\/site\/wp-content\/uploads\/2026\/02\/emboscada-ciume-advogado-da-nova-versao-agressao-piloto-.webp","articleSection":["Quadradinho em Foco"],"inLanguage":"pt-BR"},{"@type":"WebPage","@id":"https:\/\/www.notibras.com\/site\/justica-torna-pedro-turra-reu-por-homicidio-e-aponta-padrao-violento\/","url":"https:\/\/www.notibras.com\/site\/justica-torna-pedro-turra-reu-por-homicidio-e-aponta-padrao-violento\/","name":"Justi\u00e7a torna Pedro Turra r\u00e9u por homic\u00eddio e aponta padr\u00e3o violento - Notibras","isPartOf":{"@id":"https:\/\/www.notibras.com\/site\/#website"},"primaryImageOfPage":{"@id":"https:\/\/www.notibras.com\/site\/justica-torna-pedro-turra-reu-por-homicidio-e-aponta-padrao-violento\/#primaryimage"},"image":{"@id":"https:\/\/www.notibras.com\/site\/justica-torna-pedro-turra-reu-por-homicidio-e-aponta-padrao-violento\/#primaryimage"},"thumbnailUrl":"https:\/\/www.notibras.com\/site\/wp-content\/uploads\/2026\/02\/emboscada-ciume-advogado-da-nova-versao-agressao-piloto-.webp","datePublished":"2026-02-23T04:15:05+00:00","breadcrumb":{"@id":"https:\/\/www.notibras.com\/site\/justica-torna-pedro-turra-reu-por-homicidio-e-aponta-padrao-violento\/#breadcrumb"},"inLanguage":"pt-BR","potentialAction":[{"@type":"ReadAction","target":["https:\/\/www.notibras.com\/site\/justica-torna-pedro-turra-reu-por-homicidio-e-aponta-padrao-violento\/"]}]},{"@type":"ImageObject","inLanguage":"pt-BR","@id":"https:\/\/www.notibras.com\/site\/justica-torna-pedro-turra-reu-por-homicidio-e-aponta-padrao-violento\/#primaryimage","url":"https:\/\/www.notibras.com\/site\/wp-content\/uploads\/2026\/02\/emboscada-ciume-advogado-da-nova-versao-agressao-piloto-.webp","contentUrl":"https:\/\/www.notibras.com\/site\/wp-content\/uploads\/2026\/02\/emboscada-ciume-advogado-da-nova-versao-agressao-piloto-.webp","width":920,"height":518},{"@type":"BreadcrumbList","@id":"https:\/\/www.notibras.com\/site\/justica-torna-pedro-turra-reu-por-homicidio-e-aponta-padrao-violento\/#breadcrumb","itemListElement":[{"@type":"ListItem","position":1,"name":"In\u00edcio","item":"https:\/\/www.notibras.com\/site\/"},{"@type":"ListItem","position":2,"name":"Justi\u00e7a torna Pedro Turra r\u00e9u por homic\u00eddio e aponta padr\u00e3o violento"}]},{"@type":"WebSite","@id":"https:\/\/www.notibras.com\/site\/#website","url":"https:\/\/www.notibras.com\/site\/","name":"Notibras","description":"Not\u00edcias de Bras\u00edlia, do Brasil e do Mundo","publisher":{"@id":"https:\/\/www.notibras.com\/site\/#organization"},"potentialAction":[{"@type":"SearchAction","target":{"@type":"EntryPoint","urlTemplate":"https:\/\/www.notibras.com\/site\/?s={search_term_string}"},"query-input":{"@type":"PropertyValueSpecification","valueRequired":true,"valueName":"search_term_string"}}],"inLanguage":"pt-BR"},{"@type":"Organization","@id":"https:\/\/www.notibras.com\/site\/#organization","name":"Grupo Notibras de Comunica\u00e7\u00e3o","url":"https:\/\/www.notibras.com\/site\/","logo":{"@type":"ImageObject","inLanguage":"pt-BR","@id":"https:\/\/www.notibras.com\/site\/#\/schema\/logo\/image\/","url":"https:\/\/www.notibras.com\/site\/wp-content\/uploads\/2023\/01\/notibras23.png","contentUrl":"https:\/\/www.notibras.com\/site\/wp-content\/uploads\/2023\/01\/notibras23.png","width":350,"height":87,"caption":"Grupo Notibras de Comunica\u00e7\u00e3o"},"image":{"@id":"https:\/\/www.notibras.com\/site\/#\/schema\/logo\/image\/"},"sameAs":["https:\/\/www.facebook.com\/notibras\/","https:\/\/x.com\/Notibras","https:\/\/www.instagram.com\/notibras\/"]},{"@type":"Person","@id":"https:\/\/www.notibras.com\/site\/#\/schema\/person\/5b7fabf2aedc3ada2105f03b22b4d3dd","name":"Eduardo Mart\u00ednez","image":{"@type":"ImageObject","inLanguage":"pt-BR","@id":"https:\/\/secure.gravatar.com\/avatar\/7902f906289926289cbcda644b5197c796b893c6ffd7b9a536a42d290f7704a0?s=96&d=mm&r=g","url":"https:\/\/secure.gravatar.com\/avatar\/7902f906289926289cbcda644b5197c796b893c6ffd7b9a536a42d290f7704a0?s=96&d=mm&r=g","contentUrl":"https:\/\/secure.gravatar.com\/avatar\/7902f906289926289cbcda644b5197c796b893c6ffd7b9a536a42d290f7704a0?s=96&d=mm&r=g","caption":"Eduardo Mart\u00ednez"}}]}},"amp_enabled":true,"_links":{"self":[{"href":"https:\/\/www.notibras.com\/site\/wp-json\/wp\/v2\/posts\/384251","targetHints":{"allow":["GET"]}}],"collection":[{"href":"https:\/\/www.notibras.com\/site\/wp-json\/wp\/v2\/posts"}],"about":[{"href":"https:\/\/www.notibras.com\/site\/wp-json\/wp\/v2\/types\/post"}],"author":[{"embeddable":true,"href":"https:\/\/www.notibras.com\/site\/wp-json\/wp\/v2\/users\/21"}],"replies":[{"embeddable":true,"href":"https:\/\/www.notibras.com\/site\/wp-json\/wp\/v2\/comments?post=384251"}],"version-history":[{"count":6,"href":"https:\/\/www.notibras.com\/site\/wp-json\/wp\/v2\/posts\/384251\/revisions"}],"predecessor-version":[{"id":384282,"href":"https:\/\/www.notibras.com\/site\/wp-json\/wp\/v2\/posts\/384251\/revisions\/384282"}],"wp:featuredmedia":[{"embeddable":true,"href":"https:\/\/www.notibras.com\/site\/wp-json\/wp\/v2\/media\/384252"}],"wp:attachment":[{"href":"https:\/\/www.notibras.com\/site\/wp-json\/wp\/v2\/media?parent=384251"}],"wp:term":[{"taxonomy":"category","embeddable":true,"href":"https:\/\/www.notibras.com\/site\/wp-json\/wp\/v2\/categories?post=384251"},{"taxonomy":"post_tag","embeddable":true,"href":"https:\/\/www.notibras.com\/site\/wp-json\/wp\/v2\/tags?post=384251"}],"curies":[{"name":"wp","href":"https:\/\/api.w.org\/{rel}","templated":true}]}}