{"id":384283,"date":"2026-02-23T00:30:11","date_gmt":"2026-02-23T03:30:11","guid":{"rendered":"https:\/\/www.notibras.com\/site\/?p=384283"},"modified":"2026-02-22T22:42:03","modified_gmt":"2026-02-23T01:42:03","slug":"brasilia-se-consolida-como-capital-dos-grandes-eventos-esportivos","status":"publish","type":"post","link":"https:\/\/www.notibras.com\/site\/brasilia-se-consolida-como-capital-dos-grandes-eventos-esportivos\/","title":{"rendered":"Bras\u00edlia se consolida como capital dos grandes eventos esportivos"},"content":{"rendered":"<p>Reconhecida pelo c\u00e9u de nuvens brancas e pelos tra\u00e7os de Niemeyer, Bras\u00edlia tamb\u00e9m tem se consolidado como capital dos grandes eventos esportivos. Desde 2019, a cidade foi palco de competi\u00e7\u00f5es acirradas em diversas modalidades, desde o mundial de saltos altos, no Lago Parano\u00e1, \u00e0s disputas que lotaram as arquibancadas a Arena BRB Man\u00e9 Garrincha e Arena BRB Nilson Nelson. O calend\u00e1rio robusto de eventos \u00e9 fruto de investimentos do Governo do Distrito Federal (GDF) em infraestrutura esportiva e fortalecimento de pol\u00edticas p\u00fablicas voltadas tanto ao alto rendimento quanto \u00e0 inclus\u00e3o social por meio do esporte.<\/p>\n<p>Mais de 80 eventos foram organizados com apoio da Secretaria de Esporte e Lazer (SEL-DF) no ano passado. Milhares de pessoas assistiram \u00e0s etapas do Circuito Mundial de V\u00f4lei de Praia, o STU National Bras\u00edlia \u2013 Super Final Street, o Trof\u00e9u Brasil de Gin\u00e1stica Art\u00edstica, entre outros torneios. \u201cBras\u00edlia se tornou a capital n\u00e3o s\u00f3 administrativa, mas tamb\u00e9m a capital do esporte. Realizamos eventos grandes e fora da curva, como foi a \u00faltima edi\u00e7\u00e3o da Corrida de Reis, que foi a maior de todos os tempos\u201d, afirma o subsecret\u00e1rio de Esporte, Lazer e Espa\u00e7os Esportivos, Nivaldo F\u00e9lix.<\/p>\n<p>No final de janeiro, a Corrida de Reis registrou a maior edi\u00e7\u00e3o da hist\u00f3ria, com cerca de 30 mil pessoas participando direta ou indiretamente do evento, entre corredores e p\u00fablico. Em fevereiro, outro marco: mais de 71 mil torcedores prestigiaram o jogo entre Flamengo e Corinthians, pela Supercopa do Brasil, em clima de festa, sem registro de conflitos, brigas ou ocorr\u00eancias graves. J\u00e1 no ano passado, o destaque em rela\u00e7\u00e3o aos n\u00fameros foi para os Jogos da Juventude 2025, com cerca de 5 mil jovens atletas, recorde da hist\u00f3ria do evento.<\/p>\n<p>Este ano tamb\u00e9m promete ser memor\u00e1vel. Bras\u00edlia foi escolhida para receber o Campeonato Mundial de Marcha Atl\u00e9tica por Equipes da World Athletics em 2026. O an\u00fancio da escolha foi feito pelo presidente da World Athletics, Sebastian Coe, em mar\u00e7o de 2025, diretamente da China. Ser\u00e1 a estreia do campeonato n\u00e3o s\u00f3 no DF ou no Brasil, mas no Hemisf\u00e9rio Sul, refor\u00e7ando a import\u00e2ncia da capital brasileira no cen\u00e1rio esportivo global. O evento est\u00e1 previsto para abril, na Esplanada dos Minist\u00e9rios.<\/p>\n<p>\u201cSer\u00e1 a primeira vez da Marcha Atl\u00e9tica Mundial no Hemisf\u00e9rio Sul, com a presen\u00e7a do nosso medalhista ol\u00edmpico, Caio Bonfim, al\u00e9m de mais de 40 pa\u00edses presentes. Teremos mais competi\u00e7\u00f5es ao longo do ano e nos preparamos para a Copa do Mundo Feminina da FIFA, em que Bras\u00edlia \u00e9 uma das oito cidades-sede\u201d, ressalta o subsecret\u00e1rio. O torneio mundial de futebol ser\u00e1 entre 24 de junho e 25 de julho de 2027, no Man\u00e9 Garrincha.<\/p>\n<p><strong>Forma\u00e7\u00e3o, inclus\u00e3o e alto rendimento<\/strong><\/p>\n<p>Para sustentar e impulsionar o crescimento do setor esportivo, o GDF investe em infraestrutura e inclus\u00e3o social. Somente no ano passado, foram aplicados cerca de R$ 22 milh\u00f5es em obras, reformas e manuten\u00e7\u00f5es. Entre as principais interven\u00e7\u00f5es est\u00e3o a retomada da ilumina\u00e7\u00e3o do Est\u00e1dio Abadi\u00e3o, em Ceil\u00e2ndia, ap\u00f3s quase duas d\u00e9cadas sem jogos noturnos, e a reforma do Est\u00e1dio Augustinho Lima, em Sobradinho, com investimento superior a R$ 4,4 milh\u00f5es. O equipamento \u00e9 usado, inclusive, para treinos do atleta Caio Bonfim e receber\u00e1 reparos no gramado e na pista de atletismo.<\/p>\n<p>Os esfor\u00e7os tamb\u00e9m contemplam os 12 Centros Ol\u00edmpicos e Paral\u00edmpicos do DF, que atendem a mais de 45 mil alunos de 4 a 90 anos em diversas modalidades, como futsal, nata\u00e7\u00e3o, atletismo e artes marciais. Uma nova unidade est\u00e1 sendo constru\u00edda no Parano\u00e1 com capacidade para atender a 5 mil pessoas.<\/p>\n<p>No alto rendimento, programas como o Compete Bras\u00edlia e o Bolsa Atleta t\u00eam sido fundamentais para ampliar a presen\u00e7a de atletas brasilienses em competi\u00e7\u00f5es nacionais e internacionais. Em 2025, o Compete beneficiou 5.255 atletas e paratletas, com investimento de R$ 9,1 milh\u00f5es. J\u00e1 o Bolsa Atleta atende atualmente 132 atletas ol\u00edmpicos e 115 paral\u00edmpicos, com valores reajustados para garantir melhores condi\u00e7\u00f5es de prepara\u00e7\u00e3o. Al\u00e9m disso, em dezembro de 2025, o governo criou o Programa de Apoio ao Futebol do Distrito Federal, para desenvolver os clubes da cidade.<\/p>\n<p>O est\u00e1dio Bezerr\u00e3o, no Gama, passou pela maior reforma desde 2008, com reparos estruturais, recupera\u00e7\u00e3o das arquibancadas e do gramado, al\u00e9m da moderniza\u00e7\u00e3o da rede el\u00e9trica e do sistema de combate a inc\u00eandios. O investimento foi de mais de R$ 3,9 milh\u00f5es. Outros espa\u00e7os que receberam servi\u00e7os de manuten\u00e7\u00e3o s\u00e3o o Joaquim Domingos Roriz (Roriz\u00e3o), em Samambaia, e o JK, no Parano\u00e1. Os tr\u00eas est\u00e1dios, incluindo tamb\u00e9m o Augustinho Lima, poder\u00e3o ser utilizados como centros de treinamento pelas sele\u00e7\u00f5es da Copa do Mundo Feminina da FIFA 2027&#x2122;.<\/p>\n<p><strong>Do tatame ao impacto social<\/strong><\/p>\n<p>Um exemplo de como o investimento no alto rendimento reverbera na comunidade \u00e9 a trajet\u00f3ria da atleta e presidente da Associa\u00e7\u00e3o Kron de Lutas, Selma Bernardes. Professora da rede p\u00fablica por tr\u00eas d\u00e9cadas, Selma iniciou no jiu-jitsu ap\u00f3s os 40 anos, buscando aliviar a press\u00e3o do ambiente escolar. A pr\u00e1tica, no entanto, rapidamente se transformou em prop\u00f3sito. \u201cEncontrei no jiu-jitsu muito mais que um esporte. Ele me deu objetivo, disciplina e ferramentas para lidar com a press\u00e3o\u201d, conta.<\/p>\n<p>Em pouco tempo de tatame, Selma passou a competir em alto n\u00edvel, sem colocar a idade como empecilho. Gra\u00e7as ao Compete Bras\u00edlia, p\u00f4de participar de campeonatos nacionais e internacionais, conquistando t\u00edtulos mundiais de 2022 a 2025 \u2014 duas vezes ouro e duas vezes prata, al\u00e9m de t\u00edtulos europeus em 2025 e 2026. \u201cQuando a gente come\u00e7a a competir fora de Bras\u00edlia, rompe uma bolha. Voc\u00ea passa a ter novos par\u00e2metros, entende o que precisa melhorar e evolui muito mais r\u00e1pido. Cada campeonato \u00e9 um aprendizado que volta para a comunidade\u201d, afirma.<\/p>\n<p>\u201cBras\u00edlia est\u00e1 dando estrutura para que os atletas sonhem. E quando a gente planta no esporte, a gente colhe transforma\u00e7\u00e3o social&#8221;, destaca Selma Bernardes<br \/>\nA vontade de contribuir com o crescimento de outros atletas e incentivar crian\u00e7as e adolescentes fez surgir a Associa\u00e7\u00e3o Kron de Lutas, localizada na Pra\u00e7a do Bicalho, em Taguatinga. \u201cQuando voc\u00ea abra\u00e7a um atleta, voc\u00ea impacta toda a comunidade que est\u00e1 ao redor dele. O Compete n\u00e3o investe s\u00f3 em mim, investe em tudo que eu devolvo para a minha comunidade\u201d, afirma. \u201cBras\u00edlia est\u00e1 dando estrutura para que os atletas sonhem. E quando a gente planta no esporte, a gente colhe transforma\u00e7\u00e3o social.\u201d<\/p>\n<p>A experi\u00eancia de Selma inspira atletas mais jovens, como Bianca Alves, que come\u00e7ou no jiu-j\u00edtsu aos 14 anos e hoje compete em n\u00edvel nacional. Beneficiada pelo Compete Bras\u00edlia desde 2022, ela afirma que o programa foi decisivo para alcan\u00e7ar novos patamares na carreira. \u201cPara voc\u00ea subir no ranking, n\u00e3o basta competir no seu estado. O Compete me permitiu lutar em S\u00e3o Paulo, Rio de Janeiro, Curitiba, Salvador e outros centros fortes do jiu-jitsu\u201d, explica. Gra\u00e7as a esse apoio, Bianca alcan\u00e7ou o primeiro lugar no ranking nacional da sua categoria entre 2023 e 2024.<\/p>\n<p>Bianca tamb\u00e9m destaca o papel do programa na valoriza\u00e7\u00e3o dos atletas brasilienses. \u201cMuita gente n\u00e3o v\u00ea Bras\u00edlia como um estado forte no jiu-j\u00edtsu. Quando a gente vai para fora e traz resultados, mostra que aqui tem talento e que o DF \u00e9 um dos lugares que mais investem nos atletas\u201d, conclui.<\/p>\n","protected":false},"excerpt":{"rendered":"<p>Reconhecida pelo c\u00e9u de nuvens brancas e pelos tra\u00e7os de Niemeyer, Bras\u00edlia tamb\u00e9m tem se consolidado como capital dos grandes eventos esportivos. Desde 2019, a cidade foi palco de competi\u00e7\u00f5es acirradas em diversas modalidades, desde o mundial de saltos altos, no Lago Parano\u00e1, \u00e0s disputas que lotaram as arquibancadas a Arena BRB Man\u00e9 Garrincha e [&hellip;]<\/p>\n","protected":false},"author":21,"featured_media":384284,"comment_status":"closed","ping_status":"closed","sticky":false,"template":"","format":"standard","meta":{"_acf_changed":false,"footnotes":""},"categories":[161],"tags":[],"class_list":["post-384283","post","type-post","status-publish","format-standard","has-post-thumbnail","hentry","category-quadradinho-em-foco"],"acf":[],"yoast_head":"<!-- This site is optimized with the Yoast SEO plugin v27.2 - https:\/\/yoast.com\/product\/yoast-seo-wordpress\/ -->\n<title>Bras\u00edlia se consolida como capital dos grandes eventos esportivos - Notibras<\/title>\n<meta name=\"robots\" content=\"index, follow, max-snippet:-1, max-image-preview:large, max-video-preview:-1\" \/>\n<link rel=\"canonical\" href=\"https:\/\/www.notibras.com\/site\/brasilia-se-consolida-como-capital-dos-grandes-eventos-esportivos\/\" \/>\n<meta property=\"og:locale\" content=\"pt_BR\" \/>\n<meta property=\"og:type\" content=\"article\" \/>\n<meta property=\"og:title\" content=\"Bras\u00edlia se consolida como capital dos grandes eventos esportivos - Notibras\" \/>\n<meta property=\"og:description\" content=\"Reconhecida pelo c\u00e9u de nuvens brancas e pelos tra\u00e7os de Niemeyer, Bras\u00edlia tamb\u00e9m tem se consolidado como capital dos grandes eventos esportivos. Desde 2019, a cidade foi palco de competi\u00e7\u00f5es acirradas em diversas modalidades, desde o mundial de saltos altos, no Lago Parano\u00e1, \u00e0s disputas que lotaram as arquibancadas a Arena BRB Man\u00e9 Garrincha e [&hellip;]\" \/>\n<meta property=\"og:url\" content=\"https:\/\/www.notibras.com\/site\/brasilia-se-consolida-como-capital-dos-grandes-eventos-esportivos\/\" \/>\n<meta property=\"og:site_name\" content=\"Notibras\" \/>\n<meta property=\"article:publisher\" content=\"https:\/\/www.facebook.com\/notibras\/\" \/>\n<meta property=\"article:published_time\" content=\"2026-02-23T03:30:11+00:00\" \/>\n<meta property=\"og:image\" content=\"https:\/\/www.notibras.com\/site\/wp-content\/uploads\/2026\/02\/Dentro-164.jpg\" \/>\n\t<meta property=\"og:image:width\" content=\"2171\" \/>\n\t<meta property=\"og:image:height\" content=\"1447\" \/>\n\t<meta property=\"og:image:type\" content=\"image\/jpeg\" \/>\n<meta name=\"author\" content=\"Eduardo Mart\u00ednez\" \/>\n<meta name=\"twitter:card\" content=\"summary_large_image\" \/>\n<meta name=\"twitter:creator\" content=\"@Notibras\" \/>\n<meta name=\"twitter:site\" content=\"@Notibras\" \/>\n<meta name=\"twitter:label1\" content=\"Escrito por\" \/>\n\t<meta name=\"twitter:data1\" content=\"Eduardo Mart\u00ednez\" \/>\n\t<meta name=\"twitter:label2\" content=\"Est. tempo de leitura\" \/>\n\t<meta name=\"twitter:data2\" content=\"7 minutos\" \/>\n<script type=\"application\/ld+json\" class=\"yoast-schema-graph\">{\"@context\":\"https:\/\/schema.org\",\"@graph\":[{\"@type\":\"Article\",\"@id\":\"https:\/\/www.notibras.com\/site\/brasilia-se-consolida-como-capital-dos-grandes-eventos-esportivos\/#article\",\"isPartOf\":{\"@id\":\"https:\/\/www.notibras.com\/site\/brasilia-se-consolida-como-capital-dos-grandes-eventos-esportivos\/\"},\"author\":{\"name\":\"Eduardo Mart\u00ednez\",\"@id\":\"https:\/\/www.notibras.com\/site\/#\/schema\/person\/5b7fabf2aedc3ada2105f03b22b4d3dd\"},\"headline\":\"Bras\u00edlia se consolida como capital dos grandes eventos esportivos\",\"datePublished\":\"2026-02-23T03:30:11+00:00\",\"mainEntityOfPage\":{\"@id\":\"https:\/\/www.notibras.com\/site\/brasilia-se-consolida-como-capital-dos-grandes-eventos-esportivos\/\"},\"wordCount\":1292,\"publisher\":{\"@id\":\"https:\/\/www.notibras.com\/site\/#organization\"},\"image\":{\"@id\":\"https:\/\/www.notibras.com\/site\/brasilia-se-consolida-como-capital-dos-grandes-eventos-esportivos\/#primaryimage\"},\"thumbnailUrl\":\"https:\/\/www.notibras.com\/site\/wp-content\/uploads\/2026\/02\/Dentro-164.jpg\",\"articleSection\":[\"Quadradinho em Foco\"],\"inLanguage\":\"pt-BR\"},{\"@type\":\"WebPage\",\"@id\":\"https:\/\/www.notibras.com\/site\/brasilia-se-consolida-como-capital-dos-grandes-eventos-esportivos\/\",\"url\":\"https:\/\/www.notibras.com\/site\/brasilia-se-consolida-como-capital-dos-grandes-eventos-esportivos\/\",\"name\":\"Bras\u00edlia se consolida como capital dos grandes eventos esportivos - Notibras\",\"isPartOf\":{\"@id\":\"https:\/\/www.notibras.com\/site\/#website\"},\"primaryImageOfPage\":{\"@id\":\"https:\/\/www.notibras.com\/site\/brasilia-se-consolida-como-capital-dos-grandes-eventos-esportivos\/#primaryimage\"},\"image\":{\"@id\":\"https:\/\/www.notibras.com\/site\/brasilia-se-consolida-como-capital-dos-grandes-eventos-esportivos\/#primaryimage\"},\"thumbnailUrl\":\"https:\/\/www.notibras.com\/site\/wp-content\/uploads\/2026\/02\/Dentro-164.jpg\",\"datePublished\":\"2026-02-23T03:30:11+00:00\",\"breadcrumb\":{\"@id\":\"https:\/\/www.notibras.com\/site\/brasilia-se-consolida-como-capital-dos-grandes-eventos-esportivos\/#breadcrumb\"},\"inLanguage\":\"pt-BR\",\"potentialAction\":[{\"@type\":\"ReadAction\",\"target\":[\"https:\/\/www.notibras.com\/site\/brasilia-se-consolida-como-capital-dos-grandes-eventos-esportivos\/\"]}]},{\"@type\":\"ImageObject\",\"inLanguage\":\"pt-BR\",\"@id\":\"https:\/\/www.notibras.com\/site\/brasilia-se-consolida-como-capital-dos-grandes-eventos-esportivos\/#primaryimage\",\"url\":\"https:\/\/www.notibras.com\/site\/wp-content\/uploads\/2026\/02\/Dentro-164.jpg\",\"contentUrl\":\"https:\/\/www.notibras.com\/site\/wp-content\/uploads\/2026\/02\/Dentro-164.jpg\",\"width\":2171,\"height\":1447},{\"@type\":\"BreadcrumbList\",\"@id\":\"https:\/\/www.notibras.com\/site\/brasilia-se-consolida-como-capital-dos-grandes-eventos-esportivos\/#breadcrumb\",\"itemListElement\":[{\"@type\":\"ListItem\",\"position\":1,\"name\":\"In\u00edcio\",\"item\":\"https:\/\/www.notibras.com\/site\/\"},{\"@type\":\"ListItem\",\"position\":2,\"name\":\"Bras\u00edlia se consolida como capital dos grandes eventos esportivos\"}]},{\"@type\":\"WebSite\",\"@id\":\"https:\/\/www.notibras.com\/site\/#website\",\"url\":\"https:\/\/www.notibras.com\/site\/\",\"name\":\"Notibras\",\"description\":\"Not\u00edcias de Bras\u00edlia, do Brasil e do Mundo\",\"publisher\":{\"@id\":\"https:\/\/www.notibras.com\/site\/#organization\"},\"potentialAction\":[{\"@type\":\"SearchAction\",\"target\":{\"@type\":\"EntryPoint\",\"urlTemplate\":\"https:\/\/www.notibras.com\/site\/?s={search_term_string}\"},\"query-input\":{\"@type\":\"PropertyValueSpecification\",\"valueRequired\":true,\"valueName\":\"search_term_string\"}}],\"inLanguage\":\"pt-BR\"},{\"@type\":\"Organization\",\"@id\":\"https:\/\/www.notibras.com\/site\/#organization\",\"name\":\"Grupo Notibras de Comunica\u00e7\u00e3o\",\"url\":\"https:\/\/www.notibras.com\/site\/\",\"logo\":{\"@type\":\"ImageObject\",\"inLanguage\":\"pt-BR\",\"@id\":\"https:\/\/www.notibras.com\/site\/#\/schema\/logo\/image\/\",\"url\":\"https:\/\/www.notibras.com\/site\/wp-content\/uploads\/2023\/01\/notibras23.png\",\"contentUrl\":\"https:\/\/www.notibras.com\/site\/wp-content\/uploads\/2023\/01\/notibras23.png\",\"width\":350,\"height\":87,\"caption\":\"Grupo Notibras de Comunica\u00e7\u00e3o\"},\"image\":{\"@id\":\"https:\/\/www.notibras.com\/site\/#\/schema\/logo\/image\/\"},\"sameAs\":[\"https:\/\/www.facebook.com\/notibras\/\",\"https:\/\/x.com\/Notibras\",\"https:\/\/www.instagram.com\/notibras\/\"]},{\"@type\":\"Person\",\"@id\":\"https:\/\/www.notibras.com\/site\/#\/schema\/person\/5b7fabf2aedc3ada2105f03b22b4d3dd\",\"name\":\"Eduardo Mart\u00ednez\",\"image\":{\"@type\":\"ImageObject\",\"inLanguage\":\"pt-BR\",\"@id\":\"https:\/\/secure.gravatar.com\/avatar\/7902f906289926289cbcda644b5197c796b893c6ffd7b9a536a42d290f7704a0?s=96&d=mm&r=g\",\"url\":\"https:\/\/secure.gravatar.com\/avatar\/7902f906289926289cbcda644b5197c796b893c6ffd7b9a536a42d290f7704a0?s=96&d=mm&r=g\",\"contentUrl\":\"https:\/\/secure.gravatar.com\/avatar\/7902f906289926289cbcda644b5197c796b893c6ffd7b9a536a42d290f7704a0?s=96&d=mm&r=g\",\"caption\":\"Eduardo Mart\u00ednez\"}}]}<\/script>\n<!-- \/ Yoast SEO plugin. -->","yoast_head_json":{"title":"Bras\u00edlia se consolida como capital dos grandes eventos esportivos - Notibras","robots":{"index":"index","follow":"follow","max-snippet":"max-snippet:-1","max-image-preview":"max-image-preview:large","max-video-preview":"max-video-preview:-1"},"canonical":"https:\/\/www.notibras.com\/site\/brasilia-se-consolida-como-capital-dos-grandes-eventos-esportivos\/","og_locale":"pt_BR","og_type":"article","og_title":"Bras\u00edlia se consolida como capital dos grandes eventos esportivos - Notibras","og_description":"Reconhecida pelo c\u00e9u de nuvens brancas e pelos tra\u00e7os de Niemeyer, Bras\u00edlia tamb\u00e9m tem se consolidado como capital dos grandes eventos esportivos. Desde 2019, a cidade foi palco de competi\u00e7\u00f5es acirradas em diversas modalidades, desde o mundial de saltos altos, no Lago Parano\u00e1, \u00e0s disputas que lotaram as arquibancadas a Arena BRB Man\u00e9 Garrincha e [&hellip;]","og_url":"https:\/\/www.notibras.com\/site\/brasilia-se-consolida-como-capital-dos-grandes-eventos-esportivos\/","og_site_name":"Notibras","article_publisher":"https:\/\/www.facebook.com\/notibras\/","article_published_time":"2026-02-23T03:30:11+00:00","og_image":[{"width":2171,"height":1447,"url":"https:\/\/www.notibras.com\/site\/wp-content\/uploads\/2026\/02\/Dentro-164.jpg","type":"image\/jpeg"}],"author":"Eduardo Mart\u00ednez","twitter_card":"summary_large_image","twitter_creator":"@Notibras","twitter_site":"@Notibras","twitter_misc":{"Escrito por":"Eduardo Mart\u00ednez","Est. tempo de leitura":"7 minutos"},"schema":{"@context":"https:\/\/schema.org","@graph":[{"@type":"Article","@id":"https:\/\/www.notibras.com\/site\/brasilia-se-consolida-como-capital-dos-grandes-eventos-esportivos\/#article","isPartOf":{"@id":"https:\/\/www.notibras.com\/site\/brasilia-se-consolida-como-capital-dos-grandes-eventos-esportivos\/"},"author":{"name":"Eduardo Mart\u00ednez","@id":"https:\/\/www.notibras.com\/site\/#\/schema\/person\/5b7fabf2aedc3ada2105f03b22b4d3dd"},"headline":"Bras\u00edlia se consolida como capital dos grandes eventos esportivos","datePublished":"2026-02-23T03:30:11+00:00","mainEntityOfPage":{"@id":"https:\/\/www.notibras.com\/site\/brasilia-se-consolida-como-capital-dos-grandes-eventos-esportivos\/"},"wordCount":1292,"publisher":{"@id":"https:\/\/www.notibras.com\/site\/#organization"},"image":{"@id":"https:\/\/www.notibras.com\/site\/brasilia-se-consolida-como-capital-dos-grandes-eventos-esportivos\/#primaryimage"},"thumbnailUrl":"https:\/\/www.notibras.com\/site\/wp-content\/uploads\/2026\/02\/Dentro-164.jpg","articleSection":["Quadradinho em Foco"],"inLanguage":"pt-BR"},{"@type":"WebPage","@id":"https:\/\/www.notibras.com\/site\/brasilia-se-consolida-como-capital-dos-grandes-eventos-esportivos\/","url":"https:\/\/www.notibras.com\/site\/brasilia-se-consolida-como-capital-dos-grandes-eventos-esportivos\/","name":"Bras\u00edlia se consolida como capital dos grandes eventos esportivos - Notibras","isPartOf":{"@id":"https:\/\/www.notibras.com\/site\/#website"},"primaryImageOfPage":{"@id":"https:\/\/www.notibras.com\/site\/brasilia-se-consolida-como-capital-dos-grandes-eventos-esportivos\/#primaryimage"},"image":{"@id":"https:\/\/www.notibras.com\/site\/brasilia-se-consolida-como-capital-dos-grandes-eventos-esportivos\/#primaryimage"},"thumbnailUrl":"https:\/\/www.notibras.com\/site\/wp-content\/uploads\/2026\/02\/Dentro-164.jpg","datePublished":"2026-02-23T03:30:11+00:00","breadcrumb":{"@id":"https:\/\/www.notibras.com\/site\/brasilia-se-consolida-como-capital-dos-grandes-eventos-esportivos\/#breadcrumb"},"inLanguage":"pt-BR","potentialAction":[{"@type":"ReadAction","target":["https:\/\/www.notibras.com\/site\/brasilia-se-consolida-como-capital-dos-grandes-eventos-esportivos\/"]}]},{"@type":"ImageObject","inLanguage":"pt-BR","@id":"https:\/\/www.notibras.com\/site\/brasilia-se-consolida-como-capital-dos-grandes-eventos-esportivos\/#primaryimage","url":"https:\/\/www.notibras.com\/site\/wp-content\/uploads\/2026\/02\/Dentro-164.jpg","contentUrl":"https:\/\/www.notibras.com\/site\/wp-content\/uploads\/2026\/02\/Dentro-164.jpg","width":2171,"height":1447},{"@type":"BreadcrumbList","@id":"https:\/\/www.notibras.com\/site\/brasilia-se-consolida-como-capital-dos-grandes-eventos-esportivos\/#breadcrumb","itemListElement":[{"@type":"ListItem","position":1,"name":"In\u00edcio","item":"https:\/\/www.notibras.com\/site\/"},{"@type":"ListItem","position":2,"name":"Bras\u00edlia se consolida como capital dos grandes eventos esportivos"}]},{"@type":"WebSite","@id":"https:\/\/www.notibras.com\/site\/#website","url":"https:\/\/www.notibras.com\/site\/","name":"Notibras","description":"Not\u00edcias de Bras\u00edlia, do Brasil e do Mundo","publisher":{"@id":"https:\/\/www.notibras.com\/site\/#organization"},"potentialAction":[{"@type":"SearchAction","target":{"@type":"EntryPoint","urlTemplate":"https:\/\/www.notibras.com\/site\/?s={search_term_string}"},"query-input":{"@type":"PropertyValueSpecification","valueRequired":true,"valueName":"search_term_string"}}],"inLanguage":"pt-BR"},{"@type":"Organization","@id":"https:\/\/www.notibras.com\/site\/#organization","name":"Grupo Notibras de Comunica\u00e7\u00e3o","url":"https:\/\/www.notibras.com\/site\/","logo":{"@type":"ImageObject","inLanguage":"pt-BR","@id":"https:\/\/www.notibras.com\/site\/#\/schema\/logo\/image\/","url":"https:\/\/www.notibras.com\/site\/wp-content\/uploads\/2023\/01\/notibras23.png","contentUrl":"https:\/\/www.notibras.com\/site\/wp-content\/uploads\/2023\/01\/notibras23.png","width":350,"height":87,"caption":"Grupo Notibras de Comunica\u00e7\u00e3o"},"image":{"@id":"https:\/\/www.notibras.com\/site\/#\/schema\/logo\/image\/"},"sameAs":["https:\/\/www.facebook.com\/notibras\/","https:\/\/x.com\/Notibras","https:\/\/www.instagram.com\/notibras\/"]},{"@type":"Person","@id":"https:\/\/www.notibras.com\/site\/#\/schema\/person\/5b7fabf2aedc3ada2105f03b22b4d3dd","name":"Eduardo Mart\u00ednez","image":{"@type":"ImageObject","inLanguage":"pt-BR","@id":"https:\/\/secure.gravatar.com\/avatar\/7902f906289926289cbcda644b5197c796b893c6ffd7b9a536a42d290f7704a0?s=96&d=mm&r=g","url":"https:\/\/secure.gravatar.com\/avatar\/7902f906289926289cbcda644b5197c796b893c6ffd7b9a536a42d290f7704a0?s=96&d=mm&r=g","contentUrl":"https:\/\/secure.gravatar.com\/avatar\/7902f906289926289cbcda644b5197c796b893c6ffd7b9a536a42d290f7704a0?s=96&d=mm&r=g","caption":"Eduardo Mart\u00ednez"}}]}},"amp_enabled":true,"_links":{"self":[{"href":"https:\/\/www.notibras.com\/site\/wp-json\/wp\/v2\/posts\/384283","targetHints":{"allow":["GET"]}}],"collection":[{"href":"https:\/\/www.notibras.com\/site\/wp-json\/wp\/v2\/posts"}],"about":[{"href":"https:\/\/www.notibras.com\/site\/wp-json\/wp\/v2\/types\/post"}],"author":[{"embeddable":true,"href":"https:\/\/www.notibras.com\/site\/wp-json\/wp\/v2\/users\/21"}],"replies":[{"embeddable":true,"href":"https:\/\/www.notibras.com\/site\/wp-json\/wp\/v2\/comments?post=384283"}],"version-history":[{"count":3,"href":"https:\/\/www.notibras.com\/site\/wp-json\/wp\/v2\/posts\/384283\/revisions"}],"predecessor-version":[{"id":384287,"href":"https:\/\/www.notibras.com\/site\/wp-json\/wp\/v2\/posts\/384283\/revisions\/384287"}],"wp:featuredmedia":[{"embeddable":true,"href":"https:\/\/www.notibras.com\/site\/wp-json\/wp\/v2\/media\/384284"}],"wp:attachment":[{"href":"https:\/\/www.notibras.com\/site\/wp-json\/wp\/v2\/media?parent=384283"}],"wp:term":[{"taxonomy":"category","embeddable":true,"href":"https:\/\/www.notibras.com\/site\/wp-json\/wp\/v2\/categories?post=384283"},{"taxonomy":"post_tag","embeddable":true,"href":"https:\/\/www.notibras.com\/site\/wp-json\/wp\/v2\/tags?post=384283"}],"curies":[{"name":"wp","href":"https:\/\/api.w.org\/{rel}","templated":true}]}}