{"id":384294,"date":"2026-02-23T02:15:31","date_gmt":"2026-02-23T05:15:31","guid":{"rendered":"https:\/\/www.notibras.com\/site\/?p=384294"},"modified":"2026-02-22T23:42:13","modified_gmt":"2026-02-23T02:42:13","slug":"lula-e-erika-hilton-unem-forcas-para-humanizar-a-jornada-de-trabalho","status":"publish","type":"post","link":"https:\/\/www.notibras.com\/site\/lula-e-erika-hilton-unem-forcas-para-humanizar-a-jornada-de-trabalho\/","title":{"rendered":"Lula e Erika Hilton unem for\u00e7as para humanizar a jornada de trabalho"},"content":{"rendered":"<p>\u00c9 curioso observar como, apesar da constante postura cr\u00edtica do PSOL, que em diversas ocasi\u00f5es opta por n\u00e3o acompanhar integralmente as vota\u00e7\u00f5es do governo, o presidente Lula mant\u00e9m uma atitude de di\u00e1logo e apoio ao partido. Mesmo diante de diverg\u00eancias p\u00fablicas e votos dissidentes, Lula demonstra compreender que a constru\u00e7\u00e3o de um campo progressista forte exige generosidade pol\u00edtica e vis\u00e3o estrat\u00e9gica, especialmente em um cen\u00e1rio de disputa acirrada no Congresso Nacional.<\/p>\n<p>Nesse contexto, Lula articula junto \u00e0 base governista a indica\u00e7\u00e3o da deputada Erika Hilton como relatora do projeto que prop\u00f5e a extin\u00e7\u00e3o da jornada 6&#215;1. A escolha n\u00e3o \u00e9 casual. Trata-se de uma movimenta\u00e7\u00e3o calculada para colocar Erika em evid\u00eancia nacional, vinculando seu nome a uma pauta popular e sens\u00edvel aos trabalhadores. Ao assumir a relatoria de um tema de forte apelo social, a deputada ganha protagonismo pol\u00edtico e amplia seu alcance eleitoral, consolidando-se como uma das principais vozes da esquerda no pa\u00eds.<\/p>\n<p>A expectativa \u00e9 que Erika Hilton possa alcan\u00e7ar perto de 1 milh\u00e3o de votos, tornando-se uma das campe\u00e3s de vota\u00e7\u00e3o. Isso teria impacto direto no PSOL. O partido precisa eleger pelo menos 13 deputados federais ou atingir 2,5% dos votos nacionais para superar a cl\u00e1usula de barreira e manter sua estrutura partid\u00e1ria. Ao apostar em nomes fortes e em pautas estruturantes, Lula sinaliza que, independentemente das tens\u00f5es pontuais, compreende a import\u00e2ncia de preservar e fortalecer aliados estrat\u00e9gicos na esquerda.<\/p>\n","protected":false},"excerpt":{"rendered":"<p>\u00c9 curioso observar como, apesar da constante postura cr\u00edtica do PSOL, que em diversas ocasi\u00f5es opta por n\u00e3o acompanhar integralmente as vota\u00e7\u00f5es do governo, o presidente Lula mant\u00e9m uma atitude de di\u00e1logo e apoio ao partido. Mesmo diante de diverg\u00eancias p\u00fablicas e votos dissidentes, Lula demonstra compreender que a constru\u00e7\u00e3o de um campo progressista forte [&hellip;]<\/p>\n","protected":false},"author":21,"featured_media":384296,"comment_status":"closed","ping_status":"closed","sticky":false,"template":"","format":"standard","meta":{"_acf_changed":false,"footnotes":""},"categories":[235],"tags":[],"class_list":["post-384294","post","type-post","status-publish","format-standard","has-post-thumbnail","hentry","category-dona-irene"],"acf":[],"yoast_head":"<!-- This site is optimized with the Yoast SEO plugin v27.2 - https:\/\/yoast.com\/product\/yoast-seo-wordpress\/ -->\n<title>Lula e Erika Hilton unem for\u00e7as para humanizar a jornada de trabalho - Notibras<\/title>\n<meta name=\"robots\" content=\"index, follow, max-snippet:-1, max-image-preview:large, max-video-preview:-1\" \/>\n<link rel=\"canonical\" href=\"https:\/\/www.notibras.com\/site\/lula-e-erika-hilton-unem-forcas-para-humanizar-a-jornada-de-trabalho\/\" \/>\n<meta property=\"og:locale\" content=\"pt_BR\" \/>\n<meta property=\"og:type\" content=\"article\" \/>\n<meta property=\"og:title\" content=\"Lula e Erika Hilton unem for\u00e7as para humanizar a jornada de trabalho - Notibras\" \/>\n<meta property=\"og:description\" content=\"\u00c9 curioso observar como, apesar da constante postura cr\u00edtica do PSOL, que em diversas ocasi\u00f5es opta por n\u00e3o acompanhar integralmente as vota\u00e7\u00f5es do governo, o presidente Lula mant\u00e9m uma atitude de di\u00e1logo e apoio ao partido. Mesmo diante de diverg\u00eancias p\u00fablicas e votos dissidentes, Lula demonstra compreender que a constru\u00e7\u00e3o de um campo progressista forte [&hellip;]\" \/>\n<meta property=\"og:url\" content=\"https:\/\/www.notibras.com\/site\/lula-e-erika-hilton-unem-forcas-para-humanizar-a-jornada-de-trabalho\/\" \/>\n<meta property=\"og:site_name\" content=\"Notibras\" \/>\n<meta property=\"article:publisher\" content=\"https:\/\/www.facebook.com\/notibras\/\" \/>\n<meta property=\"article:published_time\" content=\"2026-02-23T05:15:31+00:00\" \/>\n<meta property=\"og:image\" content=\"https:\/\/www.notibras.com\/site\/wp-content\/uploads\/2026\/02\/f284b4_CONG_MATERIA_erikahiltonandlulajpg.webp\" \/>\n\t<meta property=\"og:image:width\" content=\"800\" \/>\n\t<meta property=\"og:image:height\" content=\"399\" \/>\n\t<meta property=\"og:image:type\" content=\"image\/webp\" \/>\n<meta name=\"author\" content=\"Eduardo Mart\u00ednez\" \/>\n<meta name=\"twitter:card\" content=\"summary_large_image\" \/>\n<meta name=\"twitter:creator\" content=\"@Notibras\" \/>\n<meta name=\"twitter:site\" content=\"@Notibras\" \/>\n<meta name=\"twitter:label1\" content=\"Escrito por\" \/>\n\t<meta name=\"twitter:data1\" content=\"Eduardo Mart\u00ednez\" \/>\n\t<meta name=\"twitter:label2\" content=\"Est. tempo de leitura\" \/>\n\t<meta name=\"twitter:data2\" content=\"2 minutos\" \/>\n<script type=\"application\/ld+json\" class=\"yoast-schema-graph\">{\"@context\":\"https:\/\/schema.org\",\"@graph\":[{\"@type\":\"Article\",\"@id\":\"https:\/\/www.notibras.com\/site\/lula-e-erika-hilton-unem-forcas-para-humanizar-a-jornada-de-trabalho\/#article\",\"isPartOf\":{\"@id\":\"https:\/\/www.notibras.com\/site\/lula-e-erika-hilton-unem-forcas-para-humanizar-a-jornada-de-trabalho\/\"},\"author\":{\"name\":\"Eduardo Mart\u00ednez\",\"@id\":\"https:\/\/www.notibras.com\/site\/#\/schema\/person\/5b7fabf2aedc3ada2105f03b22b4d3dd\"},\"headline\":\"Lula e Erika Hilton unem for\u00e7as para humanizar a jornada de trabalho\",\"datePublished\":\"2026-02-23T05:15:31+00:00\",\"mainEntityOfPage\":{\"@id\":\"https:\/\/www.notibras.com\/site\/lula-e-erika-hilton-unem-forcas-para-humanizar-a-jornada-de-trabalho\/\"},\"wordCount\":270,\"publisher\":{\"@id\":\"https:\/\/www.notibras.com\/site\/#organization\"},\"image\":{\"@id\":\"https:\/\/www.notibras.com\/site\/lula-e-erika-hilton-unem-forcas-para-humanizar-a-jornada-de-trabalho\/#primaryimage\"},\"thumbnailUrl\":\"https:\/\/www.notibras.com\/site\/wp-content\/uploads\/2026\/02\/f284b4_CONG_MATERIA_erikahiltonandlulajpg.webp\",\"articleSection\":[\"Dona Irene\"],\"inLanguage\":\"pt-BR\"},{\"@type\":\"WebPage\",\"@id\":\"https:\/\/www.notibras.com\/site\/lula-e-erika-hilton-unem-forcas-para-humanizar-a-jornada-de-trabalho\/\",\"url\":\"https:\/\/www.notibras.com\/site\/lula-e-erika-hilton-unem-forcas-para-humanizar-a-jornada-de-trabalho\/\",\"name\":\"Lula e Erika Hilton unem for\u00e7as para humanizar a jornada de trabalho - Notibras\",\"isPartOf\":{\"@id\":\"https:\/\/www.notibras.com\/site\/#website\"},\"primaryImageOfPage\":{\"@id\":\"https:\/\/www.notibras.com\/site\/lula-e-erika-hilton-unem-forcas-para-humanizar-a-jornada-de-trabalho\/#primaryimage\"},\"image\":{\"@id\":\"https:\/\/www.notibras.com\/site\/lula-e-erika-hilton-unem-forcas-para-humanizar-a-jornada-de-trabalho\/#primaryimage\"},\"thumbnailUrl\":\"https:\/\/www.notibras.com\/site\/wp-content\/uploads\/2026\/02\/f284b4_CONG_MATERIA_erikahiltonandlulajpg.webp\",\"datePublished\":\"2026-02-23T05:15:31+00:00\",\"breadcrumb\":{\"@id\":\"https:\/\/www.notibras.com\/site\/lula-e-erika-hilton-unem-forcas-para-humanizar-a-jornada-de-trabalho\/#breadcrumb\"},\"inLanguage\":\"pt-BR\",\"potentialAction\":[{\"@type\":\"ReadAction\",\"target\":[\"https:\/\/www.notibras.com\/site\/lula-e-erika-hilton-unem-forcas-para-humanizar-a-jornada-de-trabalho\/\"]}]},{\"@type\":\"ImageObject\",\"inLanguage\":\"pt-BR\",\"@id\":\"https:\/\/www.notibras.com\/site\/lula-e-erika-hilton-unem-forcas-para-humanizar-a-jornada-de-trabalho\/#primaryimage\",\"url\":\"https:\/\/www.notibras.com\/site\/wp-content\/uploads\/2026\/02\/f284b4_CONG_MATERIA_erikahiltonandlulajpg.webp\",\"contentUrl\":\"https:\/\/www.notibras.com\/site\/wp-content\/uploads\/2026\/02\/f284b4_CONG_MATERIA_erikahiltonandlulajpg.webp\",\"width\":800,\"height\":399},{\"@type\":\"BreadcrumbList\",\"@id\":\"https:\/\/www.notibras.com\/site\/lula-e-erika-hilton-unem-forcas-para-humanizar-a-jornada-de-trabalho\/#breadcrumb\",\"itemListElement\":[{\"@type\":\"ListItem\",\"position\":1,\"name\":\"In\u00edcio\",\"item\":\"https:\/\/www.notibras.com\/site\/\"},{\"@type\":\"ListItem\",\"position\":2,\"name\":\"Lula e Erika Hilton unem for\u00e7as para humanizar a jornada de trabalho\"}]},{\"@type\":\"WebSite\",\"@id\":\"https:\/\/www.notibras.com\/site\/#website\",\"url\":\"https:\/\/www.notibras.com\/site\/\",\"name\":\"Notibras\",\"description\":\"Not\u00edcias de Bras\u00edlia, do Brasil e do Mundo\",\"publisher\":{\"@id\":\"https:\/\/www.notibras.com\/site\/#organization\"},\"potentialAction\":[{\"@type\":\"SearchAction\",\"target\":{\"@type\":\"EntryPoint\",\"urlTemplate\":\"https:\/\/www.notibras.com\/site\/?s={search_term_string}\"},\"query-input\":{\"@type\":\"PropertyValueSpecification\",\"valueRequired\":true,\"valueName\":\"search_term_string\"}}],\"inLanguage\":\"pt-BR\"},{\"@type\":\"Organization\",\"@id\":\"https:\/\/www.notibras.com\/site\/#organization\",\"name\":\"Grupo Notibras de Comunica\u00e7\u00e3o\",\"url\":\"https:\/\/www.notibras.com\/site\/\",\"logo\":{\"@type\":\"ImageObject\",\"inLanguage\":\"pt-BR\",\"@id\":\"https:\/\/www.notibras.com\/site\/#\/schema\/logo\/image\/\",\"url\":\"https:\/\/www.notibras.com\/site\/wp-content\/uploads\/2023\/01\/notibras23.png\",\"contentUrl\":\"https:\/\/www.notibras.com\/site\/wp-content\/uploads\/2023\/01\/notibras23.png\",\"width\":350,\"height\":87,\"caption\":\"Grupo Notibras de Comunica\u00e7\u00e3o\"},\"image\":{\"@id\":\"https:\/\/www.notibras.com\/site\/#\/schema\/logo\/image\/\"},\"sameAs\":[\"https:\/\/www.facebook.com\/notibras\/\",\"https:\/\/x.com\/Notibras\",\"https:\/\/www.instagram.com\/notibras\/\"]},{\"@type\":\"Person\",\"@id\":\"https:\/\/www.notibras.com\/site\/#\/schema\/person\/5b7fabf2aedc3ada2105f03b22b4d3dd\",\"name\":\"Eduardo Mart\u00ednez\",\"image\":{\"@type\":\"ImageObject\",\"inLanguage\":\"pt-BR\",\"@id\":\"https:\/\/secure.gravatar.com\/avatar\/7902f906289926289cbcda644b5197c796b893c6ffd7b9a536a42d290f7704a0?s=96&d=mm&r=g\",\"url\":\"https:\/\/secure.gravatar.com\/avatar\/7902f906289926289cbcda644b5197c796b893c6ffd7b9a536a42d290f7704a0?s=96&d=mm&r=g\",\"contentUrl\":\"https:\/\/secure.gravatar.com\/avatar\/7902f906289926289cbcda644b5197c796b893c6ffd7b9a536a42d290f7704a0?s=96&d=mm&r=g\",\"caption\":\"Eduardo Mart\u00ednez\"}}]}<\/script>\n<!-- \/ Yoast SEO plugin. -->","yoast_head_json":{"title":"Lula e Erika Hilton unem for\u00e7as para humanizar a jornada de trabalho - Notibras","robots":{"index":"index","follow":"follow","max-snippet":"max-snippet:-1","max-image-preview":"max-image-preview:large","max-video-preview":"max-video-preview:-1"},"canonical":"https:\/\/www.notibras.com\/site\/lula-e-erika-hilton-unem-forcas-para-humanizar-a-jornada-de-trabalho\/","og_locale":"pt_BR","og_type":"article","og_title":"Lula e Erika Hilton unem for\u00e7as para humanizar a jornada de trabalho - Notibras","og_description":"\u00c9 curioso observar como, apesar da constante postura cr\u00edtica do PSOL, que em diversas ocasi\u00f5es opta por n\u00e3o acompanhar integralmente as vota\u00e7\u00f5es do governo, o presidente Lula mant\u00e9m uma atitude de di\u00e1logo e apoio ao partido. Mesmo diante de diverg\u00eancias p\u00fablicas e votos dissidentes, Lula demonstra compreender que a constru\u00e7\u00e3o de um campo progressista forte [&hellip;]","og_url":"https:\/\/www.notibras.com\/site\/lula-e-erika-hilton-unem-forcas-para-humanizar-a-jornada-de-trabalho\/","og_site_name":"Notibras","article_publisher":"https:\/\/www.facebook.com\/notibras\/","article_published_time":"2026-02-23T05:15:31+00:00","og_image":[{"width":800,"height":399,"url":"https:\/\/www.notibras.com\/site\/wp-content\/uploads\/2026\/02\/f284b4_CONG_MATERIA_erikahiltonandlulajpg.webp","type":"image\/webp"}],"author":"Eduardo Mart\u00ednez","twitter_card":"summary_large_image","twitter_creator":"@Notibras","twitter_site":"@Notibras","twitter_misc":{"Escrito por":"Eduardo Mart\u00ednez","Est. tempo de leitura":"2 minutos"},"schema":{"@context":"https:\/\/schema.org","@graph":[{"@type":"Article","@id":"https:\/\/www.notibras.com\/site\/lula-e-erika-hilton-unem-forcas-para-humanizar-a-jornada-de-trabalho\/#article","isPartOf":{"@id":"https:\/\/www.notibras.com\/site\/lula-e-erika-hilton-unem-forcas-para-humanizar-a-jornada-de-trabalho\/"},"author":{"name":"Eduardo Mart\u00ednez","@id":"https:\/\/www.notibras.com\/site\/#\/schema\/person\/5b7fabf2aedc3ada2105f03b22b4d3dd"},"headline":"Lula e Erika Hilton unem for\u00e7as para humanizar a jornada de trabalho","datePublished":"2026-02-23T05:15:31+00:00","mainEntityOfPage":{"@id":"https:\/\/www.notibras.com\/site\/lula-e-erika-hilton-unem-forcas-para-humanizar-a-jornada-de-trabalho\/"},"wordCount":270,"publisher":{"@id":"https:\/\/www.notibras.com\/site\/#organization"},"image":{"@id":"https:\/\/www.notibras.com\/site\/lula-e-erika-hilton-unem-forcas-para-humanizar-a-jornada-de-trabalho\/#primaryimage"},"thumbnailUrl":"https:\/\/www.notibras.com\/site\/wp-content\/uploads\/2026\/02\/f284b4_CONG_MATERIA_erikahiltonandlulajpg.webp","articleSection":["Dona Irene"],"inLanguage":"pt-BR"},{"@type":"WebPage","@id":"https:\/\/www.notibras.com\/site\/lula-e-erika-hilton-unem-forcas-para-humanizar-a-jornada-de-trabalho\/","url":"https:\/\/www.notibras.com\/site\/lula-e-erika-hilton-unem-forcas-para-humanizar-a-jornada-de-trabalho\/","name":"Lula e Erika Hilton unem for\u00e7as para humanizar a jornada de trabalho - Notibras","isPartOf":{"@id":"https:\/\/www.notibras.com\/site\/#website"},"primaryImageOfPage":{"@id":"https:\/\/www.notibras.com\/site\/lula-e-erika-hilton-unem-forcas-para-humanizar-a-jornada-de-trabalho\/#primaryimage"},"image":{"@id":"https:\/\/www.notibras.com\/site\/lula-e-erika-hilton-unem-forcas-para-humanizar-a-jornada-de-trabalho\/#primaryimage"},"thumbnailUrl":"https:\/\/www.notibras.com\/site\/wp-content\/uploads\/2026\/02\/f284b4_CONG_MATERIA_erikahiltonandlulajpg.webp","datePublished":"2026-02-23T05:15:31+00:00","breadcrumb":{"@id":"https:\/\/www.notibras.com\/site\/lula-e-erika-hilton-unem-forcas-para-humanizar-a-jornada-de-trabalho\/#breadcrumb"},"inLanguage":"pt-BR","potentialAction":[{"@type":"ReadAction","target":["https:\/\/www.notibras.com\/site\/lula-e-erika-hilton-unem-forcas-para-humanizar-a-jornada-de-trabalho\/"]}]},{"@type":"ImageObject","inLanguage":"pt-BR","@id":"https:\/\/www.notibras.com\/site\/lula-e-erika-hilton-unem-forcas-para-humanizar-a-jornada-de-trabalho\/#primaryimage","url":"https:\/\/www.notibras.com\/site\/wp-content\/uploads\/2026\/02\/f284b4_CONG_MATERIA_erikahiltonandlulajpg.webp","contentUrl":"https:\/\/www.notibras.com\/site\/wp-content\/uploads\/2026\/02\/f284b4_CONG_MATERIA_erikahiltonandlulajpg.webp","width":800,"height":399},{"@type":"BreadcrumbList","@id":"https:\/\/www.notibras.com\/site\/lula-e-erika-hilton-unem-forcas-para-humanizar-a-jornada-de-trabalho\/#breadcrumb","itemListElement":[{"@type":"ListItem","position":1,"name":"In\u00edcio","item":"https:\/\/www.notibras.com\/site\/"},{"@type":"ListItem","position":2,"name":"Lula e Erika Hilton unem for\u00e7as para humanizar a jornada de trabalho"}]},{"@type":"WebSite","@id":"https:\/\/www.notibras.com\/site\/#website","url":"https:\/\/www.notibras.com\/site\/","name":"Notibras","description":"Not\u00edcias de Bras\u00edlia, do Brasil e do Mundo","publisher":{"@id":"https:\/\/www.notibras.com\/site\/#organization"},"potentialAction":[{"@type":"SearchAction","target":{"@type":"EntryPoint","urlTemplate":"https:\/\/www.notibras.com\/site\/?s={search_term_string}"},"query-input":{"@type":"PropertyValueSpecification","valueRequired":true,"valueName":"search_term_string"}}],"inLanguage":"pt-BR"},{"@type":"Organization","@id":"https:\/\/www.notibras.com\/site\/#organization","name":"Grupo Notibras de Comunica\u00e7\u00e3o","url":"https:\/\/www.notibras.com\/site\/","logo":{"@type":"ImageObject","inLanguage":"pt-BR","@id":"https:\/\/www.notibras.com\/site\/#\/schema\/logo\/image\/","url":"https:\/\/www.notibras.com\/site\/wp-content\/uploads\/2023\/01\/notibras23.png","contentUrl":"https:\/\/www.notibras.com\/site\/wp-content\/uploads\/2023\/01\/notibras23.png","width":350,"height":87,"caption":"Grupo Notibras de Comunica\u00e7\u00e3o"},"image":{"@id":"https:\/\/www.notibras.com\/site\/#\/schema\/logo\/image\/"},"sameAs":["https:\/\/www.facebook.com\/notibras\/","https:\/\/x.com\/Notibras","https:\/\/www.instagram.com\/notibras\/"]},{"@type":"Person","@id":"https:\/\/www.notibras.com\/site\/#\/schema\/person\/5b7fabf2aedc3ada2105f03b22b4d3dd","name":"Eduardo Mart\u00ednez","image":{"@type":"ImageObject","inLanguage":"pt-BR","@id":"https:\/\/secure.gravatar.com\/avatar\/7902f906289926289cbcda644b5197c796b893c6ffd7b9a536a42d290f7704a0?s=96&d=mm&r=g","url":"https:\/\/secure.gravatar.com\/avatar\/7902f906289926289cbcda644b5197c796b893c6ffd7b9a536a42d290f7704a0?s=96&d=mm&r=g","contentUrl":"https:\/\/secure.gravatar.com\/avatar\/7902f906289926289cbcda644b5197c796b893c6ffd7b9a536a42d290f7704a0?s=96&d=mm&r=g","caption":"Eduardo Mart\u00ednez"}}]}},"amp_enabled":true,"_links":{"self":[{"href":"https:\/\/www.notibras.com\/site\/wp-json\/wp\/v2\/posts\/384294","targetHints":{"allow":["GET"]}}],"collection":[{"href":"https:\/\/www.notibras.com\/site\/wp-json\/wp\/v2\/posts"}],"about":[{"href":"https:\/\/www.notibras.com\/site\/wp-json\/wp\/v2\/types\/post"}],"author":[{"embeddable":true,"href":"https:\/\/www.notibras.com\/site\/wp-json\/wp\/v2\/users\/21"}],"replies":[{"embeddable":true,"href":"https:\/\/www.notibras.com\/site\/wp-json\/wp\/v2\/comments?post=384294"}],"version-history":[{"count":3,"href":"https:\/\/www.notibras.com\/site\/wp-json\/wp\/v2\/posts\/384294\/revisions"}],"predecessor-version":[{"id":384298,"href":"https:\/\/www.notibras.com\/site\/wp-json\/wp\/v2\/posts\/384294\/revisions\/384298"}],"wp:featuredmedia":[{"embeddable":true,"href":"https:\/\/www.notibras.com\/site\/wp-json\/wp\/v2\/media\/384296"}],"wp:attachment":[{"href":"https:\/\/www.notibras.com\/site\/wp-json\/wp\/v2\/media?parent=384294"}],"wp:term":[{"taxonomy":"category","embeddable":true,"href":"https:\/\/www.notibras.com\/site\/wp-json\/wp\/v2\/categories?post=384294"},{"taxonomy":"post_tag","embeddable":true,"href":"https:\/\/www.notibras.com\/site\/wp-json\/wp\/v2\/tags?post=384294"}],"curies":[{"name":"wp","href":"https:\/\/api.w.org\/{rel}","templated":true}]}}