{"id":384308,"date":"2026-02-23T06:54:05","date_gmt":"2026-02-23T09:54:05","guid":{"rendered":"https:\/\/www.notibras.com\/site\/?p=384308"},"modified":"2026-02-23T06:54:05","modified_gmt":"2026-02-23T09:54:05","slug":"recife-agora-tem-dois-recordes-no-guinness-book","status":"publish","type":"post","link":"https:\/\/www.notibras.com\/site\/recife-agora-tem-dois-recordes-no-guinness-book\/","title":{"rendered":"Recife agora tem dois recordes no Guinness Book"},"content":{"rendered":"<p>O carnaval do Recife agora tem dois recordes no Guinness Book. Al\u00e9m do t\u00edtulo de maior bloco do mundo, obtido pelo Galo da Madrugada em 1994, a cidade agora ostenta o t\u00edtulo de cidade com o maior &#8220;revezamento de aplica\u00e7\u00e3o de perfume&#8221; do mundo.<\/p>\n<p>Com 30 trios el\u00e9tricos o Galo da Madrugada atraiu mais de 2,5 milh\u00f5es de foli\u00f5es este ano;\u00a0 1 milh\u00e3o de foli\u00f5es a mais do que quando o bloco obteve o t\u00edtulo, 32 anos atr\u00e1s.<\/p>\n<p>J\u00e1 o segundo recorde obtido pela cidade foi na quarta-feira pr\u00e9-carnaval, no dia 11 de fevereiro. Para obter o inusitado t\u00edtulo de cidade perfumada, 320 pessoas se reuniram aos p\u00e9s do Galo Gigante da Ponte Duarte Coelho, escultura que homenageia o Galo da Madrugada e que \u00e9 s\u00edmbolo da folia na cidade.<\/p>\n<p>Toda a competi\u00e7\u00e3o foi acompanhada e certificada por representantes do Guinness World Records, o antigo &#8220;Livro dos Recordes&#8221;, que atestou o resultado e entregou uma placa comemorativa. At\u00e9 ent\u00e3o, o recorde era da Ar\u00e1bia Saudita, conquistado em 2025, com 282 pessoas.<\/p>\n<p>O desafio funcionou da seguinte maneira:<\/p>\n<p>Os participantes foram colocados sentados em cima da ponte, lado a lado;<\/p>\n<p>O primeiro participante a receber o frasco de perfume borrifou tr\u00eas vezes em si e, em seguida, na pessoa ao lado;<\/p>\n<p>Em sequ\u00eancia, cada participante borrifou tr\u00eas vezes o perfume na pessoa ao seu lado;<\/p>\n<p>A \u00faltima pessoa n\u00e3o precisou borrifar, apenas segurar o perfume;<\/p>\n<p>Caso a quantidade de borrifadas n\u00e3o fosse exata ou se a pessoa aplicasse no participante errado, o processo recome\u00e7ava.<\/p>\n<p>Os participantes do Recife tinham tr\u00eas chances para bater o recorde, que foi conquistado na segunda tentativa. Ao todo, o desafio durou 22 minutos e 20 segundos.<\/p>\n<p>Para participar do desafio, era necess\u00e1rio fazer uma inscri\u00e7\u00e3o pr\u00e9via pela internet. Cerca de mil pessoas se inscreveram e, no dia do desafio, uma grande fila se formou na ponte com pessoas interessadas.<\/p>\n<p>O primeiro a borrifar o perfume foi Anderson Carvalho, que celebrou a conquista. &#8220;\u00c9 um momento in\u00e9dito, que representa muito, tanto para o Recife quanto para o Brasil todo. [&#8230;] \u00c9 o maior carnaval em linha reta do mundo, e um carnaval cheiroso&#8221;, disse em entrevista na quarta-feira (11).<\/p>\n<p>J\u00e1 a borrifada que confirmou o recorde mundial foi dada por Jaconias Fraz\u00e3o, de 60 anos. Ele colocou o perfume na filha Tamires, de 19 anos, que \u00e9 autista. &#8220;\u00c9 como ganhar uma corrida, fazer um gol&#8221;, disse o pai. Tamires, por sua vez, estava radiante: &#8220;Estou muito feliz. Quero mostrar para a minha m\u00e3e&#8221;.<\/p>\n<p>Todo o desafio foi acompanhado de perto por Camila Borenstain, ju\u00edza do Guinness Book que fez a confer\u00eancia do desafio, que tem par\u00e2metros s\u00e3o r\u00edgidos.<\/p>\n<p>Para resistir ao calor, \u00e1gua era distribu\u00edda para os participantes, que ganharam tamb\u00e9m um kit com lanche e protetor solar.<\/p>\n","protected":false},"excerpt":{"rendered":"<p>O carnaval do Recife agora tem dois recordes no Guinness Book. Al\u00e9m do t\u00edtulo de maior bloco do mundo, obtido pelo Galo da Madrugada em 1994, a cidade agora ostenta o t\u00edtulo de cidade com o maior &#8220;revezamento de aplica\u00e7\u00e3o de perfume&#8221; do mundo. Com 30 trios el\u00e9tricos o Galo da Madrugada atraiu mais de [&hellip;]<\/p>\n","protected":false},"author":2,"featured_media":384309,"comment_status":"closed","ping_status":"closed","sticky":false,"template":"","format":"standard","meta":{"_acf_changed":false,"footnotes":""},"categories":[165],"tags":[],"class_list":["post-384308","post","type-post","status-publish","format-standard","has-post-thumbnail","hentry","category-nordeste"],"acf":[],"yoast_head":"<!-- This site is optimized with the Yoast SEO plugin v27.2 - https:\/\/yoast.com\/product\/yoast-seo-wordpress\/ -->\n<title>Recife agora tem dois recordes no Guinness Book - Notibras<\/title>\n<meta name=\"robots\" content=\"index, follow, max-snippet:-1, max-image-preview:large, max-video-preview:-1\" \/>\n<link rel=\"canonical\" href=\"https:\/\/www.notibras.com\/site\/recife-agora-tem-dois-recordes-no-guinness-book\/\" \/>\n<meta property=\"og:locale\" content=\"pt_BR\" \/>\n<meta property=\"og:type\" content=\"article\" \/>\n<meta property=\"og:title\" content=\"Recife agora tem dois recordes no Guinness Book - Notibras\" \/>\n<meta property=\"og:description\" content=\"O carnaval do Recife agora tem dois recordes no Guinness Book. Al\u00e9m do t\u00edtulo de maior bloco do mundo, obtido pelo Galo da Madrugada em 1994, a cidade agora ostenta o t\u00edtulo de cidade com o maior &#8220;revezamento de aplica\u00e7\u00e3o de perfume&#8221; do mundo. Com 30 trios el\u00e9tricos o Galo da Madrugada atraiu mais de [&hellip;]\" \/>\n<meta property=\"og:url\" content=\"https:\/\/www.notibras.com\/site\/recife-agora-tem-dois-recordes-no-guinness-book\/\" \/>\n<meta property=\"og:site_name\" content=\"Notibras\" \/>\n<meta property=\"article:publisher\" content=\"https:\/\/www.facebook.com\/notibras\/\" \/>\n<meta property=\"article:published_time\" content=\"2026-02-23T09:54:05+00:00\" \/>\n<meta property=\"og:image\" content=\"https:\/\/www.notibras.com\/site\/wp-content\/uploads\/2026\/02\/609cccea-dda9-4cb4-86d4-1eb028fe9624.jpg\" \/>\n\t<meta property=\"og:image:width\" content=\"1008\" \/>\n\t<meta property=\"og:image:height\" content=\"756\" \/>\n\t<meta property=\"og:image:type\" content=\"image\/jpeg\" \/>\n<meta name=\"author\" content=\"Reda\u00e7\u00e3o\" \/>\n<meta name=\"twitter:card\" content=\"summary_large_image\" \/>\n<meta name=\"twitter:creator\" content=\"@Notibras\" \/>\n<meta name=\"twitter:site\" content=\"@Notibras\" \/>\n<meta name=\"twitter:label1\" content=\"Escrito por\" \/>\n\t<meta name=\"twitter:data1\" content=\"Reda\u00e7\u00e3o\" \/>\n\t<meta name=\"twitter:label2\" content=\"Est. tempo de leitura\" \/>\n\t<meta name=\"twitter:data2\" content=\"3 minutos\" \/>\n<script type=\"application\/ld+json\" class=\"yoast-schema-graph\">{\"@context\":\"https:\/\/schema.org\",\"@graph\":[{\"@type\":\"Article\",\"@id\":\"https:\/\/www.notibras.com\/site\/recife-agora-tem-dois-recordes-no-guinness-book\/#article\",\"isPartOf\":{\"@id\":\"https:\/\/www.notibras.com\/site\/recife-agora-tem-dois-recordes-no-guinness-book\/\"},\"author\":{\"name\":\"Reda\u00e7\u00e3o\",\"@id\":\"https:\/\/www.notibras.com\/site\/#\/schema\/person\/36ab0979449956132d3e5b517ea76ac8\"},\"headline\":\"Recife agora tem dois recordes no Guinness Book\",\"datePublished\":\"2026-02-23T09:54:05+00:00\",\"mainEntityOfPage\":{\"@id\":\"https:\/\/www.notibras.com\/site\/recife-agora-tem-dois-recordes-no-guinness-book\/\"},\"wordCount\":488,\"publisher\":{\"@id\":\"https:\/\/www.notibras.com\/site\/#organization\"},\"image\":{\"@id\":\"https:\/\/www.notibras.com\/site\/recife-agora-tem-dois-recordes-no-guinness-book\/#primaryimage\"},\"thumbnailUrl\":\"https:\/\/www.notibras.com\/site\/wp-content\/uploads\/2026\/02\/609cccea-dda9-4cb4-86d4-1eb028fe9624.jpg\",\"articleSection\":[\"Nordeste\"],\"inLanguage\":\"pt-BR\"},{\"@type\":\"WebPage\",\"@id\":\"https:\/\/www.notibras.com\/site\/recife-agora-tem-dois-recordes-no-guinness-book\/\",\"url\":\"https:\/\/www.notibras.com\/site\/recife-agora-tem-dois-recordes-no-guinness-book\/\",\"name\":\"Recife agora tem dois recordes no Guinness Book - Notibras\",\"isPartOf\":{\"@id\":\"https:\/\/www.notibras.com\/site\/#website\"},\"primaryImageOfPage\":{\"@id\":\"https:\/\/www.notibras.com\/site\/recife-agora-tem-dois-recordes-no-guinness-book\/#primaryimage\"},\"image\":{\"@id\":\"https:\/\/www.notibras.com\/site\/recife-agora-tem-dois-recordes-no-guinness-book\/#primaryimage\"},\"thumbnailUrl\":\"https:\/\/www.notibras.com\/site\/wp-content\/uploads\/2026\/02\/609cccea-dda9-4cb4-86d4-1eb028fe9624.jpg\",\"datePublished\":\"2026-02-23T09:54:05+00:00\",\"breadcrumb\":{\"@id\":\"https:\/\/www.notibras.com\/site\/recife-agora-tem-dois-recordes-no-guinness-book\/#breadcrumb\"},\"inLanguage\":\"pt-BR\",\"potentialAction\":[{\"@type\":\"ReadAction\",\"target\":[\"https:\/\/www.notibras.com\/site\/recife-agora-tem-dois-recordes-no-guinness-book\/\"]}]},{\"@type\":\"ImageObject\",\"inLanguage\":\"pt-BR\",\"@id\":\"https:\/\/www.notibras.com\/site\/recife-agora-tem-dois-recordes-no-guinness-book\/#primaryimage\",\"url\":\"https:\/\/www.notibras.com\/site\/wp-content\/uploads\/2026\/02\/609cccea-dda9-4cb4-86d4-1eb028fe9624.jpg\",\"contentUrl\":\"https:\/\/www.notibras.com\/site\/wp-content\/uploads\/2026\/02\/609cccea-dda9-4cb4-86d4-1eb028fe9624.jpg\",\"width\":1008,\"height\":756},{\"@type\":\"BreadcrumbList\",\"@id\":\"https:\/\/www.notibras.com\/site\/recife-agora-tem-dois-recordes-no-guinness-book\/#breadcrumb\",\"itemListElement\":[{\"@type\":\"ListItem\",\"position\":1,\"name\":\"In\u00edcio\",\"item\":\"https:\/\/www.notibras.com\/site\/\"},{\"@type\":\"ListItem\",\"position\":2,\"name\":\"Recife agora tem dois recordes no Guinness Book\"}]},{\"@type\":\"WebSite\",\"@id\":\"https:\/\/www.notibras.com\/site\/#website\",\"url\":\"https:\/\/www.notibras.com\/site\/\",\"name\":\"Notibras\",\"description\":\"Not\u00edcias de Bras\u00edlia, do Brasil e do Mundo\",\"publisher\":{\"@id\":\"https:\/\/www.notibras.com\/site\/#organization\"},\"potentialAction\":[{\"@type\":\"SearchAction\",\"target\":{\"@type\":\"EntryPoint\",\"urlTemplate\":\"https:\/\/www.notibras.com\/site\/?s={search_term_string}\"},\"query-input\":{\"@type\":\"PropertyValueSpecification\",\"valueRequired\":true,\"valueName\":\"search_term_string\"}}],\"inLanguage\":\"pt-BR\"},{\"@type\":\"Organization\",\"@id\":\"https:\/\/www.notibras.com\/site\/#organization\",\"name\":\"Grupo Notibras de Comunica\u00e7\u00e3o\",\"url\":\"https:\/\/www.notibras.com\/site\/\",\"logo\":{\"@type\":\"ImageObject\",\"inLanguage\":\"pt-BR\",\"@id\":\"https:\/\/www.notibras.com\/site\/#\/schema\/logo\/image\/\",\"url\":\"https:\/\/www.notibras.com\/site\/wp-content\/uploads\/2023\/01\/notibras23.png\",\"contentUrl\":\"https:\/\/www.notibras.com\/site\/wp-content\/uploads\/2023\/01\/notibras23.png\",\"width\":350,\"height\":87,\"caption\":\"Grupo Notibras de Comunica\u00e7\u00e3o\"},\"image\":{\"@id\":\"https:\/\/www.notibras.com\/site\/#\/schema\/logo\/image\/\"},\"sameAs\":[\"https:\/\/www.facebook.com\/notibras\/\",\"https:\/\/x.com\/Notibras\",\"https:\/\/www.instagram.com\/notibras\/\"]},{\"@type\":\"Person\",\"@id\":\"https:\/\/www.notibras.com\/site\/#\/schema\/person\/36ab0979449956132d3e5b517ea76ac8\",\"name\":\"Reda\u00e7\u00e3o\",\"image\":{\"@type\":\"ImageObject\",\"inLanguage\":\"pt-BR\",\"@id\":\"https:\/\/secure.gravatar.com\/avatar\/e0a867bdedb85fd243eadf09663511f96fc81e0720a4a42581f334ad4303aa6b?s=96&d=mm&r=g\",\"url\":\"https:\/\/secure.gravatar.com\/avatar\/e0a867bdedb85fd243eadf09663511f96fc81e0720a4a42581f334ad4303aa6b?s=96&d=mm&r=g\",\"contentUrl\":\"https:\/\/secure.gravatar.com\/avatar\/e0a867bdedb85fd243eadf09663511f96fc81e0720a4a42581f334ad4303aa6b?s=96&d=mm&r=g\",\"caption\":\"Reda\u00e7\u00e3o\"}}]}<\/script>\n<!-- \/ Yoast SEO plugin. -->","yoast_head_json":{"title":"Recife agora tem dois recordes no Guinness Book - Notibras","robots":{"index":"index","follow":"follow","max-snippet":"max-snippet:-1","max-image-preview":"max-image-preview:large","max-video-preview":"max-video-preview:-1"},"canonical":"https:\/\/www.notibras.com\/site\/recife-agora-tem-dois-recordes-no-guinness-book\/","og_locale":"pt_BR","og_type":"article","og_title":"Recife agora tem dois recordes no Guinness Book - Notibras","og_description":"O carnaval do Recife agora tem dois recordes no Guinness Book. Al\u00e9m do t\u00edtulo de maior bloco do mundo, obtido pelo Galo da Madrugada em 1994, a cidade agora ostenta o t\u00edtulo de cidade com o maior &#8220;revezamento de aplica\u00e7\u00e3o de perfume&#8221; do mundo. Com 30 trios el\u00e9tricos o Galo da Madrugada atraiu mais de [&hellip;]","og_url":"https:\/\/www.notibras.com\/site\/recife-agora-tem-dois-recordes-no-guinness-book\/","og_site_name":"Notibras","article_publisher":"https:\/\/www.facebook.com\/notibras\/","article_published_time":"2026-02-23T09:54:05+00:00","og_image":[{"width":1008,"height":756,"url":"https:\/\/www.notibras.com\/site\/wp-content\/uploads\/2026\/02\/609cccea-dda9-4cb4-86d4-1eb028fe9624.jpg","type":"image\/jpeg"}],"author":"Reda\u00e7\u00e3o","twitter_card":"summary_large_image","twitter_creator":"@Notibras","twitter_site":"@Notibras","twitter_misc":{"Escrito por":"Reda\u00e7\u00e3o","Est. tempo de leitura":"3 minutos"},"schema":{"@context":"https:\/\/schema.org","@graph":[{"@type":"Article","@id":"https:\/\/www.notibras.com\/site\/recife-agora-tem-dois-recordes-no-guinness-book\/#article","isPartOf":{"@id":"https:\/\/www.notibras.com\/site\/recife-agora-tem-dois-recordes-no-guinness-book\/"},"author":{"name":"Reda\u00e7\u00e3o","@id":"https:\/\/www.notibras.com\/site\/#\/schema\/person\/36ab0979449956132d3e5b517ea76ac8"},"headline":"Recife agora tem dois recordes no Guinness Book","datePublished":"2026-02-23T09:54:05+00:00","mainEntityOfPage":{"@id":"https:\/\/www.notibras.com\/site\/recife-agora-tem-dois-recordes-no-guinness-book\/"},"wordCount":488,"publisher":{"@id":"https:\/\/www.notibras.com\/site\/#organization"},"image":{"@id":"https:\/\/www.notibras.com\/site\/recife-agora-tem-dois-recordes-no-guinness-book\/#primaryimage"},"thumbnailUrl":"https:\/\/www.notibras.com\/site\/wp-content\/uploads\/2026\/02\/609cccea-dda9-4cb4-86d4-1eb028fe9624.jpg","articleSection":["Nordeste"],"inLanguage":"pt-BR"},{"@type":"WebPage","@id":"https:\/\/www.notibras.com\/site\/recife-agora-tem-dois-recordes-no-guinness-book\/","url":"https:\/\/www.notibras.com\/site\/recife-agora-tem-dois-recordes-no-guinness-book\/","name":"Recife agora tem dois recordes no Guinness Book - Notibras","isPartOf":{"@id":"https:\/\/www.notibras.com\/site\/#website"},"primaryImageOfPage":{"@id":"https:\/\/www.notibras.com\/site\/recife-agora-tem-dois-recordes-no-guinness-book\/#primaryimage"},"image":{"@id":"https:\/\/www.notibras.com\/site\/recife-agora-tem-dois-recordes-no-guinness-book\/#primaryimage"},"thumbnailUrl":"https:\/\/www.notibras.com\/site\/wp-content\/uploads\/2026\/02\/609cccea-dda9-4cb4-86d4-1eb028fe9624.jpg","datePublished":"2026-02-23T09:54:05+00:00","breadcrumb":{"@id":"https:\/\/www.notibras.com\/site\/recife-agora-tem-dois-recordes-no-guinness-book\/#breadcrumb"},"inLanguage":"pt-BR","potentialAction":[{"@type":"ReadAction","target":["https:\/\/www.notibras.com\/site\/recife-agora-tem-dois-recordes-no-guinness-book\/"]}]},{"@type":"ImageObject","inLanguage":"pt-BR","@id":"https:\/\/www.notibras.com\/site\/recife-agora-tem-dois-recordes-no-guinness-book\/#primaryimage","url":"https:\/\/www.notibras.com\/site\/wp-content\/uploads\/2026\/02\/609cccea-dda9-4cb4-86d4-1eb028fe9624.jpg","contentUrl":"https:\/\/www.notibras.com\/site\/wp-content\/uploads\/2026\/02\/609cccea-dda9-4cb4-86d4-1eb028fe9624.jpg","width":1008,"height":756},{"@type":"BreadcrumbList","@id":"https:\/\/www.notibras.com\/site\/recife-agora-tem-dois-recordes-no-guinness-book\/#breadcrumb","itemListElement":[{"@type":"ListItem","position":1,"name":"In\u00edcio","item":"https:\/\/www.notibras.com\/site\/"},{"@type":"ListItem","position":2,"name":"Recife agora tem dois recordes no Guinness Book"}]},{"@type":"WebSite","@id":"https:\/\/www.notibras.com\/site\/#website","url":"https:\/\/www.notibras.com\/site\/","name":"Notibras","description":"Not\u00edcias de Bras\u00edlia, do Brasil e do Mundo","publisher":{"@id":"https:\/\/www.notibras.com\/site\/#organization"},"potentialAction":[{"@type":"SearchAction","target":{"@type":"EntryPoint","urlTemplate":"https:\/\/www.notibras.com\/site\/?s={search_term_string}"},"query-input":{"@type":"PropertyValueSpecification","valueRequired":true,"valueName":"search_term_string"}}],"inLanguage":"pt-BR"},{"@type":"Organization","@id":"https:\/\/www.notibras.com\/site\/#organization","name":"Grupo Notibras de Comunica\u00e7\u00e3o","url":"https:\/\/www.notibras.com\/site\/","logo":{"@type":"ImageObject","inLanguage":"pt-BR","@id":"https:\/\/www.notibras.com\/site\/#\/schema\/logo\/image\/","url":"https:\/\/www.notibras.com\/site\/wp-content\/uploads\/2023\/01\/notibras23.png","contentUrl":"https:\/\/www.notibras.com\/site\/wp-content\/uploads\/2023\/01\/notibras23.png","width":350,"height":87,"caption":"Grupo Notibras de Comunica\u00e7\u00e3o"},"image":{"@id":"https:\/\/www.notibras.com\/site\/#\/schema\/logo\/image\/"},"sameAs":["https:\/\/www.facebook.com\/notibras\/","https:\/\/x.com\/Notibras","https:\/\/www.instagram.com\/notibras\/"]},{"@type":"Person","@id":"https:\/\/www.notibras.com\/site\/#\/schema\/person\/36ab0979449956132d3e5b517ea76ac8","name":"Reda\u00e7\u00e3o","image":{"@type":"ImageObject","inLanguage":"pt-BR","@id":"https:\/\/secure.gravatar.com\/avatar\/e0a867bdedb85fd243eadf09663511f96fc81e0720a4a42581f334ad4303aa6b?s=96&d=mm&r=g","url":"https:\/\/secure.gravatar.com\/avatar\/e0a867bdedb85fd243eadf09663511f96fc81e0720a4a42581f334ad4303aa6b?s=96&d=mm&r=g","contentUrl":"https:\/\/secure.gravatar.com\/avatar\/e0a867bdedb85fd243eadf09663511f96fc81e0720a4a42581f334ad4303aa6b?s=96&d=mm&r=g","caption":"Reda\u00e7\u00e3o"}}]}},"amp_enabled":true,"_links":{"self":[{"href":"https:\/\/www.notibras.com\/site\/wp-json\/wp\/v2\/posts\/384308","targetHints":{"allow":["GET"]}}],"collection":[{"href":"https:\/\/www.notibras.com\/site\/wp-json\/wp\/v2\/posts"}],"about":[{"href":"https:\/\/www.notibras.com\/site\/wp-json\/wp\/v2\/types\/post"}],"author":[{"embeddable":true,"href":"https:\/\/www.notibras.com\/site\/wp-json\/wp\/v2\/users\/2"}],"replies":[{"embeddable":true,"href":"https:\/\/www.notibras.com\/site\/wp-json\/wp\/v2\/comments?post=384308"}],"version-history":[{"count":1,"href":"https:\/\/www.notibras.com\/site\/wp-json\/wp\/v2\/posts\/384308\/revisions"}],"predecessor-version":[{"id":384310,"href":"https:\/\/www.notibras.com\/site\/wp-json\/wp\/v2\/posts\/384308\/revisions\/384310"}],"wp:featuredmedia":[{"embeddable":true,"href":"https:\/\/www.notibras.com\/site\/wp-json\/wp\/v2\/media\/384309"}],"wp:attachment":[{"href":"https:\/\/www.notibras.com\/site\/wp-json\/wp\/v2\/media?parent=384308"}],"wp:term":[{"taxonomy":"category","embeddable":true,"href":"https:\/\/www.notibras.com\/site\/wp-json\/wp\/v2\/categories?post=384308"},{"taxonomy":"post_tag","embeddable":true,"href":"https:\/\/www.notibras.com\/site\/wp-json\/wp\/v2\/tags?post=384308"}],"curies":[{"name":"wp","href":"https:\/\/api.w.org\/{rel}","templated":true}]}}