{"id":384311,"date":"2026-02-23T06:30:53","date_gmt":"2026-02-23T09:30:53","guid":{"rendered":"https:\/\/www.notibras.com\/site\/?p=384311"},"modified":"2026-02-23T06:58:50","modified_gmt":"2026-02-23T09:58:50","slug":"instituto-chico-mendes-multa-fernando-de-noronha-por-obra-irregular","status":"publish","type":"post","link":"https:\/\/www.notibras.com\/site\/instituto-chico-mendes-multa-fernando-de-noronha-por-obra-irregular\/","title":{"rendered":"Instituto Chico Mendes multa Fernando de Noronha por obra irregular"},"content":{"rendered":"<p>O Instituto Chico Mendes de Conserva\u00e7\u00e3o da Biodiversidade (ICMBio) multou a Administra\u00e7\u00e3o de Fernando de Noronha em R$ 47.780. A penalidade foi aplicada por causa de uma interven\u00e7\u00e3o irregular na Zona de Conserva\u00e7\u00e3o. A obra foi identificada como uma melhoria no acesso \u00e0 Praia do Boldr\u00f3. A obra foi parcialmente embargada.<\/p>\n<p>De acordo com o coordenador da \u00e1rea de Ordenamento Territorial do ICMBio, M\u00e1rio Douglas Fortini, o instituto recebeu v\u00e1rias den\u00fancias durante o carnaval.<\/p>\n<p>As queixas apontavam grande movimenta\u00e7\u00e3o de terra no fim da estrada, perto da praia. \u201cAp\u00f3s receber as den\u00fancias fomos at\u00e9 o local, realizamos vistoria e sobrevoo com drone, e ficou comprovada a retirada de terra em um talude localizado na Zona de Conserva\u00e7\u00e3o\u201d, afirmou Fortini.<\/p>\n<p>Segundo o ICMBio, trabalhadores informaram que a obra era executada pela Administra\u00e7\u00e3o da Ilha.<\/p>\n<p>A multa foi aplicada com base no artigo 66 do Decreto n\u00ba 6.514\/2008. A norma prev\u00ea puni\u00e7\u00e3o para obras ou servi\u00e7os que utilizem recursos ambientais sem licen\u00e7a ou autoriza\u00e7\u00e3o do \u00f3rg\u00e3o competente.<\/p>\n<p>O valor foi calculado de acordo com as regras de pessoas jur\u00eddicas de direito p\u00fablico. O ICMBio tamb\u00e9m considerou como agravante o fato de a interven\u00e7\u00e3o ter ocorrido durante o feriado de carnaval.<\/p>\n<p>Al\u00e9m da multa, o ICMBio vai exigir a apresenta\u00e7\u00e3o de um Projeto de Recupera\u00e7\u00e3o de \u00c1rea Degradada (PRAD). O documento dever\u00e1 indicar como a \u00e1rea afetada ser\u00e1 recuperada.<\/p>\n<p>\u201cIsso significa que essa \u00e1rea n\u00e3o poder\u00e1 ser utilizada. Ela dever\u00e1 ser recuperada, com plantio de esp\u00e9cies nativas e estabiliza\u00e7\u00e3o do terreno\u201d, destacou Fortini.<\/p>\n","protected":false},"excerpt":{"rendered":"<p>O Instituto Chico Mendes de Conserva\u00e7\u00e3o da Biodiversidade (ICMBio) multou a Administra\u00e7\u00e3o de Fernando de Noronha em R$ 47.780. A penalidade foi aplicada por causa de uma interven\u00e7\u00e3o irregular na Zona de Conserva\u00e7\u00e3o. A obra foi identificada como uma melhoria no acesso \u00e0 Praia do Boldr\u00f3. A obra foi parcialmente embargada. De acordo com o [&hellip;]<\/p>\n","protected":false},"author":2,"featured_media":384312,"comment_status":"closed","ping_status":"closed","sticky":false,"template":"","format":"standard","meta":{"_acf_changed":false,"footnotes":""},"categories":[165],"tags":[],"class_list":["post-384311","post","type-post","status-publish","format-standard","has-post-thumbnail","hentry","category-nordeste"],"acf":[],"yoast_head":"<!-- This site is optimized with the Yoast SEO plugin v27.2 - https:\/\/yoast.com\/product\/yoast-seo-wordpress\/ -->\n<title>Instituto Chico Mendes multa Fernando de Noronha por obra irregular - Notibras<\/title>\n<meta name=\"robots\" content=\"index, follow, max-snippet:-1, max-image-preview:large, max-video-preview:-1\" \/>\n<link rel=\"canonical\" href=\"https:\/\/www.notibras.com\/site\/instituto-chico-mendes-multa-fernando-de-noronha-por-obra-irregular\/\" \/>\n<meta property=\"og:locale\" content=\"pt_BR\" \/>\n<meta property=\"og:type\" content=\"article\" \/>\n<meta property=\"og:title\" content=\"Instituto Chico Mendes multa Fernando de Noronha por obra irregular - Notibras\" \/>\n<meta property=\"og:description\" content=\"O Instituto Chico Mendes de Conserva\u00e7\u00e3o da Biodiversidade (ICMBio) multou a Administra\u00e7\u00e3o de Fernando de Noronha em R$ 47.780. A penalidade foi aplicada por causa de uma interven\u00e7\u00e3o irregular na Zona de Conserva\u00e7\u00e3o. A obra foi identificada como uma melhoria no acesso \u00e0 Praia do Boldr\u00f3. A obra foi parcialmente embargada. De acordo com o [&hellip;]\" \/>\n<meta property=\"og:url\" content=\"https:\/\/www.notibras.com\/site\/instituto-chico-mendes-multa-fernando-de-noronha-por-obra-irregular\/\" \/>\n<meta property=\"og:site_name\" content=\"Notibras\" \/>\n<meta property=\"article:publisher\" content=\"https:\/\/www.facebook.com\/notibras\/\" \/>\n<meta property=\"article:published_time\" content=\"2026-02-23T09:30:53+00:00\" \/>\n<meta property=\"article:modified_time\" content=\"2026-02-23T09:58:50+00:00\" \/>\n<meta property=\"og:image\" content=\"https:\/\/www.notibras.com\/site\/wp-content\/uploads\/2026\/02\/d72138c7-4f86-46cb-9948-ed4faf8c2506.jpg\" \/>\n\t<meta property=\"og:image:width\" content=\"984\" \/>\n\t<meta property=\"og:image:height\" content=\"643\" \/>\n\t<meta property=\"og:image:type\" content=\"image\/jpeg\" \/>\n<meta name=\"author\" content=\"Reda\u00e7\u00e3o\" \/>\n<meta name=\"twitter:card\" content=\"summary_large_image\" \/>\n<meta name=\"twitter:creator\" content=\"@Notibras\" \/>\n<meta name=\"twitter:site\" content=\"@Notibras\" \/>\n<meta name=\"twitter:label1\" content=\"Escrito por\" \/>\n\t<meta name=\"twitter:data1\" content=\"Reda\u00e7\u00e3o\" \/>\n\t<meta name=\"twitter:label2\" content=\"Est. tempo de leitura\" \/>\n\t<meta name=\"twitter:data2\" content=\"2 minutos\" \/>\n<script type=\"application\/ld+json\" class=\"yoast-schema-graph\">{\"@context\":\"https:\/\/schema.org\",\"@graph\":[{\"@type\":\"Article\",\"@id\":\"https:\/\/www.notibras.com\/site\/instituto-chico-mendes-multa-fernando-de-noronha-por-obra-irregular\/#article\",\"isPartOf\":{\"@id\":\"https:\/\/www.notibras.com\/site\/instituto-chico-mendes-multa-fernando-de-noronha-por-obra-irregular\/\"},\"author\":{\"name\":\"Reda\u00e7\u00e3o\",\"@id\":\"https:\/\/www.notibras.com\/site\/#\/schema\/person\/36ab0979449956132d3e5b517ea76ac8\"},\"headline\":\"Instituto Chico Mendes multa Fernando de Noronha por obra irregular\",\"datePublished\":\"2026-02-23T09:30:53+00:00\",\"dateModified\":\"2026-02-23T09:58:50+00:00\",\"mainEntityOfPage\":{\"@id\":\"https:\/\/www.notibras.com\/site\/instituto-chico-mendes-multa-fernando-de-noronha-por-obra-irregular\/\"},\"wordCount\":283,\"publisher\":{\"@id\":\"https:\/\/www.notibras.com\/site\/#organization\"},\"image\":{\"@id\":\"https:\/\/www.notibras.com\/site\/instituto-chico-mendes-multa-fernando-de-noronha-por-obra-irregular\/#primaryimage\"},\"thumbnailUrl\":\"https:\/\/www.notibras.com\/site\/wp-content\/uploads\/2026\/02\/d72138c7-4f86-46cb-9948-ed4faf8c2506.jpg\",\"articleSection\":[\"Nordeste\"],\"inLanguage\":\"pt-BR\"},{\"@type\":\"WebPage\",\"@id\":\"https:\/\/www.notibras.com\/site\/instituto-chico-mendes-multa-fernando-de-noronha-por-obra-irregular\/\",\"url\":\"https:\/\/www.notibras.com\/site\/instituto-chico-mendes-multa-fernando-de-noronha-por-obra-irregular\/\",\"name\":\"Instituto Chico Mendes multa Fernando de Noronha por obra irregular - Notibras\",\"isPartOf\":{\"@id\":\"https:\/\/www.notibras.com\/site\/#website\"},\"primaryImageOfPage\":{\"@id\":\"https:\/\/www.notibras.com\/site\/instituto-chico-mendes-multa-fernando-de-noronha-por-obra-irregular\/#primaryimage\"},\"image\":{\"@id\":\"https:\/\/www.notibras.com\/site\/instituto-chico-mendes-multa-fernando-de-noronha-por-obra-irregular\/#primaryimage\"},\"thumbnailUrl\":\"https:\/\/www.notibras.com\/site\/wp-content\/uploads\/2026\/02\/d72138c7-4f86-46cb-9948-ed4faf8c2506.jpg\",\"datePublished\":\"2026-02-23T09:30:53+00:00\",\"dateModified\":\"2026-02-23T09:58:50+00:00\",\"breadcrumb\":{\"@id\":\"https:\/\/www.notibras.com\/site\/instituto-chico-mendes-multa-fernando-de-noronha-por-obra-irregular\/#breadcrumb\"},\"inLanguage\":\"pt-BR\",\"potentialAction\":[{\"@type\":\"ReadAction\",\"target\":[\"https:\/\/www.notibras.com\/site\/instituto-chico-mendes-multa-fernando-de-noronha-por-obra-irregular\/\"]}]},{\"@type\":\"ImageObject\",\"inLanguage\":\"pt-BR\",\"@id\":\"https:\/\/www.notibras.com\/site\/instituto-chico-mendes-multa-fernando-de-noronha-por-obra-irregular\/#primaryimage\",\"url\":\"https:\/\/www.notibras.com\/site\/wp-content\/uploads\/2026\/02\/d72138c7-4f86-46cb-9948-ed4faf8c2506.jpg\",\"contentUrl\":\"https:\/\/www.notibras.com\/site\/wp-content\/uploads\/2026\/02\/d72138c7-4f86-46cb-9948-ed4faf8c2506.jpg\",\"width\":984,\"height\":643},{\"@type\":\"BreadcrumbList\",\"@id\":\"https:\/\/www.notibras.com\/site\/instituto-chico-mendes-multa-fernando-de-noronha-por-obra-irregular\/#breadcrumb\",\"itemListElement\":[{\"@type\":\"ListItem\",\"position\":1,\"name\":\"In\u00edcio\",\"item\":\"https:\/\/www.notibras.com\/site\/\"},{\"@type\":\"ListItem\",\"position\":2,\"name\":\"Instituto Chico Mendes multa Fernando de Noronha por obra irregular\"}]},{\"@type\":\"WebSite\",\"@id\":\"https:\/\/www.notibras.com\/site\/#website\",\"url\":\"https:\/\/www.notibras.com\/site\/\",\"name\":\"Notibras\",\"description\":\"Not\u00edcias de Bras\u00edlia, do Brasil e do Mundo\",\"publisher\":{\"@id\":\"https:\/\/www.notibras.com\/site\/#organization\"},\"potentialAction\":[{\"@type\":\"SearchAction\",\"target\":{\"@type\":\"EntryPoint\",\"urlTemplate\":\"https:\/\/www.notibras.com\/site\/?s={search_term_string}\"},\"query-input\":{\"@type\":\"PropertyValueSpecification\",\"valueRequired\":true,\"valueName\":\"search_term_string\"}}],\"inLanguage\":\"pt-BR\"},{\"@type\":\"Organization\",\"@id\":\"https:\/\/www.notibras.com\/site\/#organization\",\"name\":\"Grupo Notibras de Comunica\u00e7\u00e3o\",\"url\":\"https:\/\/www.notibras.com\/site\/\",\"logo\":{\"@type\":\"ImageObject\",\"inLanguage\":\"pt-BR\",\"@id\":\"https:\/\/www.notibras.com\/site\/#\/schema\/logo\/image\/\",\"url\":\"https:\/\/www.notibras.com\/site\/wp-content\/uploads\/2023\/01\/notibras23.png\",\"contentUrl\":\"https:\/\/www.notibras.com\/site\/wp-content\/uploads\/2023\/01\/notibras23.png\",\"width\":350,\"height\":87,\"caption\":\"Grupo Notibras de Comunica\u00e7\u00e3o\"},\"image\":{\"@id\":\"https:\/\/www.notibras.com\/site\/#\/schema\/logo\/image\/\"},\"sameAs\":[\"https:\/\/www.facebook.com\/notibras\/\",\"https:\/\/x.com\/Notibras\",\"https:\/\/www.instagram.com\/notibras\/\"]},{\"@type\":\"Person\",\"@id\":\"https:\/\/www.notibras.com\/site\/#\/schema\/person\/36ab0979449956132d3e5b517ea76ac8\",\"name\":\"Reda\u00e7\u00e3o\",\"image\":{\"@type\":\"ImageObject\",\"inLanguage\":\"pt-BR\",\"@id\":\"https:\/\/secure.gravatar.com\/avatar\/e0a867bdedb85fd243eadf09663511f96fc81e0720a4a42581f334ad4303aa6b?s=96&d=mm&r=g\",\"url\":\"https:\/\/secure.gravatar.com\/avatar\/e0a867bdedb85fd243eadf09663511f96fc81e0720a4a42581f334ad4303aa6b?s=96&d=mm&r=g\",\"contentUrl\":\"https:\/\/secure.gravatar.com\/avatar\/e0a867bdedb85fd243eadf09663511f96fc81e0720a4a42581f334ad4303aa6b?s=96&d=mm&r=g\",\"caption\":\"Reda\u00e7\u00e3o\"}}]}<\/script>\n<!-- \/ Yoast SEO plugin. -->","yoast_head_json":{"title":"Instituto Chico Mendes multa Fernando de Noronha por obra irregular - Notibras","robots":{"index":"index","follow":"follow","max-snippet":"max-snippet:-1","max-image-preview":"max-image-preview:large","max-video-preview":"max-video-preview:-1"},"canonical":"https:\/\/www.notibras.com\/site\/instituto-chico-mendes-multa-fernando-de-noronha-por-obra-irregular\/","og_locale":"pt_BR","og_type":"article","og_title":"Instituto Chico Mendes multa Fernando de Noronha por obra irregular - Notibras","og_description":"O Instituto Chico Mendes de Conserva\u00e7\u00e3o da Biodiversidade (ICMBio) multou a Administra\u00e7\u00e3o de Fernando de Noronha em R$ 47.780. A penalidade foi aplicada por causa de uma interven\u00e7\u00e3o irregular na Zona de Conserva\u00e7\u00e3o. A obra foi identificada como uma melhoria no acesso \u00e0 Praia do Boldr\u00f3. A obra foi parcialmente embargada. De acordo com o [&hellip;]","og_url":"https:\/\/www.notibras.com\/site\/instituto-chico-mendes-multa-fernando-de-noronha-por-obra-irregular\/","og_site_name":"Notibras","article_publisher":"https:\/\/www.facebook.com\/notibras\/","article_published_time":"2026-02-23T09:30:53+00:00","article_modified_time":"2026-02-23T09:58:50+00:00","og_image":[{"width":984,"height":643,"url":"https:\/\/www.notibras.com\/site\/wp-content\/uploads\/2026\/02\/d72138c7-4f86-46cb-9948-ed4faf8c2506.jpg","type":"image\/jpeg"}],"author":"Reda\u00e7\u00e3o","twitter_card":"summary_large_image","twitter_creator":"@Notibras","twitter_site":"@Notibras","twitter_misc":{"Escrito por":"Reda\u00e7\u00e3o","Est. tempo de leitura":"2 minutos"},"schema":{"@context":"https:\/\/schema.org","@graph":[{"@type":"Article","@id":"https:\/\/www.notibras.com\/site\/instituto-chico-mendes-multa-fernando-de-noronha-por-obra-irregular\/#article","isPartOf":{"@id":"https:\/\/www.notibras.com\/site\/instituto-chico-mendes-multa-fernando-de-noronha-por-obra-irregular\/"},"author":{"name":"Reda\u00e7\u00e3o","@id":"https:\/\/www.notibras.com\/site\/#\/schema\/person\/36ab0979449956132d3e5b517ea76ac8"},"headline":"Instituto Chico Mendes multa Fernando de Noronha por obra irregular","datePublished":"2026-02-23T09:30:53+00:00","dateModified":"2026-02-23T09:58:50+00:00","mainEntityOfPage":{"@id":"https:\/\/www.notibras.com\/site\/instituto-chico-mendes-multa-fernando-de-noronha-por-obra-irregular\/"},"wordCount":283,"publisher":{"@id":"https:\/\/www.notibras.com\/site\/#organization"},"image":{"@id":"https:\/\/www.notibras.com\/site\/instituto-chico-mendes-multa-fernando-de-noronha-por-obra-irregular\/#primaryimage"},"thumbnailUrl":"https:\/\/www.notibras.com\/site\/wp-content\/uploads\/2026\/02\/d72138c7-4f86-46cb-9948-ed4faf8c2506.jpg","articleSection":["Nordeste"],"inLanguage":"pt-BR"},{"@type":"WebPage","@id":"https:\/\/www.notibras.com\/site\/instituto-chico-mendes-multa-fernando-de-noronha-por-obra-irregular\/","url":"https:\/\/www.notibras.com\/site\/instituto-chico-mendes-multa-fernando-de-noronha-por-obra-irregular\/","name":"Instituto Chico Mendes multa Fernando de Noronha por obra irregular - Notibras","isPartOf":{"@id":"https:\/\/www.notibras.com\/site\/#website"},"primaryImageOfPage":{"@id":"https:\/\/www.notibras.com\/site\/instituto-chico-mendes-multa-fernando-de-noronha-por-obra-irregular\/#primaryimage"},"image":{"@id":"https:\/\/www.notibras.com\/site\/instituto-chico-mendes-multa-fernando-de-noronha-por-obra-irregular\/#primaryimage"},"thumbnailUrl":"https:\/\/www.notibras.com\/site\/wp-content\/uploads\/2026\/02\/d72138c7-4f86-46cb-9948-ed4faf8c2506.jpg","datePublished":"2026-02-23T09:30:53+00:00","dateModified":"2026-02-23T09:58:50+00:00","breadcrumb":{"@id":"https:\/\/www.notibras.com\/site\/instituto-chico-mendes-multa-fernando-de-noronha-por-obra-irregular\/#breadcrumb"},"inLanguage":"pt-BR","potentialAction":[{"@type":"ReadAction","target":["https:\/\/www.notibras.com\/site\/instituto-chico-mendes-multa-fernando-de-noronha-por-obra-irregular\/"]}]},{"@type":"ImageObject","inLanguage":"pt-BR","@id":"https:\/\/www.notibras.com\/site\/instituto-chico-mendes-multa-fernando-de-noronha-por-obra-irregular\/#primaryimage","url":"https:\/\/www.notibras.com\/site\/wp-content\/uploads\/2026\/02\/d72138c7-4f86-46cb-9948-ed4faf8c2506.jpg","contentUrl":"https:\/\/www.notibras.com\/site\/wp-content\/uploads\/2026\/02\/d72138c7-4f86-46cb-9948-ed4faf8c2506.jpg","width":984,"height":643},{"@type":"BreadcrumbList","@id":"https:\/\/www.notibras.com\/site\/instituto-chico-mendes-multa-fernando-de-noronha-por-obra-irregular\/#breadcrumb","itemListElement":[{"@type":"ListItem","position":1,"name":"In\u00edcio","item":"https:\/\/www.notibras.com\/site\/"},{"@type":"ListItem","position":2,"name":"Instituto Chico Mendes multa Fernando de Noronha por obra irregular"}]},{"@type":"WebSite","@id":"https:\/\/www.notibras.com\/site\/#website","url":"https:\/\/www.notibras.com\/site\/","name":"Notibras","description":"Not\u00edcias de Bras\u00edlia, do Brasil e do Mundo","publisher":{"@id":"https:\/\/www.notibras.com\/site\/#organization"},"potentialAction":[{"@type":"SearchAction","target":{"@type":"EntryPoint","urlTemplate":"https:\/\/www.notibras.com\/site\/?s={search_term_string}"},"query-input":{"@type":"PropertyValueSpecification","valueRequired":true,"valueName":"search_term_string"}}],"inLanguage":"pt-BR"},{"@type":"Organization","@id":"https:\/\/www.notibras.com\/site\/#organization","name":"Grupo Notibras de Comunica\u00e7\u00e3o","url":"https:\/\/www.notibras.com\/site\/","logo":{"@type":"ImageObject","inLanguage":"pt-BR","@id":"https:\/\/www.notibras.com\/site\/#\/schema\/logo\/image\/","url":"https:\/\/www.notibras.com\/site\/wp-content\/uploads\/2023\/01\/notibras23.png","contentUrl":"https:\/\/www.notibras.com\/site\/wp-content\/uploads\/2023\/01\/notibras23.png","width":350,"height":87,"caption":"Grupo Notibras de Comunica\u00e7\u00e3o"},"image":{"@id":"https:\/\/www.notibras.com\/site\/#\/schema\/logo\/image\/"},"sameAs":["https:\/\/www.facebook.com\/notibras\/","https:\/\/x.com\/Notibras","https:\/\/www.instagram.com\/notibras\/"]},{"@type":"Person","@id":"https:\/\/www.notibras.com\/site\/#\/schema\/person\/36ab0979449956132d3e5b517ea76ac8","name":"Reda\u00e7\u00e3o","image":{"@type":"ImageObject","inLanguage":"pt-BR","@id":"https:\/\/secure.gravatar.com\/avatar\/e0a867bdedb85fd243eadf09663511f96fc81e0720a4a42581f334ad4303aa6b?s=96&d=mm&r=g","url":"https:\/\/secure.gravatar.com\/avatar\/e0a867bdedb85fd243eadf09663511f96fc81e0720a4a42581f334ad4303aa6b?s=96&d=mm&r=g","contentUrl":"https:\/\/secure.gravatar.com\/avatar\/e0a867bdedb85fd243eadf09663511f96fc81e0720a4a42581f334ad4303aa6b?s=96&d=mm&r=g","caption":"Reda\u00e7\u00e3o"}}]}},"amp_enabled":true,"_links":{"self":[{"href":"https:\/\/www.notibras.com\/site\/wp-json\/wp\/v2\/posts\/384311","targetHints":{"allow":["GET"]}}],"collection":[{"href":"https:\/\/www.notibras.com\/site\/wp-json\/wp\/v2\/posts"}],"about":[{"href":"https:\/\/www.notibras.com\/site\/wp-json\/wp\/v2\/types\/post"}],"author":[{"embeddable":true,"href":"https:\/\/www.notibras.com\/site\/wp-json\/wp\/v2\/users\/2"}],"replies":[{"embeddable":true,"href":"https:\/\/www.notibras.com\/site\/wp-json\/wp\/v2\/comments?post=384311"}],"version-history":[{"count":1,"href":"https:\/\/www.notibras.com\/site\/wp-json\/wp\/v2\/posts\/384311\/revisions"}],"predecessor-version":[{"id":384313,"href":"https:\/\/www.notibras.com\/site\/wp-json\/wp\/v2\/posts\/384311\/revisions\/384313"}],"wp:featuredmedia":[{"embeddable":true,"href":"https:\/\/www.notibras.com\/site\/wp-json\/wp\/v2\/media\/384312"}],"wp:attachment":[{"href":"https:\/\/www.notibras.com\/site\/wp-json\/wp\/v2\/media?parent=384311"}],"wp:term":[{"taxonomy":"category","embeddable":true,"href":"https:\/\/www.notibras.com\/site\/wp-json\/wp\/v2\/categories?post=384311"},{"taxonomy":"post_tag","embeddable":true,"href":"https:\/\/www.notibras.com\/site\/wp-json\/wp\/v2\/tags?post=384311"}],"curies":[{"name":"wp","href":"https:\/\/api.w.org\/{rel}","templated":true}]}}