{"id":384355,"date":"2026-02-23T10:22:15","date_gmt":"2026-02-23T13:22:15","guid":{"rendered":"https:\/\/www.notibras.com\/site\/?p=384355"},"modified":"2026-02-23T11:36:08","modified_gmt":"2026-02-23T14:36:08","slug":"oab-pede-ao-supremo-fim-de-inquerito-das-fake-news","status":"publish","type":"post","link":"https:\/\/www.notibras.com\/site\/oab-pede-ao-supremo-fim-de-inquerito-das-fake-news\/","title":{"rendered":"OAB pede ao Supremo fim de inqu\u00e9rito das fake news"},"content":{"rendered":"<p>Em of\u00edcio encaminhado nesta segunda-feira (23) ao presidente do Supremo Tribunal Federal (STF), ministro Edson Fachin, a Ordem dos Advogados do Brasil (OAB) pediu o encerramento de investiga\u00e7\u00f5es de \u201cdura\u00e7\u00e3o indefinida\u201d, em especial o chamado \u201cinqu\u00e9rito das fake news\u201d.<\/p>\n<p>O documento \u00e9 assinado pelo presidente, Beto Simonetti, e demais integrantes do Conselho Federal da OAB, bem como pelos presidentes das 27 sec\u00e7\u00f5es estaduais e distrital da entidade. O texto expressa \u201cextrema preocupa\u00e7\u00e3o institucional com a perman\u00eancia e conforma\u00e7\u00e3o jur\u00eddica de investiga\u00e7\u00f5es de longa dura\u00e7\u00e3o, em especial do Inqu\u00e9rito n.\u00ba 4.781 [fake news]\u201d.<\/p>\n<p>O texto pede \u201cque sejam adotadas provid\u00eancias voltadas \u00e0 conclus\u00e3o dos chamados inqu\u00e9ritos de natureza perp\u00e9tua, em especial daqueles que, por sucessivos alargamentos de escopo e prolongamento temporal, deixam de ostentar delimita\u00e7\u00e3o material e temporal suficientemente precisa\u201d.<\/p>\n<p>O inqu\u00e9rito das fake news foi aberto em 2019 por ordem do ent\u00e3o presidente do Supremo, Dias Toffoli, de of\u00edcio, isto \u00e9, sem provoca\u00e7\u00e3o externa, seja do Minist\u00e9rio P\u00fablico ou de qualquer outra institui\u00e7\u00e3o ou pessoa. O ministro Alexandre de Moraes foi ent\u00e3o escolhido como relator, sem sorteio ou distribui\u00e7\u00e3o regular.<\/p>\n<p>Na ocasi\u00e3o, a medida, considerada incomum, em especial devido \u00e0 maneira como foi definida a relatoria, foi justificada como sendo necess\u00e1ria para apurar amea\u00e7as e ataques virtuais que tinham os ministros do Supremo como alvo. Ao longo dos anos, contudo, foram abertas dezenas de linhas de investiga\u00e7\u00e3o contra centenas de pessoas, com in\u00fameras prorroga\u00e7\u00f5es do prazo para o encerramento do processo.<\/p>\n<p>No of\u00edcio, a OAB reconhece que o inqu\u00e9rito \u201cnasceu em contexto excepcional\u201d, e que por isso seus procedimentos heterodoxos acabaram sendo validados pelas institui\u00e7\u00f5es em &#8220;circunst\u00e2ncias extraordin\u00e1rias\u201d, mas que por esse mesmo motivo a apura\u00e7\u00e3o deve ser conduzida \u201ccom estrita observ\u00e2ncia da excepcionalidade que lhe deu origem\u201d.<\/p>\n<p>\u201cO Inqu\u00e9rito n.\u00ba 4.781, instaurado em mar\u00e7o de 2019, aproxima-se de sete anos de tramita\u00e7\u00e3o, o que, por si s\u00f3, recomenda exame cuidadoso sob a \u00f3tica da dura\u00e7\u00e3o razo\u00e1vel dos procedimentos e da necess\u00e1ria delimita\u00e7\u00e3o de seu objeto\u201d, observa o texto.<\/p>\n<p>A OAB apresenta ainda como justificativa para o pedido de encerramento do processo os \u201crelatos recentes sobre a inclus\u00e3o, no \u00e2mbito do mesmo procedimento, de pessoas e fatos que, embora possam merecer apura\u00e7\u00e3o rigorosa por canais pr\u00f3prios, n\u00e3o se apresentam de forma imediatamente aderente ao n\u00facleo origin\u00e1rio que justificou a instaura\u00e7\u00e3o do inqu\u00e9rito\u201d.<\/p>\n<p>O texto faz refer\u00eancia indireta \u00e0 opera\u00e7\u00e3o deflagrada neste m\u00eas pela Pol\u00edcia Federal (PF), por ordem de Moraes, no \u00e2mbito desse inqu\u00e9rito, contra quatro servidores da Receita Federal que foram apontados como suspeitos de vazar informa\u00e7\u00f5es fiscais sigilosas de ministros do Supremo e seus familiares. Em decis\u00e3o sigilosa, foram determinadas medidas como uso de tornozeleira eletr\u00f4nica e afastamento das fun\u00e7\u00f5es.<\/p>\n<p>O of\u00edcio menciona ainda o \u201ctom intimidat\u00f3rio\u201d que, ao ver da OAB, \u00e9 alimentado pela persist\u00eancia de um quadro de pouca clareza quanto ao objeto e \u00e0 dura\u00e7\u00e3o de inqu\u00e9ritos como o das fake news, algo que seria \u201cincompat\u00edvel com o esp\u00edrito democr\u00e1tico, republicano e institucional consagrado pela Constitui\u00e7\u00e3o de 1988\u201d.<\/p>\n<p>A ordem cita ainda ser indispens\u00e1vel proteger o livre exerc\u00edcio profissional de jornalistas e advogados, conforme prote\u00e7\u00e3o conferidas pela Constitui\u00e7\u00e3o a esses profissionais.<\/p>\n<p>\u201cA advocacia n\u00e3o pode atuar sob ambiente de incerteza quanto aos limites da atua\u00e7\u00e3o investigativa estatal, sobretudo em temas que envolvam sigilo profissional, acesso a dados e preserva\u00e7\u00e3o da confidencialidade da rela\u00e7\u00e3o entre defensor e constituinte\u201d, afirma o documento.<\/p>\n<p>Ao final, a OAB solicita que seja marcada uma audi\u00eancia com Fachin para que tais preocupa\u00e7\u00f5es sejam expostas em pessoa pelos representantes da ordem.<\/p>\n","protected":false},"excerpt":{"rendered":"<p>Em of\u00edcio encaminhado nesta segunda-feira (23) ao presidente do Supremo Tribunal Federal (STF), ministro Edson Fachin, a Ordem dos Advogados do Brasil (OAB) pediu o encerramento de investiga\u00e7\u00f5es de \u201cdura\u00e7\u00e3o indefinida\u201d, em especial o chamado \u201cinqu\u00e9rito das fake news\u201d. O documento \u00e9 assinado pelo presidente, Beto Simonetti, e demais integrantes do Conselho Federal da OAB, [&hellip;]<\/p>\n","protected":false},"author":2,"featured_media":285406,"comment_status":"closed","ping_status":"closed","sticky":false,"template":"","format":"standard","meta":{"_acf_changed":false,"footnotes":""},"categories":[16],"tags":[],"class_list":["post-384355","post","type-post","status-publish","format-standard","has-post-thumbnail","hentry","category-brasil"],"acf":[],"yoast_head":"<!-- This site is optimized with the Yoast SEO plugin v27.2 - https:\/\/yoast.com\/product\/yoast-seo-wordpress\/ -->\n<title>OAB pede ao Supremo fim de inqu\u00e9rito das fake news - Notibras<\/title>\n<meta name=\"robots\" content=\"index, follow, max-snippet:-1, max-image-preview:large, max-video-preview:-1\" \/>\n<link rel=\"canonical\" href=\"https:\/\/www.notibras.com\/site\/oab-pede-ao-supremo-fim-de-inquerito-das-fake-news\/\" \/>\n<meta property=\"og:locale\" content=\"pt_BR\" \/>\n<meta property=\"og:type\" content=\"article\" \/>\n<meta property=\"og:title\" content=\"OAB pede ao Supremo fim de inqu\u00e9rito das fake news - Notibras\" \/>\n<meta property=\"og:description\" content=\"Em of\u00edcio encaminhado nesta segunda-feira (23) ao presidente do Supremo Tribunal Federal (STF), ministro Edson Fachin, a Ordem dos Advogados do Brasil (OAB) pediu o encerramento de investiga\u00e7\u00f5es de \u201cdura\u00e7\u00e3o indefinida\u201d, em especial o chamado \u201cinqu\u00e9rito das fake news\u201d. O documento \u00e9 assinado pelo presidente, Beto Simonetti, e demais integrantes do Conselho Federal da OAB, [&hellip;]\" \/>\n<meta property=\"og:url\" content=\"https:\/\/www.notibras.com\/site\/oab-pede-ao-supremo-fim-de-inquerito-das-fake-news\/\" \/>\n<meta property=\"og:site_name\" content=\"Notibras\" \/>\n<meta property=\"article:publisher\" content=\"https:\/\/www.facebook.com\/notibras\/\" \/>\n<meta property=\"article:published_time\" content=\"2026-02-23T13:22:15+00:00\" \/>\n<meta property=\"article:modified_time\" content=\"2026-02-23T14:36:08+00:00\" \/>\n<meta property=\"og:image\" content=\"https:\/\/www.notibras.com\/site\/wp-content\/uploads\/2022\/05\/fakefacto.jpg\" \/>\n\t<meta property=\"og:image:width\" content=\"1200\" \/>\n\t<meta property=\"og:image:height\" content=\"675\" \/>\n\t<meta property=\"og:image:type\" content=\"image\/jpeg\" \/>\n<meta name=\"author\" content=\"Reda\u00e7\u00e3o\" \/>\n<meta name=\"twitter:card\" content=\"summary_large_image\" \/>\n<meta name=\"twitter:creator\" content=\"@Notibras\" \/>\n<meta name=\"twitter:site\" content=\"@Notibras\" \/>\n<meta name=\"twitter:label1\" content=\"Escrito por\" \/>\n\t<meta name=\"twitter:data1\" content=\"Reda\u00e7\u00e3o\" \/>\n\t<meta name=\"twitter:label2\" content=\"Est. tempo de leitura\" \/>\n\t<meta name=\"twitter:data2\" content=\"4 minutos\" \/>\n<script type=\"application\/ld+json\" class=\"yoast-schema-graph\">{\"@context\":\"https:\/\/schema.org\",\"@graph\":[{\"@type\":\"Article\",\"@id\":\"https:\/\/www.notibras.com\/site\/oab-pede-ao-supremo-fim-de-inquerito-das-fake-news\/#article\",\"isPartOf\":{\"@id\":\"https:\/\/www.notibras.com\/site\/oab-pede-ao-supremo-fim-de-inquerito-das-fake-news\/\"},\"author\":{\"name\":\"Reda\u00e7\u00e3o\",\"@id\":\"https:\/\/www.notibras.com\/site\/#\/schema\/person\/36ab0979449956132d3e5b517ea76ac8\"},\"headline\":\"OAB pede ao Supremo fim de inqu\u00e9rito das fake news\",\"datePublished\":\"2026-02-23T13:22:15+00:00\",\"dateModified\":\"2026-02-23T14:36:08+00:00\",\"mainEntityOfPage\":{\"@id\":\"https:\/\/www.notibras.com\/site\/oab-pede-ao-supremo-fim-de-inquerito-das-fake-news\/\"},\"wordCount\":658,\"publisher\":{\"@id\":\"https:\/\/www.notibras.com\/site\/#organization\"},\"image\":{\"@id\":\"https:\/\/www.notibras.com\/site\/oab-pede-ao-supremo-fim-de-inquerito-das-fake-news\/#primaryimage\"},\"thumbnailUrl\":\"https:\/\/www.notibras.com\/site\/wp-content\/uploads\/2022\/05\/fakefacto.jpg\",\"articleSection\":[\"Brasil\"],\"inLanguage\":\"pt-BR\"},{\"@type\":\"WebPage\",\"@id\":\"https:\/\/www.notibras.com\/site\/oab-pede-ao-supremo-fim-de-inquerito-das-fake-news\/\",\"url\":\"https:\/\/www.notibras.com\/site\/oab-pede-ao-supremo-fim-de-inquerito-das-fake-news\/\",\"name\":\"OAB pede ao Supremo fim de inqu\u00e9rito das fake news - Notibras\",\"isPartOf\":{\"@id\":\"https:\/\/www.notibras.com\/site\/#website\"},\"primaryImageOfPage\":{\"@id\":\"https:\/\/www.notibras.com\/site\/oab-pede-ao-supremo-fim-de-inquerito-das-fake-news\/#primaryimage\"},\"image\":{\"@id\":\"https:\/\/www.notibras.com\/site\/oab-pede-ao-supremo-fim-de-inquerito-das-fake-news\/#primaryimage\"},\"thumbnailUrl\":\"https:\/\/www.notibras.com\/site\/wp-content\/uploads\/2022\/05\/fakefacto.jpg\",\"datePublished\":\"2026-02-23T13:22:15+00:00\",\"dateModified\":\"2026-02-23T14:36:08+00:00\",\"breadcrumb\":{\"@id\":\"https:\/\/www.notibras.com\/site\/oab-pede-ao-supremo-fim-de-inquerito-das-fake-news\/#breadcrumb\"},\"inLanguage\":\"pt-BR\",\"potentialAction\":[{\"@type\":\"ReadAction\",\"target\":[\"https:\/\/www.notibras.com\/site\/oab-pede-ao-supremo-fim-de-inquerito-das-fake-news\/\"]}]},{\"@type\":\"ImageObject\",\"inLanguage\":\"pt-BR\",\"@id\":\"https:\/\/www.notibras.com\/site\/oab-pede-ao-supremo-fim-de-inquerito-das-fake-news\/#primaryimage\",\"url\":\"https:\/\/www.notibras.com\/site\/wp-content\/uploads\/2022\/05\/fakefacto.jpg\",\"contentUrl\":\"https:\/\/www.notibras.com\/site\/wp-content\/uploads\/2022\/05\/fakefacto.jpg\",\"width\":1200,\"height\":675},{\"@type\":\"BreadcrumbList\",\"@id\":\"https:\/\/www.notibras.com\/site\/oab-pede-ao-supremo-fim-de-inquerito-das-fake-news\/#breadcrumb\",\"itemListElement\":[{\"@type\":\"ListItem\",\"position\":1,\"name\":\"In\u00edcio\",\"item\":\"https:\/\/www.notibras.com\/site\/\"},{\"@type\":\"ListItem\",\"position\":2,\"name\":\"OAB pede ao Supremo fim de inqu\u00e9rito das fake news\"}]},{\"@type\":\"WebSite\",\"@id\":\"https:\/\/www.notibras.com\/site\/#website\",\"url\":\"https:\/\/www.notibras.com\/site\/\",\"name\":\"Notibras\",\"description\":\"Not\u00edcias de Bras\u00edlia, do Brasil e do Mundo\",\"publisher\":{\"@id\":\"https:\/\/www.notibras.com\/site\/#organization\"},\"potentialAction\":[{\"@type\":\"SearchAction\",\"target\":{\"@type\":\"EntryPoint\",\"urlTemplate\":\"https:\/\/www.notibras.com\/site\/?s={search_term_string}\"},\"query-input\":{\"@type\":\"PropertyValueSpecification\",\"valueRequired\":true,\"valueName\":\"search_term_string\"}}],\"inLanguage\":\"pt-BR\"},{\"@type\":\"Organization\",\"@id\":\"https:\/\/www.notibras.com\/site\/#organization\",\"name\":\"Grupo Notibras de Comunica\u00e7\u00e3o\",\"url\":\"https:\/\/www.notibras.com\/site\/\",\"logo\":{\"@type\":\"ImageObject\",\"inLanguage\":\"pt-BR\",\"@id\":\"https:\/\/www.notibras.com\/site\/#\/schema\/logo\/image\/\",\"url\":\"https:\/\/www.notibras.com\/site\/wp-content\/uploads\/2023\/01\/notibras23.png\",\"contentUrl\":\"https:\/\/www.notibras.com\/site\/wp-content\/uploads\/2023\/01\/notibras23.png\",\"width\":350,\"height\":87,\"caption\":\"Grupo Notibras de Comunica\u00e7\u00e3o\"},\"image\":{\"@id\":\"https:\/\/www.notibras.com\/site\/#\/schema\/logo\/image\/\"},\"sameAs\":[\"https:\/\/www.facebook.com\/notibras\/\",\"https:\/\/x.com\/Notibras\",\"https:\/\/www.instagram.com\/notibras\/\"]},{\"@type\":\"Person\",\"@id\":\"https:\/\/www.notibras.com\/site\/#\/schema\/person\/36ab0979449956132d3e5b517ea76ac8\",\"name\":\"Reda\u00e7\u00e3o\",\"image\":{\"@type\":\"ImageObject\",\"inLanguage\":\"pt-BR\",\"@id\":\"https:\/\/secure.gravatar.com\/avatar\/e0a867bdedb85fd243eadf09663511f96fc81e0720a4a42581f334ad4303aa6b?s=96&d=mm&r=g\",\"url\":\"https:\/\/secure.gravatar.com\/avatar\/e0a867bdedb85fd243eadf09663511f96fc81e0720a4a42581f334ad4303aa6b?s=96&d=mm&r=g\",\"contentUrl\":\"https:\/\/secure.gravatar.com\/avatar\/e0a867bdedb85fd243eadf09663511f96fc81e0720a4a42581f334ad4303aa6b?s=96&d=mm&r=g\",\"caption\":\"Reda\u00e7\u00e3o\"}}]}<\/script>\n<!-- \/ Yoast SEO plugin. -->","yoast_head_json":{"title":"OAB pede ao Supremo fim de inqu\u00e9rito das fake news - Notibras","robots":{"index":"index","follow":"follow","max-snippet":"max-snippet:-1","max-image-preview":"max-image-preview:large","max-video-preview":"max-video-preview:-1"},"canonical":"https:\/\/www.notibras.com\/site\/oab-pede-ao-supremo-fim-de-inquerito-das-fake-news\/","og_locale":"pt_BR","og_type":"article","og_title":"OAB pede ao Supremo fim de inqu\u00e9rito das fake news - Notibras","og_description":"Em of\u00edcio encaminhado nesta segunda-feira (23) ao presidente do Supremo Tribunal Federal (STF), ministro Edson Fachin, a Ordem dos Advogados do Brasil (OAB) pediu o encerramento de investiga\u00e7\u00f5es de \u201cdura\u00e7\u00e3o indefinida\u201d, em especial o chamado \u201cinqu\u00e9rito das fake news\u201d. O documento \u00e9 assinado pelo presidente, Beto Simonetti, e demais integrantes do Conselho Federal da OAB, [&hellip;]","og_url":"https:\/\/www.notibras.com\/site\/oab-pede-ao-supremo-fim-de-inquerito-das-fake-news\/","og_site_name":"Notibras","article_publisher":"https:\/\/www.facebook.com\/notibras\/","article_published_time":"2026-02-23T13:22:15+00:00","article_modified_time":"2026-02-23T14:36:08+00:00","og_image":[{"width":1200,"height":675,"url":"https:\/\/www.notibras.com\/site\/wp-content\/uploads\/2022\/05\/fakefacto.jpg","type":"image\/jpeg"}],"author":"Reda\u00e7\u00e3o","twitter_card":"summary_large_image","twitter_creator":"@Notibras","twitter_site":"@Notibras","twitter_misc":{"Escrito por":"Reda\u00e7\u00e3o","Est. tempo de leitura":"4 minutos"},"schema":{"@context":"https:\/\/schema.org","@graph":[{"@type":"Article","@id":"https:\/\/www.notibras.com\/site\/oab-pede-ao-supremo-fim-de-inquerito-das-fake-news\/#article","isPartOf":{"@id":"https:\/\/www.notibras.com\/site\/oab-pede-ao-supremo-fim-de-inquerito-das-fake-news\/"},"author":{"name":"Reda\u00e7\u00e3o","@id":"https:\/\/www.notibras.com\/site\/#\/schema\/person\/36ab0979449956132d3e5b517ea76ac8"},"headline":"OAB pede ao Supremo fim de inqu\u00e9rito das fake news","datePublished":"2026-02-23T13:22:15+00:00","dateModified":"2026-02-23T14:36:08+00:00","mainEntityOfPage":{"@id":"https:\/\/www.notibras.com\/site\/oab-pede-ao-supremo-fim-de-inquerito-das-fake-news\/"},"wordCount":658,"publisher":{"@id":"https:\/\/www.notibras.com\/site\/#organization"},"image":{"@id":"https:\/\/www.notibras.com\/site\/oab-pede-ao-supremo-fim-de-inquerito-das-fake-news\/#primaryimage"},"thumbnailUrl":"https:\/\/www.notibras.com\/site\/wp-content\/uploads\/2022\/05\/fakefacto.jpg","articleSection":["Brasil"],"inLanguage":"pt-BR"},{"@type":"WebPage","@id":"https:\/\/www.notibras.com\/site\/oab-pede-ao-supremo-fim-de-inquerito-das-fake-news\/","url":"https:\/\/www.notibras.com\/site\/oab-pede-ao-supremo-fim-de-inquerito-das-fake-news\/","name":"OAB pede ao Supremo fim de inqu\u00e9rito das fake news - Notibras","isPartOf":{"@id":"https:\/\/www.notibras.com\/site\/#website"},"primaryImageOfPage":{"@id":"https:\/\/www.notibras.com\/site\/oab-pede-ao-supremo-fim-de-inquerito-das-fake-news\/#primaryimage"},"image":{"@id":"https:\/\/www.notibras.com\/site\/oab-pede-ao-supremo-fim-de-inquerito-das-fake-news\/#primaryimage"},"thumbnailUrl":"https:\/\/www.notibras.com\/site\/wp-content\/uploads\/2022\/05\/fakefacto.jpg","datePublished":"2026-02-23T13:22:15+00:00","dateModified":"2026-02-23T14:36:08+00:00","breadcrumb":{"@id":"https:\/\/www.notibras.com\/site\/oab-pede-ao-supremo-fim-de-inquerito-das-fake-news\/#breadcrumb"},"inLanguage":"pt-BR","potentialAction":[{"@type":"ReadAction","target":["https:\/\/www.notibras.com\/site\/oab-pede-ao-supremo-fim-de-inquerito-das-fake-news\/"]}]},{"@type":"ImageObject","inLanguage":"pt-BR","@id":"https:\/\/www.notibras.com\/site\/oab-pede-ao-supremo-fim-de-inquerito-das-fake-news\/#primaryimage","url":"https:\/\/www.notibras.com\/site\/wp-content\/uploads\/2022\/05\/fakefacto.jpg","contentUrl":"https:\/\/www.notibras.com\/site\/wp-content\/uploads\/2022\/05\/fakefacto.jpg","width":1200,"height":675},{"@type":"BreadcrumbList","@id":"https:\/\/www.notibras.com\/site\/oab-pede-ao-supremo-fim-de-inquerito-das-fake-news\/#breadcrumb","itemListElement":[{"@type":"ListItem","position":1,"name":"In\u00edcio","item":"https:\/\/www.notibras.com\/site\/"},{"@type":"ListItem","position":2,"name":"OAB pede ao Supremo fim de inqu\u00e9rito das fake news"}]},{"@type":"WebSite","@id":"https:\/\/www.notibras.com\/site\/#website","url":"https:\/\/www.notibras.com\/site\/","name":"Notibras","description":"Not\u00edcias de Bras\u00edlia, do Brasil e do Mundo","publisher":{"@id":"https:\/\/www.notibras.com\/site\/#organization"},"potentialAction":[{"@type":"SearchAction","target":{"@type":"EntryPoint","urlTemplate":"https:\/\/www.notibras.com\/site\/?s={search_term_string}"},"query-input":{"@type":"PropertyValueSpecification","valueRequired":true,"valueName":"search_term_string"}}],"inLanguage":"pt-BR"},{"@type":"Organization","@id":"https:\/\/www.notibras.com\/site\/#organization","name":"Grupo Notibras de Comunica\u00e7\u00e3o","url":"https:\/\/www.notibras.com\/site\/","logo":{"@type":"ImageObject","inLanguage":"pt-BR","@id":"https:\/\/www.notibras.com\/site\/#\/schema\/logo\/image\/","url":"https:\/\/www.notibras.com\/site\/wp-content\/uploads\/2023\/01\/notibras23.png","contentUrl":"https:\/\/www.notibras.com\/site\/wp-content\/uploads\/2023\/01\/notibras23.png","width":350,"height":87,"caption":"Grupo Notibras de Comunica\u00e7\u00e3o"},"image":{"@id":"https:\/\/www.notibras.com\/site\/#\/schema\/logo\/image\/"},"sameAs":["https:\/\/www.facebook.com\/notibras\/","https:\/\/x.com\/Notibras","https:\/\/www.instagram.com\/notibras\/"]},{"@type":"Person","@id":"https:\/\/www.notibras.com\/site\/#\/schema\/person\/36ab0979449956132d3e5b517ea76ac8","name":"Reda\u00e7\u00e3o","image":{"@type":"ImageObject","inLanguage":"pt-BR","@id":"https:\/\/secure.gravatar.com\/avatar\/e0a867bdedb85fd243eadf09663511f96fc81e0720a4a42581f334ad4303aa6b?s=96&d=mm&r=g","url":"https:\/\/secure.gravatar.com\/avatar\/e0a867bdedb85fd243eadf09663511f96fc81e0720a4a42581f334ad4303aa6b?s=96&d=mm&r=g","contentUrl":"https:\/\/secure.gravatar.com\/avatar\/e0a867bdedb85fd243eadf09663511f96fc81e0720a4a42581f334ad4303aa6b?s=96&d=mm&r=g","caption":"Reda\u00e7\u00e3o"}}]}},"amp_enabled":true,"_links":{"self":[{"href":"https:\/\/www.notibras.com\/site\/wp-json\/wp\/v2\/posts\/384355","targetHints":{"allow":["GET"]}}],"collection":[{"href":"https:\/\/www.notibras.com\/site\/wp-json\/wp\/v2\/posts"}],"about":[{"href":"https:\/\/www.notibras.com\/site\/wp-json\/wp\/v2\/types\/post"}],"author":[{"embeddable":true,"href":"https:\/\/www.notibras.com\/site\/wp-json\/wp\/v2\/users\/2"}],"replies":[{"embeddable":true,"href":"https:\/\/www.notibras.com\/site\/wp-json\/wp\/v2\/comments?post=384355"}],"version-history":[{"count":2,"href":"https:\/\/www.notibras.com\/site\/wp-json\/wp\/v2\/posts\/384355\/revisions"}],"predecessor-version":[{"id":384357,"href":"https:\/\/www.notibras.com\/site\/wp-json\/wp\/v2\/posts\/384355\/revisions\/384357"}],"wp:featuredmedia":[{"embeddable":true,"href":"https:\/\/www.notibras.com\/site\/wp-json\/wp\/v2\/media\/285406"}],"wp:attachment":[{"href":"https:\/\/www.notibras.com\/site\/wp-json\/wp\/v2\/media?parent=384355"}],"wp:term":[{"taxonomy":"category","embeddable":true,"href":"https:\/\/www.notibras.com\/site\/wp-json\/wp\/v2\/categories?post=384355"},{"taxonomy":"post_tag","embeddable":true,"href":"https:\/\/www.notibras.com\/site\/wp-json\/wp\/v2\/tags?post=384355"}],"curies":[{"name":"wp","href":"https:\/\/api.w.org\/{rel}","templated":true}]}}