{"id":384364,"date":"2026-02-24T02:00:24","date_gmt":"2026-02-24T05:00:24","guid":{"rendered":"https:\/\/www.notibras.com\/site\/?p=384364"},"modified":"2026-02-23T15:56:41","modified_gmt":"2026-02-23T18:56:41","slug":"os-caminhos-percorridos-por-carolina","status":"publish","type":"post","link":"https:\/\/www.notibras.com\/site\/os-caminhos-percorridos-por-carolina\/","title":{"rendered":"Os caminhos percorridos por Carolina"},"content":{"rendered":"<p>Carolina carregava uma d\u00favida sobre Cristiano, o noivo, cujos atributos n\u00e3o passavam de mera fic\u00e7\u00e3o por conta dos devaneios de dona Lia, que enaltecia o filho como m\u00e3es costumam fazer. No entanto, no caso em quest\u00e3o, os exageros, de t\u00e3o constrangedores, chegavam carregados de patologia. Mesmo ciente da situa\u00e7\u00e3o, a jovem n\u00e3o queria desfazer o enlace por raz\u00f5es que eram at\u00e9 plaus\u00edveis, ainda que algu\u00e9m pudesse contestar o primeiro, mas certamente entenderia o segundo.<\/p>\n<p>Bem, o primeiro motivo era a proximidade do casamento, que aconteceria na semana seguinte. Se ela poderia declinar ap\u00f3s quase dois anos de noivado, n\u00e3o resta d\u00favida. Iria se criar mal-estar moment\u00e2neo, que poderia se prolongar por, digamos, semanas e at\u00e9 meses, mas logo ningu\u00e9m mais se lembraria do ocorrido. Todavia, aceitemos tal premissa como verdadeira, apesar de n\u00e3o podermos descartar que, talvez, Carolina fosse do tipo acanhada e, por conseguinte, preferisse passar o resto da vida casada com uma fraude a enfrentar, por mais curto que fosse o per\u00edodo, as cr\u00edticas que, obviamente, recairiam sobre ela.<\/p>\n<p>Mas eis que chegamos ao segundo e crucial motivo. Sim, aquele que consegue abalar qualquer decis\u00e3o, como se fosse a pr\u00f3pria raz\u00e3o. E com tal detalhe, sejamos honestos, s\u00e3o rar\u00edssimos os de n\u00f3s que conseguem ignor\u00e1-lo. O dinheiro. Sim, o dinheiro. Voc\u00ea at\u00e9 poderia levantar quest\u00e3o sobre esse assunto. Mas o dinheiro? Pois lhe digo sem me abster por completo do car\u00e1ter ou, ao menos, de parte significativa dele, que o dinheiro nos corrompe a todos. N\u00e3o a todos, pois n\u00e3o sou ing\u00eanuo de descartar que h\u00e1 um ou outro tolo que, talvez receoso de poss\u00edvel repreens\u00e3o divina, h\u00e1 de se afastar antes que a tenta\u00e7\u00e3o o corrompa.<\/p>\n<p>De beleza muito acima dos meros mortais, Carolina, diferente das propagadas qualidades inexistentes do noivo, fazia quest\u00e3o de esconder os defeitos que lhe eram pr\u00f3prios. E n\u00e3o eram poucos, o que poderia, a princ\u00edpio, causar estranheza aos que achavam que conheciam a mo\u00e7oila. Um deles, que tentava a todo custo escamotear, era fazer das unhas fio dental. Quando percebia, l\u00e1 estava cutucando entre os dentes e, para disfar\u00e7ar, fingia que havia machucado a ponta do dedo com algo. Quase ningu\u00e9m acreditava, mas fingia solidariedade por mera etiqueta.<\/p>\n<p>Quando chegou o dia, casou-se de v\u00e9u e grinalda, mas sem se esquecer de antes assinar a papelada no cart\u00f3rio, o que lhe garantiria, de fato, usar o sobrenome de uma das mais tradicionais fam\u00edlias de Bras\u00edlia: Costa. Mesmo assim, quando o juiz de paz informou aos noivos que, a partir daquele momento, eles estavam casados, Carolina sorriu, mas fez quest\u00e3o de frisar que n\u00e3o era bem assim.<\/p>\n<p>\u2014 Desculpe, senhor juiz, mas s\u00f3 me considerarei realmente casada ap\u00f3s o padre disser que estou. E tudo aos olhos de Deus.<\/p>\n<p>At\u00e9 dona Lia, que tinha l\u00e1 suas ressalvas em rela\u00e7\u00e3o \u00e0 nora, ficou positivamente admirada e, num gesto espont\u00e2neo, apertou a m\u00e3o de Carolina como sinal de aprova\u00e7\u00e3o.<\/p>\n<p>\u2014 Seja bem-vinda \u00e0 fam\u00edlia Costa, minha filha.<\/p>\n<p>A lua de mel aconteceu em Bariloche, sugest\u00e3o de dona Lia. Carolina, que s\u00f3 conhecia Caldas Novas, aprovou mesmo desconhecendo onde ficava. Entretanto, por conta da sonoridade, imaginou que fosse Europa ou Estados Unidos. Por precau\u00e7\u00e3o, guardou a d\u00favida para si, o que evitou que perdesse preciosos pontos com a fam\u00edlia do esposo.<\/p>\n<p>Depois de alguns meses, Carolina se descobriu gr\u00e1vida. Fez quest\u00e3o ir at\u00e9 a sogra para lhe informar antes de contar para o Cristiano. S\u00e1bia decis\u00e3o, pois, dessa forma, conseguiu aproximar ainda mais dona Lia para si. N\u00e3o que gostasse ou tivesse avers\u00e3o \u00e0 m\u00e3e de seu marido, era quest\u00e3o de estrat\u00e9gia de sobreviv\u00eancia.<\/p>\n<p>Carolina desejou que fosse menina, mas quis o destino que estivesse gr\u00e1vida de um var\u00e3o. N\u00e3o daria para homenagear a sogra com uma neta com o seu nome. Que fosse, ela daria um jeito e, n\u00e3o tardou, encontrou uma solu\u00e7\u00e3o que, diga-se de passagem, saiu muito melhor do que o esperado.<\/p>\n<p>L\u00e1 estavam dona Lia, o marido, o filho e a nora confortavelmente instalados na varanda da mans\u00e3o no Lago Sul, quando Cristiano revelou a inten\u00e7\u00e3o de batizar o filho, que estava a caminho, de Cristiano Rodrigues Costa Filho. Carolina, que estava sentada ao lado da sogra, protestou.<\/p>\n<p>\u2014 De jeito nenhum, meu bem!<\/p>\n<p>\u2014 E por que n\u00e3o, Carolina? Por acaso n\u00e3o gosta do nome do meu filho?<\/p>\n<p>\u2014 Dona Lia, a senhora bem sabe que acho Cristiano um nome lindo.<\/p>\n<p>\u2014 Ent\u00e3o, amor, por que n\u00e3o colocamos o meu nome no nosso filho?<\/p>\n<p>\u2014 Faremos isso no segundo, mas n\u00e3o no primog\u00eanito.<\/p>\n<p>\u2014 E qual ser\u00e1 o nome, Carolina?<\/p>\n<p>\u2014 Dona Lia, se a senhora me permite, quero que seja Sandoval. Al\u00e9m de muito bonito, \u00e9 nome de presen\u00e7a.<\/p>\n<p>Dona Lia ficou emocionada, abra\u00e7ou a nora e, em seguida, pousou a m\u00e3o sobre o ventre que carregava seu neto. A partir daquele dia, Carolina ganhou definitivamente o cora\u00e7\u00e3o da sogra. \u00c9 que Sandoval era o nome do pai, j\u00e1 falecido, de dona Lia.<\/p>\n<p><strong>\u2026\u2026\u2026\u2026\u2026\u2026\u2026\u2026<\/strong><\/p>\n<p><strong>Eduardo Mart\u00ednez \u00e9 autor do livro \u201957 Contos e Cr\u00f4nicas por um Autor Muito Velho\u2019 (Vencedor do Pr\u00eamio Liter\u00e1rio Clarice Lispector \u2013 2025 na categoria livro de contos).<\/strong><\/p>\n<p><strong>Compre aqui<\/strong><\/p>\n<p><a href=\"https:\/\/www.joanineditora.com.br\/57-contos-e-cronicas-por-um-autor-muito-velho\"><strong>https:\/\/www.joanineditora.com.br\/57-contos-e-cronicas-por-um-autor-muito-velho<\/strong><\/a><\/p>\n","protected":false},"excerpt":{"rendered":"<p>Carolina carregava uma d\u00favida sobre Cristiano, o noivo, cujos atributos n\u00e3o passavam de mera fic\u00e7\u00e3o por conta dos devaneios de dona Lia, que enaltecia o filho como m\u00e3es costumam fazer. No entanto, no caso em quest\u00e3o, os exageros, de t\u00e3o constrangedores, chegavam carregados de patologia. Mesmo ciente da situa\u00e7\u00e3o, a jovem n\u00e3o queria desfazer o [&hellip;]<\/p>\n","protected":false},"author":21,"featured_media":384365,"comment_status":"closed","ping_status":"closed","sticky":false,"template":"","format":"standard","meta":{"_acf_changed":false,"footnotes":""},"categories":[161],"tags":[],"class_list":["post-384364","post","type-post","status-publish","format-standard","has-post-thumbnail","hentry","category-quadradinho-em-foco"],"acf":[],"yoast_head":"<!-- This site is optimized with the Yoast SEO plugin v27.2 - https:\/\/yoast.com\/product\/yoast-seo-wordpress\/ -->\n<title>Os caminhos percorridos por Carolina - Notibras<\/title>\n<meta name=\"robots\" content=\"index, follow, max-snippet:-1, max-image-preview:large, max-video-preview:-1\" \/>\n<link rel=\"canonical\" href=\"https:\/\/www.notibras.com\/site\/os-caminhos-percorridos-por-carolina\/\" \/>\n<meta property=\"og:locale\" content=\"pt_BR\" \/>\n<meta property=\"og:type\" content=\"article\" \/>\n<meta property=\"og:title\" content=\"Os caminhos percorridos por Carolina - Notibras\" \/>\n<meta property=\"og:description\" content=\"Carolina carregava uma d\u00favida sobre Cristiano, o noivo, cujos atributos n\u00e3o passavam de mera fic\u00e7\u00e3o por conta dos devaneios de dona Lia, que enaltecia o filho como m\u00e3es costumam fazer. No entanto, no caso em quest\u00e3o, os exageros, de t\u00e3o constrangedores, chegavam carregados de patologia. Mesmo ciente da situa\u00e7\u00e3o, a jovem n\u00e3o queria desfazer o [&hellip;]\" \/>\n<meta property=\"og:url\" content=\"https:\/\/www.notibras.com\/site\/os-caminhos-percorridos-por-carolina\/\" \/>\n<meta property=\"og:site_name\" content=\"Notibras\" \/>\n<meta property=\"article:publisher\" content=\"https:\/\/www.facebook.com\/notibras\/\" \/>\n<meta property=\"article:published_time\" content=\"2026-02-24T05:00:24+00:00\" \/>\n<meta property=\"og:image\" content=\"https:\/\/www.notibras.com\/site\/wp-content\/uploads\/2026\/02\/WhatsApp-Image-2026-02-23-at-01.19.53-1.jpeg\" \/>\n\t<meta property=\"og:image:width\" content=\"1024\" \/>\n\t<meta property=\"og:image:height\" content=\"1024\" \/>\n\t<meta property=\"og:image:type\" content=\"image\/jpeg\" \/>\n<meta name=\"author\" content=\"Eduardo Mart\u00ednez\" \/>\n<meta name=\"twitter:card\" content=\"summary_large_image\" \/>\n<meta name=\"twitter:creator\" content=\"@Notibras\" \/>\n<meta name=\"twitter:site\" content=\"@Notibras\" \/>\n<meta name=\"twitter:label1\" content=\"Escrito por\" \/>\n\t<meta name=\"twitter:data1\" content=\"Eduardo Mart\u00ednez\" \/>\n\t<meta name=\"twitter:label2\" content=\"Est. tempo de leitura\" \/>\n\t<meta name=\"twitter:data2\" content=\"5 minutos\" \/>\n<script type=\"application\/ld+json\" class=\"yoast-schema-graph\">{\"@context\":\"https:\/\/schema.org\",\"@graph\":[{\"@type\":\"Article\",\"@id\":\"https:\/\/www.notibras.com\/site\/os-caminhos-percorridos-por-carolina\/#article\",\"isPartOf\":{\"@id\":\"https:\/\/www.notibras.com\/site\/os-caminhos-percorridos-por-carolina\/\"},\"author\":{\"name\":\"Eduardo Mart\u00ednez\",\"@id\":\"https:\/\/www.notibras.com\/site\/#\/schema\/person\/5b7fabf2aedc3ada2105f03b22b4d3dd\"},\"headline\":\"Os caminhos percorridos por Carolina\",\"datePublished\":\"2026-02-24T05:00:24+00:00\",\"mainEntityOfPage\":{\"@id\":\"https:\/\/www.notibras.com\/site\/os-caminhos-percorridos-por-carolina\/\"},\"wordCount\":935,\"publisher\":{\"@id\":\"https:\/\/www.notibras.com\/site\/#organization\"},\"image\":{\"@id\":\"https:\/\/www.notibras.com\/site\/os-caminhos-percorridos-por-carolina\/#primaryimage\"},\"thumbnailUrl\":\"https:\/\/www.notibras.com\/site\/wp-content\/uploads\/2026\/02\/WhatsApp-Image-2026-02-23-at-01.19.53-1.jpeg\",\"articleSection\":[\"Quadradinho em Foco\"],\"inLanguage\":\"pt-BR\"},{\"@type\":\"WebPage\",\"@id\":\"https:\/\/www.notibras.com\/site\/os-caminhos-percorridos-por-carolina\/\",\"url\":\"https:\/\/www.notibras.com\/site\/os-caminhos-percorridos-por-carolina\/\",\"name\":\"Os caminhos percorridos por Carolina - Notibras\",\"isPartOf\":{\"@id\":\"https:\/\/www.notibras.com\/site\/#website\"},\"primaryImageOfPage\":{\"@id\":\"https:\/\/www.notibras.com\/site\/os-caminhos-percorridos-por-carolina\/#primaryimage\"},\"image\":{\"@id\":\"https:\/\/www.notibras.com\/site\/os-caminhos-percorridos-por-carolina\/#primaryimage\"},\"thumbnailUrl\":\"https:\/\/www.notibras.com\/site\/wp-content\/uploads\/2026\/02\/WhatsApp-Image-2026-02-23-at-01.19.53-1.jpeg\",\"datePublished\":\"2026-02-24T05:00:24+00:00\",\"breadcrumb\":{\"@id\":\"https:\/\/www.notibras.com\/site\/os-caminhos-percorridos-por-carolina\/#breadcrumb\"},\"inLanguage\":\"pt-BR\",\"potentialAction\":[{\"@type\":\"ReadAction\",\"target\":[\"https:\/\/www.notibras.com\/site\/os-caminhos-percorridos-por-carolina\/\"]}]},{\"@type\":\"ImageObject\",\"inLanguage\":\"pt-BR\",\"@id\":\"https:\/\/www.notibras.com\/site\/os-caminhos-percorridos-por-carolina\/#primaryimage\",\"url\":\"https:\/\/www.notibras.com\/site\/wp-content\/uploads\/2026\/02\/WhatsApp-Image-2026-02-23-at-01.19.53-1.jpeg\",\"contentUrl\":\"https:\/\/www.notibras.com\/site\/wp-content\/uploads\/2026\/02\/WhatsApp-Image-2026-02-23-at-01.19.53-1.jpeg\",\"width\":1024,\"height\":1024},{\"@type\":\"BreadcrumbList\",\"@id\":\"https:\/\/www.notibras.com\/site\/os-caminhos-percorridos-por-carolina\/#breadcrumb\",\"itemListElement\":[{\"@type\":\"ListItem\",\"position\":1,\"name\":\"In\u00edcio\",\"item\":\"https:\/\/www.notibras.com\/site\/\"},{\"@type\":\"ListItem\",\"position\":2,\"name\":\"Os caminhos percorridos por Carolina\"}]},{\"@type\":\"WebSite\",\"@id\":\"https:\/\/www.notibras.com\/site\/#website\",\"url\":\"https:\/\/www.notibras.com\/site\/\",\"name\":\"Notibras\",\"description\":\"Not\u00edcias de Bras\u00edlia, do Brasil e do Mundo\",\"publisher\":{\"@id\":\"https:\/\/www.notibras.com\/site\/#organization\"},\"potentialAction\":[{\"@type\":\"SearchAction\",\"target\":{\"@type\":\"EntryPoint\",\"urlTemplate\":\"https:\/\/www.notibras.com\/site\/?s={search_term_string}\"},\"query-input\":{\"@type\":\"PropertyValueSpecification\",\"valueRequired\":true,\"valueName\":\"search_term_string\"}}],\"inLanguage\":\"pt-BR\"},{\"@type\":\"Organization\",\"@id\":\"https:\/\/www.notibras.com\/site\/#organization\",\"name\":\"Grupo Notibras de Comunica\u00e7\u00e3o\",\"url\":\"https:\/\/www.notibras.com\/site\/\",\"logo\":{\"@type\":\"ImageObject\",\"inLanguage\":\"pt-BR\",\"@id\":\"https:\/\/www.notibras.com\/site\/#\/schema\/logo\/image\/\",\"url\":\"https:\/\/www.notibras.com\/site\/wp-content\/uploads\/2023\/01\/notibras23.png\",\"contentUrl\":\"https:\/\/www.notibras.com\/site\/wp-content\/uploads\/2023\/01\/notibras23.png\",\"width\":350,\"height\":87,\"caption\":\"Grupo Notibras de Comunica\u00e7\u00e3o\"},\"image\":{\"@id\":\"https:\/\/www.notibras.com\/site\/#\/schema\/logo\/image\/\"},\"sameAs\":[\"https:\/\/www.facebook.com\/notibras\/\",\"https:\/\/x.com\/Notibras\",\"https:\/\/www.instagram.com\/notibras\/\"]},{\"@type\":\"Person\",\"@id\":\"https:\/\/www.notibras.com\/site\/#\/schema\/person\/5b7fabf2aedc3ada2105f03b22b4d3dd\",\"name\":\"Eduardo Mart\u00ednez\",\"image\":{\"@type\":\"ImageObject\",\"inLanguage\":\"pt-BR\",\"@id\":\"https:\/\/secure.gravatar.com\/avatar\/7902f906289926289cbcda644b5197c796b893c6ffd7b9a536a42d290f7704a0?s=96&d=mm&r=g\",\"url\":\"https:\/\/secure.gravatar.com\/avatar\/7902f906289926289cbcda644b5197c796b893c6ffd7b9a536a42d290f7704a0?s=96&d=mm&r=g\",\"contentUrl\":\"https:\/\/secure.gravatar.com\/avatar\/7902f906289926289cbcda644b5197c796b893c6ffd7b9a536a42d290f7704a0?s=96&d=mm&r=g\",\"caption\":\"Eduardo Mart\u00ednez\"}}]}<\/script>\n<!-- \/ Yoast SEO plugin. -->","yoast_head_json":{"title":"Os caminhos percorridos por Carolina - Notibras","robots":{"index":"index","follow":"follow","max-snippet":"max-snippet:-1","max-image-preview":"max-image-preview:large","max-video-preview":"max-video-preview:-1"},"canonical":"https:\/\/www.notibras.com\/site\/os-caminhos-percorridos-por-carolina\/","og_locale":"pt_BR","og_type":"article","og_title":"Os caminhos percorridos por Carolina - Notibras","og_description":"Carolina carregava uma d\u00favida sobre Cristiano, o noivo, cujos atributos n\u00e3o passavam de mera fic\u00e7\u00e3o por conta dos devaneios de dona Lia, que enaltecia o filho como m\u00e3es costumam fazer. No entanto, no caso em quest\u00e3o, os exageros, de t\u00e3o constrangedores, chegavam carregados de patologia. Mesmo ciente da situa\u00e7\u00e3o, a jovem n\u00e3o queria desfazer o [&hellip;]","og_url":"https:\/\/www.notibras.com\/site\/os-caminhos-percorridos-por-carolina\/","og_site_name":"Notibras","article_publisher":"https:\/\/www.facebook.com\/notibras\/","article_published_time":"2026-02-24T05:00:24+00:00","og_image":[{"width":1024,"height":1024,"url":"https:\/\/www.notibras.com\/site\/wp-content\/uploads\/2026\/02\/WhatsApp-Image-2026-02-23-at-01.19.53-1.jpeg","type":"image\/jpeg"}],"author":"Eduardo Mart\u00ednez","twitter_card":"summary_large_image","twitter_creator":"@Notibras","twitter_site":"@Notibras","twitter_misc":{"Escrito por":"Eduardo Mart\u00ednez","Est. tempo de leitura":"5 minutos"},"schema":{"@context":"https:\/\/schema.org","@graph":[{"@type":"Article","@id":"https:\/\/www.notibras.com\/site\/os-caminhos-percorridos-por-carolina\/#article","isPartOf":{"@id":"https:\/\/www.notibras.com\/site\/os-caminhos-percorridos-por-carolina\/"},"author":{"name":"Eduardo Mart\u00ednez","@id":"https:\/\/www.notibras.com\/site\/#\/schema\/person\/5b7fabf2aedc3ada2105f03b22b4d3dd"},"headline":"Os caminhos percorridos por Carolina","datePublished":"2026-02-24T05:00:24+00:00","mainEntityOfPage":{"@id":"https:\/\/www.notibras.com\/site\/os-caminhos-percorridos-por-carolina\/"},"wordCount":935,"publisher":{"@id":"https:\/\/www.notibras.com\/site\/#organization"},"image":{"@id":"https:\/\/www.notibras.com\/site\/os-caminhos-percorridos-por-carolina\/#primaryimage"},"thumbnailUrl":"https:\/\/www.notibras.com\/site\/wp-content\/uploads\/2026\/02\/WhatsApp-Image-2026-02-23-at-01.19.53-1.jpeg","articleSection":["Quadradinho em Foco"],"inLanguage":"pt-BR"},{"@type":"WebPage","@id":"https:\/\/www.notibras.com\/site\/os-caminhos-percorridos-por-carolina\/","url":"https:\/\/www.notibras.com\/site\/os-caminhos-percorridos-por-carolina\/","name":"Os caminhos percorridos por Carolina - Notibras","isPartOf":{"@id":"https:\/\/www.notibras.com\/site\/#website"},"primaryImageOfPage":{"@id":"https:\/\/www.notibras.com\/site\/os-caminhos-percorridos-por-carolina\/#primaryimage"},"image":{"@id":"https:\/\/www.notibras.com\/site\/os-caminhos-percorridos-por-carolina\/#primaryimage"},"thumbnailUrl":"https:\/\/www.notibras.com\/site\/wp-content\/uploads\/2026\/02\/WhatsApp-Image-2026-02-23-at-01.19.53-1.jpeg","datePublished":"2026-02-24T05:00:24+00:00","breadcrumb":{"@id":"https:\/\/www.notibras.com\/site\/os-caminhos-percorridos-por-carolina\/#breadcrumb"},"inLanguage":"pt-BR","potentialAction":[{"@type":"ReadAction","target":["https:\/\/www.notibras.com\/site\/os-caminhos-percorridos-por-carolina\/"]}]},{"@type":"ImageObject","inLanguage":"pt-BR","@id":"https:\/\/www.notibras.com\/site\/os-caminhos-percorridos-por-carolina\/#primaryimage","url":"https:\/\/www.notibras.com\/site\/wp-content\/uploads\/2026\/02\/WhatsApp-Image-2026-02-23-at-01.19.53-1.jpeg","contentUrl":"https:\/\/www.notibras.com\/site\/wp-content\/uploads\/2026\/02\/WhatsApp-Image-2026-02-23-at-01.19.53-1.jpeg","width":1024,"height":1024},{"@type":"BreadcrumbList","@id":"https:\/\/www.notibras.com\/site\/os-caminhos-percorridos-por-carolina\/#breadcrumb","itemListElement":[{"@type":"ListItem","position":1,"name":"In\u00edcio","item":"https:\/\/www.notibras.com\/site\/"},{"@type":"ListItem","position":2,"name":"Os caminhos percorridos por Carolina"}]},{"@type":"WebSite","@id":"https:\/\/www.notibras.com\/site\/#website","url":"https:\/\/www.notibras.com\/site\/","name":"Notibras","description":"Not\u00edcias de Bras\u00edlia, do Brasil e do Mundo","publisher":{"@id":"https:\/\/www.notibras.com\/site\/#organization"},"potentialAction":[{"@type":"SearchAction","target":{"@type":"EntryPoint","urlTemplate":"https:\/\/www.notibras.com\/site\/?s={search_term_string}"},"query-input":{"@type":"PropertyValueSpecification","valueRequired":true,"valueName":"search_term_string"}}],"inLanguage":"pt-BR"},{"@type":"Organization","@id":"https:\/\/www.notibras.com\/site\/#organization","name":"Grupo Notibras de Comunica\u00e7\u00e3o","url":"https:\/\/www.notibras.com\/site\/","logo":{"@type":"ImageObject","inLanguage":"pt-BR","@id":"https:\/\/www.notibras.com\/site\/#\/schema\/logo\/image\/","url":"https:\/\/www.notibras.com\/site\/wp-content\/uploads\/2023\/01\/notibras23.png","contentUrl":"https:\/\/www.notibras.com\/site\/wp-content\/uploads\/2023\/01\/notibras23.png","width":350,"height":87,"caption":"Grupo Notibras de Comunica\u00e7\u00e3o"},"image":{"@id":"https:\/\/www.notibras.com\/site\/#\/schema\/logo\/image\/"},"sameAs":["https:\/\/www.facebook.com\/notibras\/","https:\/\/x.com\/Notibras","https:\/\/www.instagram.com\/notibras\/"]},{"@type":"Person","@id":"https:\/\/www.notibras.com\/site\/#\/schema\/person\/5b7fabf2aedc3ada2105f03b22b4d3dd","name":"Eduardo Mart\u00ednez","image":{"@type":"ImageObject","inLanguage":"pt-BR","@id":"https:\/\/secure.gravatar.com\/avatar\/7902f906289926289cbcda644b5197c796b893c6ffd7b9a536a42d290f7704a0?s=96&d=mm&r=g","url":"https:\/\/secure.gravatar.com\/avatar\/7902f906289926289cbcda644b5197c796b893c6ffd7b9a536a42d290f7704a0?s=96&d=mm&r=g","contentUrl":"https:\/\/secure.gravatar.com\/avatar\/7902f906289926289cbcda644b5197c796b893c6ffd7b9a536a42d290f7704a0?s=96&d=mm&r=g","caption":"Eduardo Mart\u00ednez"}}]}},"amp_enabled":true,"_links":{"self":[{"href":"https:\/\/www.notibras.com\/site\/wp-json\/wp\/v2\/posts\/384364","targetHints":{"allow":["GET"]}}],"collection":[{"href":"https:\/\/www.notibras.com\/site\/wp-json\/wp\/v2\/posts"}],"about":[{"href":"https:\/\/www.notibras.com\/site\/wp-json\/wp\/v2\/types\/post"}],"author":[{"embeddable":true,"href":"https:\/\/www.notibras.com\/site\/wp-json\/wp\/v2\/users\/21"}],"replies":[{"embeddable":true,"href":"https:\/\/www.notibras.com\/site\/wp-json\/wp\/v2\/comments?post=384364"}],"version-history":[{"count":2,"href":"https:\/\/www.notibras.com\/site\/wp-json\/wp\/v2\/posts\/384364\/revisions"}],"predecessor-version":[{"id":384367,"href":"https:\/\/www.notibras.com\/site\/wp-json\/wp\/v2\/posts\/384364\/revisions\/384367"}],"wp:featuredmedia":[{"embeddable":true,"href":"https:\/\/www.notibras.com\/site\/wp-json\/wp\/v2\/media\/384365"}],"wp:attachment":[{"href":"https:\/\/www.notibras.com\/site\/wp-json\/wp\/v2\/media?parent=384364"}],"wp:term":[{"taxonomy":"category","embeddable":true,"href":"https:\/\/www.notibras.com\/site\/wp-json\/wp\/v2\/categories?post=384364"},{"taxonomy":"post_tag","embeddable":true,"href":"https:\/\/www.notibras.com\/site\/wp-json\/wp\/v2\/tags?post=384364"}],"curies":[{"name":"wp","href":"https:\/\/api.w.org\/{rel}","templated":true}]}}