{"id":384381,"date":"2026-02-24T01:00:07","date_gmt":"2026-02-24T04:00:07","guid":{"rendered":"https:\/\/www.notibras.com\/site\/?p=384381"},"modified":"2026-02-23T21:38:03","modified_gmt":"2026-02-24T00:38:03","slug":"prosa-inesperada","status":"publish","type":"post","link":"https:\/\/www.notibras.com\/site\/prosa-inesperada\/","title":{"rendered":"Prosa inesperada"},"content":{"rendered":"<p>Cansados da sina de um correr atr\u00e1s do outro, aqueles tr\u00eas resolveram se sentar, cada qual num canto, no beco repleto de rejeitos daquele povo da cidade. Quanto desperd\u00edcio, algu\u00e9m poderia dizer. Entretanto, o cachorro, o gato e o rato se deliciavam.<\/p>\n<p>Enquanto cada um mastigava o seu quinh\u00e3o, o cachorro puxou conversa com o desafeto de gera\u00e7\u00f5es. O gato, desconfiado com a atitude do seu eterno algoz, deu dois passos para tr\u00e1s. O rato, ainda mais arisco, foi para perto da sua toca. Qualquer coisa, se metia ali, de onde iria assistir ao circo pegar fogo.<\/p>\n<p>\u2014 Pode ficar tranquilo, gato, hoje s\u00f3 quero prosear.<\/p>\n<p>Mais dois passos para tr\u00e1s, o bichano n\u00e3o pareceu acreditar naquelas palavras.<\/p>\n<p>\u2014 J\u00e1 falei que hoje t\u00f4 de boa.<\/p>\n<p>\u2014 E desde quando? Por acaso andou fazendo terapia?<\/p>\n<p>O cachorro soltou aquela gargalhada com a perspic\u00e1cia do gato. Este, finalmente, resolveu dar cr\u00e9dito \u00e0s palavras do antagonista. Tanto \u00e9 que, confiante na pr\u00f3pria agilidade para escapar mais uma vez, aproximou-se.<\/p>\n<p>\u2014 T\u00e1 bom, cachorro. O que voc\u00ea quer conversar?<\/p>\n<p>\u2014 Estava pensando aqui como \u00e9 que poderemos proteger nosso beco. J\u00e1 estamos ficando velhos. Olha para esses seus bigodes embranquecidos.<\/p>\n<p>\u2014 Pior \u00e9 voc\u00ea, que n\u00e3o consegue nem dar uma corrida sem ficar arfando que nem um cachorro.<\/p>\n<p>O cachorro, mais uma vez, gargalhou com o que o gato disse.<\/p>\n<p>\u2014 Errado voc\u00ea n\u00e3o est\u00e1, meu amigo.<\/p>\n<p>\u2014 Amigo? Agora somos amigos?<\/p>\n<p>\u2014 J\u00e1 que sou o melhor amigo do homem, n\u00e3o vejo problema em ter outros amigos. Que seja voc\u00ea, que j\u00e1 conhe\u00e7o h\u00e1 tanto tempo.<\/p>\n<p>O gato encarou o cachorro e acreditou na fidelidade canina daquelas palavras. Em seguida, virou-se para o rato, que estava quase espremido contra a parede.<\/p>\n<p>\u2014 E voc\u00ea a\u00ed, rato, pode chegar tamb\u00e9m.<\/p>\n<p>O rato fez que n\u00e3o com a cabe\u00e7a, mas o gato n\u00e3o se deu por convencido.<\/p>\n<p>\u2014 Rato, olha pra minha barriga. N\u00e3o v\u00ea que comi tanto que estou mais do que satisfeito?<\/p>\n<p>Era verdade. E l\u00e1 foi o rato, o mais cabreiro dos tr\u00eas, ficar perto. No entanto, para surpresa do cachorro e do gato, ele desembestou a falar que nem papagaio. E o danado tinha hist\u00f3ria. Depois de quase uma hora de tagarelice, o gato, talvez o menos paciente, resmungou.<\/p>\n<p>\u2014 Cala essa matraca, rato!<\/p>\n<p>\u2014 Desculpe, gato. \u00c9 que tenho tanta coisa guardada, que me empolguei.<\/p>\n<p>Durante mais um tempo, aqueles tr\u00eas ficaram se olhando, at\u00e9 que o rato, com vontade de falar mais um pouquinho, ficou mexendo o focinho de um lado para o outro e co\u00e7ando as m\u00e3os.<\/p>\n<p>\u2014 O que foi, rato? &#8211; perguntou o cachorro.<\/p>\n<p>\u2014 A gente pode marcar outra reuni\u00e3o assim amanh\u00e3?<\/p>\n<p>Emburrado que estava, o gato cortou o barato da sua presa de sempre.<\/p>\n<p>\u2014 N\u00e3o! Amanh\u00e3 a gente volta a correr um atr\u00e1s do outro.<\/p>\n<p><strong>\u2026\u2026\u2026\u2026\u2026\u2026\u2026\u2026<\/strong><\/p>\n<p><strong>Eduardo Mart\u00ednez \u00e9 autor do livro \u201957 Contos e Cr\u00f4nicas por um Autor Muito Velho\u2019 (Vencedor do Pr\u00eamio Liter\u00e1rio Clarice Lispector \u2013 2025 na categoria livro de contos).<\/strong><\/p>\n<p><strong>Compre aqui<\/strong><\/p>\n<p><a href=\"https:\/\/www.joanineditora.com.br\/57-contos-e-cronicas-por-um-autor-muito-velho\"><strong>https:\/\/www.joanineditora.com.br\/57-contos-e-cronicas-por-um-autor-muito-velho<\/strong><\/a><\/p>\n","protected":false},"excerpt":{"rendered":"<p>Cansados da sina de um correr atr\u00e1s do outro, aqueles tr\u00eas resolveram se sentar, cada qual num canto, no beco repleto de rejeitos daquele povo da cidade. Quanto desperd\u00edcio, algu\u00e9m poderia dizer. Entretanto, o cachorro, o gato e o rato se deliciavam. Enquanto cada um mastigava o seu quinh\u00e3o, o cachorro puxou conversa com o [&hellip;]<\/p>\n","protected":false},"author":21,"featured_media":384382,"comment_status":"closed","ping_status":"closed","sticky":false,"template":"","format":"standard","meta":{"_acf_changed":false,"footnotes":""},"categories":[234],"tags":[],"class_list":["post-384381","post","type-post","status-publish","format-standard","has-post-thumbnail","hentry","category-cafe-literario"],"acf":[],"yoast_head":"<!-- This site is optimized with the Yoast SEO plugin v27.2 - https:\/\/yoast.com\/product\/yoast-seo-wordpress\/ -->\n<title>Prosa inesperada - Notibras<\/title>\n<meta name=\"robots\" content=\"index, follow, max-snippet:-1, max-image-preview:large, max-video-preview:-1\" \/>\n<link rel=\"canonical\" href=\"https:\/\/www.notibras.com\/site\/prosa-inesperada\/\" \/>\n<meta property=\"og:locale\" content=\"pt_BR\" \/>\n<meta property=\"og:type\" content=\"article\" \/>\n<meta property=\"og:title\" content=\"Prosa inesperada - Notibras\" \/>\n<meta property=\"og:description\" content=\"Cansados da sina de um correr atr\u00e1s do outro, aqueles tr\u00eas resolveram se sentar, cada qual num canto, no beco repleto de rejeitos daquele povo da cidade. Quanto desperd\u00edcio, algu\u00e9m poderia dizer. Entretanto, o cachorro, o gato e o rato se deliciavam. Enquanto cada um mastigava o seu quinh\u00e3o, o cachorro puxou conversa com o [&hellip;]\" \/>\n<meta property=\"og:url\" content=\"https:\/\/www.notibras.com\/site\/prosa-inesperada\/\" \/>\n<meta property=\"og:site_name\" content=\"Notibras\" \/>\n<meta property=\"article:publisher\" content=\"https:\/\/www.facebook.com\/notibras\/\" \/>\n<meta property=\"article:published_time\" content=\"2026-02-24T04:00:07+00:00\" \/>\n<meta property=\"og:image\" content=\"https:\/\/www.notibras.com\/site\/wp-content\/uploads\/2026\/02\/748db83f-41bc-4fea-a233-f984271ad80a.jpg\" \/>\n\t<meta property=\"og:image:width\" content=\"1024\" \/>\n\t<meta property=\"og:image:height\" content=\"757\" \/>\n\t<meta property=\"og:image:type\" content=\"image\/jpeg\" \/>\n<meta name=\"author\" content=\"Eduardo Mart\u00ednez\" \/>\n<meta name=\"twitter:card\" content=\"summary_large_image\" \/>\n<meta name=\"twitter:creator\" content=\"@Notibras\" \/>\n<meta name=\"twitter:site\" content=\"@Notibras\" \/>\n<meta name=\"twitter:label1\" content=\"Escrito por\" \/>\n\t<meta name=\"twitter:data1\" content=\"Eduardo Mart\u00ednez\" \/>\n\t<meta name=\"twitter:label2\" content=\"Est. tempo de leitura\" \/>\n\t<meta name=\"twitter:data2\" content=\"3 minutos\" \/>\n<script type=\"application\/ld+json\" class=\"yoast-schema-graph\">{\"@context\":\"https:\/\/schema.org\",\"@graph\":[{\"@type\":\"Article\",\"@id\":\"https:\/\/www.notibras.com\/site\/prosa-inesperada\/#article\",\"isPartOf\":{\"@id\":\"https:\/\/www.notibras.com\/site\/prosa-inesperada\/\"},\"author\":{\"name\":\"Eduardo Mart\u00ednez\",\"@id\":\"https:\/\/www.notibras.com\/site\/#\/schema\/person\/5b7fabf2aedc3ada2105f03b22b4d3dd\"},\"headline\":\"Prosa inesperada\",\"datePublished\":\"2026-02-24T04:00:07+00:00\",\"mainEntityOfPage\":{\"@id\":\"https:\/\/www.notibras.com\/site\/prosa-inesperada\/\"},\"wordCount\":520,\"publisher\":{\"@id\":\"https:\/\/www.notibras.com\/site\/#organization\"},\"image\":{\"@id\":\"https:\/\/www.notibras.com\/site\/prosa-inesperada\/#primaryimage\"},\"thumbnailUrl\":\"https:\/\/www.notibras.com\/site\/wp-content\/uploads\/2026\/02\/748db83f-41bc-4fea-a233-f984271ad80a.jpg\",\"articleSection\":[\"Caf\u00e9 Liter\u00e1rio\"],\"inLanguage\":\"pt-BR\"},{\"@type\":\"WebPage\",\"@id\":\"https:\/\/www.notibras.com\/site\/prosa-inesperada\/\",\"url\":\"https:\/\/www.notibras.com\/site\/prosa-inesperada\/\",\"name\":\"Prosa inesperada - Notibras\",\"isPartOf\":{\"@id\":\"https:\/\/www.notibras.com\/site\/#website\"},\"primaryImageOfPage\":{\"@id\":\"https:\/\/www.notibras.com\/site\/prosa-inesperada\/#primaryimage\"},\"image\":{\"@id\":\"https:\/\/www.notibras.com\/site\/prosa-inesperada\/#primaryimage\"},\"thumbnailUrl\":\"https:\/\/www.notibras.com\/site\/wp-content\/uploads\/2026\/02\/748db83f-41bc-4fea-a233-f984271ad80a.jpg\",\"datePublished\":\"2026-02-24T04:00:07+00:00\",\"breadcrumb\":{\"@id\":\"https:\/\/www.notibras.com\/site\/prosa-inesperada\/#breadcrumb\"},\"inLanguage\":\"pt-BR\",\"potentialAction\":[{\"@type\":\"ReadAction\",\"target\":[\"https:\/\/www.notibras.com\/site\/prosa-inesperada\/\"]}]},{\"@type\":\"ImageObject\",\"inLanguage\":\"pt-BR\",\"@id\":\"https:\/\/www.notibras.com\/site\/prosa-inesperada\/#primaryimage\",\"url\":\"https:\/\/www.notibras.com\/site\/wp-content\/uploads\/2026\/02\/748db83f-41bc-4fea-a233-f984271ad80a.jpg\",\"contentUrl\":\"https:\/\/www.notibras.com\/site\/wp-content\/uploads\/2026\/02\/748db83f-41bc-4fea-a233-f984271ad80a.jpg\",\"width\":1024,\"height\":757},{\"@type\":\"BreadcrumbList\",\"@id\":\"https:\/\/www.notibras.com\/site\/prosa-inesperada\/#breadcrumb\",\"itemListElement\":[{\"@type\":\"ListItem\",\"position\":1,\"name\":\"In\u00edcio\",\"item\":\"https:\/\/www.notibras.com\/site\/\"},{\"@type\":\"ListItem\",\"position\":2,\"name\":\"Prosa inesperada\"}]},{\"@type\":\"WebSite\",\"@id\":\"https:\/\/www.notibras.com\/site\/#website\",\"url\":\"https:\/\/www.notibras.com\/site\/\",\"name\":\"Notibras\",\"description\":\"Not\u00edcias de Bras\u00edlia, do Brasil e do Mundo\",\"publisher\":{\"@id\":\"https:\/\/www.notibras.com\/site\/#organization\"},\"potentialAction\":[{\"@type\":\"SearchAction\",\"target\":{\"@type\":\"EntryPoint\",\"urlTemplate\":\"https:\/\/www.notibras.com\/site\/?s={search_term_string}\"},\"query-input\":{\"@type\":\"PropertyValueSpecification\",\"valueRequired\":true,\"valueName\":\"search_term_string\"}}],\"inLanguage\":\"pt-BR\"},{\"@type\":\"Organization\",\"@id\":\"https:\/\/www.notibras.com\/site\/#organization\",\"name\":\"Grupo Notibras de Comunica\u00e7\u00e3o\",\"url\":\"https:\/\/www.notibras.com\/site\/\",\"logo\":{\"@type\":\"ImageObject\",\"inLanguage\":\"pt-BR\",\"@id\":\"https:\/\/www.notibras.com\/site\/#\/schema\/logo\/image\/\",\"url\":\"https:\/\/www.notibras.com\/site\/wp-content\/uploads\/2023\/01\/notibras23.png\",\"contentUrl\":\"https:\/\/www.notibras.com\/site\/wp-content\/uploads\/2023\/01\/notibras23.png\",\"width\":350,\"height\":87,\"caption\":\"Grupo Notibras de Comunica\u00e7\u00e3o\"},\"image\":{\"@id\":\"https:\/\/www.notibras.com\/site\/#\/schema\/logo\/image\/\"},\"sameAs\":[\"https:\/\/www.facebook.com\/notibras\/\",\"https:\/\/x.com\/Notibras\",\"https:\/\/www.instagram.com\/notibras\/\"]},{\"@type\":\"Person\",\"@id\":\"https:\/\/www.notibras.com\/site\/#\/schema\/person\/5b7fabf2aedc3ada2105f03b22b4d3dd\",\"name\":\"Eduardo Mart\u00ednez\",\"image\":{\"@type\":\"ImageObject\",\"inLanguage\":\"pt-BR\",\"@id\":\"https:\/\/secure.gravatar.com\/avatar\/7902f906289926289cbcda644b5197c796b893c6ffd7b9a536a42d290f7704a0?s=96&d=mm&r=g\",\"url\":\"https:\/\/secure.gravatar.com\/avatar\/7902f906289926289cbcda644b5197c796b893c6ffd7b9a536a42d290f7704a0?s=96&d=mm&r=g\",\"contentUrl\":\"https:\/\/secure.gravatar.com\/avatar\/7902f906289926289cbcda644b5197c796b893c6ffd7b9a536a42d290f7704a0?s=96&d=mm&r=g\",\"caption\":\"Eduardo Mart\u00ednez\"}}]}<\/script>\n<!-- \/ Yoast SEO plugin. -->","yoast_head_json":{"title":"Prosa inesperada - Notibras","robots":{"index":"index","follow":"follow","max-snippet":"max-snippet:-1","max-image-preview":"max-image-preview:large","max-video-preview":"max-video-preview:-1"},"canonical":"https:\/\/www.notibras.com\/site\/prosa-inesperada\/","og_locale":"pt_BR","og_type":"article","og_title":"Prosa inesperada - Notibras","og_description":"Cansados da sina de um correr atr\u00e1s do outro, aqueles tr\u00eas resolveram se sentar, cada qual num canto, no beco repleto de rejeitos daquele povo da cidade. Quanto desperd\u00edcio, algu\u00e9m poderia dizer. Entretanto, o cachorro, o gato e o rato se deliciavam. Enquanto cada um mastigava o seu quinh\u00e3o, o cachorro puxou conversa com o [&hellip;]","og_url":"https:\/\/www.notibras.com\/site\/prosa-inesperada\/","og_site_name":"Notibras","article_publisher":"https:\/\/www.facebook.com\/notibras\/","article_published_time":"2026-02-24T04:00:07+00:00","og_image":[{"width":1024,"height":757,"url":"https:\/\/www.notibras.com\/site\/wp-content\/uploads\/2026\/02\/748db83f-41bc-4fea-a233-f984271ad80a.jpg","type":"image\/jpeg"}],"author":"Eduardo Mart\u00ednez","twitter_card":"summary_large_image","twitter_creator":"@Notibras","twitter_site":"@Notibras","twitter_misc":{"Escrito por":"Eduardo Mart\u00ednez","Est. tempo de leitura":"3 minutos"},"schema":{"@context":"https:\/\/schema.org","@graph":[{"@type":"Article","@id":"https:\/\/www.notibras.com\/site\/prosa-inesperada\/#article","isPartOf":{"@id":"https:\/\/www.notibras.com\/site\/prosa-inesperada\/"},"author":{"name":"Eduardo Mart\u00ednez","@id":"https:\/\/www.notibras.com\/site\/#\/schema\/person\/5b7fabf2aedc3ada2105f03b22b4d3dd"},"headline":"Prosa inesperada","datePublished":"2026-02-24T04:00:07+00:00","mainEntityOfPage":{"@id":"https:\/\/www.notibras.com\/site\/prosa-inesperada\/"},"wordCount":520,"publisher":{"@id":"https:\/\/www.notibras.com\/site\/#organization"},"image":{"@id":"https:\/\/www.notibras.com\/site\/prosa-inesperada\/#primaryimage"},"thumbnailUrl":"https:\/\/www.notibras.com\/site\/wp-content\/uploads\/2026\/02\/748db83f-41bc-4fea-a233-f984271ad80a.jpg","articleSection":["Caf\u00e9 Liter\u00e1rio"],"inLanguage":"pt-BR"},{"@type":"WebPage","@id":"https:\/\/www.notibras.com\/site\/prosa-inesperada\/","url":"https:\/\/www.notibras.com\/site\/prosa-inesperada\/","name":"Prosa inesperada - Notibras","isPartOf":{"@id":"https:\/\/www.notibras.com\/site\/#website"},"primaryImageOfPage":{"@id":"https:\/\/www.notibras.com\/site\/prosa-inesperada\/#primaryimage"},"image":{"@id":"https:\/\/www.notibras.com\/site\/prosa-inesperada\/#primaryimage"},"thumbnailUrl":"https:\/\/www.notibras.com\/site\/wp-content\/uploads\/2026\/02\/748db83f-41bc-4fea-a233-f984271ad80a.jpg","datePublished":"2026-02-24T04:00:07+00:00","breadcrumb":{"@id":"https:\/\/www.notibras.com\/site\/prosa-inesperada\/#breadcrumb"},"inLanguage":"pt-BR","potentialAction":[{"@type":"ReadAction","target":["https:\/\/www.notibras.com\/site\/prosa-inesperada\/"]}]},{"@type":"ImageObject","inLanguage":"pt-BR","@id":"https:\/\/www.notibras.com\/site\/prosa-inesperada\/#primaryimage","url":"https:\/\/www.notibras.com\/site\/wp-content\/uploads\/2026\/02\/748db83f-41bc-4fea-a233-f984271ad80a.jpg","contentUrl":"https:\/\/www.notibras.com\/site\/wp-content\/uploads\/2026\/02\/748db83f-41bc-4fea-a233-f984271ad80a.jpg","width":1024,"height":757},{"@type":"BreadcrumbList","@id":"https:\/\/www.notibras.com\/site\/prosa-inesperada\/#breadcrumb","itemListElement":[{"@type":"ListItem","position":1,"name":"In\u00edcio","item":"https:\/\/www.notibras.com\/site\/"},{"@type":"ListItem","position":2,"name":"Prosa inesperada"}]},{"@type":"WebSite","@id":"https:\/\/www.notibras.com\/site\/#website","url":"https:\/\/www.notibras.com\/site\/","name":"Notibras","description":"Not\u00edcias de Bras\u00edlia, do Brasil e do Mundo","publisher":{"@id":"https:\/\/www.notibras.com\/site\/#organization"},"potentialAction":[{"@type":"SearchAction","target":{"@type":"EntryPoint","urlTemplate":"https:\/\/www.notibras.com\/site\/?s={search_term_string}"},"query-input":{"@type":"PropertyValueSpecification","valueRequired":true,"valueName":"search_term_string"}}],"inLanguage":"pt-BR"},{"@type":"Organization","@id":"https:\/\/www.notibras.com\/site\/#organization","name":"Grupo Notibras de Comunica\u00e7\u00e3o","url":"https:\/\/www.notibras.com\/site\/","logo":{"@type":"ImageObject","inLanguage":"pt-BR","@id":"https:\/\/www.notibras.com\/site\/#\/schema\/logo\/image\/","url":"https:\/\/www.notibras.com\/site\/wp-content\/uploads\/2023\/01\/notibras23.png","contentUrl":"https:\/\/www.notibras.com\/site\/wp-content\/uploads\/2023\/01\/notibras23.png","width":350,"height":87,"caption":"Grupo Notibras de Comunica\u00e7\u00e3o"},"image":{"@id":"https:\/\/www.notibras.com\/site\/#\/schema\/logo\/image\/"},"sameAs":["https:\/\/www.facebook.com\/notibras\/","https:\/\/x.com\/Notibras","https:\/\/www.instagram.com\/notibras\/"]},{"@type":"Person","@id":"https:\/\/www.notibras.com\/site\/#\/schema\/person\/5b7fabf2aedc3ada2105f03b22b4d3dd","name":"Eduardo Mart\u00ednez","image":{"@type":"ImageObject","inLanguage":"pt-BR","@id":"https:\/\/secure.gravatar.com\/avatar\/7902f906289926289cbcda644b5197c796b893c6ffd7b9a536a42d290f7704a0?s=96&d=mm&r=g","url":"https:\/\/secure.gravatar.com\/avatar\/7902f906289926289cbcda644b5197c796b893c6ffd7b9a536a42d290f7704a0?s=96&d=mm&r=g","contentUrl":"https:\/\/secure.gravatar.com\/avatar\/7902f906289926289cbcda644b5197c796b893c6ffd7b9a536a42d290f7704a0?s=96&d=mm&r=g","caption":"Eduardo Mart\u00ednez"}}]}},"amp_enabled":true,"_links":{"self":[{"href":"https:\/\/www.notibras.com\/site\/wp-json\/wp\/v2\/posts\/384381","targetHints":{"allow":["GET"]}}],"collection":[{"href":"https:\/\/www.notibras.com\/site\/wp-json\/wp\/v2\/posts"}],"about":[{"href":"https:\/\/www.notibras.com\/site\/wp-json\/wp\/v2\/types\/post"}],"author":[{"embeddable":true,"href":"https:\/\/www.notibras.com\/site\/wp-json\/wp\/v2\/users\/21"}],"replies":[{"embeddable":true,"href":"https:\/\/www.notibras.com\/site\/wp-json\/wp\/v2\/comments?post=384381"}],"version-history":[{"count":3,"href":"https:\/\/www.notibras.com\/site\/wp-json\/wp\/v2\/posts\/384381\/revisions"}],"predecessor-version":[{"id":384386,"href":"https:\/\/www.notibras.com\/site\/wp-json\/wp\/v2\/posts\/384381\/revisions\/384386"}],"wp:featuredmedia":[{"embeddable":true,"href":"https:\/\/www.notibras.com\/site\/wp-json\/wp\/v2\/media\/384382"}],"wp:attachment":[{"href":"https:\/\/www.notibras.com\/site\/wp-json\/wp\/v2\/media?parent=384381"}],"wp:term":[{"taxonomy":"category","embeddable":true,"href":"https:\/\/www.notibras.com\/site\/wp-json\/wp\/v2\/categories?post=384381"},{"taxonomy":"post_tag","embeddable":true,"href":"https:\/\/www.notibras.com\/site\/wp-json\/wp\/v2\/tags?post=384381"}],"curies":[{"name":"wp","href":"https:\/\/api.w.org\/{rel}","templated":true}]}}