{"id":384399,"date":"2026-02-24T00:15:04","date_gmt":"2026-02-24T03:15:04","guid":{"rendered":"https:\/\/www.notibras.com\/site\/?p=384399"},"modified":"2026-02-23T22:52:27","modified_gmt":"2026-02-24T01:52:27","slug":"inicio-do-maior-evento-esportivo-das-forcas-de-seguranca-publica","status":"publish","type":"post","link":"https:\/\/www.notibras.com\/site\/inicio-do-maior-evento-esportivo-das-forcas-de-seguranca-publica\/","title":{"rendered":"In\u00edcio do maior evento esportivo das for\u00e7as de seguran\u00e7a p\u00fablica"},"content":{"rendered":"<p>A Secretaria de Seguran\u00e7a P\u00fablica do Distrito Federal promove, nesta ter\u00e7a-feira (24), \u00e0s 19h, a solenidade de abertura da VIII Olimp\u00edadas de Integra\u00e7\u00e3o da Seguran\u00e7a P\u00fablica do Distrito Federal (VIII Olinsesp). O evento, que ser\u00e1 realizado na Arena BRB Nilson Nelson, marca oficialmente o lan\u00e7amento da edi\u00e7\u00e3o 2026, que seguir\u00e1 at\u00e9 31 de mar\u00e7o, com a\u00e7\u00f5es que refor\u00e7am a integra\u00e7\u00e3o, a valoriza\u00e7\u00e3o profissional e o cuidado com quem protege a popula\u00e7\u00e3o do DF. A abertura tamb\u00e9m ser\u00e1 um momento de mobiliza\u00e7\u00e3o solid\u00e1ria, em que a Defesa Civil promover\u00e1, na entrada do gin\u00e1sio, arrecada\u00e7\u00e3o de alimentos n\u00e3o perec\u00edveis.<\/p>\n<p>Os jogos contam com cerca de 2.500 atletas inscritos em diversas modalidades que estar\u00e3o nas disputas dos torneios, reunindo servidores da SSP\/DF, da Pol\u00edcia Militar (PMDF), da Pol\u00edcia Civil (PCDF), do Corpo de Bombeiros (CBMDF), do Departamento de Tr\u00e2nsito (Detran-DF) e de outras for\u00e7as convidadas, como a Pol\u00edcia Federal (PF), a Pol\u00edcia Rodovi\u00e1ria Federal (PRF) e as pol\u00edcias do Senado e das C\u00e2maras Federal e Distrital.<\/p>\n<p>Ao todo, ser\u00e3o 19 modalidades esportivas, distribu\u00eddas entre esportes coletivos e individuais, nas categorias Masculino, Feminino e Master: Futebol de Campo, Futsal, Basquete, V\u00f4lei de Quadra, V\u00f4lei de Praia, Futev\u00f4lei, Cabo de Guerra, Atletismo, Nata\u00e7\u00e3o, Triathlon, Corrida de Orienta\u00e7\u00e3o, Calistenia, Jud\u00f4, Jiu-Jitsu, Xadrez, Domin\u00f3, Truco, Beach Tennis e T\u00eanis de Mesa.<\/p>\n<p>O secret\u00e1rio de Seguran\u00e7a P\u00fablica, Sandro Avelar, destaca a relev\u00e2ncia estrat\u00e9gica da olimp\u00edada. \u201cA Olinsesp \u00e9 uma iniciativa estrat\u00e9gica de valoriza\u00e7\u00e3o dos nossos profissionais. \u00c9 fundamental que os servidores participem e se engajem na olimp\u00edada, fortalecendo o esp\u00edrito de equipe e a integra\u00e7\u00e3o entre os \u00f3rg\u00e3os da seguran\u00e7a p\u00fablica. Ao incentivar o esporte e a conviv\u00eancia saud\u00e1vel, promovemos sa\u00fade f\u00edsica e mental e refor\u00e7amos v\u00ednculos institucionais que se refletem diretamente na qualidade do servi\u00e7o prestado \u00e0 popula\u00e7\u00e3o do Distrito Federal.\u201d<\/p>\n<p><strong>Valoriza\u00e7\u00e3o<\/strong><\/p>\n<p>A realiza\u00e7\u00e3o da VIII Olinsesp reafirma o compromisso institucional com a promo\u00e7\u00e3o da sa\u00fade f\u00edsica e mental dos servidores, reconhecendo o esporte como instrumento estrat\u00e9gico de fortalecimento dos v\u00ednculos entre os \u00f3rg\u00e3os que comp\u00f5em o sistema de seguran\u00e7a p\u00fablica. \u201cMais do que uma competi\u00e7\u00e3o, a Olinsesp \u00e9 um espa\u00e7o de conviv\u00eancia institucional. Ao estimular o esp\u00edrito de coopera\u00e7\u00e3o, o trabalho em equipe e h\u00e1bitos saud\u00e1veis, a iniciativa contribui diretamente para a melhoria do ambiente de trabalho e para o fortalecimento da identidade institucional das for\u00e7as de seguran\u00e7a\u201d, ressalta o subsecret\u00e1rio de Ensino e Gest\u00e3o de Pessoas, Marco Le\u00f4ncio.<\/p>\n<p>A olimp\u00edada integra o programa Seguran\u00e7a Integral, especialmente o eixo Servidor Mais Seguro, que \u00e9 voltado \u00e0 valoriza\u00e7\u00e3o do servidor e refor\u00e7a a compreens\u00e3o de que pol\u00edticas p\u00fablicas eficazes tamb\u00e9m passam pelo cuidado com os profissionais que est\u00e3o na linha de frente. Os locais e hor\u00e1rios dos jogos ser\u00e3o disponibilizados no <a href=\"https:\/\/www.olinsesp2026.com.br\/\">site oficial da competi\u00e7\u00e3o<\/a>.<\/p>\n","protected":false},"excerpt":{"rendered":"<p>A Secretaria de Seguran\u00e7a P\u00fablica do Distrito Federal promove, nesta ter\u00e7a-feira (24), \u00e0s 19h, a solenidade de abertura da VIII Olimp\u00edadas de Integra\u00e7\u00e3o da Seguran\u00e7a P\u00fablica do Distrito Federal (VIII Olinsesp). O evento, que ser\u00e1 realizado na Arena BRB Nilson Nelson, marca oficialmente o lan\u00e7amento da edi\u00e7\u00e3o 2026, que seguir\u00e1 at\u00e9 31 de mar\u00e7o, com [&hellip;]<\/p>\n","protected":false},"author":21,"featured_media":384401,"comment_status":"closed","ping_status":"closed","sticky":false,"template":"","format":"standard","meta":{"_acf_changed":false,"footnotes":""},"categories":[161],"tags":[],"class_list":["post-384399","post","type-post","status-publish","format-standard","has-post-thumbnail","hentry","category-quadradinho-em-foco"],"acf":[],"yoast_head":"<!-- This site is optimized with the Yoast SEO plugin v27.2 - https:\/\/yoast.com\/product\/yoast-seo-wordpress\/ -->\n<title>In\u00edcio do maior evento esportivo das for\u00e7as de seguran\u00e7a p\u00fablica - Notibras<\/title>\n<meta name=\"robots\" content=\"index, follow, max-snippet:-1, max-image-preview:large, max-video-preview:-1\" \/>\n<link rel=\"canonical\" href=\"https:\/\/www.notibras.com\/site\/inicio-do-maior-evento-esportivo-das-forcas-de-seguranca-publica\/\" \/>\n<meta property=\"og:locale\" content=\"pt_BR\" \/>\n<meta property=\"og:type\" content=\"article\" \/>\n<meta property=\"og:title\" content=\"In\u00edcio do maior evento esportivo das for\u00e7as de seguran\u00e7a p\u00fablica - Notibras\" \/>\n<meta property=\"og:description\" content=\"A Secretaria de Seguran\u00e7a P\u00fablica do Distrito Federal promove, nesta ter\u00e7a-feira (24), \u00e0s 19h, a solenidade de abertura da VIII Olimp\u00edadas de Integra\u00e7\u00e3o da Seguran\u00e7a P\u00fablica do Distrito Federal (VIII Olinsesp). O evento, que ser\u00e1 realizado na Arena BRB Nilson Nelson, marca oficialmente o lan\u00e7amento da edi\u00e7\u00e3o 2026, que seguir\u00e1 at\u00e9 31 de mar\u00e7o, com [&hellip;]\" \/>\n<meta property=\"og:url\" content=\"https:\/\/www.notibras.com\/site\/inicio-do-maior-evento-esportivo-das-forcas-de-seguranca-publica\/\" \/>\n<meta property=\"og:site_name\" content=\"Notibras\" \/>\n<meta property=\"article:publisher\" content=\"https:\/\/www.facebook.com\/notibras\/\" \/>\n<meta property=\"article:published_time\" content=\"2026-02-24T03:15:04+00:00\" \/>\n<meta property=\"og:image\" content=\"https:\/\/www.notibras.com\/site\/wp-content\/uploads\/2026\/02\/IMG_3892-scaled.jpeg\" \/>\n\t<meta property=\"og:image:width\" content=\"2560\" \/>\n\t<meta property=\"og:image:height\" content=\"1707\" \/>\n\t<meta property=\"og:image:type\" content=\"image\/jpeg\" \/>\n<meta name=\"author\" content=\"Eduardo Mart\u00ednez\" \/>\n<meta name=\"twitter:card\" content=\"summary_large_image\" \/>\n<meta name=\"twitter:creator\" content=\"@Notibras\" \/>\n<meta name=\"twitter:site\" content=\"@Notibras\" \/>\n<meta name=\"twitter:label1\" content=\"Escrito por\" \/>\n\t<meta name=\"twitter:data1\" content=\"Eduardo Mart\u00ednez\" \/>\n\t<meta name=\"twitter:label2\" content=\"Est. tempo de leitura\" \/>\n\t<meta name=\"twitter:data2\" content=\"3 minutos\" \/>\n<script type=\"application\/ld+json\" class=\"yoast-schema-graph\">{\"@context\":\"https:\/\/schema.org\",\"@graph\":[{\"@type\":\"Article\",\"@id\":\"https:\/\/www.notibras.com\/site\/inicio-do-maior-evento-esportivo-das-forcas-de-seguranca-publica\/#article\",\"isPartOf\":{\"@id\":\"https:\/\/www.notibras.com\/site\/inicio-do-maior-evento-esportivo-das-forcas-de-seguranca-publica\/\"},\"author\":{\"name\":\"Eduardo Mart\u00ednez\",\"@id\":\"https:\/\/www.notibras.com\/site\/#\/schema\/person\/5b7fabf2aedc3ada2105f03b22b4d3dd\"},\"headline\":\"In\u00edcio do maior evento esportivo das for\u00e7as de seguran\u00e7a p\u00fablica\",\"datePublished\":\"2026-02-24T03:15:04+00:00\",\"mainEntityOfPage\":{\"@id\":\"https:\/\/www.notibras.com\/site\/inicio-do-maior-evento-esportivo-das-forcas-de-seguranca-publica\/\"},\"wordCount\":549,\"publisher\":{\"@id\":\"https:\/\/www.notibras.com\/site\/#organization\"},\"image\":{\"@id\":\"https:\/\/www.notibras.com\/site\/inicio-do-maior-evento-esportivo-das-forcas-de-seguranca-publica\/#primaryimage\"},\"thumbnailUrl\":\"https:\/\/www.notibras.com\/site\/wp-content\/uploads\/2026\/02\/IMG_3892-scaled.jpeg\",\"articleSection\":[\"Quadradinho em Foco\"],\"inLanguage\":\"pt-BR\"},{\"@type\":\"WebPage\",\"@id\":\"https:\/\/www.notibras.com\/site\/inicio-do-maior-evento-esportivo-das-forcas-de-seguranca-publica\/\",\"url\":\"https:\/\/www.notibras.com\/site\/inicio-do-maior-evento-esportivo-das-forcas-de-seguranca-publica\/\",\"name\":\"In\u00edcio do maior evento esportivo das for\u00e7as de seguran\u00e7a p\u00fablica - Notibras\",\"isPartOf\":{\"@id\":\"https:\/\/www.notibras.com\/site\/#website\"},\"primaryImageOfPage\":{\"@id\":\"https:\/\/www.notibras.com\/site\/inicio-do-maior-evento-esportivo-das-forcas-de-seguranca-publica\/#primaryimage\"},\"image\":{\"@id\":\"https:\/\/www.notibras.com\/site\/inicio-do-maior-evento-esportivo-das-forcas-de-seguranca-publica\/#primaryimage\"},\"thumbnailUrl\":\"https:\/\/www.notibras.com\/site\/wp-content\/uploads\/2026\/02\/IMG_3892-scaled.jpeg\",\"datePublished\":\"2026-02-24T03:15:04+00:00\",\"breadcrumb\":{\"@id\":\"https:\/\/www.notibras.com\/site\/inicio-do-maior-evento-esportivo-das-forcas-de-seguranca-publica\/#breadcrumb\"},\"inLanguage\":\"pt-BR\",\"potentialAction\":[{\"@type\":\"ReadAction\",\"target\":[\"https:\/\/www.notibras.com\/site\/inicio-do-maior-evento-esportivo-das-forcas-de-seguranca-publica\/\"]}]},{\"@type\":\"ImageObject\",\"inLanguage\":\"pt-BR\",\"@id\":\"https:\/\/www.notibras.com\/site\/inicio-do-maior-evento-esportivo-das-forcas-de-seguranca-publica\/#primaryimage\",\"url\":\"https:\/\/www.notibras.com\/site\/wp-content\/uploads\/2026\/02\/IMG_3892-scaled.jpeg\",\"contentUrl\":\"https:\/\/www.notibras.com\/site\/wp-content\/uploads\/2026\/02\/IMG_3892-scaled.jpeg\",\"width\":2560,\"height\":1707},{\"@type\":\"BreadcrumbList\",\"@id\":\"https:\/\/www.notibras.com\/site\/inicio-do-maior-evento-esportivo-das-forcas-de-seguranca-publica\/#breadcrumb\",\"itemListElement\":[{\"@type\":\"ListItem\",\"position\":1,\"name\":\"In\u00edcio\",\"item\":\"https:\/\/www.notibras.com\/site\/\"},{\"@type\":\"ListItem\",\"position\":2,\"name\":\"In\u00edcio do maior evento esportivo das for\u00e7as de seguran\u00e7a p\u00fablica\"}]},{\"@type\":\"WebSite\",\"@id\":\"https:\/\/www.notibras.com\/site\/#website\",\"url\":\"https:\/\/www.notibras.com\/site\/\",\"name\":\"Notibras\",\"description\":\"Not\u00edcias de Bras\u00edlia, do Brasil e do Mundo\",\"publisher\":{\"@id\":\"https:\/\/www.notibras.com\/site\/#organization\"},\"potentialAction\":[{\"@type\":\"SearchAction\",\"target\":{\"@type\":\"EntryPoint\",\"urlTemplate\":\"https:\/\/www.notibras.com\/site\/?s={search_term_string}\"},\"query-input\":{\"@type\":\"PropertyValueSpecification\",\"valueRequired\":true,\"valueName\":\"search_term_string\"}}],\"inLanguage\":\"pt-BR\"},{\"@type\":\"Organization\",\"@id\":\"https:\/\/www.notibras.com\/site\/#organization\",\"name\":\"Grupo Notibras de Comunica\u00e7\u00e3o\",\"url\":\"https:\/\/www.notibras.com\/site\/\",\"logo\":{\"@type\":\"ImageObject\",\"inLanguage\":\"pt-BR\",\"@id\":\"https:\/\/www.notibras.com\/site\/#\/schema\/logo\/image\/\",\"url\":\"https:\/\/www.notibras.com\/site\/wp-content\/uploads\/2023\/01\/notibras23.png\",\"contentUrl\":\"https:\/\/www.notibras.com\/site\/wp-content\/uploads\/2023\/01\/notibras23.png\",\"width\":350,\"height\":87,\"caption\":\"Grupo Notibras de Comunica\u00e7\u00e3o\"},\"image\":{\"@id\":\"https:\/\/www.notibras.com\/site\/#\/schema\/logo\/image\/\"},\"sameAs\":[\"https:\/\/www.facebook.com\/notibras\/\",\"https:\/\/x.com\/Notibras\",\"https:\/\/www.instagram.com\/notibras\/\"]},{\"@type\":\"Person\",\"@id\":\"https:\/\/www.notibras.com\/site\/#\/schema\/person\/5b7fabf2aedc3ada2105f03b22b4d3dd\",\"name\":\"Eduardo Mart\u00ednez\",\"image\":{\"@type\":\"ImageObject\",\"inLanguage\":\"pt-BR\",\"@id\":\"https:\/\/secure.gravatar.com\/avatar\/7902f906289926289cbcda644b5197c796b893c6ffd7b9a536a42d290f7704a0?s=96&d=mm&r=g\",\"url\":\"https:\/\/secure.gravatar.com\/avatar\/7902f906289926289cbcda644b5197c796b893c6ffd7b9a536a42d290f7704a0?s=96&d=mm&r=g\",\"contentUrl\":\"https:\/\/secure.gravatar.com\/avatar\/7902f906289926289cbcda644b5197c796b893c6ffd7b9a536a42d290f7704a0?s=96&d=mm&r=g\",\"caption\":\"Eduardo Mart\u00ednez\"}}]}<\/script>\n<!-- \/ Yoast SEO plugin. -->","yoast_head_json":{"title":"In\u00edcio do maior evento esportivo das for\u00e7as de seguran\u00e7a p\u00fablica - Notibras","robots":{"index":"index","follow":"follow","max-snippet":"max-snippet:-1","max-image-preview":"max-image-preview:large","max-video-preview":"max-video-preview:-1"},"canonical":"https:\/\/www.notibras.com\/site\/inicio-do-maior-evento-esportivo-das-forcas-de-seguranca-publica\/","og_locale":"pt_BR","og_type":"article","og_title":"In\u00edcio do maior evento esportivo das for\u00e7as de seguran\u00e7a p\u00fablica - Notibras","og_description":"A Secretaria de Seguran\u00e7a P\u00fablica do Distrito Federal promove, nesta ter\u00e7a-feira (24), \u00e0s 19h, a solenidade de abertura da VIII Olimp\u00edadas de Integra\u00e7\u00e3o da Seguran\u00e7a P\u00fablica do Distrito Federal (VIII Olinsesp). O evento, que ser\u00e1 realizado na Arena BRB Nilson Nelson, marca oficialmente o lan\u00e7amento da edi\u00e7\u00e3o 2026, que seguir\u00e1 at\u00e9 31 de mar\u00e7o, com [&hellip;]","og_url":"https:\/\/www.notibras.com\/site\/inicio-do-maior-evento-esportivo-das-forcas-de-seguranca-publica\/","og_site_name":"Notibras","article_publisher":"https:\/\/www.facebook.com\/notibras\/","article_published_time":"2026-02-24T03:15:04+00:00","og_image":[{"width":2560,"height":1707,"url":"https:\/\/www.notibras.com\/site\/wp-content\/uploads\/2026\/02\/IMG_3892-scaled.jpeg","type":"image\/jpeg"}],"author":"Eduardo Mart\u00ednez","twitter_card":"summary_large_image","twitter_creator":"@Notibras","twitter_site":"@Notibras","twitter_misc":{"Escrito por":"Eduardo Mart\u00ednez","Est. tempo de leitura":"3 minutos"},"schema":{"@context":"https:\/\/schema.org","@graph":[{"@type":"Article","@id":"https:\/\/www.notibras.com\/site\/inicio-do-maior-evento-esportivo-das-forcas-de-seguranca-publica\/#article","isPartOf":{"@id":"https:\/\/www.notibras.com\/site\/inicio-do-maior-evento-esportivo-das-forcas-de-seguranca-publica\/"},"author":{"name":"Eduardo Mart\u00ednez","@id":"https:\/\/www.notibras.com\/site\/#\/schema\/person\/5b7fabf2aedc3ada2105f03b22b4d3dd"},"headline":"In\u00edcio do maior evento esportivo das for\u00e7as de seguran\u00e7a p\u00fablica","datePublished":"2026-02-24T03:15:04+00:00","mainEntityOfPage":{"@id":"https:\/\/www.notibras.com\/site\/inicio-do-maior-evento-esportivo-das-forcas-de-seguranca-publica\/"},"wordCount":549,"publisher":{"@id":"https:\/\/www.notibras.com\/site\/#organization"},"image":{"@id":"https:\/\/www.notibras.com\/site\/inicio-do-maior-evento-esportivo-das-forcas-de-seguranca-publica\/#primaryimage"},"thumbnailUrl":"https:\/\/www.notibras.com\/site\/wp-content\/uploads\/2026\/02\/IMG_3892-scaled.jpeg","articleSection":["Quadradinho em Foco"],"inLanguage":"pt-BR"},{"@type":"WebPage","@id":"https:\/\/www.notibras.com\/site\/inicio-do-maior-evento-esportivo-das-forcas-de-seguranca-publica\/","url":"https:\/\/www.notibras.com\/site\/inicio-do-maior-evento-esportivo-das-forcas-de-seguranca-publica\/","name":"In\u00edcio do maior evento esportivo das for\u00e7as de seguran\u00e7a p\u00fablica - Notibras","isPartOf":{"@id":"https:\/\/www.notibras.com\/site\/#website"},"primaryImageOfPage":{"@id":"https:\/\/www.notibras.com\/site\/inicio-do-maior-evento-esportivo-das-forcas-de-seguranca-publica\/#primaryimage"},"image":{"@id":"https:\/\/www.notibras.com\/site\/inicio-do-maior-evento-esportivo-das-forcas-de-seguranca-publica\/#primaryimage"},"thumbnailUrl":"https:\/\/www.notibras.com\/site\/wp-content\/uploads\/2026\/02\/IMG_3892-scaled.jpeg","datePublished":"2026-02-24T03:15:04+00:00","breadcrumb":{"@id":"https:\/\/www.notibras.com\/site\/inicio-do-maior-evento-esportivo-das-forcas-de-seguranca-publica\/#breadcrumb"},"inLanguage":"pt-BR","potentialAction":[{"@type":"ReadAction","target":["https:\/\/www.notibras.com\/site\/inicio-do-maior-evento-esportivo-das-forcas-de-seguranca-publica\/"]}]},{"@type":"ImageObject","inLanguage":"pt-BR","@id":"https:\/\/www.notibras.com\/site\/inicio-do-maior-evento-esportivo-das-forcas-de-seguranca-publica\/#primaryimage","url":"https:\/\/www.notibras.com\/site\/wp-content\/uploads\/2026\/02\/IMG_3892-scaled.jpeg","contentUrl":"https:\/\/www.notibras.com\/site\/wp-content\/uploads\/2026\/02\/IMG_3892-scaled.jpeg","width":2560,"height":1707},{"@type":"BreadcrumbList","@id":"https:\/\/www.notibras.com\/site\/inicio-do-maior-evento-esportivo-das-forcas-de-seguranca-publica\/#breadcrumb","itemListElement":[{"@type":"ListItem","position":1,"name":"In\u00edcio","item":"https:\/\/www.notibras.com\/site\/"},{"@type":"ListItem","position":2,"name":"In\u00edcio do maior evento esportivo das for\u00e7as de seguran\u00e7a p\u00fablica"}]},{"@type":"WebSite","@id":"https:\/\/www.notibras.com\/site\/#website","url":"https:\/\/www.notibras.com\/site\/","name":"Notibras","description":"Not\u00edcias de Bras\u00edlia, do Brasil e do Mundo","publisher":{"@id":"https:\/\/www.notibras.com\/site\/#organization"},"potentialAction":[{"@type":"SearchAction","target":{"@type":"EntryPoint","urlTemplate":"https:\/\/www.notibras.com\/site\/?s={search_term_string}"},"query-input":{"@type":"PropertyValueSpecification","valueRequired":true,"valueName":"search_term_string"}}],"inLanguage":"pt-BR"},{"@type":"Organization","@id":"https:\/\/www.notibras.com\/site\/#organization","name":"Grupo Notibras de Comunica\u00e7\u00e3o","url":"https:\/\/www.notibras.com\/site\/","logo":{"@type":"ImageObject","inLanguage":"pt-BR","@id":"https:\/\/www.notibras.com\/site\/#\/schema\/logo\/image\/","url":"https:\/\/www.notibras.com\/site\/wp-content\/uploads\/2023\/01\/notibras23.png","contentUrl":"https:\/\/www.notibras.com\/site\/wp-content\/uploads\/2023\/01\/notibras23.png","width":350,"height":87,"caption":"Grupo Notibras de Comunica\u00e7\u00e3o"},"image":{"@id":"https:\/\/www.notibras.com\/site\/#\/schema\/logo\/image\/"},"sameAs":["https:\/\/www.facebook.com\/notibras\/","https:\/\/x.com\/Notibras","https:\/\/www.instagram.com\/notibras\/"]},{"@type":"Person","@id":"https:\/\/www.notibras.com\/site\/#\/schema\/person\/5b7fabf2aedc3ada2105f03b22b4d3dd","name":"Eduardo Mart\u00ednez","image":{"@type":"ImageObject","inLanguage":"pt-BR","@id":"https:\/\/secure.gravatar.com\/avatar\/7902f906289926289cbcda644b5197c796b893c6ffd7b9a536a42d290f7704a0?s=96&d=mm&r=g","url":"https:\/\/secure.gravatar.com\/avatar\/7902f906289926289cbcda644b5197c796b893c6ffd7b9a536a42d290f7704a0?s=96&d=mm&r=g","contentUrl":"https:\/\/secure.gravatar.com\/avatar\/7902f906289926289cbcda644b5197c796b893c6ffd7b9a536a42d290f7704a0?s=96&d=mm&r=g","caption":"Eduardo Mart\u00ednez"}}]}},"amp_enabled":true,"_links":{"self":[{"href":"https:\/\/www.notibras.com\/site\/wp-json\/wp\/v2\/posts\/384399","targetHints":{"allow":["GET"]}}],"collection":[{"href":"https:\/\/www.notibras.com\/site\/wp-json\/wp\/v2\/posts"}],"about":[{"href":"https:\/\/www.notibras.com\/site\/wp-json\/wp\/v2\/types\/post"}],"author":[{"embeddable":true,"href":"https:\/\/www.notibras.com\/site\/wp-json\/wp\/v2\/users\/21"}],"replies":[{"embeddable":true,"href":"https:\/\/www.notibras.com\/site\/wp-json\/wp\/v2\/comments?post=384399"}],"version-history":[{"count":6,"href":"https:\/\/www.notibras.com\/site\/wp-json\/wp\/v2\/posts\/384399\/revisions"}],"predecessor-version":[{"id":384412,"href":"https:\/\/www.notibras.com\/site\/wp-json\/wp\/v2\/posts\/384399\/revisions\/384412"}],"wp:featuredmedia":[{"embeddable":true,"href":"https:\/\/www.notibras.com\/site\/wp-json\/wp\/v2\/media\/384401"}],"wp:attachment":[{"href":"https:\/\/www.notibras.com\/site\/wp-json\/wp\/v2\/media?parent=384399"}],"wp:term":[{"taxonomy":"category","embeddable":true,"href":"https:\/\/www.notibras.com\/site\/wp-json\/wp\/v2\/categories?post=384399"},{"taxonomy":"post_tag","embeddable":true,"href":"https:\/\/www.notibras.com\/site\/wp-json\/wp\/v2\/tags?post=384399"}],"curies":[{"name":"wp","href":"https:\/\/api.w.org\/{rel}","templated":true}]}}