{"id":384405,"date":"2026-02-24T00:45:01","date_gmt":"2026-02-24T03:45:01","guid":{"rendered":"https:\/\/www.notibras.com\/site\/?p=384405"},"modified":"2026-02-23T22:48:56","modified_gmt":"2026-02-24T01:48:56","slug":"1a-corrida-da-camara-em-celebracao-aos-200-anos-da-instituicao","status":"publish","type":"post","link":"https:\/\/www.notibras.com\/site\/1a-corrida-da-camara-em-celebracao-aos-200-anos-da-instituicao\/","title":{"rendered":"1\u00aa Corrida da C\u00e2mara em celebra\u00e7\u00e3o aos 200 anos da institui\u00e7\u00e3o"},"content":{"rendered":"<p>Com percurso in\u00e9dito pelos monumentos da capital e passagem exclusiva pelo Pal\u00e1cio do Congresso, evento abre inscri\u00e7\u00f5es para atletas de todas as idades.<\/p>\n<p>A Esplanada dos Minist\u00e9rios ser\u00e1 palco de um evento hist\u00f3rico no dia <strong>17 de maio de 2026<\/strong>. Em comemora\u00e7\u00e3o ao seu bicenten\u00e1rio, a C\u00e2mara dos Deputados promove, pela primeira vez, a Corrida da C\u00e2mara, uma iniciativa que une sa\u00fade, cidadania e a celebra\u00e7\u00e3o dos 200 anos da &#8220;Casa do Povo&#8221;.<\/p>\n<p>A largada est\u00e1 marcada para as 06h30, exatamente em frente ao Pal\u00e1cio do Congresso Nacional. O grande diferencial desta edi\u00e7\u00e3o \u00e9 o trajeto simb\u00f3lico: os atletas ter\u00e3o a experi\u00eancia in\u00e9dita de percorrer as vias de acesso ao Pal\u00e1cio, correndo entre os monumentos mais ic\u00f4nicos da arquitetura brasileira.<\/p>\n<p><strong>Modalidades para toda a fam\u00edlia<\/strong><\/p>\n<p>O evento foi desenhado para ser inclusivo, oferecendo op\u00e7\u00f5es para diferentes n\u00edveis de condicionamento:<\/p>\n<p>Caminhada de 3 km: Ideal para quem quer prestigiar o cen\u00e1rio.<\/p>\n<p>Corridas de 5 km e 10 km: Para atletas que buscam performance.<\/p>\n<p>Circuito Plenarinho: Uma \u00e1rea dedicada exclusivamente ao p\u00fablico infantil.<\/p>\n<p>Ap\u00f3s as provas, a Esplanada se transformar\u00e1 em um polo cultural com apresenta\u00e7\u00f5es de DJs e artistas locais, al\u00e9m de ativa\u00e7\u00f5es com distribui\u00e7\u00e3o de brindes.<\/p>\n<p><strong>Inscri\u00e7\u00f5es e Lotes<\/strong><\/p>\n<p>Os interessados j\u00e1 podem garantir a participa\u00e7\u00e3o atrav\u00e9s do site Central da Corrida. Atualmente, as inscri\u00e7\u00f5es seguem os valores do segundo lote:<\/p>\n<p>Categoria Geral: R$ 89,90<\/p>\n<p>Categoria Infantil: R$ 69,90<\/p>\n<p>Idosos e Pessoas com Defici\u00eancia (PcD) possuem 50% de desconto garantido por lei.<\/p>\n<p><strong>Kits Exclusivos<\/strong><\/p>\n<p>Os inscritos receber\u00e3o um kit completo contendo n\u00famero de peito com chip, camiseta, sacochila, viseira, par de meias e a medalha de participa\u00e7\u00e3o (entregue p\u00f3s-prova). O kit infantil traz itens especiais da Turma do Plenarinho. Para os entusiastas, tamb\u00e9m est\u00e3o dispon\u00edveis para venda avulsa itens como corta-vento e copos t\u00e9rmicos personalizados.<\/p>\n<p>A Corrida da C\u00e2mara promete n\u00e3o apenas ser uma disputa esportiva, mas um marco na ocupa\u00e7\u00e3o cidad\u00e3 dos espa\u00e7os p\u00fablicos de Bras\u00edlia.<\/p>\n<p><strong>&#8230;&#8230;&#8230;&#8230;&#8230;&#8230;&#8230;&#8230;&#8230;.<\/strong><\/p>\n<p><strong>Inscri\u00e7\u00f5es abertas:<\/strong><br \/>\n<a href=\"https:\/\/centraldacorrida.com.br\/evento\/corridadacamara\"><strong>https:\/\/cd.leg.br\/hUFTC3jjzt<\/strong><\/a><\/p>\n<p><strong>Fale com a C\u00e2mara no WhatsApp:<\/strong><br \/>\n<a href=\"http:\/\/cd.leg.br\/Atendimento_WhatsApp\"><strong>cd.leg.br\/Atendimento_WhatsApp<\/strong><\/a><\/p>\n","protected":false},"excerpt":{"rendered":"<p>Com percurso in\u00e9dito pelos monumentos da capital e passagem exclusiva pelo Pal\u00e1cio do Congresso, evento abre inscri\u00e7\u00f5es para atletas de todas as idades. A Esplanada dos Minist\u00e9rios ser\u00e1 palco de um evento hist\u00f3rico no dia 17 de maio de 2026. Em comemora\u00e7\u00e3o ao seu bicenten\u00e1rio, a C\u00e2mara dos Deputados promove, pela primeira vez, a Corrida [&hellip;]<\/p>\n","protected":false},"author":21,"featured_media":384406,"comment_status":"closed","ping_status":"closed","sticky":false,"template":"","format":"standard","meta":{"_acf_changed":false,"footnotes":""},"categories":[161],"tags":[],"class_list":["post-384405","post","type-post","status-publish","format-standard","has-post-thumbnail","hentry","category-quadradinho-em-foco"],"acf":[],"yoast_head":"<!-- This site is optimized with the Yoast SEO plugin v27.2 - https:\/\/yoast.com\/product\/yoast-seo-wordpress\/ -->\n<title>1\u00aa Corrida da C\u00e2mara em celebra\u00e7\u00e3o aos 200 anos da institui\u00e7\u00e3o - Notibras<\/title>\n<meta name=\"robots\" content=\"index, follow, max-snippet:-1, max-image-preview:large, max-video-preview:-1\" \/>\n<link rel=\"canonical\" href=\"https:\/\/www.notibras.com\/site\/1a-corrida-da-camara-em-celebracao-aos-200-anos-da-instituicao\/\" \/>\n<meta property=\"og:locale\" content=\"pt_BR\" \/>\n<meta property=\"og:type\" content=\"article\" \/>\n<meta property=\"og:title\" content=\"1\u00aa Corrida da C\u00e2mara em celebra\u00e7\u00e3o aos 200 anos da institui\u00e7\u00e3o - Notibras\" \/>\n<meta property=\"og:description\" content=\"Com percurso in\u00e9dito pelos monumentos da capital e passagem exclusiva pelo Pal\u00e1cio do Congresso, evento abre inscri\u00e7\u00f5es para atletas de todas as idades. A Esplanada dos Minist\u00e9rios ser\u00e1 palco de um evento hist\u00f3rico no dia 17 de maio de 2026. Em comemora\u00e7\u00e3o ao seu bicenten\u00e1rio, a C\u00e2mara dos Deputados promove, pela primeira vez, a Corrida [&hellip;]\" \/>\n<meta property=\"og:url\" content=\"https:\/\/www.notibras.com\/site\/1a-corrida-da-camara-em-celebracao-aos-200-anos-da-instituicao\/\" \/>\n<meta property=\"og:site_name\" content=\"Notibras\" \/>\n<meta property=\"article:publisher\" content=\"https:\/\/www.facebook.com\/notibras\/\" \/>\n<meta property=\"article:published_time\" content=\"2026-02-24T03:45:01+00:00\" \/>\n<meta property=\"og:image\" content=\"https:\/\/www.notibras.com\/site\/wp-content\/uploads\/2026\/02\/aa508c7d-52bf-4d9d-be88-0c0e3193653f.jpg\" \/>\n\t<meta property=\"og:image:width\" content=\"1200\" \/>\n\t<meta property=\"og:image:height\" content=\"1200\" \/>\n\t<meta property=\"og:image:type\" content=\"image\/jpeg\" \/>\n<meta name=\"author\" content=\"Eduardo Mart\u00ednez\" \/>\n<meta name=\"twitter:card\" content=\"summary_large_image\" \/>\n<meta name=\"twitter:creator\" content=\"@Notibras\" \/>\n<meta name=\"twitter:site\" content=\"@Notibras\" \/>\n<meta name=\"twitter:label1\" content=\"Escrito por\" \/>\n\t<meta name=\"twitter:data1\" content=\"Eduardo Mart\u00ednez\" \/>\n\t<meta name=\"twitter:label2\" content=\"Est. tempo de leitura\" \/>\n\t<meta name=\"twitter:data2\" content=\"3 minutos\" \/>\n<script type=\"application\/ld+json\" class=\"yoast-schema-graph\">{\"@context\":\"https:\/\/schema.org\",\"@graph\":[{\"@type\":\"Article\",\"@id\":\"https:\/\/www.notibras.com\/site\/1a-corrida-da-camara-em-celebracao-aos-200-anos-da-instituicao\/#article\",\"isPartOf\":{\"@id\":\"https:\/\/www.notibras.com\/site\/1a-corrida-da-camara-em-celebracao-aos-200-anos-da-instituicao\/\"},\"author\":{\"name\":\"Eduardo Mart\u00ednez\",\"@id\":\"https:\/\/www.notibras.com\/site\/#\/schema\/person\/5b7fabf2aedc3ada2105f03b22b4d3dd\"},\"headline\":\"1\u00aa Corrida da C\u00e2mara em celebra\u00e7\u00e3o aos 200 anos da institui\u00e7\u00e3o\",\"datePublished\":\"2026-02-24T03:45:01+00:00\",\"mainEntityOfPage\":{\"@id\":\"https:\/\/www.notibras.com\/site\/1a-corrida-da-camara-em-celebracao-aos-200-anos-da-instituicao\/\"},\"wordCount\":388,\"publisher\":{\"@id\":\"https:\/\/www.notibras.com\/site\/#organization\"},\"image\":{\"@id\":\"https:\/\/www.notibras.com\/site\/1a-corrida-da-camara-em-celebracao-aos-200-anos-da-instituicao\/#primaryimage\"},\"thumbnailUrl\":\"https:\/\/www.notibras.com\/site\/wp-content\/uploads\/2026\/02\/aa508c7d-52bf-4d9d-be88-0c0e3193653f.jpg\",\"articleSection\":[\"Quadradinho em Foco\"],\"inLanguage\":\"pt-BR\"},{\"@type\":\"WebPage\",\"@id\":\"https:\/\/www.notibras.com\/site\/1a-corrida-da-camara-em-celebracao-aos-200-anos-da-instituicao\/\",\"url\":\"https:\/\/www.notibras.com\/site\/1a-corrida-da-camara-em-celebracao-aos-200-anos-da-instituicao\/\",\"name\":\"1\u00aa Corrida da C\u00e2mara em celebra\u00e7\u00e3o aos 200 anos da institui\u00e7\u00e3o - Notibras\",\"isPartOf\":{\"@id\":\"https:\/\/www.notibras.com\/site\/#website\"},\"primaryImageOfPage\":{\"@id\":\"https:\/\/www.notibras.com\/site\/1a-corrida-da-camara-em-celebracao-aos-200-anos-da-instituicao\/#primaryimage\"},\"image\":{\"@id\":\"https:\/\/www.notibras.com\/site\/1a-corrida-da-camara-em-celebracao-aos-200-anos-da-instituicao\/#primaryimage\"},\"thumbnailUrl\":\"https:\/\/www.notibras.com\/site\/wp-content\/uploads\/2026\/02\/aa508c7d-52bf-4d9d-be88-0c0e3193653f.jpg\",\"datePublished\":\"2026-02-24T03:45:01+00:00\",\"breadcrumb\":{\"@id\":\"https:\/\/www.notibras.com\/site\/1a-corrida-da-camara-em-celebracao-aos-200-anos-da-instituicao\/#breadcrumb\"},\"inLanguage\":\"pt-BR\",\"potentialAction\":[{\"@type\":\"ReadAction\",\"target\":[\"https:\/\/www.notibras.com\/site\/1a-corrida-da-camara-em-celebracao-aos-200-anos-da-instituicao\/\"]}]},{\"@type\":\"ImageObject\",\"inLanguage\":\"pt-BR\",\"@id\":\"https:\/\/www.notibras.com\/site\/1a-corrida-da-camara-em-celebracao-aos-200-anos-da-instituicao\/#primaryimage\",\"url\":\"https:\/\/www.notibras.com\/site\/wp-content\/uploads\/2026\/02\/aa508c7d-52bf-4d9d-be88-0c0e3193653f.jpg\",\"contentUrl\":\"https:\/\/www.notibras.com\/site\/wp-content\/uploads\/2026\/02\/aa508c7d-52bf-4d9d-be88-0c0e3193653f.jpg\",\"width\":1200,\"height\":1200},{\"@type\":\"BreadcrumbList\",\"@id\":\"https:\/\/www.notibras.com\/site\/1a-corrida-da-camara-em-celebracao-aos-200-anos-da-instituicao\/#breadcrumb\",\"itemListElement\":[{\"@type\":\"ListItem\",\"position\":1,\"name\":\"In\u00edcio\",\"item\":\"https:\/\/www.notibras.com\/site\/\"},{\"@type\":\"ListItem\",\"position\":2,\"name\":\"1\u00aa Corrida da C\u00e2mara em celebra\u00e7\u00e3o aos 200 anos da institui\u00e7\u00e3o\"}]},{\"@type\":\"WebSite\",\"@id\":\"https:\/\/www.notibras.com\/site\/#website\",\"url\":\"https:\/\/www.notibras.com\/site\/\",\"name\":\"Notibras\",\"description\":\"Not\u00edcias de Bras\u00edlia, do Brasil e do Mundo\",\"publisher\":{\"@id\":\"https:\/\/www.notibras.com\/site\/#organization\"},\"potentialAction\":[{\"@type\":\"SearchAction\",\"target\":{\"@type\":\"EntryPoint\",\"urlTemplate\":\"https:\/\/www.notibras.com\/site\/?s={search_term_string}\"},\"query-input\":{\"@type\":\"PropertyValueSpecification\",\"valueRequired\":true,\"valueName\":\"search_term_string\"}}],\"inLanguage\":\"pt-BR\"},{\"@type\":\"Organization\",\"@id\":\"https:\/\/www.notibras.com\/site\/#organization\",\"name\":\"Grupo Notibras de Comunica\u00e7\u00e3o\",\"url\":\"https:\/\/www.notibras.com\/site\/\",\"logo\":{\"@type\":\"ImageObject\",\"inLanguage\":\"pt-BR\",\"@id\":\"https:\/\/www.notibras.com\/site\/#\/schema\/logo\/image\/\",\"url\":\"https:\/\/www.notibras.com\/site\/wp-content\/uploads\/2023\/01\/notibras23.png\",\"contentUrl\":\"https:\/\/www.notibras.com\/site\/wp-content\/uploads\/2023\/01\/notibras23.png\",\"width\":350,\"height\":87,\"caption\":\"Grupo Notibras de Comunica\u00e7\u00e3o\"},\"image\":{\"@id\":\"https:\/\/www.notibras.com\/site\/#\/schema\/logo\/image\/\"},\"sameAs\":[\"https:\/\/www.facebook.com\/notibras\/\",\"https:\/\/x.com\/Notibras\",\"https:\/\/www.instagram.com\/notibras\/\"]},{\"@type\":\"Person\",\"@id\":\"https:\/\/www.notibras.com\/site\/#\/schema\/person\/5b7fabf2aedc3ada2105f03b22b4d3dd\",\"name\":\"Eduardo Mart\u00ednez\",\"image\":{\"@type\":\"ImageObject\",\"inLanguage\":\"pt-BR\",\"@id\":\"https:\/\/secure.gravatar.com\/avatar\/7902f906289926289cbcda644b5197c796b893c6ffd7b9a536a42d290f7704a0?s=96&d=mm&r=g\",\"url\":\"https:\/\/secure.gravatar.com\/avatar\/7902f906289926289cbcda644b5197c796b893c6ffd7b9a536a42d290f7704a0?s=96&d=mm&r=g\",\"contentUrl\":\"https:\/\/secure.gravatar.com\/avatar\/7902f906289926289cbcda644b5197c796b893c6ffd7b9a536a42d290f7704a0?s=96&d=mm&r=g\",\"caption\":\"Eduardo Mart\u00ednez\"}}]}<\/script>\n<!-- \/ Yoast SEO plugin. -->","yoast_head_json":{"title":"1\u00aa Corrida da C\u00e2mara em celebra\u00e7\u00e3o aos 200 anos da institui\u00e7\u00e3o - Notibras","robots":{"index":"index","follow":"follow","max-snippet":"max-snippet:-1","max-image-preview":"max-image-preview:large","max-video-preview":"max-video-preview:-1"},"canonical":"https:\/\/www.notibras.com\/site\/1a-corrida-da-camara-em-celebracao-aos-200-anos-da-instituicao\/","og_locale":"pt_BR","og_type":"article","og_title":"1\u00aa Corrida da C\u00e2mara em celebra\u00e7\u00e3o aos 200 anos da institui\u00e7\u00e3o - Notibras","og_description":"Com percurso in\u00e9dito pelos monumentos da capital e passagem exclusiva pelo Pal\u00e1cio do Congresso, evento abre inscri\u00e7\u00f5es para atletas de todas as idades. A Esplanada dos Minist\u00e9rios ser\u00e1 palco de um evento hist\u00f3rico no dia 17 de maio de 2026. Em comemora\u00e7\u00e3o ao seu bicenten\u00e1rio, a C\u00e2mara dos Deputados promove, pela primeira vez, a Corrida [&hellip;]","og_url":"https:\/\/www.notibras.com\/site\/1a-corrida-da-camara-em-celebracao-aos-200-anos-da-instituicao\/","og_site_name":"Notibras","article_publisher":"https:\/\/www.facebook.com\/notibras\/","article_published_time":"2026-02-24T03:45:01+00:00","og_image":[{"width":1200,"height":1200,"url":"https:\/\/www.notibras.com\/site\/wp-content\/uploads\/2026\/02\/aa508c7d-52bf-4d9d-be88-0c0e3193653f.jpg","type":"image\/jpeg"}],"author":"Eduardo Mart\u00ednez","twitter_card":"summary_large_image","twitter_creator":"@Notibras","twitter_site":"@Notibras","twitter_misc":{"Escrito por":"Eduardo Mart\u00ednez","Est. tempo de leitura":"3 minutos"},"schema":{"@context":"https:\/\/schema.org","@graph":[{"@type":"Article","@id":"https:\/\/www.notibras.com\/site\/1a-corrida-da-camara-em-celebracao-aos-200-anos-da-instituicao\/#article","isPartOf":{"@id":"https:\/\/www.notibras.com\/site\/1a-corrida-da-camara-em-celebracao-aos-200-anos-da-instituicao\/"},"author":{"name":"Eduardo Mart\u00ednez","@id":"https:\/\/www.notibras.com\/site\/#\/schema\/person\/5b7fabf2aedc3ada2105f03b22b4d3dd"},"headline":"1\u00aa Corrida da C\u00e2mara em celebra\u00e7\u00e3o aos 200 anos da institui\u00e7\u00e3o","datePublished":"2026-02-24T03:45:01+00:00","mainEntityOfPage":{"@id":"https:\/\/www.notibras.com\/site\/1a-corrida-da-camara-em-celebracao-aos-200-anos-da-instituicao\/"},"wordCount":388,"publisher":{"@id":"https:\/\/www.notibras.com\/site\/#organization"},"image":{"@id":"https:\/\/www.notibras.com\/site\/1a-corrida-da-camara-em-celebracao-aos-200-anos-da-instituicao\/#primaryimage"},"thumbnailUrl":"https:\/\/www.notibras.com\/site\/wp-content\/uploads\/2026\/02\/aa508c7d-52bf-4d9d-be88-0c0e3193653f.jpg","articleSection":["Quadradinho em Foco"],"inLanguage":"pt-BR"},{"@type":"WebPage","@id":"https:\/\/www.notibras.com\/site\/1a-corrida-da-camara-em-celebracao-aos-200-anos-da-instituicao\/","url":"https:\/\/www.notibras.com\/site\/1a-corrida-da-camara-em-celebracao-aos-200-anos-da-instituicao\/","name":"1\u00aa Corrida da C\u00e2mara em celebra\u00e7\u00e3o aos 200 anos da institui\u00e7\u00e3o - Notibras","isPartOf":{"@id":"https:\/\/www.notibras.com\/site\/#website"},"primaryImageOfPage":{"@id":"https:\/\/www.notibras.com\/site\/1a-corrida-da-camara-em-celebracao-aos-200-anos-da-instituicao\/#primaryimage"},"image":{"@id":"https:\/\/www.notibras.com\/site\/1a-corrida-da-camara-em-celebracao-aos-200-anos-da-instituicao\/#primaryimage"},"thumbnailUrl":"https:\/\/www.notibras.com\/site\/wp-content\/uploads\/2026\/02\/aa508c7d-52bf-4d9d-be88-0c0e3193653f.jpg","datePublished":"2026-02-24T03:45:01+00:00","breadcrumb":{"@id":"https:\/\/www.notibras.com\/site\/1a-corrida-da-camara-em-celebracao-aos-200-anos-da-instituicao\/#breadcrumb"},"inLanguage":"pt-BR","potentialAction":[{"@type":"ReadAction","target":["https:\/\/www.notibras.com\/site\/1a-corrida-da-camara-em-celebracao-aos-200-anos-da-instituicao\/"]}]},{"@type":"ImageObject","inLanguage":"pt-BR","@id":"https:\/\/www.notibras.com\/site\/1a-corrida-da-camara-em-celebracao-aos-200-anos-da-instituicao\/#primaryimage","url":"https:\/\/www.notibras.com\/site\/wp-content\/uploads\/2026\/02\/aa508c7d-52bf-4d9d-be88-0c0e3193653f.jpg","contentUrl":"https:\/\/www.notibras.com\/site\/wp-content\/uploads\/2026\/02\/aa508c7d-52bf-4d9d-be88-0c0e3193653f.jpg","width":1200,"height":1200},{"@type":"BreadcrumbList","@id":"https:\/\/www.notibras.com\/site\/1a-corrida-da-camara-em-celebracao-aos-200-anos-da-instituicao\/#breadcrumb","itemListElement":[{"@type":"ListItem","position":1,"name":"In\u00edcio","item":"https:\/\/www.notibras.com\/site\/"},{"@type":"ListItem","position":2,"name":"1\u00aa Corrida da C\u00e2mara em celebra\u00e7\u00e3o aos 200 anos da institui\u00e7\u00e3o"}]},{"@type":"WebSite","@id":"https:\/\/www.notibras.com\/site\/#website","url":"https:\/\/www.notibras.com\/site\/","name":"Notibras","description":"Not\u00edcias de Bras\u00edlia, do Brasil e do Mundo","publisher":{"@id":"https:\/\/www.notibras.com\/site\/#organization"},"potentialAction":[{"@type":"SearchAction","target":{"@type":"EntryPoint","urlTemplate":"https:\/\/www.notibras.com\/site\/?s={search_term_string}"},"query-input":{"@type":"PropertyValueSpecification","valueRequired":true,"valueName":"search_term_string"}}],"inLanguage":"pt-BR"},{"@type":"Organization","@id":"https:\/\/www.notibras.com\/site\/#organization","name":"Grupo Notibras de Comunica\u00e7\u00e3o","url":"https:\/\/www.notibras.com\/site\/","logo":{"@type":"ImageObject","inLanguage":"pt-BR","@id":"https:\/\/www.notibras.com\/site\/#\/schema\/logo\/image\/","url":"https:\/\/www.notibras.com\/site\/wp-content\/uploads\/2023\/01\/notibras23.png","contentUrl":"https:\/\/www.notibras.com\/site\/wp-content\/uploads\/2023\/01\/notibras23.png","width":350,"height":87,"caption":"Grupo Notibras de Comunica\u00e7\u00e3o"},"image":{"@id":"https:\/\/www.notibras.com\/site\/#\/schema\/logo\/image\/"},"sameAs":["https:\/\/www.facebook.com\/notibras\/","https:\/\/x.com\/Notibras","https:\/\/www.instagram.com\/notibras\/"]},{"@type":"Person","@id":"https:\/\/www.notibras.com\/site\/#\/schema\/person\/5b7fabf2aedc3ada2105f03b22b4d3dd","name":"Eduardo Mart\u00ednez","image":{"@type":"ImageObject","inLanguage":"pt-BR","@id":"https:\/\/secure.gravatar.com\/avatar\/7902f906289926289cbcda644b5197c796b893c6ffd7b9a536a42d290f7704a0?s=96&d=mm&r=g","url":"https:\/\/secure.gravatar.com\/avatar\/7902f906289926289cbcda644b5197c796b893c6ffd7b9a536a42d290f7704a0?s=96&d=mm&r=g","contentUrl":"https:\/\/secure.gravatar.com\/avatar\/7902f906289926289cbcda644b5197c796b893c6ffd7b9a536a42d290f7704a0?s=96&d=mm&r=g","caption":"Eduardo Mart\u00ednez"}}]}},"amp_enabled":true,"_links":{"self":[{"href":"https:\/\/www.notibras.com\/site\/wp-json\/wp\/v2\/posts\/384405","targetHints":{"allow":["GET"]}}],"collection":[{"href":"https:\/\/www.notibras.com\/site\/wp-json\/wp\/v2\/posts"}],"about":[{"href":"https:\/\/www.notibras.com\/site\/wp-json\/wp\/v2\/types\/post"}],"author":[{"embeddable":true,"href":"https:\/\/www.notibras.com\/site\/wp-json\/wp\/v2\/users\/21"}],"replies":[{"embeddable":true,"href":"https:\/\/www.notibras.com\/site\/wp-json\/wp\/v2\/comments?post=384405"}],"version-history":[{"count":4,"href":"https:\/\/www.notibras.com\/site\/wp-json\/wp\/v2\/posts\/384405\/revisions"}],"predecessor-version":[{"id":384410,"href":"https:\/\/www.notibras.com\/site\/wp-json\/wp\/v2\/posts\/384405\/revisions\/384410"}],"wp:featuredmedia":[{"embeddable":true,"href":"https:\/\/www.notibras.com\/site\/wp-json\/wp\/v2\/media\/384406"}],"wp:attachment":[{"href":"https:\/\/www.notibras.com\/site\/wp-json\/wp\/v2\/media?parent=384405"}],"wp:term":[{"taxonomy":"category","embeddable":true,"href":"https:\/\/www.notibras.com\/site\/wp-json\/wp\/v2\/categories?post=384405"},{"taxonomy":"post_tag","embeddable":true,"href":"https:\/\/www.notibras.com\/site\/wp-json\/wp\/v2\/tags?post=384405"}],"curies":[{"name":"wp","href":"https:\/\/api.w.org\/{rel}","templated":true}]}}