{"id":384417,"date":"2026-02-24T02:15:29","date_gmt":"2026-02-24T05:15:29","guid":{"rendered":"https:\/\/www.notibras.com\/site\/?p=384417"},"modified":"2026-02-23T23:05:00","modified_gmt":"2026-02-24T02:05:00","slug":"por-que-a-midia-ignora-o-trabalhador-no-debate-sobre-a-escala-6x1","status":"publish","type":"post","link":"https:\/\/www.notibras.com\/site\/por-que-a-midia-ignora-o-trabalhador-no-debate-sobre-a-escala-6x1\/","title":{"rendered":"Por que a m\u00eddia ignora o trabalhador no debate sobre a escala 6&#215;1?"},"content":{"rendered":"<p>Quando o assunto \u00e9 o fim da escala 6&#215;1, a grande m\u00eddia tem aberto espa\u00e7o generoso para grandes empres\u00e1rios e representantes de entidades patronais. \u00c9 leg\u00edtimo que esses setores sejam ouvidos, afinal, fazem parte do debate e ser\u00e3o impactados por qualquer mudan\u00e7a na legisla\u00e7\u00e3o trabalhista. O problema n\u00e3o est\u00e1 em escut\u00e1-los. O problema est\u00e1 em escutar quase exclusivamente um lado da mesa.<\/p>\n<p>Afinal, por que sindicalistas, trabalhadores do com\u00e9rcio, da ind\u00fastria, dos servi\u00e7os, aqueles que vivem na pr\u00e1tica a rotina exaustiva de seis dias consecutivos de trabalho para um \u00fanico dia de descanso, n\u00e3o t\u00eam o mesmo espa\u00e7o para expor suas experi\u00eancias? S\u00e3o eles que enfrentam jornadas longas, transporte lotado, desgaste f\u00edsico e mental acumulado. S\u00e3o eles que podem falar sobre o que significa ter apenas um dia para descansar, resolver pend\u00eancias dom\u00e9sticas e conviver com a fam\u00edlia. Ignorar essas vozes cria uma narrativa desequilibrada.<\/p>\n<p>Se a imprensa se prop\u00f5e a promover um debate p\u00fablico qualificado, precisa garantir pluralidade de perspectivas. Ouvir apenas o setor patronal refor\u00e7a uma l\u00f3gica em que os impactos econ\u00f4micos s\u00e3o superdimensionados, enquanto os impactos humanos s\u00e3o silenciados. A discuss\u00e3o sobre a escala 6&#215;1 n\u00e3o \u00e9 apenas cont\u00e1bil, mas tamb\u00e9m social, familiar etc. E, sem a voz dos trabalhadores, qualquer an\u00e1lise estar\u00e1 incompleta.<\/p>\n","protected":false},"excerpt":{"rendered":"<p>Quando o assunto \u00e9 o fim da escala 6&#215;1, a grande m\u00eddia tem aberto espa\u00e7o generoso para grandes empres\u00e1rios e representantes de entidades patronais. \u00c9 leg\u00edtimo que esses setores sejam ouvidos, afinal, fazem parte do debate e ser\u00e3o impactados por qualquer mudan\u00e7a na legisla\u00e7\u00e3o trabalhista. O problema n\u00e3o est\u00e1 em escut\u00e1-los. O problema est\u00e1 em [&hellip;]<\/p>\n","protected":false},"author":21,"featured_media":384418,"comment_status":"closed","ping_status":"closed","sticky":false,"template":"","format":"standard","meta":{"_acf_changed":false,"footnotes":""},"categories":[235],"tags":[],"class_list":["post-384417","post","type-post","status-publish","format-standard","has-post-thumbnail","hentry","category-dona-irene"],"acf":[],"yoast_head":"<!-- This site is optimized with the Yoast SEO plugin v27.2 - https:\/\/yoast.com\/product\/yoast-seo-wordpress\/ -->\n<title>Por que a m\u00eddia ignora o trabalhador no debate sobre a escala 6x1? - Notibras<\/title>\n<meta name=\"robots\" content=\"index, follow, max-snippet:-1, max-image-preview:large, max-video-preview:-1\" \/>\n<link rel=\"canonical\" href=\"https:\/\/www.notibras.com\/site\/por-que-a-midia-ignora-o-trabalhador-no-debate-sobre-a-escala-6x1\/\" \/>\n<meta property=\"og:locale\" content=\"pt_BR\" \/>\n<meta property=\"og:type\" content=\"article\" \/>\n<meta property=\"og:title\" content=\"Por que a m\u00eddia ignora o trabalhador no debate sobre a escala 6x1? - Notibras\" \/>\n<meta property=\"og:description\" content=\"Quando o assunto \u00e9 o fim da escala 6&#215;1, a grande m\u00eddia tem aberto espa\u00e7o generoso para grandes empres\u00e1rios e representantes de entidades patronais. \u00c9 leg\u00edtimo que esses setores sejam ouvidos, afinal, fazem parte do debate e ser\u00e3o impactados por qualquer mudan\u00e7a na legisla\u00e7\u00e3o trabalhista. O problema n\u00e3o est\u00e1 em escut\u00e1-los. O problema est\u00e1 em [&hellip;]\" \/>\n<meta property=\"og:url\" content=\"https:\/\/www.notibras.com\/site\/por-que-a-midia-ignora-o-trabalhador-no-debate-sobre-a-escala-6x1\/\" \/>\n<meta property=\"og:site_name\" content=\"Notibras\" \/>\n<meta property=\"article:publisher\" content=\"https:\/\/www.facebook.com\/notibras\/\" \/>\n<meta property=\"article:published_time\" content=\"2026-02-24T05:15:29+00:00\" \/>\n<meta property=\"og:image\" content=\"https:\/\/www.notibras.com\/site\/wp-content\/uploads\/2026\/02\/WhatsApp-Image-2026-02-23-at-23.04.00.jpeg\" \/>\n\t<meta property=\"og:image:width\" content=\"1024\" \/>\n\t<meta property=\"og:image:height\" content=\"1024\" \/>\n\t<meta property=\"og:image:type\" content=\"image\/jpeg\" \/>\n<meta name=\"author\" content=\"Eduardo Mart\u00ednez\" \/>\n<meta name=\"twitter:card\" content=\"summary_large_image\" \/>\n<meta name=\"twitter:creator\" content=\"@Notibras\" \/>\n<meta name=\"twitter:site\" content=\"@Notibras\" \/>\n<meta name=\"twitter:label1\" content=\"Escrito por\" \/>\n\t<meta name=\"twitter:data1\" content=\"Eduardo Mart\u00ednez\" \/>\n\t<meta name=\"twitter:label2\" content=\"Est. tempo de leitura\" \/>\n\t<meta name=\"twitter:data2\" content=\"2 minutos\" \/>\n<script type=\"application\/ld+json\" class=\"yoast-schema-graph\">{\"@context\":\"https:\/\/schema.org\",\"@graph\":[{\"@type\":\"Article\",\"@id\":\"https:\/\/www.notibras.com\/site\/por-que-a-midia-ignora-o-trabalhador-no-debate-sobre-a-escala-6x1\/#article\",\"isPartOf\":{\"@id\":\"https:\/\/www.notibras.com\/site\/por-que-a-midia-ignora-o-trabalhador-no-debate-sobre-a-escala-6x1\/\"},\"author\":{\"name\":\"Eduardo Mart\u00ednez\",\"@id\":\"https:\/\/www.notibras.com\/site\/#\/schema\/person\/5b7fabf2aedc3ada2105f03b22b4d3dd\"},\"headline\":\"Por que a m\u00eddia ignora o trabalhador no debate sobre a escala 6&#215;1?\",\"datePublished\":\"2026-02-24T05:15:29+00:00\",\"mainEntityOfPage\":{\"@id\":\"https:\/\/www.notibras.com\/site\/por-que-a-midia-ignora-o-trabalhador-no-debate-sobre-a-escala-6x1\/\"},\"wordCount\":253,\"publisher\":{\"@id\":\"https:\/\/www.notibras.com\/site\/#organization\"},\"image\":{\"@id\":\"https:\/\/www.notibras.com\/site\/por-que-a-midia-ignora-o-trabalhador-no-debate-sobre-a-escala-6x1\/#primaryimage\"},\"thumbnailUrl\":\"https:\/\/www.notibras.com\/site\/wp-content\/uploads\/2026\/02\/WhatsApp-Image-2026-02-23-at-23.04.00.jpeg\",\"articleSection\":[\"Dona Irene\"],\"inLanguage\":\"pt-BR\"},{\"@type\":\"WebPage\",\"@id\":\"https:\/\/www.notibras.com\/site\/por-que-a-midia-ignora-o-trabalhador-no-debate-sobre-a-escala-6x1\/\",\"url\":\"https:\/\/www.notibras.com\/site\/por-que-a-midia-ignora-o-trabalhador-no-debate-sobre-a-escala-6x1\/\",\"name\":\"Por que a m\u00eddia ignora o trabalhador no debate sobre a escala 6x1? - Notibras\",\"isPartOf\":{\"@id\":\"https:\/\/www.notibras.com\/site\/#website\"},\"primaryImageOfPage\":{\"@id\":\"https:\/\/www.notibras.com\/site\/por-que-a-midia-ignora-o-trabalhador-no-debate-sobre-a-escala-6x1\/#primaryimage\"},\"image\":{\"@id\":\"https:\/\/www.notibras.com\/site\/por-que-a-midia-ignora-o-trabalhador-no-debate-sobre-a-escala-6x1\/#primaryimage\"},\"thumbnailUrl\":\"https:\/\/www.notibras.com\/site\/wp-content\/uploads\/2026\/02\/WhatsApp-Image-2026-02-23-at-23.04.00.jpeg\",\"datePublished\":\"2026-02-24T05:15:29+00:00\",\"breadcrumb\":{\"@id\":\"https:\/\/www.notibras.com\/site\/por-que-a-midia-ignora-o-trabalhador-no-debate-sobre-a-escala-6x1\/#breadcrumb\"},\"inLanguage\":\"pt-BR\",\"potentialAction\":[{\"@type\":\"ReadAction\",\"target\":[\"https:\/\/www.notibras.com\/site\/por-que-a-midia-ignora-o-trabalhador-no-debate-sobre-a-escala-6x1\/\"]}]},{\"@type\":\"ImageObject\",\"inLanguage\":\"pt-BR\",\"@id\":\"https:\/\/www.notibras.com\/site\/por-que-a-midia-ignora-o-trabalhador-no-debate-sobre-a-escala-6x1\/#primaryimage\",\"url\":\"https:\/\/www.notibras.com\/site\/wp-content\/uploads\/2026\/02\/WhatsApp-Image-2026-02-23-at-23.04.00.jpeg\",\"contentUrl\":\"https:\/\/www.notibras.com\/site\/wp-content\/uploads\/2026\/02\/WhatsApp-Image-2026-02-23-at-23.04.00.jpeg\",\"width\":1024,\"height\":1024},{\"@type\":\"BreadcrumbList\",\"@id\":\"https:\/\/www.notibras.com\/site\/por-que-a-midia-ignora-o-trabalhador-no-debate-sobre-a-escala-6x1\/#breadcrumb\",\"itemListElement\":[{\"@type\":\"ListItem\",\"position\":1,\"name\":\"In\u00edcio\",\"item\":\"https:\/\/www.notibras.com\/site\/\"},{\"@type\":\"ListItem\",\"position\":2,\"name\":\"Por que a m\u00eddia ignora o trabalhador no debate sobre a escala 6&#215;1?\"}]},{\"@type\":\"WebSite\",\"@id\":\"https:\/\/www.notibras.com\/site\/#website\",\"url\":\"https:\/\/www.notibras.com\/site\/\",\"name\":\"Notibras\",\"description\":\"Not\u00edcias de Bras\u00edlia, do Brasil e do Mundo\",\"publisher\":{\"@id\":\"https:\/\/www.notibras.com\/site\/#organization\"},\"potentialAction\":[{\"@type\":\"SearchAction\",\"target\":{\"@type\":\"EntryPoint\",\"urlTemplate\":\"https:\/\/www.notibras.com\/site\/?s={search_term_string}\"},\"query-input\":{\"@type\":\"PropertyValueSpecification\",\"valueRequired\":true,\"valueName\":\"search_term_string\"}}],\"inLanguage\":\"pt-BR\"},{\"@type\":\"Organization\",\"@id\":\"https:\/\/www.notibras.com\/site\/#organization\",\"name\":\"Grupo Notibras de Comunica\u00e7\u00e3o\",\"url\":\"https:\/\/www.notibras.com\/site\/\",\"logo\":{\"@type\":\"ImageObject\",\"inLanguage\":\"pt-BR\",\"@id\":\"https:\/\/www.notibras.com\/site\/#\/schema\/logo\/image\/\",\"url\":\"https:\/\/www.notibras.com\/site\/wp-content\/uploads\/2023\/01\/notibras23.png\",\"contentUrl\":\"https:\/\/www.notibras.com\/site\/wp-content\/uploads\/2023\/01\/notibras23.png\",\"width\":350,\"height\":87,\"caption\":\"Grupo Notibras de Comunica\u00e7\u00e3o\"},\"image\":{\"@id\":\"https:\/\/www.notibras.com\/site\/#\/schema\/logo\/image\/\"},\"sameAs\":[\"https:\/\/www.facebook.com\/notibras\/\",\"https:\/\/x.com\/Notibras\",\"https:\/\/www.instagram.com\/notibras\/\"]},{\"@type\":\"Person\",\"@id\":\"https:\/\/www.notibras.com\/site\/#\/schema\/person\/5b7fabf2aedc3ada2105f03b22b4d3dd\",\"name\":\"Eduardo Mart\u00ednez\",\"image\":{\"@type\":\"ImageObject\",\"inLanguage\":\"pt-BR\",\"@id\":\"https:\/\/secure.gravatar.com\/avatar\/7902f906289926289cbcda644b5197c796b893c6ffd7b9a536a42d290f7704a0?s=96&d=mm&r=g\",\"url\":\"https:\/\/secure.gravatar.com\/avatar\/7902f906289926289cbcda644b5197c796b893c6ffd7b9a536a42d290f7704a0?s=96&d=mm&r=g\",\"contentUrl\":\"https:\/\/secure.gravatar.com\/avatar\/7902f906289926289cbcda644b5197c796b893c6ffd7b9a536a42d290f7704a0?s=96&d=mm&r=g\",\"caption\":\"Eduardo Mart\u00ednez\"}}]}<\/script>\n<!-- \/ Yoast SEO plugin. -->","yoast_head_json":{"title":"Por que a m\u00eddia ignora o trabalhador no debate sobre a escala 6x1? - Notibras","robots":{"index":"index","follow":"follow","max-snippet":"max-snippet:-1","max-image-preview":"max-image-preview:large","max-video-preview":"max-video-preview:-1"},"canonical":"https:\/\/www.notibras.com\/site\/por-que-a-midia-ignora-o-trabalhador-no-debate-sobre-a-escala-6x1\/","og_locale":"pt_BR","og_type":"article","og_title":"Por que a m\u00eddia ignora o trabalhador no debate sobre a escala 6x1? - Notibras","og_description":"Quando o assunto \u00e9 o fim da escala 6&#215;1, a grande m\u00eddia tem aberto espa\u00e7o generoso para grandes empres\u00e1rios e representantes de entidades patronais. \u00c9 leg\u00edtimo que esses setores sejam ouvidos, afinal, fazem parte do debate e ser\u00e3o impactados por qualquer mudan\u00e7a na legisla\u00e7\u00e3o trabalhista. O problema n\u00e3o est\u00e1 em escut\u00e1-los. O problema est\u00e1 em [&hellip;]","og_url":"https:\/\/www.notibras.com\/site\/por-que-a-midia-ignora-o-trabalhador-no-debate-sobre-a-escala-6x1\/","og_site_name":"Notibras","article_publisher":"https:\/\/www.facebook.com\/notibras\/","article_published_time":"2026-02-24T05:15:29+00:00","og_image":[{"width":1024,"height":1024,"url":"https:\/\/www.notibras.com\/site\/wp-content\/uploads\/2026\/02\/WhatsApp-Image-2026-02-23-at-23.04.00.jpeg","type":"image\/jpeg"}],"author":"Eduardo Mart\u00ednez","twitter_card":"summary_large_image","twitter_creator":"@Notibras","twitter_site":"@Notibras","twitter_misc":{"Escrito por":"Eduardo Mart\u00ednez","Est. tempo de leitura":"2 minutos"},"schema":{"@context":"https:\/\/schema.org","@graph":[{"@type":"Article","@id":"https:\/\/www.notibras.com\/site\/por-que-a-midia-ignora-o-trabalhador-no-debate-sobre-a-escala-6x1\/#article","isPartOf":{"@id":"https:\/\/www.notibras.com\/site\/por-que-a-midia-ignora-o-trabalhador-no-debate-sobre-a-escala-6x1\/"},"author":{"name":"Eduardo Mart\u00ednez","@id":"https:\/\/www.notibras.com\/site\/#\/schema\/person\/5b7fabf2aedc3ada2105f03b22b4d3dd"},"headline":"Por que a m\u00eddia ignora o trabalhador no debate sobre a escala 6&#215;1?","datePublished":"2026-02-24T05:15:29+00:00","mainEntityOfPage":{"@id":"https:\/\/www.notibras.com\/site\/por-que-a-midia-ignora-o-trabalhador-no-debate-sobre-a-escala-6x1\/"},"wordCount":253,"publisher":{"@id":"https:\/\/www.notibras.com\/site\/#organization"},"image":{"@id":"https:\/\/www.notibras.com\/site\/por-que-a-midia-ignora-o-trabalhador-no-debate-sobre-a-escala-6x1\/#primaryimage"},"thumbnailUrl":"https:\/\/www.notibras.com\/site\/wp-content\/uploads\/2026\/02\/WhatsApp-Image-2026-02-23-at-23.04.00.jpeg","articleSection":["Dona Irene"],"inLanguage":"pt-BR"},{"@type":"WebPage","@id":"https:\/\/www.notibras.com\/site\/por-que-a-midia-ignora-o-trabalhador-no-debate-sobre-a-escala-6x1\/","url":"https:\/\/www.notibras.com\/site\/por-que-a-midia-ignora-o-trabalhador-no-debate-sobre-a-escala-6x1\/","name":"Por que a m\u00eddia ignora o trabalhador no debate sobre a escala 6x1? - Notibras","isPartOf":{"@id":"https:\/\/www.notibras.com\/site\/#website"},"primaryImageOfPage":{"@id":"https:\/\/www.notibras.com\/site\/por-que-a-midia-ignora-o-trabalhador-no-debate-sobre-a-escala-6x1\/#primaryimage"},"image":{"@id":"https:\/\/www.notibras.com\/site\/por-que-a-midia-ignora-o-trabalhador-no-debate-sobre-a-escala-6x1\/#primaryimage"},"thumbnailUrl":"https:\/\/www.notibras.com\/site\/wp-content\/uploads\/2026\/02\/WhatsApp-Image-2026-02-23-at-23.04.00.jpeg","datePublished":"2026-02-24T05:15:29+00:00","breadcrumb":{"@id":"https:\/\/www.notibras.com\/site\/por-que-a-midia-ignora-o-trabalhador-no-debate-sobre-a-escala-6x1\/#breadcrumb"},"inLanguage":"pt-BR","potentialAction":[{"@type":"ReadAction","target":["https:\/\/www.notibras.com\/site\/por-que-a-midia-ignora-o-trabalhador-no-debate-sobre-a-escala-6x1\/"]}]},{"@type":"ImageObject","inLanguage":"pt-BR","@id":"https:\/\/www.notibras.com\/site\/por-que-a-midia-ignora-o-trabalhador-no-debate-sobre-a-escala-6x1\/#primaryimage","url":"https:\/\/www.notibras.com\/site\/wp-content\/uploads\/2026\/02\/WhatsApp-Image-2026-02-23-at-23.04.00.jpeg","contentUrl":"https:\/\/www.notibras.com\/site\/wp-content\/uploads\/2026\/02\/WhatsApp-Image-2026-02-23-at-23.04.00.jpeg","width":1024,"height":1024},{"@type":"BreadcrumbList","@id":"https:\/\/www.notibras.com\/site\/por-que-a-midia-ignora-o-trabalhador-no-debate-sobre-a-escala-6x1\/#breadcrumb","itemListElement":[{"@type":"ListItem","position":1,"name":"In\u00edcio","item":"https:\/\/www.notibras.com\/site\/"},{"@type":"ListItem","position":2,"name":"Por que a m\u00eddia ignora o trabalhador no debate sobre a escala 6&#215;1?"}]},{"@type":"WebSite","@id":"https:\/\/www.notibras.com\/site\/#website","url":"https:\/\/www.notibras.com\/site\/","name":"Notibras","description":"Not\u00edcias de Bras\u00edlia, do Brasil e do Mundo","publisher":{"@id":"https:\/\/www.notibras.com\/site\/#organization"},"potentialAction":[{"@type":"SearchAction","target":{"@type":"EntryPoint","urlTemplate":"https:\/\/www.notibras.com\/site\/?s={search_term_string}"},"query-input":{"@type":"PropertyValueSpecification","valueRequired":true,"valueName":"search_term_string"}}],"inLanguage":"pt-BR"},{"@type":"Organization","@id":"https:\/\/www.notibras.com\/site\/#organization","name":"Grupo Notibras de Comunica\u00e7\u00e3o","url":"https:\/\/www.notibras.com\/site\/","logo":{"@type":"ImageObject","inLanguage":"pt-BR","@id":"https:\/\/www.notibras.com\/site\/#\/schema\/logo\/image\/","url":"https:\/\/www.notibras.com\/site\/wp-content\/uploads\/2023\/01\/notibras23.png","contentUrl":"https:\/\/www.notibras.com\/site\/wp-content\/uploads\/2023\/01\/notibras23.png","width":350,"height":87,"caption":"Grupo Notibras de Comunica\u00e7\u00e3o"},"image":{"@id":"https:\/\/www.notibras.com\/site\/#\/schema\/logo\/image\/"},"sameAs":["https:\/\/www.facebook.com\/notibras\/","https:\/\/x.com\/Notibras","https:\/\/www.instagram.com\/notibras\/"]},{"@type":"Person","@id":"https:\/\/www.notibras.com\/site\/#\/schema\/person\/5b7fabf2aedc3ada2105f03b22b4d3dd","name":"Eduardo Mart\u00ednez","image":{"@type":"ImageObject","inLanguage":"pt-BR","@id":"https:\/\/secure.gravatar.com\/avatar\/7902f906289926289cbcda644b5197c796b893c6ffd7b9a536a42d290f7704a0?s=96&d=mm&r=g","url":"https:\/\/secure.gravatar.com\/avatar\/7902f906289926289cbcda644b5197c796b893c6ffd7b9a536a42d290f7704a0?s=96&d=mm&r=g","contentUrl":"https:\/\/secure.gravatar.com\/avatar\/7902f906289926289cbcda644b5197c796b893c6ffd7b9a536a42d290f7704a0?s=96&d=mm&r=g","caption":"Eduardo Mart\u00ednez"}}]}},"amp_enabled":true,"_links":{"self":[{"href":"https:\/\/www.notibras.com\/site\/wp-json\/wp\/v2\/posts\/384417","targetHints":{"allow":["GET"]}}],"collection":[{"href":"https:\/\/www.notibras.com\/site\/wp-json\/wp\/v2\/posts"}],"about":[{"href":"https:\/\/www.notibras.com\/site\/wp-json\/wp\/v2\/types\/post"}],"author":[{"embeddable":true,"href":"https:\/\/www.notibras.com\/site\/wp-json\/wp\/v2\/users\/21"}],"replies":[{"embeddable":true,"href":"https:\/\/www.notibras.com\/site\/wp-json\/wp\/v2\/comments?post=384417"}],"version-history":[{"count":2,"href":"https:\/\/www.notibras.com\/site\/wp-json\/wp\/v2\/posts\/384417\/revisions"}],"predecessor-version":[{"id":384420,"href":"https:\/\/www.notibras.com\/site\/wp-json\/wp\/v2\/posts\/384417\/revisions\/384420"}],"wp:featuredmedia":[{"embeddable":true,"href":"https:\/\/www.notibras.com\/site\/wp-json\/wp\/v2\/media\/384418"}],"wp:attachment":[{"href":"https:\/\/www.notibras.com\/site\/wp-json\/wp\/v2\/media?parent=384417"}],"wp:term":[{"taxonomy":"category","embeddable":true,"href":"https:\/\/www.notibras.com\/site\/wp-json\/wp\/v2\/categories?post=384417"},{"taxonomy":"post_tag","embeddable":true,"href":"https:\/\/www.notibras.com\/site\/wp-json\/wp\/v2\/tags?post=384417"}],"curies":[{"name":"wp","href":"https:\/\/api.w.org\/{rel}","templated":true}]}}