{"id":384437,"date":"2026-02-24T06:58:43","date_gmt":"2026-02-24T09:58:43","guid":{"rendered":"https:\/\/www.notibras.com\/site\/?p=384437"},"modified":"2026-02-24T06:58:43","modified_gmt":"2026-02-24T09:58:43","slug":"sobrecarregada-justica-atrasa-agora-precisa-provar-que-nunca-falha","status":"publish","type":"post","link":"https:\/\/www.notibras.com\/site\/sobrecarregada-justica-atrasa-agora-precisa-provar-que-nunca-falha\/","title":{"rendered":"Sobrecarregada, Justi\u00e7a atrasa; agora precisa provar que nunca falha"},"content":{"rendered":"<p>Oito anos ap\u00f3s o ocorrido, o Supremo Tribunal Federal come\u00e7a a julgar nesta ter\u00e7a, 24, os mandantes e executores do assassinato de Marielle Franco e do motorista Anderson Gomes. O julgamento \u00e9 importante, mas oportuno para a uma avalia\u00e7\u00e3o superficial de uma das mazelas da Justi\u00e7a. O irremedi\u00e1vel ac\u00famulo de processos nos estoques do Poder Judici\u00e1rio \u00e9 a principal desculpa dos magistrados das tr\u00eas inst\u00e2ncias para justificar o atraso cr\u00f4nico na presta\u00e7\u00e3o jurisdicional. Maior, mas n\u00e3o a \u00fanica culpada pela morosidade da Justi\u00e7a, a fragilidade das leis recursais gera a lentid\u00e3o e, por consequ\u00eancia, a sensa\u00e7\u00e3o de impunidade, o enfraquecimento da credibilidade das institui\u00e7\u00f5es e a sugest\u00e3o de que, no fim e ao cabo, o crime compensa.<\/p>\n<p>Enquanto n\u00e3o se \u201cdescobre\u201d efetivamente uma solu\u00e7\u00e3o para o problema, o atraso judicial acaba sendo sin\u00f4nimo efetivo e claro de injusti\u00e7a. Com a mesma for\u00e7a que mostra que enxerga, a Justi\u00e7a precisa ser s\u00e1bia. T\u00e3o nociva como a falta de m\u00e9dicos nos hospitais, a de professores nas escolas e a de policiais nas ruas dos grandes centros, a falta de pressa do Judici\u00e1rio \u00e9 resumida na c\u00e9lebre frase de Rui Barbosa: \u201cJusti\u00e7a atrasada n\u00e3o \u00e9 justi\u00e7a, sen\u00e3o injusti\u00e7a qualificada e manifesta\u201d. \u00c9 verdade que, por conta da lei e da ast\u00facia de algumas bancas de advogados, at\u00e9 briga de vizinhos ou despejo de inquilino podem atolar os escaninhos dos ministros do Tribunal Superior do Trabalho, do Superior Tribunal de Justi\u00e7a e, em alguns casos, subir para o Supremo Tribunal Federal.<\/p>\n<p>Tamb\u00e9m \u00e9 verdade que a Justi\u00e7a tem seu tempo, isto \u00e9, n\u00e3o pode ser nem lenta nem apressada. N\u00e3o fa\u00e7o nenhuma insinua\u00e7\u00e3o, mas, diante dos relatos di\u00e1rios, sou obrigado a lembrar Graciliano Ramos, para quem n\u00e3o h\u00e1 nada mais prec\u00e1rio do que a Justi\u00e7a. Associadas \u00e0 facilidade de recursos, as chamadas demandas de massa, normalmente provocadas por \u00f3rg\u00e3os p\u00fablicos, especialmente nas \u00e1reas fiscal, previdenci\u00e1ria e de servi\u00e7os p\u00fablicos, congestionam o Judici\u00e1rio. H\u00e1 outras, como o suposto pequeno quantitativo de ju\u00edzes em algumas unidades judici\u00e1rias, a falta de servidores (?), de equipamentos e de treinamento e a m\u00e1 gest\u00e3o de recursos materiais e humanos. Os gargalos s\u00e3o muitos. As explica\u00e7\u00f5es \u00e9 que s\u00e3o poucas e nem sempre convincentes.<\/p>\n<p>Embora distante do dia a dia do poder, tenho certeza de que os bastidores do Judici\u00e1rio s\u00e3o id\u00eanticos aos do Legislativo. S\u00e3o consideradas piores quando as excel\u00eancias decidem pelo ativismo judicial de m\u00e3o \u00fanica. Em ambos sobram servidores efetivos, pois a m\u00e3o de obra pesada \u00e9 a dos terceirizados, dos comissionados e dos requisitados. Al\u00e9m disso, aliado aos longos recessos, h\u00e1 o ac\u00famulo de folgas, de semanas emendadas e de aposentadorias precoces para chefes e chefiados. Tudo em nome da individualidade. A coletividades que se dane. Apesar da eterna jura de que nada disso interfere no modus operandi da Justi\u00e7a, \u00e9 claro que a sempre lembrada inefic\u00e1cia n\u00e3o foi resolvida com as recentes emendas e reformas, muito menos com a s\u00famula vinculante.<\/p>\n<p>Ent\u00e3o, como explicar \u00e0 popula\u00e7\u00e3o que at\u00e9 hoje a trag\u00e9dia de Brumadinho, ocorrida em 2019, permanece insol\u00favel. O rigor da lei deve valer para todos. Desconhe\u00e7o as raz\u00f5es pelas quais determinados processos s\u00e3o \u201cengavetados\u201d, mas n\u00e3o \u00e9 dif\u00edcil imaginar que o fim da seletividade contribuiria para a agilidade da presta\u00e7\u00e3o jurisdicional. Produtor de leis, o Congresso Nacional n\u00e3o pode se omitir, tampouco se esconder ou fingir que est\u00e1 tudo bem. \u00c9 imperativo que os Tr\u00eas Poderes se unam para alcan\u00e7ar um n\u00edvel pelo menos satisfat\u00f3rio de respeito ao direito de defesa do cidad\u00e3o brasileiro. A excel\u00eancia talvez nunca seja atingida. Por fim, n\u00e3o \u00e9 justo que, em um pa\u00eds com 213 milh\u00f5es de habitantes e razoavelmente evolu\u00eddo tecnologicamente, a\u00e7\u00f5es penais levem dez, 15, 20 anos para se encerrar.<\/p>\n<p>Como dizem os pensadores, para quem chega atrasado, nenhuma desculpa \u00e9 v\u00e1lida. Na pr\u00e1tica, quem chega atrasado n\u00e3o tem compromisso. Independentemente da inst\u00e2ncia, aquele que fez ou faz da Justi\u00e7a um sacerd\u00f3cio n\u00e3o deve jamais aceitar a tese \u201cbarbosiana\u201d de que a pior ditadura \u00e9 a do Judici\u00e1rio. At\u00e9 prova em contr\u00e1rio, contra ela n\u00e3o h\u00e1 quem recorrer. Seja qual for a alega\u00e7\u00e3o, inegavelmente o sistema processual do Brasil \u00e9 falho. Sin\u00f4nimo de lerdeza, tardan\u00e7a, morosidade e procrastina\u00e7\u00e3o, entre outros, a inefici\u00eancia judicial virou modismo nos tribunais. Tanto que nunca ouvi de um de seus milhares de representantes uma palavra sequer para contestar, com n\u00fameros e dados reais, a m\u00e1xima de que a Justi\u00e7a tarda porque \u00e9 lenta.<\/p>\n<p>&#8230;&#8230;&#8230;&#8230;..<\/p>\n<p><strong>Mathuzal\u00e9m J\u00fanior \u00e9 jornalista profissional desde 1978<\/strong><\/p>\n","protected":false},"excerpt":{"rendered":"<p>Oito anos ap\u00f3s o ocorrido, o Supremo Tribunal Federal come\u00e7a a julgar nesta ter\u00e7a, 24, os mandantes e executores do assassinato de Marielle Franco e do motorista Anderson Gomes. O julgamento \u00e9 importante, mas oportuno para a uma avalia\u00e7\u00e3o superficial de uma das mazelas da Justi\u00e7a. O irremedi\u00e1vel ac\u00famulo de processos nos estoques do Poder [&hellip;]<\/p>\n","protected":false},"author":2,"featured_media":172887,"comment_status":"closed","ping_status":"closed","sticky":false,"template":"","format":"standard","meta":{"_acf_changed":false,"footnotes":""},"categories":[16],"tags":[],"class_list":["post-384437","post","type-post","status-publish","format-standard","has-post-thumbnail","hentry","category-brasil"],"acf":[],"yoast_head":"<!-- This site is optimized with the Yoast SEO plugin v27.2 - https:\/\/yoast.com\/product\/yoast-seo-wordpress\/ -->\n<title>Sobrecarregada, Justi\u00e7a atrasa; agora precisa provar que nunca falha - Notibras<\/title>\n<meta name=\"robots\" content=\"index, follow, max-snippet:-1, max-image-preview:large, max-video-preview:-1\" \/>\n<link rel=\"canonical\" href=\"https:\/\/www.notibras.com\/site\/sobrecarregada-justica-atrasa-agora-precisa-provar-que-nunca-falha\/\" \/>\n<meta property=\"og:locale\" content=\"pt_BR\" \/>\n<meta property=\"og:type\" content=\"article\" \/>\n<meta property=\"og:title\" content=\"Sobrecarregada, Justi\u00e7a atrasa; agora precisa provar que nunca falha - Notibras\" \/>\n<meta property=\"og:description\" content=\"Oito anos ap\u00f3s o ocorrido, o Supremo Tribunal Federal come\u00e7a a julgar nesta ter\u00e7a, 24, os mandantes e executores do assassinato de Marielle Franco e do motorista Anderson Gomes. O julgamento \u00e9 importante, mas oportuno para a uma avalia\u00e7\u00e3o superficial de uma das mazelas da Justi\u00e7a. O irremedi\u00e1vel ac\u00famulo de processos nos estoques do Poder [&hellip;]\" \/>\n<meta property=\"og:url\" content=\"https:\/\/www.notibras.com\/site\/sobrecarregada-justica-atrasa-agora-precisa-provar-que-nunca-falha\/\" \/>\n<meta property=\"og:site_name\" content=\"Notibras\" \/>\n<meta property=\"article:publisher\" content=\"https:\/\/www.facebook.com\/notibras\/\" \/>\n<meta property=\"article:published_time\" content=\"2026-02-24T09:58:43+00:00\" \/>\n<meta property=\"og:image\" content=\"https:\/\/www.notibras.com\/site\/wp-content\/uploads\/2018\/03\/ela.jpg\" \/>\n\t<meta property=\"og:image:width\" content=\"1024\" \/>\n\t<meta property=\"og:image:height\" content=\"578\" \/>\n\t<meta property=\"og:image:type\" content=\"image\/jpeg\" \/>\n<meta name=\"author\" content=\"Reda\u00e7\u00e3o\" \/>\n<meta name=\"twitter:card\" content=\"summary_large_image\" \/>\n<meta name=\"twitter:creator\" content=\"@Notibras\" \/>\n<meta name=\"twitter:site\" content=\"@Notibras\" \/>\n<meta name=\"twitter:label1\" content=\"Escrito por\" \/>\n\t<meta name=\"twitter:data1\" content=\"Reda\u00e7\u00e3o\" \/>\n\t<meta name=\"twitter:label2\" content=\"Est. tempo de leitura\" \/>\n\t<meta name=\"twitter:data2\" content=\"5 minutos\" \/>\n<script type=\"application\/ld+json\" class=\"yoast-schema-graph\">{\"@context\":\"https:\/\/schema.org\",\"@graph\":[{\"@type\":\"Article\",\"@id\":\"https:\/\/www.notibras.com\/site\/sobrecarregada-justica-atrasa-agora-precisa-provar-que-nunca-falha\/#article\",\"isPartOf\":{\"@id\":\"https:\/\/www.notibras.com\/site\/sobrecarregada-justica-atrasa-agora-precisa-provar-que-nunca-falha\/\"},\"author\":{\"name\":\"Reda\u00e7\u00e3o\",\"@id\":\"https:\/\/www.notibras.com\/site\/#\/schema\/person\/36ab0979449956132d3e5b517ea76ac8\"},\"headline\":\"Sobrecarregada, Justi\u00e7a atrasa; agora precisa provar que nunca falha\",\"datePublished\":\"2026-02-24T09:58:43+00:00\",\"mainEntityOfPage\":{\"@id\":\"https:\/\/www.notibras.com\/site\/sobrecarregada-justica-atrasa-agora-precisa-provar-que-nunca-falha\/\"},\"wordCount\":836,\"publisher\":{\"@id\":\"https:\/\/www.notibras.com\/site\/#organization\"},\"image\":{\"@id\":\"https:\/\/www.notibras.com\/site\/sobrecarregada-justica-atrasa-agora-precisa-provar-que-nunca-falha\/#primaryimage\"},\"thumbnailUrl\":\"https:\/\/www.notibras.com\/site\/wp-content\/uploads\/2018\/03\/ela.jpg\",\"articleSection\":[\"Brasil\"],\"inLanguage\":\"pt-BR\"},{\"@type\":\"WebPage\",\"@id\":\"https:\/\/www.notibras.com\/site\/sobrecarregada-justica-atrasa-agora-precisa-provar-que-nunca-falha\/\",\"url\":\"https:\/\/www.notibras.com\/site\/sobrecarregada-justica-atrasa-agora-precisa-provar-que-nunca-falha\/\",\"name\":\"Sobrecarregada, Justi\u00e7a atrasa; agora precisa provar que nunca falha - Notibras\",\"isPartOf\":{\"@id\":\"https:\/\/www.notibras.com\/site\/#website\"},\"primaryImageOfPage\":{\"@id\":\"https:\/\/www.notibras.com\/site\/sobrecarregada-justica-atrasa-agora-precisa-provar-que-nunca-falha\/#primaryimage\"},\"image\":{\"@id\":\"https:\/\/www.notibras.com\/site\/sobrecarregada-justica-atrasa-agora-precisa-provar-que-nunca-falha\/#primaryimage\"},\"thumbnailUrl\":\"https:\/\/www.notibras.com\/site\/wp-content\/uploads\/2018\/03\/ela.jpg\",\"datePublished\":\"2026-02-24T09:58:43+00:00\",\"breadcrumb\":{\"@id\":\"https:\/\/www.notibras.com\/site\/sobrecarregada-justica-atrasa-agora-precisa-provar-que-nunca-falha\/#breadcrumb\"},\"inLanguage\":\"pt-BR\",\"potentialAction\":[{\"@type\":\"ReadAction\",\"target\":[\"https:\/\/www.notibras.com\/site\/sobrecarregada-justica-atrasa-agora-precisa-provar-que-nunca-falha\/\"]}]},{\"@type\":\"ImageObject\",\"inLanguage\":\"pt-BR\",\"@id\":\"https:\/\/www.notibras.com\/site\/sobrecarregada-justica-atrasa-agora-precisa-provar-que-nunca-falha\/#primaryimage\",\"url\":\"https:\/\/www.notibras.com\/site\/wp-content\/uploads\/2018\/03\/ela.jpg\",\"contentUrl\":\"https:\/\/www.notibras.com\/site\/wp-content\/uploads\/2018\/03\/ela.jpg\",\"width\":1024,\"height\":578},{\"@type\":\"BreadcrumbList\",\"@id\":\"https:\/\/www.notibras.com\/site\/sobrecarregada-justica-atrasa-agora-precisa-provar-que-nunca-falha\/#breadcrumb\",\"itemListElement\":[{\"@type\":\"ListItem\",\"position\":1,\"name\":\"In\u00edcio\",\"item\":\"https:\/\/www.notibras.com\/site\/\"},{\"@type\":\"ListItem\",\"position\":2,\"name\":\"Sobrecarregada, Justi\u00e7a atrasa; agora precisa provar que nunca falha\"}]},{\"@type\":\"WebSite\",\"@id\":\"https:\/\/www.notibras.com\/site\/#website\",\"url\":\"https:\/\/www.notibras.com\/site\/\",\"name\":\"Notibras\",\"description\":\"Not\u00edcias de Bras\u00edlia, do Brasil e do Mundo\",\"publisher\":{\"@id\":\"https:\/\/www.notibras.com\/site\/#organization\"},\"potentialAction\":[{\"@type\":\"SearchAction\",\"target\":{\"@type\":\"EntryPoint\",\"urlTemplate\":\"https:\/\/www.notibras.com\/site\/?s={search_term_string}\"},\"query-input\":{\"@type\":\"PropertyValueSpecification\",\"valueRequired\":true,\"valueName\":\"search_term_string\"}}],\"inLanguage\":\"pt-BR\"},{\"@type\":\"Organization\",\"@id\":\"https:\/\/www.notibras.com\/site\/#organization\",\"name\":\"Grupo Notibras de Comunica\u00e7\u00e3o\",\"url\":\"https:\/\/www.notibras.com\/site\/\",\"logo\":{\"@type\":\"ImageObject\",\"inLanguage\":\"pt-BR\",\"@id\":\"https:\/\/www.notibras.com\/site\/#\/schema\/logo\/image\/\",\"url\":\"https:\/\/www.notibras.com\/site\/wp-content\/uploads\/2023\/01\/notibras23.png\",\"contentUrl\":\"https:\/\/www.notibras.com\/site\/wp-content\/uploads\/2023\/01\/notibras23.png\",\"width\":350,\"height\":87,\"caption\":\"Grupo Notibras de Comunica\u00e7\u00e3o\"},\"image\":{\"@id\":\"https:\/\/www.notibras.com\/site\/#\/schema\/logo\/image\/\"},\"sameAs\":[\"https:\/\/www.facebook.com\/notibras\/\",\"https:\/\/x.com\/Notibras\",\"https:\/\/www.instagram.com\/notibras\/\"]},{\"@type\":\"Person\",\"@id\":\"https:\/\/www.notibras.com\/site\/#\/schema\/person\/36ab0979449956132d3e5b517ea76ac8\",\"name\":\"Reda\u00e7\u00e3o\",\"image\":{\"@type\":\"ImageObject\",\"inLanguage\":\"pt-BR\",\"@id\":\"https:\/\/secure.gravatar.com\/avatar\/e0a867bdedb85fd243eadf09663511f96fc81e0720a4a42581f334ad4303aa6b?s=96&d=mm&r=g\",\"url\":\"https:\/\/secure.gravatar.com\/avatar\/e0a867bdedb85fd243eadf09663511f96fc81e0720a4a42581f334ad4303aa6b?s=96&d=mm&r=g\",\"contentUrl\":\"https:\/\/secure.gravatar.com\/avatar\/e0a867bdedb85fd243eadf09663511f96fc81e0720a4a42581f334ad4303aa6b?s=96&d=mm&r=g\",\"caption\":\"Reda\u00e7\u00e3o\"}}]}<\/script>\n<!-- \/ Yoast SEO plugin. -->","yoast_head_json":{"title":"Sobrecarregada, Justi\u00e7a atrasa; agora precisa provar que nunca falha - Notibras","robots":{"index":"index","follow":"follow","max-snippet":"max-snippet:-1","max-image-preview":"max-image-preview:large","max-video-preview":"max-video-preview:-1"},"canonical":"https:\/\/www.notibras.com\/site\/sobrecarregada-justica-atrasa-agora-precisa-provar-que-nunca-falha\/","og_locale":"pt_BR","og_type":"article","og_title":"Sobrecarregada, Justi\u00e7a atrasa; agora precisa provar que nunca falha - Notibras","og_description":"Oito anos ap\u00f3s o ocorrido, o Supremo Tribunal Federal come\u00e7a a julgar nesta ter\u00e7a, 24, os mandantes e executores do assassinato de Marielle Franco e do motorista Anderson Gomes. O julgamento \u00e9 importante, mas oportuno para a uma avalia\u00e7\u00e3o superficial de uma das mazelas da Justi\u00e7a. O irremedi\u00e1vel ac\u00famulo de processos nos estoques do Poder [&hellip;]","og_url":"https:\/\/www.notibras.com\/site\/sobrecarregada-justica-atrasa-agora-precisa-provar-que-nunca-falha\/","og_site_name":"Notibras","article_publisher":"https:\/\/www.facebook.com\/notibras\/","article_published_time":"2026-02-24T09:58:43+00:00","og_image":[{"width":1024,"height":578,"url":"https:\/\/www.notibras.com\/site\/wp-content\/uploads\/2018\/03\/ela.jpg","type":"image\/jpeg"}],"author":"Reda\u00e7\u00e3o","twitter_card":"summary_large_image","twitter_creator":"@Notibras","twitter_site":"@Notibras","twitter_misc":{"Escrito por":"Reda\u00e7\u00e3o","Est. tempo de leitura":"5 minutos"},"schema":{"@context":"https:\/\/schema.org","@graph":[{"@type":"Article","@id":"https:\/\/www.notibras.com\/site\/sobrecarregada-justica-atrasa-agora-precisa-provar-que-nunca-falha\/#article","isPartOf":{"@id":"https:\/\/www.notibras.com\/site\/sobrecarregada-justica-atrasa-agora-precisa-provar-que-nunca-falha\/"},"author":{"name":"Reda\u00e7\u00e3o","@id":"https:\/\/www.notibras.com\/site\/#\/schema\/person\/36ab0979449956132d3e5b517ea76ac8"},"headline":"Sobrecarregada, Justi\u00e7a atrasa; agora precisa provar que nunca falha","datePublished":"2026-02-24T09:58:43+00:00","mainEntityOfPage":{"@id":"https:\/\/www.notibras.com\/site\/sobrecarregada-justica-atrasa-agora-precisa-provar-que-nunca-falha\/"},"wordCount":836,"publisher":{"@id":"https:\/\/www.notibras.com\/site\/#organization"},"image":{"@id":"https:\/\/www.notibras.com\/site\/sobrecarregada-justica-atrasa-agora-precisa-provar-que-nunca-falha\/#primaryimage"},"thumbnailUrl":"https:\/\/www.notibras.com\/site\/wp-content\/uploads\/2018\/03\/ela.jpg","articleSection":["Brasil"],"inLanguage":"pt-BR"},{"@type":"WebPage","@id":"https:\/\/www.notibras.com\/site\/sobrecarregada-justica-atrasa-agora-precisa-provar-que-nunca-falha\/","url":"https:\/\/www.notibras.com\/site\/sobrecarregada-justica-atrasa-agora-precisa-provar-que-nunca-falha\/","name":"Sobrecarregada, Justi\u00e7a atrasa; agora precisa provar que nunca falha - Notibras","isPartOf":{"@id":"https:\/\/www.notibras.com\/site\/#website"},"primaryImageOfPage":{"@id":"https:\/\/www.notibras.com\/site\/sobrecarregada-justica-atrasa-agora-precisa-provar-que-nunca-falha\/#primaryimage"},"image":{"@id":"https:\/\/www.notibras.com\/site\/sobrecarregada-justica-atrasa-agora-precisa-provar-que-nunca-falha\/#primaryimage"},"thumbnailUrl":"https:\/\/www.notibras.com\/site\/wp-content\/uploads\/2018\/03\/ela.jpg","datePublished":"2026-02-24T09:58:43+00:00","breadcrumb":{"@id":"https:\/\/www.notibras.com\/site\/sobrecarregada-justica-atrasa-agora-precisa-provar-que-nunca-falha\/#breadcrumb"},"inLanguage":"pt-BR","potentialAction":[{"@type":"ReadAction","target":["https:\/\/www.notibras.com\/site\/sobrecarregada-justica-atrasa-agora-precisa-provar-que-nunca-falha\/"]}]},{"@type":"ImageObject","inLanguage":"pt-BR","@id":"https:\/\/www.notibras.com\/site\/sobrecarregada-justica-atrasa-agora-precisa-provar-que-nunca-falha\/#primaryimage","url":"https:\/\/www.notibras.com\/site\/wp-content\/uploads\/2018\/03\/ela.jpg","contentUrl":"https:\/\/www.notibras.com\/site\/wp-content\/uploads\/2018\/03\/ela.jpg","width":1024,"height":578},{"@type":"BreadcrumbList","@id":"https:\/\/www.notibras.com\/site\/sobrecarregada-justica-atrasa-agora-precisa-provar-que-nunca-falha\/#breadcrumb","itemListElement":[{"@type":"ListItem","position":1,"name":"In\u00edcio","item":"https:\/\/www.notibras.com\/site\/"},{"@type":"ListItem","position":2,"name":"Sobrecarregada, Justi\u00e7a atrasa; agora precisa provar que nunca falha"}]},{"@type":"WebSite","@id":"https:\/\/www.notibras.com\/site\/#website","url":"https:\/\/www.notibras.com\/site\/","name":"Notibras","description":"Not\u00edcias de Bras\u00edlia, do Brasil e do Mundo","publisher":{"@id":"https:\/\/www.notibras.com\/site\/#organization"},"potentialAction":[{"@type":"SearchAction","target":{"@type":"EntryPoint","urlTemplate":"https:\/\/www.notibras.com\/site\/?s={search_term_string}"},"query-input":{"@type":"PropertyValueSpecification","valueRequired":true,"valueName":"search_term_string"}}],"inLanguage":"pt-BR"},{"@type":"Organization","@id":"https:\/\/www.notibras.com\/site\/#organization","name":"Grupo Notibras de Comunica\u00e7\u00e3o","url":"https:\/\/www.notibras.com\/site\/","logo":{"@type":"ImageObject","inLanguage":"pt-BR","@id":"https:\/\/www.notibras.com\/site\/#\/schema\/logo\/image\/","url":"https:\/\/www.notibras.com\/site\/wp-content\/uploads\/2023\/01\/notibras23.png","contentUrl":"https:\/\/www.notibras.com\/site\/wp-content\/uploads\/2023\/01\/notibras23.png","width":350,"height":87,"caption":"Grupo Notibras de Comunica\u00e7\u00e3o"},"image":{"@id":"https:\/\/www.notibras.com\/site\/#\/schema\/logo\/image\/"},"sameAs":["https:\/\/www.facebook.com\/notibras\/","https:\/\/x.com\/Notibras","https:\/\/www.instagram.com\/notibras\/"]},{"@type":"Person","@id":"https:\/\/www.notibras.com\/site\/#\/schema\/person\/36ab0979449956132d3e5b517ea76ac8","name":"Reda\u00e7\u00e3o","image":{"@type":"ImageObject","inLanguage":"pt-BR","@id":"https:\/\/secure.gravatar.com\/avatar\/e0a867bdedb85fd243eadf09663511f96fc81e0720a4a42581f334ad4303aa6b?s=96&d=mm&r=g","url":"https:\/\/secure.gravatar.com\/avatar\/e0a867bdedb85fd243eadf09663511f96fc81e0720a4a42581f334ad4303aa6b?s=96&d=mm&r=g","contentUrl":"https:\/\/secure.gravatar.com\/avatar\/e0a867bdedb85fd243eadf09663511f96fc81e0720a4a42581f334ad4303aa6b?s=96&d=mm&r=g","caption":"Reda\u00e7\u00e3o"}}]}},"amp_enabled":true,"_links":{"self":[{"href":"https:\/\/www.notibras.com\/site\/wp-json\/wp\/v2\/posts\/384437","targetHints":{"allow":["GET"]}}],"collection":[{"href":"https:\/\/www.notibras.com\/site\/wp-json\/wp\/v2\/posts"}],"about":[{"href":"https:\/\/www.notibras.com\/site\/wp-json\/wp\/v2\/types\/post"}],"author":[{"embeddable":true,"href":"https:\/\/www.notibras.com\/site\/wp-json\/wp\/v2\/users\/2"}],"replies":[{"embeddable":true,"href":"https:\/\/www.notibras.com\/site\/wp-json\/wp\/v2\/comments?post=384437"}],"version-history":[{"count":1,"href":"https:\/\/www.notibras.com\/site\/wp-json\/wp\/v2\/posts\/384437\/revisions"}],"predecessor-version":[{"id":384438,"href":"https:\/\/www.notibras.com\/site\/wp-json\/wp\/v2\/posts\/384437\/revisions\/384438"}],"wp:featuredmedia":[{"embeddable":true,"href":"https:\/\/www.notibras.com\/site\/wp-json\/wp\/v2\/media\/172887"}],"wp:attachment":[{"href":"https:\/\/www.notibras.com\/site\/wp-json\/wp\/v2\/media?parent=384437"}],"wp:term":[{"taxonomy":"category","embeddable":true,"href":"https:\/\/www.notibras.com\/site\/wp-json\/wp\/v2\/categories?post=384437"},{"taxonomy":"post_tag","embeddable":true,"href":"https:\/\/www.notibras.com\/site\/wp-json\/wp\/v2\/tags?post=384437"}],"curies":[{"name":"wp","href":"https:\/\/api.w.org\/{rel}","templated":true}]}}