{"id":384442,"date":"2026-02-24T00:00:22","date_gmt":"2026-02-24T03:00:22","guid":{"rendered":"https:\/\/www.notibras.com\/site\/?p=384442"},"modified":"2026-02-24T07:20:06","modified_gmt":"2026-02-24T10:20:06","slug":"mendonca-tem-reuniao-com-pf-e-recebe-relatorio-sobre-caso-master","status":"publish","type":"post","link":"https:\/\/www.notibras.com\/site\/mendonca-tem-reuniao-com-pf-e-recebe-relatorio-sobre-caso-master\/","title":{"rendered":"Mendon\u00e7a tem reuni\u00e3o com PF e recebe relat\u00f3rio sobre Caso Master"},"content":{"rendered":"<p>O ministro Andr\u00e9 Mendon\u00e7a, do Supremo Tribunal Federal (STF), se reuniu nesta segunda-feira (23) com integrantes da Pol\u00edcia Federal (PF) para tomar conhecimento das investiga\u00e7\u00f5es que envolvem o Banco Master.<\/p>\n<p>Durante a reuni\u00e3o, o ministro recebeu um relat\u00f3rio sobre o andamento da apura\u00e7\u00e3o. O encontro representa a segunda reuni\u00e3o de Mendon\u00e7a com a PF ap\u00f3s Dias Toffoli pedir para deixar a relatoria do caso. O primeiro foi realizado no dia 13 deste m\u00eas.<\/p>\n<p>A sa\u00edda de Toffoli foi decidida durante reuni\u00e3o, realizada no dia 12 de fevereiro, na qual os ministros da Corte foram informados de que h\u00e1 men\u00e7\u00f5es ao nome do ministro em mensagens encontradas no celular do banqueiro Daniel Vorcaro, dono do Master, que teve o aparelho apreendido durante busca e apreens\u00e3o da PF.<\/p>\n<p>Em novembro de 2025, o banqueiro Daniel Vorcaro e outros acusados foram alvo da Opera\u00e7\u00e3o Compliance Zero, deflagrada pela PF para investigar a concess\u00e3o de cr\u00e9ditos falsos pelo Banco Master, incluindo a tentativa de compra da institui\u00e7\u00e3o financeira pelo Banco de Bras\u00edlia (BRB), institui\u00e7\u00e3o p\u00fablica ligada ao governo do Distrito Federal.<\/p>\n<p>De acordo com as investiga\u00e7\u00f5es, as fraudes podem chegar a R$ 17 bilh\u00f5es.<\/p>\n","protected":false},"excerpt":{"rendered":"<p>O ministro Andr\u00e9 Mendon\u00e7a, do Supremo Tribunal Federal (STF), se reuniu nesta segunda-feira (23) com integrantes da Pol\u00edcia Federal (PF) para tomar conhecimento das investiga\u00e7\u00f5es que envolvem o Banco Master. Durante a reuni\u00e3o, o ministro recebeu um relat\u00f3rio sobre o andamento da apura\u00e7\u00e3o. O encontro representa a segunda reuni\u00e3o de Mendon\u00e7a com a PF ap\u00f3s [&hellip;]<\/p>\n","protected":false},"author":2,"featured_media":384443,"comment_status":"closed","ping_status":"closed","sticky":false,"template":"","format":"standard","meta":{"_acf_changed":false,"footnotes":""},"categories":[16],"tags":[],"class_list":["post-384442","post","type-post","status-publish","format-standard","has-post-thumbnail","hentry","category-brasil"],"acf":[],"yoast_head":"<!-- This site is optimized with the Yoast SEO plugin v27.2 - https:\/\/yoast.com\/product\/yoast-seo-wordpress\/ -->\n<title>Mendon\u00e7a tem reuni\u00e3o com PF e recebe relat\u00f3rio sobre Caso Master - Notibras<\/title>\n<meta name=\"robots\" content=\"index, follow, max-snippet:-1, max-image-preview:large, max-video-preview:-1\" \/>\n<link rel=\"canonical\" href=\"https:\/\/www.notibras.com\/site\/mendonca-tem-reuniao-com-pf-e-recebe-relatorio-sobre-caso-master\/\" \/>\n<meta property=\"og:locale\" content=\"pt_BR\" \/>\n<meta property=\"og:type\" content=\"article\" \/>\n<meta property=\"og:title\" content=\"Mendon\u00e7a tem reuni\u00e3o com PF e recebe relat\u00f3rio sobre Caso Master - Notibras\" \/>\n<meta property=\"og:description\" content=\"O ministro Andr\u00e9 Mendon\u00e7a, do Supremo Tribunal Federal (STF), se reuniu nesta segunda-feira (23) com integrantes da Pol\u00edcia Federal (PF) para tomar conhecimento das investiga\u00e7\u00f5es que envolvem o Banco Master. Durante a reuni\u00e3o, o ministro recebeu um relat\u00f3rio sobre o andamento da apura\u00e7\u00e3o. O encontro representa a segunda reuni\u00e3o de Mendon\u00e7a com a PF ap\u00f3s [&hellip;]\" \/>\n<meta property=\"og:url\" content=\"https:\/\/www.notibras.com\/site\/mendonca-tem-reuniao-com-pf-e-recebe-relatorio-sobre-caso-master\/\" \/>\n<meta property=\"og:site_name\" content=\"Notibras\" \/>\n<meta property=\"article:publisher\" content=\"https:\/\/www.facebook.com\/notibras\/\" \/>\n<meta property=\"article:published_time\" content=\"2026-02-24T03:00:22+00:00\" \/>\n<meta property=\"article:modified_time\" content=\"2026-02-24T10:20:06+00:00\" \/>\n<meta property=\"og:image\" content=\"https:\/\/www.notibras.com\/site\/wp-content\/uploads\/2026\/02\/0g0a6420.webp\" \/>\n\t<meta property=\"og:image:width\" content=\"1170\" \/>\n\t<meta property=\"og:image:height\" content=\"700\" \/>\n\t<meta property=\"og:image:type\" content=\"image\/webp\" \/>\n<meta name=\"author\" content=\"Reda\u00e7\u00e3o\" \/>\n<meta name=\"twitter:card\" content=\"summary_large_image\" \/>\n<meta name=\"twitter:creator\" content=\"@Notibras\" \/>\n<meta name=\"twitter:site\" content=\"@Notibras\" \/>\n<meta name=\"twitter:label1\" content=\"Escrito por\" \/>\n\t<meta name=\"twitter:data1\" content=\"Reda\u00e7\u00e3o\" \/>\n\t<meta name=\"twitter:label2\" content=\"Est. tempo de leitura\" \/>\n\t<meta name=\"twitter:data2\" content=\"2 minutos\" \/>\n<script type=\"application\/ld+json\" class=\"yoast-schema-graph\">{\"@context\":\"https:\/\/schema.org\",\"@graph\":[{\"@type\":\"Article\",\"@id\":\"https:\/\/www.notibras.com\/site\/mendonca-tem-reuniao-com-pf-e-recebe-relatorio-sobre-caso-master\/#article\",\"isPartOf\":{\"@id\":\"https:\/\/www.notibras.com\/site\/mendonca-tem-reuniao-com-pf-e-recebe-relatorio-sobre-caso-master\/\"},\"author\":{\"name\":\"Reda\u00e7\u00e3o\",\"@id\":\"https:\/\/www.notibras.com\/site\/#\/schema\/person\/36ab0979449956132d3e5b517ea76ac8\"},\"headline\":\"Mendon\u00e7a tem reuni\u00e3o com PF e recebe relat\u00f3rio sobre Caso Master\",\"datePublished\":\"2026-02-24T03:00:22+00:00\",\"dateModified\":\"2026-02-24T10:20:06+00:00\",\"mainEntityOfPage\":{\"@id\":\"https:\/\/www.notibras.com\/site\/mendonca-tem-reuniao-com-pf-e-recebe-relatorio-sobre-caso-master\/\"},\"wordCount\":222,\"publisher\":{\"@id\":\"https:\/\/www.notibras.com\/site\/#organization\"},\"image\":{\"@id\":\"https:\/\/www.notibras.com\/site\/mendonca-tem-reuniao-com-pf-e-recebe-relatorio-sobre-caso-master\/#primaryimage\"},\"thumbnailUrl\":\"https:\/\/www.notibras.com\/site\/wp-content\/uploads\/2026\/02\/0g0a6420.webp\",\"articleSection\":[\"Brasil\"],\"inLanguage\":\"pt-BR\"},{\"@type\":\"WebPage\",\"@id\":\"https:\/\/www.notibras.com\/site\/mendonca-tem-reuniao-com-pf-e-recebe-relatorio-sobre-caso-master\/\",\"url\":\"https:\/\/www.notibras.com\/site\/mendonca-tem-reuniao-com-pf-e-recebe-relatorio-sobre-caso-master\/\",\"name\":\"Mendon\u00e7a tem reuni\u00e3o com PF e recebe relat\u00f3rio sobre Caso Master - Notibras\",\"isPartOf\":{\"@id\":\"https:\/\/www.notibras.com\/site\/#website\"},\"primaryImageOfPage\":{\"@id\":\"https:\/\/www.notibras.com\/site\/mendonca-tem-reuniao-com-pf-e-recebe-relatorio-sobre-caso-master\/#primaryimage\"},\"image\":{\"@id\":\"https:\/\/www.notibras.com\/site\/mendonca-tem-reuniao-com-pf-e-recebe-relatorio-sobre-caso-master\/#primaryimage\"},\"thumbnailUrl\":\"https:\/\/www.notibras.com\/site\/wp-content\/uploads\/2026\/02\/0g0a6420.webp\",\"datePublished\":\"2026-02-24T03:00:22+00:00\",\"dateModified\":\"2026-02-24T10:20:06+00:00\",\"breadcrumb\":{\"@id\":\"https:\/\/www.notibras.com\/site\/mendonca-tem-reuniao-com-pf-e-recebe-relatorio-sobre-caso-master\/#breadcrumb\"},\"inLanguage\":\"pt-BR\",\"potentialAction\":[{\"@type\":\"ReadAction\",\"target\":[\"https:\/\/www.notibras.com\/site\/mendonca-tem-reuniao-com-pf-e-recebe-relatorio-sobre-caso-master\/\"]}]},{\"@type\":\"ImageObject\",\"inLanguage\":\"pt-BR\",\"@id\":\"https:\/\/www.notibras.com\/site\/mendonca-tem-reuniao-com-pf-e-recebe-relatorio-sobre-caso-master\/#primaryimage\",\"url\":\"https:\/\/www.notibras.com\/site\/wp-content\/uploads\/2026\/02\/0g0a6420.webp\",\"contentUrl\":\"https:\/\/www.notibras.com\/site\/wp-content\/uploads\/2026\/02\/0g0a6420.webp\",\"width\":1170,\"height\":700},{\"@type\":\"BreadcrumbList\",\"@id\":\"https:\/\/www.notibras.com\/site\/mendonca-tem-reuniao-com-pf-e-recebe-relatorio-sobre-caso-master\/#breadcrumb\",\"itemListElement\":[{\"@type\":\"ListItem\",\"position\":1,\"name\":\"In\u00edcio\",\"item\":\"https:\/\/www.notibras.com\/site\/\"},{\"@type\":\"ListItem\",\"position\":2,\"name\":\"Mendon\u00e7a tem reuni\u00e3o com PF e recebe relat\u00f3rio sobre Caso Master\"}]},{\"@type\":\"WebSite\",\"@id\":\"https:\/\/www.notibras.com\/site\/#website\",\"url\":\"https:\/\/www.notibras.com\/site\/\",\"name\":\"Notibras\",\"description\":\"Not\u00edcias de Bras\u00edlia, do Brasil e do Mundo\",\"publisher\":{\"@id\":\"https:\/\/www.notibras.com\/site\/#organization\"},\"potentialAction\":[{\"@type\":\"SearchAction\",\"target\":{\"@type\":\"EntryPoint\",\"urlTemplate\":\"https:\/\/www.notibras.com\/site\/?s={search_term_string}\"},\"query-input\":{\"@type\":\"PropertyValueSpecification\",\"valueRequired\":true,\"valueName\":\"search_term_string\"}}],\"inLanguage\":\"pt-BR\"},{\"@type\":\"Organization\",\"@id\":\"https:\/\/www.notibras.com\/site\/#organization\",\"name\":\"Grupo Notibras de Comunica\u00e7\u00e3o\",\"url\":\"https:\/\/www.notibras.com\/site\/\",\"logo\":{\"@type\":\"ImageObject\",\"inLanguage\":\"pt-BR\",\"@id\":\"https:\/\/www.notibras.com\/site\/#\/schema\/logo\/image\/\",\"url\":\"https:\/\/www.notibras.com\/site\/wp-content\/uploads\/2023\/01\/notibras23.png\",\"contentUrl\":\"https:\/\/www.notibras.com\/site\/wp-content\/uploads\/2023\/01\/notibras23.png\",\"width\":350,\"height\":87,\"caption\":\"Grupo Notibras de Comunica\u00e7\u00e3o\"},\"image\":{\"@id\":\"https:\/\/www.notibras.com\/site\/#\/schema\/logo\/image\/\"},\"sameAs\":[\"https:\/\/www.facebook.com\/notibras\/\",\"https:\/\/x.com\/Notibras\",\"https:\/\/www.instagram.com\/notibras\/\"]},{\"@type\":\"Person\",\"@id\":\"https:\/\/www.notibras.com\/site\/#\/schema\/person\/36ab0979449956132d3e5b517ea76ac8\",\"name\":\"Reda\u00e7\u00e3o\",\"image\":{\"@type\":\"ImageObject\",\"inLanguage\":\"pt-BR\",\"@id\":\"https:\/\/secure.gravatar.com\/avatar\/e0a867bdedb85fd243eadf09663511f96fc81e0720a4a42581f334ad4303aa6b?s=96&d=mm&r=g\",\"url\":\"https:\/\/secure.gravatar.com\/avatar\/e0a867bdedb85fd243eadf09663511f96fc81e0720a4a42581f334ad4303aa6b?s=96&d=mm&r=g\",\"contentUrl\":\"https:\/\/secure.gravatar.com\/avatar\/e0a867bdedb85fd243eadf09663511f96fc81e0720a4a42581f334ad4303aa6b?s=96&d=mm&r=g\",\"caption\":\"Reda\u00e7\u00e3o\"}}]}<\/script>\n<!-- \/ Yoast SEO plugin. -->","yoast_head_json":{"title":"Mendon\u00e7a tem reuni\u00e3o com PF e recebe relat\u00f3rio sobre Caso Master - Notibras","robots":{"index":"index","follow":"follow","max-snippet":"max-snippet:-1","max-image-preview":"max-image-preview:large","max-video-preview":"max-video-preview:-1"},"canonical":"https:\/\/www.notibras.com\/site\/mendonca-tem-reuniao-com-pf-e-recebe-relatorio-sobre-caso-master\/","og_locale":"pt_BR","og_type":"article","og_title":"Mendon\u00e7a tem reuni\u00e3o com PF e recebe relat\u00f3rio sobre Caso Master - Notibras","og_description":"O ministro Andr\u00e9 Mendon\u00e7a, do Supremo Tribunal Federal (STF), se reuniu nesta segunda-feira (23) com integrantes da Pol\u00edcia Federal (PF) para tomar conhecimento das investiga\u00e7\u00f5es que envolvem o Banco Master. Durante a reuni\u00e3o, o ministro recebeu um relat\u00f3rio sobre o andamento da apura\u00e7\u00e3o. O encontro representa a segunda reuni\u00e3o de Mendon\u00e7a com a PF ap\u00f3s [&hellip;]","og_url":"https:\/\/www.notibras.com\/site\/mendonca-tem-reuniao-com-pf-e-recebe-relatorio-sobre-caso-master\/","og_site_name":"Notibras","article_publisher":"https:\/\/www.facebook.com\/notibras\/","article_published_time":"2026-02-24T03:00:22+00:00","article_modified_time":"2026-02-24T10:20:06+00:00","og_image":[{"width":1170,"height":700,"url":"https:\/\/www.notibras.com\/site\/wp-content\/uploads\/2026\/02\/0g0a6420.webp","type":"image\/webp"}],"author":"Reda\u00e7\u00e3o","twitter_card":"summary_large_image","twitter_creator":"@Notibras","twitter_site":"@Notibras","twitter_misc":{"Escrito por":"Reda\u00e7\u00e3o","Est. tempo de leitura":"2 minutos"},"schema":{"@context":"https:\/\/schema.org","@graph":[{"@type":"Article","@id":"https:\/\/www.notibras.com\/site\/mendonca-tem-reuniao-com-pf-e-recebe-relatorio-sobre-caso-master\/#article","isPartOf":{"@id":"https:\/\/www.notibras.com\/site\/mendonca-tem-reuniao-com-pf-e-recebe-relatorio-sobre-caso-master\/"},"author":{"name":"Reda\u00e7\u00e3o","@id":"https:\/\/www.notibras.com\/site\/#\/schema\/person\/36ab0979449956132d3e5b517ea76ac8"},"headline":"Mendon\u00e7a tem reuni\u00e3o com PF e recebe relat\u00f3rio sobre Caso Master","datePublished":"2026-02-24T03:00:22+00:00","dateModified":"2026-02-24T10:20:06+00:00","mainEntityOfPage":{"@id":"https:\/\/www.notibras.com\/site\/mendonca-tem-reuniao-com-pf-e-recebe-relatorio-sobre-caso-master\/"},"wordCount":222,"publisher":{"@id":"https:\/\/www.notibras.com\/site\/#organization"},"image":{"@id":"https:\/\/www.notibras.com\/site\/mendonca-tem-reuniao-com-pf-e-recebe-relatorio-sobre-caso-master\/#primaryimage"},"thumbnailUrl":"https:\/\/www.notibras.com\/site\/wp-content\/uploads\/2026\/02\/0g0a6420.webp","articleSection":["Brasil"],"inLanguage":"pt-BR"},{"@type":"WebPage","@id":"https:\/\/www.notibras.com\/site\/mendonca-tem-reuniao-com-pf-e-recebe-relatorio-sobre-caso-master\/","url":"https:\/\/www.notibras.com\/site\/mendonca-tem-reuniao-com-pf-e-recebe-relatorio-sobre-caso-master\/","name":"Mendon\u00e7a tem reuni\u00e3o com PF e recebe relat\u00f3rio sobre Caso Master - Notibras","isPartOf":{"@id":"https:\/\/www.notibras.com\/site\/#website"},"primaryImageOfPage":{"@id":"https:\/\/www.notibras.com\/site\/mendonca-tem-reuniao-com-pf-e-recebe-relatorio-sobre-caso-master\/#primaryimage"},"image":{"@id":"https:\/\/www.notibras.com\/site\/mendonca-tem-reuniao-com-pf-e-recebe-relatorio-sobre-caso-master\/#primaryimage"},"thumbnailUrl":"https:\/\/www.notibras.com\/site\/wp-content\/uploads\/2026\/02\/0g0a6420.webp","datePublished":"2026-02-24T03:00:22+00:00","dateModified":"2026-02-24T10:20:06+00:00","breadcrumb":{"@id":"https:\/\/www.notibras.com\/site\/mendonca-tem-reuniao-com-pf-e-recebe-relatorio-sobre-caso-master\/#breadcrumb"},"inLanguage":"pt-BR","potentialAction":[{"@type":"ReadAction","target":["https:\/\/www.notibras.com\/site\/mendonca-tem-reuniao-com-pf-e-recebe-relatorio-sobre-caso-master\/"]}]},{"@type":"ImageObject","inLanguage":"pt-BR","@id":"https:\/\/www.notibras.com\/site\/mendonca-tem-reuniao-com-pf-e-recebe-relatorio-sobre-caso-master\/#primaryimage","url":"https:\/\/www.notibras.com\/site\/wp-content\/uploads\/2026\/02\/0g0a6420.webp","contentUrl":"https:\/\/www.notibras.com\/site\/wp-content\/uploads\/2026\/02\/0g0a6420.webp","width":1170,"height":700},{"@type":"BreadcrumbList","@id":"https:\/\/www.notibras.com\/site\/mendonca-tem-reuniao-com-pf-e-recebe-relatorio-sobre-caso-master\/#breadcrumb","itemListElement":[{"@type":"ListItem","position":1,"name":"In\u00edcio","item":"https:\/\/www.notibras.com\/site\/"},{"@type":"ListItem","position":2,"name":"Mendon\u00e7a tem reuni\u00e3o com PF e recebe relat\u00f3rio sobre Caso Master"}]},{"@type":"WebSite","@id":"https:\/\/www.notibras.com\/site\/#website","url":"https:\/\/www.notibras.com\/site\/","name":"Notibras","description":"Not\u00edcias de Bras\u00edlia, do Brasil e do Mundo","publisher":{"@id":"https:\/\/www.notibras.com\/site\/#organization"},"potentialAction":[{"@type":"SearchAction","target":{"@type":"EntryPoint","urlTemplate":"https:\/\/www.notibras.com\/site\/?s={search_term_string}"},"query-input":{"@type":"PropertyValueSpecification","valueRequired":true,"valueName":"search_term_string"}}],"inLanguage":"pt-BR"},{"@type":"Organization","@id":"https:\/\/www.notibras.com\/site\/#organization","name":"Grupo Notibras de Comunica\u00e7\u00e3o","url":"https:\/\/www.notibras.com\/site\/","logo":{"@type":"ImageObject","inLanguage":"pt-BR","@id":"https:\/\/www.notibras.com\/site\/#\/schema\/logo\/image\/","url":"https:\/\/www.notibras.com\/site\/wp-content\/uploads\/2023\/01\/notibras23.png","contentUrl":"https:\/\/www.notibras.com\/site\/wp-content\/uploads\/2023\/01\/notibras23.png","width":350,"height":87,"caption":"Grupo Notibras de Comunica\u00e7\u00e3o"},"image":{"@id":"https:\/\/www.notibras.com\/site\/#\/schema\/logo\/image\/"},"sameAs":["https:\/\/www.facebook.com\/notibras\/","https:\/\/x.com\/Notibras","https:\/\/www.instagram.com\/notibras\/"]},{"@type":"Person","@id":"https:\/\/www.notibras.com\/site\/#\/schema\/person\/36ab0979449956132d3e5b517ea76ac8","name":"Reda\u00e7\u00e3o","image":{"@type":"ImageObject","inLanguage":"pt-BR","@id":"https:\/\/secure.gravatar.com\/avatar\/e0a867bdedb85fd243eadf09663511f96fc81e0720a4a42581f334ad4303aa6b?s=96&d=mm&r=g","url":"https:\/\/secure.gravatar.com\/avatar\/e0a867bdedb85fd243eadf09663511f96fc81e0720a4a42581f334ad4303aa6b?s=96&d=mm&r=g","contentUrl":"https:\/\/secure.gravatar.com\/avatar\/e0a867bdedb85fd243eadf09663511f96fc81e0720a4a42581f334ad4303aa6b?s=96&d=mm&r=g","caption":"Reda\u00e7\u00e3o"}}]}},"amp_enabled":true,"_links":{"self":[{"href":"https:\/\/www.notibras.com\/site\/wp-json\/wp\/v2\/posts\/384442","targetHints":{"allow":["GET"]}}],"collection":[{"href":"https:\/\/www.notibras.com\/site\/wp-json\/wp\/v2\/posts"}],"about":[{"href":"https:\/\/www.notibras.com\/site\/wp-json\/wp\/v2\/types\/post"}],"author":[{"embeddable":true,"href":"https:\/\/www.notibras.com\/site\/wp-json\/wp\/v2\/users\/2"}],"replies":[{"embeddable":true,"href":"https:\/\/www.notibras.com\/site\/wp-json\/wp\/v2\/comments?post=384442"}],"version-history":[{"count":1,"href":"https:\/\/www.notibras.com\/site\/wp-json\/wp\/v2\/posts\/384442\/revisions"}],"predecessor-version":[{"id":384444,"href":"https:\/\/www.notibras.com\/site\/wp-json\/wp\/v2\/posts\/384442\/revisions\/384444"}],"wp:featuredmedia":[{"embeddable":true,"href":"https:\/\/www.notibras.com\/site\/wp-json\/wp\/v2\/media\/384443"}],"wp:attachment":[{"href":"https:\/\/www.notibras.com\/site\/wp-json\/wp\/v2\/media?parent=384442"}],"wp:term":[{"taxonomy":"category","embeddable":true,"href":"https:\/\/www.notibras.com\/site\/wp-json\/wp\/v2\/categories?post=384442"},{"taxonomy":"post_tag","embeddable":true,"href":"https:\/\/www.notibras.com\/site\/wp-json\/wp\/v2\/tags?post=384442"}],"curies":[{"name":"wp","href":"https:\/\/api.w.org\/{rel}","templated":true}]}}