{"id":384445,"date":"2026-02-24T00:00:26","date_gmt":"2026-02-24T03:00:26","guid":{"rendered":"https:\/\/www.notibras.com\/site\/?p=384445"},"modified":"2026-02-24T07:24:05","modified_gmt":"2026-02-24T10:24:05","slug":"veiculos-de-cargas-respondem-por-44-das-mortes-nas-estradas","status":"publish","type":"post","link":"https:\/\/www.notibras.com\/site\/veiculos-de-cargas-respondem-por-44-das-mortes-nas-estradas\/","title":{"rendered":"Ve\u00edculos de cargas respondem por 44% das mortes nas estradas"},"content":{"rendered":"<p>No balan\u00e7o da Opera\u00e7\u00e3o Rodovida, a Pol\u00edcia Rodovi\u00e1ria Federal (PRF) informou, nesta segunda-feira (23), que das 1.172 mortes nas estradas federais brasileiras registradas nos \u00faltimos 66 dias, um total de 514 v\u00edtimas esteve em acidentes que envolveram ve\u00edculos de carga. O n\u00famero representou 43,93% do total.<\/p>\n<p>Os acidentes com esse tipo de ve\u00edculo totalizaram 3.149 casos. Eles representam 23,81% do total de sinistros nas estradas. Os dados foram apresentados em evento na cidade de Aracaju (SE) no encerramento da opera\u00e7\u00e3o.<\/p>\n<p>A Opera\u00e7\u00e3o Rodovida come\u00e7ou em 18 de dezembro do ano passado e durou at\u00e9 o \u00faltimo domingo (22).<\/p>\n<p>A corpora\u00e7\u00e3o afirmou que, dentre esses acidentes com ve\u00edculos de carga, as colis\u00f5es frontais foram as que mais resultaram em mortes, com 288 no total (o maior n\u00famero).<\/p>\n<p><strong>Mortes no carnaval<\/strong><br \/>\nDurante o per\u00edodo carnavalesco, pelo menos 130 pessoas morreram nas estradas. Segundo a corpora\u00e7\u00e3o, foi o carnaval mais violento da d\u00e9cada.<\/p>\n<p>Os n\u00fameros mostraram ainda um aumento de 8,54% nos acidentes de tr\u00e2nsito graves durante os dias de folia. A maioria das v\u00edtimas estava em autom\u00f3veis e motocicletas.<\/p>\n<p><strong>Alta velocidade<\/strong><br \/>\nDurante toda a Opera\u00e7\u00e3o Rodovida, ao menos 1,2 milh\u00e3o de ve\u00edculos dos mais diferentes tipos apresentaram excesso de velocidade. Outros n\u00fameros que trouxeram preocupa\u00e7\u00e3o \u00e0 corpora\u00e7\u00e3o foram de 58,7 mil ultrapassagens irregulares e 11,1 mil motoristas embriagados ao volante.<\/p>\n<p>Segundo a PRF, a proposta da opera\u00e7\u00e3o foi de fazer a seguran\u00e7a nos per\u00edodos de maior movimenta\u00e7\u00e3o nas estradas, o que incluiu as f\u00e9rias escolares e as opera\u00e7\u00f5es Natal, Ano Novo e Carnaval.<\/p>\n<p><strong>Celular ao volante<\/strong><br \/>\nSegundo ainda a corpora\u00e7\u00e3o, foram flagrados tamb\u00e9m 9,6 mil condutores utilizando o celular enquanto dirigiam. Al\u00e9m disso, 54,5 mil pessoas n\u00e3o usaram o cinto de seguran\u00e7a ou a \u201ccadeirinha\u201d para crian\u00e7as at\u00e9 quatro anos de idade.<\/p>\n<p>Entre os ocupantes de motocicletas, 10,3 mil pessoas n\u00e3o usaram o capacete. Entre os motoristas profissionais (de \u00f4nibus ou caminh\u00e3o, por exemplo), 17,1 mil n\u00e3o respeitaram a Lei do Descanso (que estabelece ao menos 11 horas de pausa em um dia).<\/p>\n","protected":false},"excerpt":{"rendered":"<p>No balan\u00e7o da Opera\u00e7\u00e3o Rodovida, a Pol\u00edcia Rodovi\u00e1ria Federal (PRF) informou, nesta segunda-feira (23), que das 1.172 mortes nas estradas federais brasileiras registradas nos \u00faltimos 66 dias, um total de 514 v\u00edtimas esteve em acidentes que envolveram ve\u00edculos de carga. O n\u00famero representou 43,93% do total. Os acidentes com esse tipo de ve\u00edculo totalizaram 3.149 [&hellip;]<\/p>\n","protected":false},"author":2,"featured_media":384446,"comment_status":"closed","ping_status":"closed","sticky":false,"template":"","format":"standard","meta":{"_acf_changed":false,"footnotes":""},"categories":[16],"tags":[],"class_list":["post-384445","post","type-post","status-publish","format-standard","has-post-thumbnail","hentry","category-brasil"],"acf":[],"yoast_head":"<!-- This site is optimized with the Yoast SEO plugin v27.2 - https:\/\/yoast.com\/product\/yoast-seo-wordpress\/ -->\n<title>Ve\u00edculos de cargas respondem por 44% das mortes nas estradas - Notibras<\/title>\n<meta name=\"robots\" content=\"index, follow, max-snippet:-1, max-image-preview:large, max-video-preview:-1\" \/>\n<link rel=\"canonical\" href=\"https:\/\/www.notibras.com\/site\/veiculos-de-cargas-respondem-por-44-das-mortes-nas-estradas\/\" \/>\n<meta property=\"og:locale\" content=\"pt_BR\" \/>\n<meta property=\"og:type\" content=\"article\" \/>\n<meta property=\"og:title\" content=\"Ve\u00edculos de cargas respondem por 44% das mortes nas estradas - Notibras\" \/>\n<meta property=\"og:description\" content=\"No balan\u00e7o da Opera\u00e7\u00e3o Rodovida, a Pol\u00edcia Rodovi\u00e1ria Federal (PRF) informou, nesta segunda-feira (23), que das 1.172 mortes nas estradas federais brasileiras registradas nos \u00faltimos 66 dias, um total de 514 v\u00edtimas esteve em acidentes que envolveram ve\u00edculos de carga. O n\u00famero representou 43,93% do total. Os acidentes com esse tipo de ve\u00edculo totalizaram 3.149 [&hellip;]\" \/>\n<meta property=\"og:url\" content=\"https:\/\/www.notibras.com\/site\/veiculos-de-cargas-respondem-por-44-das-mortes-nas-estradas\/\" \/>\n<meta property=\"og:site_name\" content=\"Notibras\" \/>\n<meta property=\"article:publisher\" content=\"https:\/\/www.facebook.com\/notibras\/\" \/>\n<meta property=\"article:published_time\" content=\"2026-02-24T03:00:26+00:00\" \/>\n<meta property=\"article:modified_time\" content=\"2026-02-24T10:24:05+00:00\" \/>\n<meta property=\"og:image\" content=\"https:\/\/www.notibras.com\/site\/wp-content\/uploads\/2026\/02\/movimento_nas_estradas.webp\" \/>\n\t<meta property=\"og:image:width\" content=\"1170\" \/>\n\t<meta property=\"og:image:height\" content=\"700\" \/>\n\t<meta property=\"og:image:type\" content=\"image\/webp\" \/>\n<meta name=\"author\" content=\"Reda\u00e7\u00e3o\" \/>\n<meta name=\"twitter:card\" content=\"summary_large_image\" \/>\n<meta name=\"twitter:creator\" content=\"@Notibras\" \/>\n<meta name=\"twitter:site\" content=\"@Notibras\" \/>\n<meta name=\"twitter:label1\" content=\"Escrito por\" \/>\n\t<meta name=\"twitter:data1\" content=\"Reda\u00e7\u00e3o\" \/>\n\t<meta name=\"twitter:label2\" content=\"Est. tempo de leitura\" \/>\n\t<meta name=\"twitter:data2\" content=\"3 minutos\" \/>\n<script type=\"application\/ld+json\" class=\"yoast-schema-graph\">{\"@context\":\"https:\/\/schema.org\",\"@graph\":[{\"@type\":\"Article\",\"@id\":\"https:\/\/www.notibras.com\/site\/veiculos-de-cargas-respondem-por-44-das-mortes-nas-estradas\/#article\",\"isPartOf\":{\"@id\":\"https:\/\/www.notibras.com\/site\/veiculos-de-cargas-respondem-por-44-das-mortes-nas-estradas\/\"},\"author\":{\"name\":\"Reda\u00e7\u00e3o\",\"@id\":\"https:\/\/www.notibras.com\/site\/#\/schema\/person\/36ab0979449956132d3e5b517ea76ac8\"},\"headline\":\"Ve\u00edculos de cargas respondem por 44% das mortes nas estradas\",\"datePublished\":\"2026-02-24T03:00:26+00:00\",\"dateModified\":\"2026-02-24T10:24:05+00:00\",\"mainEntityOfPage\":{\"@id\":\"https:\/\/www.notibras.com\/site\/veiculos-de-cargas-respondem-por-44-das-mortes-nas-estradas\/\"},\"wordCount\":363,\"publisher\":{\"@id\":\"https:\/\/www.notibras.com\/site\/#organization\"},\"image\":{\"@id\":\"https:\/\/www.notibras.com\/site\/veiculos-de-cargas-respondem-por-44-das-mortes-nas-estradas\/#primaryimage\"},\"thumbnailUrl\":\"https:\/\/www.notibras.com\/site\/wp-content\/uploads\/2026\/02\/movimento_nas_estradas.webp\",\"articleSection\":[\"Brasil\"],\"inLanguage\":\"pt-BR\"},{\"@type\":\"WebPage\",\"@id\":\"https:\/\/www.notibras.com\/site\/veiculos-de-cargas-respondem-por-44-das-mortes-nas-estradas\/\",\"url\":\"https:\/\/www.notibras.com\/site\/veiculos-de-cargas-respondem-por-44-das-mortes-nas-estradas\/\",\"name\":\"Ve\u00edculos de cargas respondem por 44% das mortes nas estradas - Notibras\",\"isPartOf\":{\"@id\":\"https:\/\/www.notibras.com\/site\/#website\"},\"primaryImageOfPage\":{\"@id\":\"https:\/\/www.notibras.com\/site\/veiculos-de-cargas-respondem-por-44-das-mortes-nas-estradas\/#primaryimage\"},\"image\":{\"@id\":\"https:\/\/www.notibras.com\/site\/veiculos-de-cargas-respondem-por-44-das-mortes-nas-estradas\/#primaryimage\"},\"thumbnailUrl\":\"https:\/\/www.notibras.com\/site\/wp-content\/uploads\/2026\/02\/movimento_nas_estradas.webp\",\"datePublished\":\"2026-02-24T03:00:26+00:00\",\"dateModified\":\"2026-02-24T10:24:05+00:00\",\"breadcrumb\":{\"@id\":\"https:\/\/www.notibras.com\/site\/veiculos-de-cargas-respondem-por-44-das-mortes-nas-estradas\/#breadcrumb\"},\"inLanguage\":\"pt-BR\",\"potentialAction\":[{\"@type\":\"ReadAction\",\"target\":[\"https:\/\/www.notibras.com\/site\/veiculos-de-cargas-respondem-por-44-das-mortes-nas-estradas\/\"]}]},{\"@type\":\"ImageObject\",\"inLanguage\":\"pt-BR\",\"@id\":\"https:\/\/www.notibras.com\/site\/veiculos-de-cargas-respondem-por-44-das-mortes-nas-estradas\/#primaryimage\",\"url\":\"https:\/\/www.notibras.com\/site\/wp-content\/uploads\/2026\/02\/movimento_nas_estradas.webp\",\"contentUrl\":\"https:\/\/www.notibras.com\/site\/wp-content\/uploads\/2026\/02\/movimento_nas_estradas.webp\",\"width\":1170,\"height\":700},{\"@type\":\"BreadcrumbList\",\"@id\":\"https:\/\/www.notibras.com\/site\/veiculos-de-cargas-respondem-por-44-das-mortes-nas-estradas\/#breadcrumb\",\"itemListElement\":[{\"@type\":\"ListItem\",\"position\":1,\"name\":\"In\u00edcio\",\"item\":\"https:\/\/www.notibras.com\/site\/\"},{\"@type\":\"ListItem\",\"position\":2,\"name\":\"Ve\u00edculos de cargas respondem por 44% das mortes nas estradas\"}]},{\"@type\":\"WebSite\",\"@id\":\"https:\/\/www.notibras.com\/site\/#website\",\"url\":\"https:\/\/www.notibras.com\/site\/\",\"name\":\"Notibras\",\"description\":\"Not\u00edcias de Bras\u00edlia, do Brasil e do Mundo\",\"publisher\":{\"@id\":\"https:\/\/www.notibras.com\/site\/#organization\"},\"potentialAction\":[{\"@type\":\"SearchAction\",\"target\":{\"@type\":\"EntryPoint\",\"urlTemplate\":\"https:\/\/www.notibras.com\/site\/?s={search_term_string}\"},\"query-input\":{\"@type\":\"PropertyValueSpecification\",\"valueRequired\":true,\"valueName\":\"search_term_string\"}}],\"inLanguage\":\"pt-BR\"},{\"@type\":\"Organization\",\"@id\":\"https:\/\/www.notibras.com\/site\/#organization\",\"name\":\"Grupo Notibras de Comunica\u00e7\u00e3o\",\"url\":\"https:\/\/www.notibras.com\/site\/\",\"logo\":{\"@type\":\"ImageObject\",\"inLanguage\":\"pt-BR\",\"@id\":\"https:\/\/www.notibras.com\/site\/#\/schema\/logo\/image\/\",\"url\":\"https:\/\/www.notibras.com\/site\/wp-content\/uploads\/2023\/01\/notibras23.png\",\"contentUrl\":\"https:\/\/www.notibras.com\/site\/wp-content\/uploads\/2023\/01\/notibras23.png\",\"width\":350,\"height\":87,\"caption\":\"Grupo Notibras de Comunica\u00e7\u00e3o\"},\"image\":{\"@id\":\"https:\/\/www.notibras.com\/site\/#\/schema\/logo\/image\/\"},\"sameAs\":[\"https:\/\/www.facebook.com\/notibras\/\",\"https:\/\/x.com\/Notibras\",\"https:\/\/www.instagram.com\/notibras\/\"]},{\"@type\":\"Person\",\"@id\":\"https:\/\/www.notibras.com\/site\/#\/schema\/person\/36ab0979449956132d3e5b517ea76ac8\",\"name\":\"Reda\u00e7\u00e3o\",\"image\":{\"@type\":\"ImageObject\",\"inLanguage\":\"pt-BR\",\"@id\":\"https:\/\/secure.gravatar.com\/avatar\/e0a867bdedb85fd243eadf09663511f96fc81e0720a4a42581f334ad4303aa6b?s=96&d=mm&r=g\",\"url\":\"https:\/\/secure.gravatar.com\/avatar\/e0a867bdedb85fd243eadf09663511f96fc81e0720a4a42581f334ad4303aa6b?s=96&d=mm&r=g\",\"contentUrl\":\"https:\/\/secure.gravatar.com\/avatar\/e0a867bdedb85fd243eadf09663511f96fc81e0720a4a42581f334ad4303aa6b?s=96&d=mm&r=g\",\"caption\":\"Reda\u00e7\u00e3o\"}}]}<\/script>\n<!-- \/ Yoast SEO plugin. -->","yoast_head_json":{"title":"Ve\u00edculos de cargas respondem por 44% das mortes nas estradas - Notibras","robots":{"index":"index","follow":"follow","max-snippet":"max-snippet:-1","max-image-preview":"max-image-preview:large","max-video-preview":"max-video-preview:-1"},"canonical":"https:\/\/www.notibras.com\/site\/veiculos-de-cargas-respondem-por-44-das-mortes-nas-estradas\/","og_locale":"pt_BR","og_type":"article","og_title":"Ve\u00edculos de cargas respondem por 44% das mortes nas estradas - Notibras","og_description":"No balan\u00e7o da Opera\u00e7\u00e3o Rodovida, a Pol\u00edcia Rodovi\u00e1ria Federal (PRF) informou, nesta segunda-feira (23), que das 1.172 mortes nas estradas federais brasileiras registradas nos \u00faltimos 66 dias, um total de 514 v\u00edtimas esteve em acidentes que envolveram ve\u00edculos de carga. O n\u00famero representou 43,93% do total. Os acidentes com esse tipo de ve\u00edculo totalizaram 3.149 [&hellip;]","og_url":"https:\/\/www.notibras.com\/site\/veiculos-de-cargas-respondem-por-44-das-mortes-nas-estradas\/","og_site_name":"Notibras","article_publisher":"https:\/\/www.facebook.com\/notibras\/","article_published_time":"2026-02-24T03:00:26+00:00","article_modified_time":"2026-02-24T10:24:05+00:00","og_image":[{"width":1170,"height":700,"url":"https:\/\/www.notibras.com\/site\/wp-content\/uploads\/2026\/02\/movimento_nas_estradas.webp","type":"image\/webp"}],"author":"Reda\u00e7\u00e3o","twitter_card":"summary_large_image","twitter_creator":"@Notibras","twitter_site":"@Notibras","twitter_misc":{"Escrito por":"Reda\u00e7\u00e3o","Est. tempo de leitura":"3 minutos"},"schema":{"@context":"https:\/\/schema.org","@graph":[{"@type":"Article","@id":"https:\/\/www.notibras.com\/site\/veiculos-de-cargas-respondem-por-44-das-mortes-nas-estradas\/#article","isPartOf":{"@id":"https:\/\/www.notibras.com\/site\/veiculos-de-cargas-respondem-por-44-das-mortes-nas-estradas\/"},"author":{"name":"Reda\u00e7\u00e3o","@id":"https:\/\/www.notibras.com\/site\/#\/schema\/person\/36ab0979449956132d3e5b517ea76ac8"},"headline":"Ve\u00edculos de cargas respondem por 44% das mortes nas estradas","datePublished":"2026-02-24T03:00:26+00:00","dateModified":"2026-02-24T10:24:05+00:00","mainEntityOfPage":{"@id":"https:\/\/www.notibras.com\/site\/veiculos-de-cargas-respondem-por-44-das-mortes-nas-estradas\/"},"wordCount":363,"publisher":{"@id":"https:\/\/www.notibras.com\/site\/#organization"},"image":{"@id":"https:\/\/www.notibras.com\/site\/veiculos-de-cargas-respondem-por-44-das-mortes-nas-estradas\/#primaryimage"},"thumbnailUrl":"https:\/\/www.notibras.com\/site\/wp-content\/uploads\/2026\/02\/movimento_nas_estradas.webp","articleSection":["Brasil"],"inLanguage":"pt-BR"},{"@type":"WebPage","@id":"https:\/\/www.notibras.com\/site\/veiculos-de-cargas-respondem-por-44-das-mortes-nas-estradas\/","url":"https:\/\/www.notibras.com\/site\/veiculos-de-cargas-respondem-por-44-das-mortes-nas-estradas\/","name":"Ve\u00edculos de cargas respondem por 44% das mortes nas estradas - Notibras","isPartOf":{"@id":"https:\/\/www.notibras.com\/site\/#website"},"primaryImageOfPage":{"@id":"https:\/\/www.notibras.com\/site\/veiculos-de-cargas-respondem-por-44-das-mortes-nas-estradas\/#primaryimage"},"image":{"@id":"https:\/\/www.notibras.com\/site\/veiculos-de-cargas-respondem-por-44-das-mortes-nas-estradas\/#primaryimage"},"thumbnailUrl":"https:\/\/www.notibras.com\/site\/wp-content\/uploads\/2026\/02\/movimento_nas_estradas.webp","datePublished":"2026-02-24T03:00:26+00:00","dateModified":"2026-02-24T10:24:05+00:00","breadcrumb":{"@id":"https:\/\/www.notibras.com\/site\/veiculos-de-cargas-respondem-por-44-das-mortes-nas-estradas\/#breadcrumb"},"inLanguage":"pt-BR","potentialAction":[{"@type":"ReadAction","target":["https:\/\/www.notibras.com\/site\/veiculos-de-cargas-respondem-por-44-das-mortes-nas-estradas\/"]}]},{"@type":"ImageObject","inLanguage":"pt-BR","@id":"https:\/\/www.notibras.com\/site\/veiculos-de-cargas-respondem-por-44-das-mortes-nas-estradas\/#primaryimage","url":"https:\/\/www.notibras.com\/site\/wp-content\/uploads\/2026\/02\/movimento_nas_estradas.webp","contentUrl":"https:\/\/www.notibras.com\/site\/wp-content\/uploads\/2026\/02\/movimento_nas_estradas.webp","width":1170,"height":700},{"@type":"BreadcrumbList","@id":"https:\/\/www.notibras.com\/site\/veiculos-de-cargas-respondem-por-44-das-mortes-nas-estradas\/#breadcrumb","itemListElement":[{"@type":"ListItem","position":1,"name":"In\u00edcio","item":"https:\/\/www.notibras.com\/site\/"},{"@type":"ListItem","position":2,"name":"Ve\u00edculos de cargas respondem por 44% das mortes nas estradas"}]},{"@type":"WebSite","@id":"https:\/\/www.notibras.com\/site\/#website","url":"https:\/\/www.notibras.com\/site\/","name":"Notibras","description":"Not\u00edcias de Bras\u00edlia, do Brasil e do Mundo","publisher":{"@id":"https:\/\/www.notibras.com\/site\/#organization"},"potentialAction":[{"@type":"SearchAction","target":{"@type":"EntryPoint","urlTemplate":"https:\/\/www.notibras.com\/site\/?s={search_term_string}"},"query-input":{"@type":"PropertyValueSpecification","valueRequired":true,"valueName":"search_term_string"}}],"inLanguage":"pt-BR"},{"@type":"Organization","@id":"https:\/\/www.notibras.com\/site\/#organization","name":"Grupo Notibras de Comunica\u00e7\u00e3o","url":"https:\/\/www.notibras.com\/site\/","logo":{"@type":"ImageObject","inLanguage":"pt-BR","@id":"https:\/\/www.notibras.com\/site\/#\/schema\/logo\/image\/","url":"https:\/\/www.notibras.com\/site\/wp-content\/uploads\/2023\/01\/notibras23.png","contentUrl":"https:\/\/www.notibras.com\/site\/wp-content\/uploads\/2023\/01\/notibras23.png","width":350,"height":87,"caption":"Grupo Notibras de Comunica\u00e7\u00e3o"},"image":{"@id":"https:\/\/www.notibras.com\/site\/#\/schema\/logo\/image\/"},"sameAs":["https:\/\/www.facebook.com\/notibras\/","https:\/\/x.com\/Notibras","https:\/\/www.instagram.com\/notibras\/"]},{"@type":"Person","@id":"https:\/\/www.notibras.com\/site\/#\/schema\/person\/36ab0979449956132d3e5b517ea76ac8","name":"Reda\u00e7\u00e3o","image":{"@type":"ImageObject","inLanguage":"pt-BR","@id":"https:\/\/secure.gravatar.com\/avatar\/e0a867bdedb85fd243eadf09663511f96fc81e0720a4a42581f334ad4303aa6b?s=96&d=mm&r=g","url":"https:\/\/secure.gravatar.com\/avatar\/e0a867bdedb85fd243eadf09663511f96fc81e0720a4a42581f334ad4303aa6b?s=96&d=mm&r=g","contentUrl":"https:\/\/secure.gravatar.com\/avatar\/e0a867bdedb85fd243eadf09663511f96fc81e0720a4a42581f334ad4303aa6b?s=96&d=mm&r=g","caption":"Reda\u00e7\u00e3o"}}]}},"amp_enabled":true,"_links":{"self":[{"href":"https:\/\/www.notibras.com\/site\/wp-json\/wp\/v2\/posts\/384445","targetHints":{"allow":["GET"]}}],"collection":[{"href":"https:\/\/www.notibras.com\/site\/wp-json\/wp\/v2\/posts"}],"about":[{"href":"https:\/\/www.notibras.com\/site\/wp-json\/wp\/v2\/types\/post"}],"author":[{"embeddable":true,"href":"https:\/\/www.notibras.com\/site\/wp-json\/wp\/v2\/users\/2"}],"replies":[{"embeddable":true,"href":"https:\/\/www.notibras.com\/site\/wp-json\/wp\/v2\/comments?post=384445"}],"version-history":[{"count":1,"href":"https:\/\/www.notibras.com\/site\/wp-json\/wp\/v2\/posts\/384445\/revisions"}],"predecessor-version":[{"id":384447,"href":"https:\/\/www.notibras.com\/site\/wp-json\/wp\/v2\/posts\/384445\/revisions\/384447"}],"wp:featuredmedia":[{"embeddable":true,"href":"https:\/\/www.notibras.com\/site\/wp-json\/wp\/v2\/media\/384446"}],"wp:attachment":[{"href":"https:\/\/www.notibras.com\/site\/wp-json\/wp\/v2\/media?parent=384445"}],"wp:term":[{"taxonomy":"category","embeddable":true,"href":"https:\/\/www.notibras.com\/site\/wp-json\/wp\/v2\/categories?post=384445"},{"taxonomy":"post_tag","embeddable":true,"href":"https:\/\/www.notibras.com\/site\/wp-json\/wp\/v2\/tags?post=384445"}],"curies":[{"name":"wp","href":"https:\/\/api.w.org\/{rel}","templated":true}]}}